{"id":129611,"date":"2022-12-05T09:47:06","date_gmt":"2022-12-05T08:47:06","guid":{"rendered":"https:\/\/zosradio.ba\/?p=129611"},"modified":"2023-07-21T13:06:46","modified_gmt":"2023-07-21T11:06:46","slug":"razlozi-zbog-kojih-bi-cvekla-trebalo-da-se-nadje-na-vasem-tanjiru","status":"publish","type":"post","link":"https:\/\/zosradio.ba\/index.php\/2022\/12\/05\/razlozi-zbog-kojih-bi-cvekla-trebalo-da-se-nadje-na-vasem-tanjiru\/","title":{"rendered":"Razlozi zbog kojih bi cvekla trebalo da se na\u0111e na va\u0161em tanjiru"},"content":{"rendered":"<p><strong>Cvekla pored toga \u0161to va\u0161em tanjiru daje sjaj, veoma je hranljiva i prepuna esencijalnih vitamina, minerala i biljnih jedinjenja.<\/strong><\/p>\n<p>Cvekla se mo\u017ee pohvaliti impresivnim nutritivnim profilom. Ima malo kalorija, ali je bogata i vrijednim vitaminima i mineralima. Posebno je bogata folatom, vitaminom koji igra klju\u010dnu ulogu u rastu, razvoju i zdravlju srca. Tako\u0111e sadr\u017ee dobru koli\u010dinu mangana, koji je uklju\u010den u formiranje kostiju, metabolizam hranljivih materija, funkciju mozga i jo\u0161 mnogo toga. Osim toga, imaju visok sadr\u017eaj bakra, va\u017enog minerala potrebnog za proizvodnju energije i sintezu odre\u0111enih neurotransmitera.<\/p>\n<p><strong>Krvni pritisak<\/strong><\/p>\n<p>Cvekla bi mogla da izazove efekti sni\u017eavanja krvnog pritiska kao posljedicu visoke koncentracije nitrata u ovom korenastom povrc\u0301u. U va\u0161em tijelu, dijetalni nitrati se pretvaraju u azot oksid, molekul koji \u0161iri krvne sudove i uzrokuje pad nivoa krvnog pritiska, pi\u0161e Healthline.<\/p>\n<p><strong>Zdravlje probave<\/strong><\/p>\n<p>Cvekla pozitivno uti\u010de i na probavni sistem. Jedna \u0161olja cvekle sadr\u017ei 3,4 grama vlakana, \u0161to cveklu \u010dini odli\u010dnim izvorom. Vlakna zaobilaze varenje i putuju do debelog crijeva, gdje hrane prijateljske crijevne bakterije.<\/p>\n<p><a href=\"https:\/\/www.magazin.novosti.rs\/sr\/zdravlje\/prirodna-medicina\/vest\/razlozi-zbog-kojih-bi-cvekla-trebalo-da-se-nade-na-vasem-tanjiru-mnogo-hranljivih-materija-i-malo-kalorija\/1481930\" target=\"_blank\" rel=\"noopener\">(NovostiMagazin)<\/a><\/p>\n","protected":false},"excerpt":{"rendered":"<p>Cvekla pored toga \u0161to va\u0161em tanjiru daje sjaj, veoma je hranljiva i prepuna esencijalnih vitamina, minerala i biljnih jedinjenja. Cvekla se mo\u017ee pohvaliti impresivnim nutritivnim profilom. Ima malo kalorija, ali je bogata i vrijednim vitaminima i mineralima. Posebno je bogata folatom, vitaminom koji igra klju\u010dnu ulogu u rastu, razvoju i zdravlju srca. Tako\u0111e sadr\u017ee dobru [&hellip;]<\/p>\n","protected":false},"author":4,"featured_media":129612,"comment_status":"closed","ping_status":"closed","sticky":false,"template":"","format":"standard","meta":{"_acf_changed":false,"footnotes":""},"categories":[86],"tags":[],"class_list":["post-129611","post","type-post","status-publish","format-standard","has-post-thumbnail","category-magazin"],"acf":[],"yoast_head":"<!-- This site is optimized with the Yoast SEO Premium plugin v28.3 (Yoast SEO v28.3) - https:\/\/yoast.com\/product\/yoast-seo-premium-wordpress\/ -->\n<title>Razlozi zbog kojih bi cvekla trebalo da se na\u0111e na va\u0161em tanjiru<\/title>\n<meta name=\"description\" content=\"Cvekla pored toga \u0161to va\u0161em tanjiru daje sjaj, veoma je hranljiva i prepuna esencijalnih vitamina, minerala i biljnih jedinjenja. Cvekla se mo\u017ee pohvaliti\" \/>\n<meta name=\"robots\" content=\"index, follow, max-snippet:-1, max-image-preview:large, max-video-preview:-1\" \/>\n<link rel=\"canonical\" href=\"https:\/\/zosradio.ba\/index.php\/2022\/12\/05\/razlozi-zbog-kojih-bi-cvekla-trebalo-da-se-nadje-na-vasem-tanjiru\/\" \/>\n<meta property=\"og:locale\" content=\"bs_BA\" \/>\n<meta property=\"og:type\" content=\"article\" \/>\n<meta property=\"og:title\" content=\"Razlozi zbog kojih bi cvekla trebalo da se na\u0111e na va\u0161em tanjiru\" \/>\n<meta property=\"og:description\" content=\"Cvekla pored toga \u0161to va\u0161em tanjiru daje sjaj, veoma je hranljiva i prepuna esencijalnih vitamina, minerala i biljnih jedinjenja. Cvekla se mo\u017ee pohvaliti\" \/>\n<meta property=\"og:url\" content=\"https:\/\/zosradio.ba\/index.php\/2022\/12\/05\/razlozi-zbog-kojih-bi-cvekla-trebalo-da-se-nadje-na-vasem-tanjiru\/\" \/>\n<meta property=\"og:site_name\" content=\"ZOS radio\" \/>\n<meta property=\"article:publisher\" content=\"https:\/\/www.facebook.com\/zosradio\" \/>\n<meta property=\"article:published_time\" content=\"2022-12-05T08:47:06+00:00\" \/>\n<meta property=\"article:modified_time\" content=\"2023-07-21T11:06:46+00:00\" \/>\n<meta property=\"og:image\" content=\"https:\/\/zosradio.ba\/wp-content\/uploads\/2022\/11\/cvekla-nick-collins-udo5pIvRfrA-unsplash-scaled.jpg\" \/>\n\t<meta property=\"og:image:width\" content=\"2560\" \/>\n\t<meta property=\"og:image:height\" content=\"1707\" \/>\n\t<meta property=\"og:image:type\" content=\"image\/jpeg\" \/>\n<meta name=\"author\" content=\"Redakcija\" \/>\n<meta name=\"twitter:card\" content=\"summary_large_image\" \/>\n<meta name=\"twitter:label1\" content=\"Written by\" \/>\n\t<meta name=\"twitter:data1\" content=\"Redakcija\" \/>\n\t<meta name=\"twitter:label2\" content=\"Est. reading time\" \/>\n\t<meta name=\"twitter:data2\" content=\"1 minuta\" \/>\n<script type=\"application\/ld+json\" class=\"yoast-schema-graph\">{\"@context\":\"https:\\\/\\\/schema.org\",\"@graph\":[{\"@type\":\"Article\",\"@id\":\"https:\\\/\\\/zosradio.ba\\\/index.php\\\/2022\\\/12\\\/05\\\/razlozi-zbog-kojih-bi-cvekla-trebalo-da-se-nadje-na-vasem-tanjiru\\\/#article\",\"isPartOf\":{\"@id\":\"https:\\\/\\\/zosradio.ba\\\/index.php\\\/2022\\\/12\\\/05\\\/razlozi-zbog-kojih-bi-cvekla-trebalo-da-se-nadje-na-vasem-tanjiru\\\/\"},\"author\":{\"name\":\"Redakcija\",\"@id\":\"https:\\\/\\\/zosradio.ba\\\/#\\\/schema\\\/person\\\/67a3646b7461b6a81ec1c88d8321c9db\"},\"headline\":\"Razlozi zbog kojih bi cvekla trebalo da se na\u0111e na va\u0161em tanjiru\",\"datePublished\":\"2022-12-05T08:47:06+00:00\",\"dateModified\":\"2023-07-21T11:06:46+00:00\",\"mainEntityOfPage\":{\"@id\":\"https:\\\/\\\/zosradio.ba\\\/index.php\\\/2022\\\/12\\\/05\\\/razlozi-zbog-kojih-bi-cvekla-trebalo-da-se-nadje-na-vasem-tanjiru\\\/\"},\"wordCount\":196,\"image\":{\"@id\":\"https:\\\/\\\/zosradio.ba\\\/index.php\\\/2022\\\/12\\\/05\\\/razlozi-zbog-kojih-bi-cvekla-trebalo-da-se-nadje-na-vasem-tanjiru\\\/#primaryimage\"},\"thumbnailUrl\":\"https:\\\/\\\/zosradio.ba\\\/wp-content\\\/uploads\\\/2022\\\/11\\\/cvekla-nick-collins-udo5pIvRfrA-unsplash-scaled-e1762934635242.jpg\",\"articleSection\":[\"Magazin\"],\"inLanguage\":\"bs-BA\"},{\"@type\":\"WebPage\",\"@id\":\"https:\\\/\\\/zosradio.ba\\\/index.php\\\/2022\\\/12\\\/05\\\/razlozi-zbog-kojih-bi-cvekla-trebalo-da-se-nadje-na-vasem-tanjiru\\\/\",\"url\":\"https:\\\/\\\/zosradio.ba\\\/index.php\\\/2022\\\/12\\\/05\\\/razlozi-zbog-kojih-bi-cvekla-trebalo-da-se-nadje-na-vasem-tanjiru\\\/\",\"name\":\"Razlozi zbog kojih bi cvekla trebalo da se na\u0111e na va\u0161em tanjiru\",\"isPartOf\":{\"@id\":\"https:\\\/\\\/zosradio.ba\\\/#website\"},\"primaryImageOfPage\":{\"@id\":\"https:\\\/\\\/zosradio.ba\\\/index.php\\\/2022\\\/12\\\/05\\\/razlozi-zbog-kojih-bi-cvekla-trebalo-da-se-nadje-na-vasem-tanjiru\\\/#primaryimage\"},\"image\":{\"@id\":\"https:\\\/\\\/zosradio.ba\\\/index.php\\\/2022\\\/12\\\/05\\\/razlozi-zbog-kojih-bi-cvekla-trebalo-da-se-nadje-na-vasem-tanjiru\\\/#primaryimage\"},\"thumbnailUrl\":\"https:\\\/\\\/zosradio.ba\\\/wp-content\\\/uploads\\\/2022\\\/11\\\/cvekla-nick-collins-udo5pIvRfrA-unsplash-scaled-e1762934635242.jpg\",\"datePublished\":\"2022-12-05T08:47:06+00:00\",\"dateModified\":\"2023-07-21T11:06:46+00:00\",\"author\":{\"@id\":\"https:\\\/\\\/zosradio.ba\\\/#\\\/schema\\\/person\\\/67a3646b7461b6a81ec1c88d8321c9db\"},\"description\":\"Cvekla pored toga \u0161to va\u0161em tanjiru daje sjaj, veoma je hranljiva i prepuna esencijalnih vitamina, minerala i biljnih jedinjenja. Cvekla se mo\u017ee pohvaliti\",\"breadcrumb\":{\"@id\":\"https:\\\/\\\/zosradio.ba\\\/index.php\\\/2022\\\/12\\\/05\\\/razlozi-zbog-kojih-bi-cvekla-trebalo-da-se-nadje-na-vasem-tanjiru\\\/#breadcrumb\"},\"inLanguage\":\"bs-BA\",\"potentialAction\":[{\"@type\":\"ReadAction\",\"target\":[\"https:\\\/\\\/zosradio.ba\\\/index.php\\\/2022\\\/12\\\/05\\\/razlozi-zbog-kojih-bi-cvekla-trebalo-da-se-nadje-na-vasem-tanjiru\\\/\"]}]},{\"@type\":\"ImageObject\",\"inLanguage\":\"bs-BA\",\"@id\":\"https:\\\/\\\/zosradio.ba\\\/index.php\\\/2022\\\/12\\\/05\\\/razlozi-zbog-kojih-bi-cvekla-trebalo-da-se-nadje-na-vasem-tanjiru\\\/#primaryimage\",\"url\":\"https:\\\/\\\/zosradio.ba\\\/wp-content\\\/uploads\\\/2022\\\/11\\\/cvekla-nick-collins-udo5pIvRfrA-unsplash-scaled-e1762934635242.jpg\",\"contentUrl\":\"https:\\\/\\\/zosradio.ba\\\/wp-content\\\/uploads\\\/2022\\\/11\\\/cvekla-nick-collins-udo5pIvRfrA-unsplash-scaled-e1762934635242.jpg\",\"width\":1200,\"height\":628,\"caption\":\"Foto: Unsplash\"},{\"@type\":\"BreadcrumbList\",\"@id\":\"https:\\\/\\\/zosradio.ba\\\/index.php\\\/2022\\\/12\\\/05\\\/razlozi-zbog-kojih-bi-cvekla-trebalo-da-se-nadje-na-vasem-tanjiru\\\/#breadcrumb\",\"itemListElement\":[{\"@type\":\"ListItem\",\"position\":1,\"name\":\"Home\",\"item\":\"https:\\\/\\\/zosradio.ba\\\/\"},{\"@type\":\"ListItem\",\"position\":2,\"name\":\"Razlozi zbog kojih bi cvekla trebalo da se na\u0111e na va\u0161em tanjiru\"}]},{\"@type\":\"WebSite\",\"@id\":\"https:\\\/\\\/zosradio.ba\\\/#website\",\"url\":\"https:\\\/\\\/zosradio.ba\\\/\",\"name\":\"ZOS radio\",\"description\":\"Mjesto provjerenih informacija\",\"potentialAction\":[{\"@type\":\"SearchAction\",\"target\":{\"@type\":\"EntryPoint\",\"urlTemplate\":\"https:\\\/\\\/zosradio.ba\\\/?s={search_term_string}\"},\"query-input\":{\"@type\":\"PropertyValueSpecification\",\"valueRequired\":true,\"valueName\":\"search_term_string\"}}],\"inLanguage\":\"bs-BA\"},{\"@type\":\"Person\",\"@id\":\"https:\\\/\\\/zosradio.ba\\\/#\\\/schema\\\/person\\\/67a3646b7461b6a81ec1c88d8321c9db\",\"name\":\"Redakcija\",\"image\":{\"@type\":\"ImageObject\",\"inLanguage\":\"bs-BA\",\"@id\":\"https:\\\/\\\/secure.gravatar.com\\\/avatar\\\/b2d8659682ea6605ed222f859feccecd4b6e86ec0b5843c69c93d5cf21a67a4f?s=96&d=mm&r=g\",\"url\":\"https:\\\/\\\/secure.gravatar.com\\\/avatar\\\/b2d8659682ea6605ed222f859feccecd4b6e86ec0b5843c69c93d5cf21a67a4f?s=96&d=mm&r=g\",\"contentUrl\":\"https:\\\/\\\/secure.gravatar.com\\\/avatar\\\/b2d8659682ea6605ed222f859feccecd4b6e86ec0b5843c69c93d5cf21a67a4f?s=96&d=mm&r=g\",\"caption\":\"Redakcija\"},\"url\":\"https:\\\/\\\/zosradio.ba\\\/index.php\\\/author\\\/radiozosgmail-com\\\/\"}]}<\/script>\n<!-- \/ Yoast SEO Premium plugin. -->","yoast_head_json":{"title":"Razlozi zbog kojih bi cvekla trebalo da se na\u0111e na va\u0161em tanjiru","description":"Cvekla pored toga \u0161to va\u0161em tanjiru daje sjaj, veoma je hranljiva i prepuna esencijalnih vitamina, minerala i biljnih jedinjenja. Cvekla se mo\u017ee pohvaliti","robots":{"index":"index","follow":"follow","max-snippet":"max-snippet:-1","max-image-preview":"max-image-preview:large","max-video-preview":"max-video-preview:-1"},"canonical":"https:\/\/zosradio.ba\/index.php\/2022\/12\/05\/razlozi-zbog-kojih-bi-cvekla-trebalo-da-se-nadje-na-vasem-tanjiru\/","og_locale":"bs_BA","og_type":"article","og_title":"Razlozi zbog kojih bi cvekla trebalo da se na\u0111e na va\u0161em tanjiru","og_description":"Cvekla pored toga \u0161to va\u0161em tanjiru daje sjaj, veoma je hranljiva i prepuna esencijalnih vitamina, minerala i biljnih jedinjenja. Cvekla se mo\u017ee pohvaliti","og_url":"https:\/\/zosradio.ba\/index.php\/2022\/12\/05\/razlozi-zbog-kojih-bi-cvekla-trebalo-da-se-nadje-na-vasem-tanjiru\/","og_site_name":"ZOS radio","article_publisher":"https:\/\/www.facebook.com\/zosradio","article_published_time":"2022-12-05T08:47:06+00:00","article_modified_time":"2023-07-21T11:06:46+00:00","og_image":[{"width":2560,"height":1707,"url":"https:\/\/zosradio.ba\/wp-content\/uploads\/2022\/11\/cvekla-nick-collins-udo5pIvRfrA-unsplash-scaled.jpg","type":"image\/jpeg"}],"author":"Redakcija","twitter_card":"summary_large_image","twitter_misc":{"Written by":"Redakcija","Est. reading time":"1 minuta"},"schema":{"@context":"https:\/\/schema.org","@graph":[{"@type":"Article","@id":"https:\/\/zosradio.ba\/index.php\/2022\/12\/05\/razlozi-zbog-kojih-bi-cvekla-trebalo-da-se-nadje-na-vasem-tanjiru\/#article","isPartOf":{"@id":"https:\/\/zosradio.ba\/index.php\/2022\/12\/05\/razlozi-zbog-kojih-bi-cvekla-trebalo-da-se-nadje-na-vasem-tanjiru\/"},"author":{"name":"Redakcija","@id":"https:\/\/zosradio.ba\/#\/schema\/person\/67a3646b7461b6a81ec1c88d8321c9db"},"headline":"Razlozi zbog kojih bi cvekla trebalo da se na\u0111e na va\u0161em tanjiru","datePublished":"2022-12-05T08:47:06+00:00","dateModified":"2023-07-21T11:06:46+00:00","mainEntityOfPage":{"@id":"https:\/\/zosradio.ba\/index.php\/2022\/12\/05\/razlozi-zbog-kojih-bi-cvekla-trebalo-da-se-nadje-na-vasem-tanjiru\/"},"wordCount":196,"image":{"@id":"https:\/\/zosradio.ba\/index.php\/2022\/12\/05\/razlozi-zbog-kojih-bi-cvekla-trebalo-da-se-nadje-na-vasem-tanjiru\/#primaryimage"},"thumbnailUrl":"https:\/\/zosradio.ba\/wp-content\/uploads\/2022\/11\/cvekla-nick-collins-udo5pIvRfrA-unsplash-scaled-e1762934635242.jpg","articleSection":["Magazin"],"inLanguage":"bs-BA"},{"@type":"WebPage","@id":"https:\/\/zosradio.ba\/index.php\/2022\/12\/05\/razlozi-zbog-kojih-bi-cvekla-trebalo-da-se-nadje-na-vasem-tanjiru\/","url":"https:\/\/zosradio.ba\/index.php\/2022\/12\/05\/razlozi-zbog-kojih-bi-cvekla-trebalo-da-se-nadje-na-vasem-tanjiru\/","name":"Razlozi zbog kojih bi cvekla trebalo da se na\u0111e na va\u0161em tanjiru","isPartOf":{"@id":"https:\/\/zosradio.ba\/#website"},"primaryImageOfPage":{"@id":"https:\/\/zosradio.ba\/index.php\/2022\/12\/05\/razlozi-zbog-kojih-bi-cvekla-trebalo-da-se-nadje-na-vasem-tanjiru\/#primaryimage"},"image":{"@id":"https:\/\/zosradio.ba\/index.php\/2022\/12\/05\/razlozi-zbog-kojih-bi-cvekla-trebalo-da-se-nadje-na-vasem-tanjiru\/#primaryimage"},"thumbnailUrl":"https:\/\/zosradio.ba\/wp-content\/uploads\/2022\/11\/cvekla-nick-collins-udo5pIvRfrA-unsplash-scaled-e1762934635242.jpg","datePublished":"2022-12-05T08:47:06+00:00","dateModified":"2023-07-21T11:06:46+00:00","author":{"@id":"https:\/\/zosradio.ba\/#\/schema\/person\/67a3646b7461b6a81ec1c88d8321c9db"},"description":"Cvekla pored toga \u0161to va\u0161em tanjiru daje sjaj, veoma je hranljiva i prepuna esencijalnih vitamina, minerala i biljnih jedinjenja. Cvekla se mo\u017ee pohvaliti","breadcrumb":{"@id":"https:\/\/zosradio.ba\/index.php\/2022\/12\/05\/razlozi-zbog-kojih-bi-cvekla-trebalo-da-se-nadje-na-vasem-tanjiru\/#breadcrumb"},"inLanguage":"bs-BA","potentialAction":[{"@type":"ReadAction","target":["https:\/\/zosradio.ba\/index.php\/2022\/12\/05\/razlozi-zbog-kojih-bi-cvekla-trebalo-da-se-nadje-na-vasem-tanjiru\/"]}]},{"@type":"ImageObject","inLanguage":"bs-BA","@id":"https:\/\/zosradio.ba\/index.php\/2022\/12\/05\/razlozi-zbog-kojih-bi-cvekla-trebalo-da-se-nadje-na-vasem-tanjiru\/#primaryimage","url":"https:\/\/zosradio.ba\/wp-content\/uploads\/2022\/11\/cvekla-nick-collins-udo5pIvRfrA-unsplash-scaled-e1762934635242.jpg","contentUrl":"https:\/\/zosradio.ba\/wp-content\/uploads\/2022\/11\/cvekla-nick-collins-udo5pIvRfrA-unsplash-scaled-e1762934635242.jpg","width":1200,"height":628,"caption":"Foto: Unsplash"},{"@type":"BreadcrumbList","@id":"https:\/\/zosradio.ba\/index.php\/2022\/12\/05\/razlozi-zbog-kojih-bi-cvekla-trebalo-da-se-nadje-na-vasem-tanjiru\/#breadcrumb","itemListElement":[{"@type":"ListItem","position":1,"name":"Home","item":"https:\/\/zosradio.ba\/"},{"@type":"ListItem","position":2,"name":"Razlozi zbog kojih bi cvekla trebalo da se na\u0111e na va\u0161em tanjiru"}]},{"@type":"WebSite","@id":"https:\/\/zosradio.ba\/#website","url":"https:\/\/zosradio.ba\/","name":"ZOS radio","description":"Mjesto provjerenih informacija","potentialAction":[{"@type":"SearchAction","target":{"@type":"EntryPoint","urlTemplate":"https:\/\/zosradio.ba\/?s={search_term_string}"},"query-input":{"@type":"PropertyValueSpecification","valueRequired":true,"valueName":"search_term_string"}}],"inLanguage":"bs-BA"},{"@type":"Person","@id":"https:\/\/zosradio.ba\/#\/schema\/person\/67a3646b7461b6a81ec1c88d8321c9db","name":"Redakcija","image":{"@type":"ImageObject","inLanguage":"bs-BA","@id":"https:\/\/secure.gravatar.com\/avatar\/b2d8659682ea6605ed222f859feccecd4b6e86ec0b5843c69c93d5cf21a67a4f?s=96&d=mm&r=g","url":"https:\/\/secure.gravatar.com\/avatar\/b2d8659682ea6605ed222f859feccecd4b6e86ec0b5843c69c93d5cf21a67a4f?s=96&d=mm&r=g","contentUrl":"https:\/\/secure.gravatar.com\/avatar\/b2d8659682ea6605ed222f859feccecd4b6e86ec0b5843c69c93d5cf21a67a4f?s=96&d=mm&r=g","caption":"Redakcija"},"url":"https:\/\/zosradio.ba\/index.php\/author\/radiozosgmail-com\/"}]}},"_links":{"self":[{"href":"https:\/\/zosradio.ba\/index.php\/wp-json\/wp\/v2\/posts\/129611","targetHints":{"allow":["GET"]}}],"collection":[{"href":"https:\/\/zosradio.ba\/index.php\/wp-json\/wp\/v2\/posts"}],"about":[{"href":"https:\/\/zosradio.ba\/index.php\/wp-json\/wp\/v2\/types\/post"}],"author":[{"embeddable":true,"href":"https:\/\/zosradio.ba\/index.php\/wp-json\/wp\/v2\/users\/4"}],"replies":[{"embeddable":true,"href":"https:\/\/zosradio.ba\/index.php\/wp-json\/wp\/v2\/comments?post=129611"}],"version-history":[{"count":1,"href":"https:\/\/zosradio.ba\/index.php\/wp-json\/wp\/v2\/posts\/129611\/revisions"}],"predecessor-version":[{"id":129613,"href":"https:\/\/zosradio.ba\/index.php\/wp-json\/wp\/v2\/posts\/129611\/revisions\/129613"}],"wp:featuredmedia":[{"embeddable":true,"href":"https:\/\/zosradio.ba\/index.php\/wp-json\/wp\/v2\/media\/129612"}],"wp:attachment":[{"href":"https:\/\/zosradio.ba\/index.php\/wp-json\/wp\/v2\/media?parent=129611"}],"wp:term":[{"taxonomy":"category","embeddable":true,"href":"https:\/\/zosradio.ba\/index.php\/wp-json\/wp\/v2\/categories?post=129611"},{"taxonomy":"post_tag","embeddable":true,"href":"https:\/\/zosradio.ba\/index.php\/wp-json\/wp\/v2\/tags?post=129611"}],"curies":[{"name":"wp","href":"https:\/\/api.w.org\/{rel}","templated":true}]}}