{"id":1302,"date":"2020-09-22T00:00:00","date_gmt":"2020-09-22T00:00:00","guid":{"rendered":"https:\/\/interesting-grothendieck.148-251-70-157.plesk.page\/index.php\/2020\/09\/22\/bebe-rodene-u-jesen-cesto-su-podlozne-alergijama-poznati-su-i-razlozi\/"},"modified":"2026-01-27T09:33:33","modified_gmt":"2026-01-27T08:33:33","slug":"bebe-rodene-u-jesen-cesto-su-podlozne-alergijama-poznati-su-i-razlozi","status":"publish","type":"post","link":"https:\/\/zosradio.ba\/index.php\/2020\/09\/22\/bebe-rodene-u-jesen-cesto-su-podlozne-alergijama-poznati-su-i-razlozi\/","title":{"rendered":"Bebe ro\u0111ene u jesen \u010desto su podlo\u017ene alergijama, poznati su i razlozi"},"content":{"rendered":"<p><strong>Najnovija studija, objavljena u \u010dasopisu Journal of Allergy and Clinical Immunology: In Practice, tvrdi da godi\u0161nje doba u kojem se dijete rodi mo\u017ee biti faktor rizika za alergije na hranu. Navedeno je i to da su djeca ro\u0111ena u jesen podlo\u017enija alergijama i bolestima koje izazivaju.<\/strong><\/p>\n<p>Gulf News\u00a0pi\u0161e da se alergijska stanja naj\u010de\u0161\u0107e primje\u0107uju na ko\u017ei koja je suha, ispucala, ali \u010desto dolazi i do atopijskog mar\u0161a kada stanje prelazi iz jednog u drugi oblik alergije.<\/p>\n<p>Atopijski mar\u0161 po\u010dinje u dojena\u010dkoj dobi s ekcemom (problemati\u010dna <a href=\"https:\/\/zosradio.ba\/index.php\/2026\/01\/30\/ulje-jedne-sumske-biljke-brise-bore-kao-rukom-a-koza-postaje-meka-poput-satena\/\">ko\u017ea<\/a>, atopijski dermatitis), a kasnije u djetinjstvu on se mo\u017ee razviti u alergije na hranu, astmu i peludne groznice.<\/p>\n<p>&#8220;Kada se \u010destice hrane apsorbuju kroz oslabljenu ko\u017eu kakva je kod ekcema, umjesto da se probave, organizam ih do\u017eivljava kao &#8216;uljeze&#8217; i stvara antitijela protiv njih. Kada djeca pojedu hranu na koju su alergi\u010dna, antitijela je prepoznaju i pokre\u0107u alergijske reakcije poput osipa, povra\u0107anja ili \u010dak anafilaksije&#8221;, rekla je Jessica Hui, pedijatrica u Nacionalnom jevrejskom zdravstvu i vode\u0107a autorica studije.<\/p>\n<p>Istra\u017eivanje ukazuje na to da je pora\u0111anje u jesen usko povezano s postojanjem \u0161tetne bakterije Staphylococus aureus koja mo\u017ee oslabiti ko\u017enu za\u0161titu. To uzrokuje svrab, suhu i bolnu ko\u017eu povezanu s ekcemom i omogu\u0107ava razli\u010ditim bakterijama, \u010desticama hrane i patogenima da peodru u ko\u017eu i u\u0111u u organizam.<\/p>\n<p>&#8220;Pregledali smo svako dijete koje se lije\u010dilo u na\u0161oj bolnici gdje je ustanovljeno da su oni koji su ro\u0111eni u jesen imali mnogo vi\u0161e \u0161anse da do\u017eive sva stanja povezana s atopijskim mar\u0161em. Sada nastojimo ustanoviti zbog \u010dega je to tako i \u010dvrsto vjerujemo da upravo poti\u010de od bakterija na ko\u017ei&#8221;, dodala je Hui.<\/p>\n<p>Istra\u017eiva\u010di sada provode klini\u010dko ispitivanje kako bi razmotrili \u0161irok spektar faktora koji mogu doprinijeti oslabljenoj ko\u017enoj za\u0161titi kod beba.<\/p>\n<p>Shodno tome, upisuju trudnice u registar i prate njihove bebe u ranom djetinjstvu kako bi razmotrili sve, od faktora okoline, preko genetike do kori\u0161tenih lijekova i proizvoda koje imaju u ku\u0107i.<\/p>\n<p>&#8220;Smatramo da \u0107emo mo\u0107i zaustaviti razvoj atopijskog mar\u0161a ukoliko uspijemo intervenirati u vrlo mladoj dobi, \u010dak i odmah po porodu&#8221;, navela je Hui.<\/p>\n<p>Autori studije su sugerisali da je spre\u010davanje atopijskog mar\u0161a mogu\u0107e ukoliko kvasite ko\u017eu bgeba s ekcemom mokrim oblogama i losionima te uvedete alergenu hranu u ranoj fazi \u017eivota djece koja su rizi\u010dna.<\/p>\n<p>Kravlje mlijeko, jaja, p\u0161enica, gluten, soja, riba, \u0161koljke, susam i ostale sjemenke, kao i kikiriki i ora\u0161asti plodovi je hrana koja naj\u010de\u0161\u0107e izaziva alergije.<\/p>\n<p>Svaku od ovih namirnica mo\u017eete uklju\u010diti u ishranu svoje porodice, ali i u hranu koju va\u0161a beba jede.<\/p>\n<p>Iz predostro\u017enosti, kada po\u010dnete s uvo\u0111enjem navedenih namirnica, onda biste to trebali raditi postepeno na svaka tri dana kako biste se prije svega uvjerili da beba nema simptoma i ukoliko to bude tako, onda je vrijeme za nove namirnice.<\/p>\n<p>Nakon uvo\u0111enja potencijalnih alergena kao \u0161to su jaja i kikiriki, preporu\u010duje se da ih nastaviti uklju\u010divati u bebinu ishranu najmanje dva puta sedmi\u010dno kako biste osigurali da beba ostane tolerantna prema tim namirnicama.<\/p>\n<p>Prije nego po\u010dnete uvoditi ove namirnice, bitno je da vodite ra\u010duna o tome da je va\u0161a beba dobro i da nije bolesna kako bi njihov imunolo\u0161ki sistem odigrao svoju ulogu. Tako\u0111er, \u010desto se zna desiti da je te\u0161ko raspoznati je li rije\u010d o alergijskoj reakciji ili prehladi.<\/p>\n<p>Tako\u0111er, mo\u017eda vas brine alergija na hranu ukoliko za to postoji porodi\u010dna anamneza, me\u0111utim, to ne zna\u010di da je va\u0161a beba u ve\u0107em riziku.<\/p>\n<p>Najva\u017eniji faktori koji pove\u0107aju rizik od pojave alergija na hranu kod va\u0161e bebe su razvijanje ekcema u ranom djetinjstvu ili ve\u0107 postoje\u0107a alergija na kravlje mlijeko.<\/p>\n<p>Nedavno istra\u017eivanje pokazalo je da bi bebe koje su u ve\u0107em riziku od alergije na hranu mogle imati koristi od ranijeg uvo\u0111enja jaja i kikirikija u ishranu kako bi sprije\u010dile mogu\u0107e alergije na njih.<\/p>\n<p>Prije uvo\u0111enja alergene hrane, po\u017eeljno je pri\u010dekati da se ekcem stavi pod kontrolu. Ukoliko ko\u017ena za\u0161tita ne funkcioni\u0161e, ta\u010dnije, ako je suha i o\u0161te\u0107ena, postoji rizik da alergeni poput hrane ili alergena u zraku koji udi\u0161emo mogu u\u0107i preko nje.<\/p>\n<p>Tada to imunolo\u0161ki sistem mo\u017ee prepoznati kao \u0161tetnu pojavu \u0161to dovodi do razvoja alergijskih antitijela (senzibilizacija). Rizik od senzibilizacije na hranu je manji ako va\u0161a beba ve\u0107 jede tu hranu, pi\u0161e\u00a0<a href=\"https:\/\/www.klix.ba\/lifestyle\/bebe\/bebe-rodjene-u-jesen-cesto-su-podlozne-alergijama-poznati-su-i-razlozi\/200921128\">Klix<\/a><\/p>\n","protected":false},"excerpt":{"rendered":"<p>Najnovija studija, objavljena u \u010dasopisu Journal of Allergy and Clinical Immunology: In Practice, tvrdi da godi\u0161nje doba u kojem se dijete rodi mo\u017ee biti faktor rizika za alergije na hranu. Navedeno je i to da su djeca ro\u0111ena u jesen podlo\u017enija alergijama i bolestima koje izazivaju. Gulf News\u00a0pi\u0161e da se alergijska stanja naj\u010de\u0161\u0107e primje\u0107uju na [&hellip;]<\/p>\n","protected":false},"author":435,"featured_media":156521,"comment_status":"closed","ping_status":"closed","sticky":false,"template":"","format":"standard","meta":{"_acf_changed":false,"footnotes":""},"categories":[86],"tags":[2458],"class_list":{"0":"post-1302","1":"post","2":"type-post","3":"status-publish","4":"format-standard","5":"has-post-thumbnail","7":"category-magazin","8":"tag-bebe"},"acf":[],"yoast_head":"<!-- This site is optimized with the Yoast SEO Premium plugin v27.4 (Yoast SEO v27.4) - https:\/\/yoast.com\/product\/yoast-seo-premium-wordpress\/ -->\n<title>Bebe ro\u0111ene u jesen \u010desto su podlo\u017ene alergijama, poznati su i razlozi<\/title>\n<meta name=\"description\" content=\"Najnovija studija, objavljena u \u010dasopisu Journal of Allergy and Clinical Immunology: In Practice, tvrdi da godi\u0161nje doba u kojem se dijete rodi mo\u017ee biti\" \/>\n<meta name=\"robots\" content=\"index, follow, max-snippet:-1, max-image-preview:large, max-video-preview:-1\" \/>\n<link rel=\"canonical\" href=\"https:\/\/zosradio.ba\/index.php\/2020\/09\/22\/bebe-rodene-u-jesen-cesto-su-podlozne-alergijama-poznati-su-i-razlozi\/\" \/>\n<meta property=\"og:locale\" content=\"bs_BA\" \/>\n<meta property=\"og:type\" content=\"article\" \/>\n<meta property=\"og:title\" content=\"Bebe ro\u0111ene u jesen \u010desto su podlo\u017ene alergijama, poznati su i razlozi\" \/>\n<meta property=\"og:description\" content=\"Najnovija studija, objavljena u \u010dasopisu Journal of Allergy and Clinical Immunology: In Practice, tvrdi da godi\u0161nje doba u kojem se dijete rodi mo\u017ee biti\" \/>\n<meta property=\"og:url\" content=\"https:\/\/zosradio.ba\/index.php\/2020\/09\/22\/bebe-rodene-u-jesen-cesto-su-podlozne-alergijama-poznati-su-i-razlozi\/\" \/>\n<meta property=\"og:site_name\" content=\"ZOS radio\" \/>\n<meta property=\"article:publisher\" content=\"https:\/\/www.facebook.com\/zosradio\" \/>\n<meta property=\"article:published_time\" content=\"2020-09-22T00:00:00+00:00\" \/>\n<meta property=\"article:modified_time\" content=\"2026-01-27T08:33:33+00:00\" \/>\n<meta property=\"og:image\" content=\"https:\/\/zosradio.ba\/wp-content\/uploads\/2024\/07\/bonnie-kittle-f7bKsvOgwU-unsplash-e1769502794297.jpg\" \/>\n\t<meta property=\"og:image:width\" content=\"1200\" \/>\n\t<meta property=\"og:image:height\" content=\"622\" \/>\n\t<meta property=\"og:image:type\" content=\"image\/jpeg\" \/>\n<meta name=\"author\" content=\"Redakcija\" \/>\n<meta name=\"twitter:card\" content=\"summary_large_image\" \/>\n<meta name=\"twitter:label1\" content=\"Written by\" \/>\n\t<meta name=\"twitter:data1\" content=\"Redakcija\" \/>\n\t<meta name=\"twitter:label2\" content=\"Est. reading time\" \/>\n\t<meta name=\"twitter:data2\" content=\"4 minute\" \/>\n<script type=\"application\/ld+json\" class=\"yoast-schema-graph\">{\"@context\":\"https:\\\/\\\/schema.org\",\"@graph\":[{\"@type\":\"Article\",\"@id\":\"https:\\\/\\\/zosradio.ba\\\/index.php\\\/2020\\\/09\\\/22\\\/bebe-rodene-u-jesen-cesto-su-podlozne-alergijama-poznati-su-i-razlozi\\\/#article\",\"isPartOf\":{\"@id\":\"https:\\\/\\\/zosradio.ba\\\/index.php\\\/2020\\\/09\\\/22\\\/bebe-rodene-u-jesen-cesto-su-podlozne-alergijama-poznati-su-i-razlozi\\\/\"},\"author\":{\"name\":\"Redakcija\",\"@id\":\"https:\\\/\\\/zosradio.ba\\\/#\\\/schema\\\/person\\\/5c27c6b3767e62ee50a2119323c637e4\"},\"headline\":\"Bebe ro\u0111ene u jesen \u010desto su podlo\u017ene alergijama, poznati su i razlozi\",\"datePublished\":\"2020-09-22T00:00:00+00:00\",\"dateModified\":\"2026-01-27T08:33:33+00:00\",\"mainEntityOfPage\":{\"@id\":\"https:\\\/\\\/zosradio.ba\\\/index.php\\\/2020\\\/09\\\/22\\\/bebe-rodene-u-jesen-cesto-su-podlozne-alergijama-poznati-su-i-razlozi\\\/\"},\"wordCount\":807,\"image\":{\"@id\":\"https:\\\/\\\/zosradio.ba\\\/index.php\\\/2020\\\/09\\\/22\\\/bebe-rodene-u-jesen-cesto-su-podlozne-alergijama-poznati-su-i-razlozi\\\/#primaryimage\"},\"thumbnailUrl\":\"https:\\\/\\\/zosradio.ba\\\/wp-content\\\/uploads\\\/2024\\\/07\\\/bonnie-kittle-f7bKsvOgwU-unsplash-e1769502794297.jpg\",\"keywords\":[\"bebe\"],\"articleSection\":[\"Magazin\"],\"inLanguage\":\"bs-BA\"},{\"@type\":\"WebPage\",\"@id\":\"https:\\\/\\\/zosradio.ba\\\/index.php\\\/2020\\\/09\\\/22\\\/bebe-rodene-u-jesen-cesto-su-podlozne-alergijama-poznati-su-i-razlozi\\\/\",\"url\":\"https:\\\/\\\/zosradio.ba\\\/index.php\\\/2020\\\/09\\\/22\\\/bebe-rodene-u-jesen-cesto-su-podlozne-alergijama-poznati-su-i-razlozi\\\/\",\"name\":\"Bebe ro\u0111ene u jesen \u010desto su podlo\u017ene alergijama, poznati su i razlozi\",\"isPartOf\":{\"@id\":\"https:\\\/\\\/zosradio.ba\\\/#website\"},\"primaryImageOfPage\":{\"@id\":\"https:\\\/\\\/zosradio.ba\\\/index.php\\\/2020\\\/09\\\/22\\\/bebe-rodene-u-jesen-cesto-su-podlozne-alergijama-poznati-su-i-razlozi\\\/#primaryimage\"},\"image\":{\"@id\":\"https:\\\/\\\/zosradio.ba\\\/index.php\\\/2020\\\/09\\\/22\\\/bebe-rodene-u-jesen-cesto-su-podlozne-alergijama-poznati-su-i-razlozi\\\/#primaryimage\"},\"thumbnailUrl\":\"https:\\\/\\\/zosradio.ba\\\/wp-content\\\/uploads\\\/2024\\\/07\\\/bonnie-kittle-f7bKsvOgwU-unsplash-e1769502794297.jpg\",\"datePublished\":\"2020-09-22T00:00:00+00:00\",\"dateModified\":\"2026-01-27T08:33:33+00:00\",\"author\":{\"@id\":\"https:\\\/\\\/zosradio.ba\\\/#\\\/schema\\\/person\\\/5c27c6b3767e62ee50a2119323c637e4\"},\"description\":\"Najnovija studija, objavljena u \u010dasopisu Journal of Allergy and Clinical Immunology: In Practice, tvrdi da godi\u0161nje doba u kojem se dijete rodi mo\u017ee biti\",\"breadcrumb\":{\"@id\":\"https:\\\/\\\/zosradio.ba\\\/index.php\\\/2020\\\/09\\\/22\\\/bebe-rodene-u-jesen-cesto-su-podlozne-alergijama-poznati-su-i-razlozi\\\/#breadcrumb\"},\"inLanguage\":\"bs-BA\",\"potentialAction\":[{\"@type\":\"ReadAction\",\"target\":[\"https:\\\/\\\/zosradio.ba\\\/index.php\\\/2020\\\/09\\\/22\\\/bebe-rodene-u-jesen-cesto-su-podlozne-alergijama-poznati-su-i-razlozi\\\/\"]}]},{\"@type\":\"ImageObject\",\"inLanguage\":\"bs-BA\",\"@id\":\"https:\\\/\\\/zosradio.ba\\\/index.php\\\/2020\\\/09\\\/22\\\/bebe-rodene-u-jesen-cesto-su-podlozne-alergijama-poznati-su-i-razlozi\\\/#primaryimage\",\"url\":\"https:\\\/\\\/zosradio.ba\\\/wp-content\\\/uploads\\\/2024\\\/07\\\/bonnie-kittle-f7bKsvOgwU-unsplash-e1769502794297.jpg\",\"contentUrl\":\"https:\\\/\\\/zosradio.ba\\\/wp-content\\\/uploads\\\/2024\\\/07\\\/bonnie-kittle-f7bKsvOgwU-unsplash-e1769502794297.jpg\",\"width\":1200,\"height\":622,\"caption\":\"Foto: Unsplash\"},{\"@type\":\"BreadcrumbList\",\"@id\":\"https:\\\/\\\/zosradio.ba\\\/index.php\\\/2020\\\/09\\\/22\\\/bebe-rodene-u-jesen-cesto-su-podlozne-alergijama-poznati-su-i-razlozi\\\/#breadcrumb\",\"itemListElement\":[{\"@type\":\"ListItem\",\"position\":1,\"name\":\"Home\",\"item\":\"https:\\\/\\\/zosradio.ba\\\/\"},{\"@type\":\"ListItem\",\"position\":2,\"name\":\"Bebe ro\u0111ene u jesen \u010desto su podlo\u017ene alergijama, poznati su i razlozi\"}]},{\"@type\":\"WebSite\",\"@id\":\"https:\\\/\\\/zosradio.ba\\\/#website\",\"url\":\"https:\\\/\\\/zosradio.ba\\\/\",\"name\":\"ZOS radio\",\"description\":\"Mjesto provjerenih informacija\",\"potentialAction\":[{\"@type\":\"SearchAction\",\"target\":{\"@type\":\"EntryPoint\",\"urlTemplate\":\"https:\\\/\\\/zosradio.ba\\\/?s={search_term_string}\"},\"query-input\":{\"@type\":\"PropertyValueSpecification\",\"valueRequired\":true,\"valueName\":\"search_term_string\"}}],\"inLanguage\":\"bs-BA\"},{\"@type\":\"Person\",\"@id\":\"https:\\\/\\\/zosradio.ba\\\/#\\\/schema\\\/person\\\/5c27c6b3767e62ee50a2119323c637e4\",\"name\":\"Redakcija\",\"image\":{\"@type\":\"ImageObject\",\"inLanguage\":\"bs-BA\",\"@id\":\"https:\\\/\\\/secure.gravatar.com\\\/avatar\\\/de2b5a3bd4e9ce662397ac437520e5abe8863b888565f9911962c6a7934dccac?s=96&d=mm&r=g\",\"url\":\"https:\\\/\\\/secure.gravatar.com\\\/avatar\\\/de2b5a3bd4e9ce662397ac437520e5abe8863b888565f9911962c6a7934dccac?s=96&d=mm&r=g\",\"contentUrl\":\"https:\\\/\\\/secure.gravatar.com\\\/avatar\\\/de2b5a3bd4e9ce662397ac437520e5abe8863b888565f9911962c6a7934dccac?s=96&d=mm&r=g\",\"caption\":\"Redakcija\"},\"url\":\"https:\\\/\\\/zosradio.ba\\\/index.php\\\/author\\\/redakcija\\\/\"}]}<\/script>\n<!-- \/ Yoast SEO Premium plugin. -->","yoast_head_json":{"title":"Bebe ro\u0111ene u jesen \u010desto su podlo\u017ene alergijama, poznati su i razlozi","description":"Najnovija studija, objavljena u \u010dasopisu Journal of Allergy and Clinical Immunology: In Practice, tvrdi da godi\u0161nje doba u kojem se dijete rodi mo\u017ee biti","robots":{"index":"index","follow":"follow","max-snippet":"max-snippet:-1","max-image-preview":"max-image-preview:large","max-video-preview":"max-video-preview:-1"},"canonical":"https:\/\/zosradio.ba\/index.php\/2020\/09\/22\/bebe-rodene-u-jesen-cesto-su-podlozne-alergijama-poznati-su-i-razlozi\/","og_locale":"bs_BA","og_type":"article","og_title":"Bebe ro\u0111ene u jesen \u010desto su podlo\u017ene alergijama, poznati su i razlozi","og_description":"Najnovija studija, objavljena u \u010dasopisu Journal of Allergy and Clinical Immunology: In Practice, tvrdi da godi\u0161nje doba u kojem se dijete rodi mo\u017ee biti","og_url":"https:\/\/zosradio.ba\/index.php\/2020\/09\/22\/bebe-rodene-u-jesen-cesto-su-podlozne-alergijama-poznati-su-i-razlozi\/","og_site_name":"ZOS radio","article_publisher":"https:\/\/www.facebook.com\/zosradio","article_published_time":"2020-09-22T00:00:00+00:00","article_modified_time":"2026-01-27T08:33:33+00:00","og_image":[{"width":1200,"height":622,"url":"https:\/\/zosradio.ba\/wp-content\/uploads\/2024\/07\/bonnie-kittle-f7bKsvOgwU-unsplash-e1769502794297.jpg","type":"image\/jpeg"}],"author":"Redakcija","twitter_card":"summary_large_image","twitter_misc":{"Written by":"Redakcija","Est. reading time":"4 minute"},"schema":{"@context":"https:\/\/schema.org","@graph":[{"@type":"Article","@id":"https:\/\/zosradio.ba\/index.php\/2020\/09\/22\/bebe-rodene-u-jesen-cesto-su-podlozne-alergijama-poznati-su-i-razlozi\/#article","isPartOf":{"@id":"https:\/\/zosradio.ba\/index.php\/2020\/09\/22\/bebe-rodene-u-jesen-cesto-su-podlozne-alergijama-poznati-su-i-razlozi\/"},"author":{"name":"Redakcija","@id":"https:\/\/zosradio.ba\/#\/schema\/person\/5c27c6b3767e62ee50a2119323c637e4"},"headline":"Bebe ro\u0111ene u jesen \u010desto su podlo\u017ene alergijama, poznati su i razlozi","datePublished":"2020-09-22T00:00:00+00:00","dateModified":"2026-01-27T08:33:33+00:00","mainEntityOfPage":{"@id":"https:\/\/zosradio.ba\/index.php\/2020\/09\/22\/bebe-rodene-u-jesen-cesto-su-podlozne-alergijama-poznati-su-i-razlozi\/"},"wordCount":807,"image":{"@id":"https:\/\/zosradio.ba\/index.php\/2020\/09\/22\/bebe-rodene-u-jesen-cesto-su-podlozne-alergijama-poznati-su-i-razlozi\/#primaryimage"},"thumbnailUrl":"https:\/\/zosradio.ba\/wp-content\/uploads\/2024\/07\/bonnie-kittle-f7bKsvOgwU-unsplash-e1769502794297.jpg","keywords":["bebe"],"articleSection":["Magazin"],"inLanguage":"bs-BA"},{"@type":"WebPage","@id":"https:\/\/zosradio.ba\/index.php\/2020\/09\/22\/bebe-rodene-u-jesen-cesto-su-podlozne-alergijama-poznati-su-i-razlozi\/","url":"https:\/\/zosradio.ba\/index.php\/2020\/09\/22\/bebe-rodene-u-jesen-cesto-su-podlozne-alergijama-poznati-su-i-razlozi\/","name":"Bebe ro\u0111ene u jesen \u010desto su podlo\u017ene alergijama, poznati su i razlozi","isPartOf":{"@id":"https:\/\/zosradio.ba\/#website"},"primaryImageOfPage":{"@id":"https:\/\/zosradio.ba\/index.php\/2020\/09\/22\/bebe-rodene-u-jesen-cesto-su-podlozne-alergijama-poznati-su-i-razlozi\/#primaryimage"},"image":{"@id":"https:\/\/zosradio.ba\/index.php\/2020\/09\/22\/bebe-rodene-u-jesen-cesto-su-podlozne-alergijama-poznati-su-i-razlozi\/#primaryimage"},"thumbnailUrl":"https:\/\/zosradio.ba\/wp-content\/uploads\/2024\/07\/bonnie-kittle-f7bKsvOgwU-unsplash-e1769502794297.jpg","datePublished":"2020-09-22T00:00:00+00:00","dateModified":"2026-01-27T08:33:33+00:00","author":{"@id":"https:\/\/zosradio.ba\/#\/schema\/person\/5c27c6b3767e62ee50a2119323c637e4"},"description":"Najnovija studija, objavljena u \u010dasopisu Journal of Allergy and Clinical Immunology: In Practice, tvrdi da godi\u0161nje doba u kojem se dijete rodi mo\u017ee biti","breadcrumb":{"@id":"https:\/\/zosradio.ba\/index.php\/2020\/09\/22\/bebe-rodene-u-jesen-cesto-su-podlozne-alergijama-poznati-su-i-razlozi\/#breadcrumb"},"inLanguage":"bs-BA","potentialAction":[{"@type":"ReadAction","target":["https:\/\/zosradio.ba\/index.php\/2020\/09\/22\/bebe-rodene-u-jesen-cesto-su-podlozne-alergijama-poznati-su-i-razlozi\/"]}]},{"@type":"ImageObject","inLanguage":"bs-BA","@id":"https:\/\/zosradio.ba\/index.php\/2020\/09\/22\/bebe-rodene-u-jesen-cesto-su-podlozne-alergijama-poznati-su-i-razlozi\/#primaryimage","url":"https:\/\/zosradio.ba\/wp-content\/uploads\/2024\/07\/bonnie-kittle-f7bKsvOgwU-unsplash-e1769502794297.jpg","contentUrl":"https:\/\/zosradio.ba\/wp-content\/uploads\/2024\/07\/bonnie-kittle-f7bKsvOgwU-unsplash-e1769502794297.jpg","width":1200,"height":622,"caption":"Foto: Unsplash"},{"@type":"BreadcrumbList","@id":"https:\/\/zosradio.ba\/index.php\/2020\/09\/22\/bebe-rodene-u-jesen-cesto-su-podlozne-alergijama-poznati-su-i-razlozi\/#breadcrumb","itemListElement":[{"@type":"ListItem","position":1,"name":"Home","item":"https:\/\/zosradio.ba\/"},{"@type":"ListItem","position":2,"name":"Bebe ro\u0111ene u jesen \u010desto su podlo\u017ene alergijama, poznati su i razlozi"}]},{"@type":"WebSite","@id":"https:\/\/zosradio.ba\/#website","url":"https:\/\/zosradio.ba\/","name":"ZOS radio","description":"Mjesto provjerenih informacija","potentialAction":[{"@type":"SearchAction","target":{"@type":"EntryPoint","urlTemplate":"https:\/\/zosradio.ba\/?s={search_term_string}"},"query-input":{"@type":"PropertyValueSpecification","valueRequired":true,"valueName":"search_term_string"}}],"inLanguage":"bs-BA"},{"@type":"Person","@id":"https:\/\/zosradio.ba\/#\/schema\/person\/5c27c6b3767e62ee50a2119323c637e4","name":"Redakcija","image":{"@type":"ImageObject","inLanguage":"bs-BA","@id":"https:\/\/secure.gravatar.com\/avatar\/de2b5a3bd4e9ce662397ac437520e5abe8863b888565f9911962c6a7934dccac?s=96&d=mm&r=g","url":"https:\/\/secure.gravatar.com\/avatar\/de2b5a3bd4e9ce662397ac437520e5abe8863b888565f9911962c6a7934dccac?s=96&d=mm&r=g","contentUrl":"https:\/\/secure.gravatar.com\/avatar\/de2b5a3bd4e9ce662397ac437520e5abe8863b888565f9911962c6a7934dccac?s=96&d=mm&r=g","caption":"Redakcija"},"url":"https:\/\/zosradio.ba\/index.php\/author\/redakcija\/"}]}},"_links":{"self":[{"href":"https:\/\/zosradio.ba\/index.php\/wp-json\/wp\/v2\/posts\/1302","targetHints":{"allow":["GET"]}}],"collection":[{"href":"https:\/\/zosradio.ba\/index.php\/wp-json\/wp\/v2\/posts"}],"about":[{"href":"https:\/\/zosradio.ba\/index.php\/wp-json\/wp\/v2\/types\/post"}],"author":[{"embeddable":true,"href":"https:\/\/zosradio.ba\/index.php\/wp-json\/wp\/v2\/users\/435"}],"replies":[{"embeddable":true,"href":"https:\/\/zosradio.ba\/index.php\/wp-json\/wp\/v2\/comments?post=1302"}],"version-history":[{"count":3,"href":"https:\/\/zosradio.ba\/index.php\/wp-json\/wp\/v2\/posts\/1302\/revisions"}],"predecessor-version":[{"id":186293,"href":"https:\/\/zosradio.ba\/index.php\/wp-json\/wp\/v2\/posts\/1302\/revisions\/186293"}],"wp:featuredmedia":[{"embeddable":true,"href":"https:\/\/zosradio.ba\/index.php\/wp-json\/wp\/v2\/media\/156521"}],"wp:attachment":[{"href":"https:\/\/zosradio.ba\/index.php\/wp-json\/wp\/v2\/media?parent=1302"}],"wp:term":[{"taxonomy":"category","embeddable":true,"href":"https:\/\/zosradio.ba\/index.php\/wp-json\/wp\/v2\/categories?post=1302"},{"taxonomy":"post_tag","embeddable":true,"href":"https:\/\/zosradio.ba\/index.php\/wp-json\/wp\/v2\/tags?post=1302"}],"curies":[{"name":"wp","href":"https:\/\/api.w.org\/{rel}","templated":true}]}}