{"id":142573,"date":"2023-07-17T07:31:55","date_gmt":"2023-07-17T05:31:55","guid":{"rendered":"https:\/\/zosradio.ba\/?p=142573"},"modified":"2025-02-07T15:14:51","modified_gmt":"2025-02-07T14:14:51","slug":"tesanj-jedna-osoba-smrtno-stradala-u-saobracajnoj-nesreci","status":"publish","type":"post","link":"https:\/\/zosradio.ba\/index.php\/2023\/07\/17\/tesanj-jedna-osoba-smrtno-stradala-u-saobracajnoj-nesreci\/","title":{"rendered":"Te\u0161anj: Jedna osoba smrtno stradala u saobra\u0107ajnoj nesre\u0107i"},"content":{"rendered":"<p><strong>Sino\u0107 je u Te\u0161nju jedna osoba smrtno stradala u saobra\u0107ajnoj nesre\u0107i koja se desila u naseljenom mjestu Krndija.<\/strong><\/p>\n<p>Radi se o slijetanju sa kolovoza putni\u010dkog vozila golf sa kojim je upravljao R.S. koji je zadobio povrede dok je suvoza\u010d\u00a0 D.A. smrtno stradao na licu mjesta, kazao je za ZOS radio portparol ZDK.<\/p>\n<div class=\"wp-playlist wp-video-playlist wp-playlist-light\">\n\t\t<video controls=\"controls\" preload=\"none\" width=\"674\"\n\t\t height=\"1201\"\t><\/video>\n\t<div class=\"wp-playlist-next\"><\/div>\n\t<div class=\"wp-playlist-prev\"><\/div>\n\t<noscript>\n\t<ol>\n\t\t<li><a href='https:\/\/zosradio.ba\/wp-content\/uploads\/2023\/07\/tesanj-nesreca.mp4'>tesanj nesre\u0107a<\/a><\/li>\t<\/ol>\n\t<\/noscript>\n\t<script type=\"application\/json\" class=\"wp-playlist-script\">{\"type\":\"video\",\"tracklist\":true,\"tracknumbers\":true,\"images\":true,\"artists\":true,\"tracks\":[{\"src\":\"https:\/\/zosradio.ba\/wp-content\/uploads\/2023\/07\/tesanj-nesreca.mp4\",\"type\":\"video\/mp4\",\"title\":\"tesanj nesre\\u0107a\",\"caption\":\"Saobra\\u0107ajna nesre\\u0107a Te\\u0161anj\",\"description\":\"\",\"meta\":{\"length_formatted\":\"0:34\"},\"dimensions\":{\"original\":{\"width\":368,\"height\":656},\"resized\":{\"width\":674,\"height\":1201}},\"image\":{\"src\":\"https:\/\/zosradio.ba\/wp-includes\/images\/media\/video.svg\",\"width\":48,\"height\":64},\"thumb\":{\"src\":\"https:\/\/zosradio.ba\/wp-includes\/images\/media\/video.svg\",\"width\":48,\"height\":64}}]}<\/script>\n<\/div>\n\t\n","protected":false},"excerpt":{"rendered":"<p>Sino\u0107 je u Te\u0161nju jedna osoba smrtno stradala u saobra\u0107ajnoj nesre\u0107i koja se desila u naseljenom mjestu Krndija. Radi se o slijetanju sa kolovoza putni\u010dkog vozila golf sa kojim je upravljao R.S. koji je zadobio povrede dok je suvoza\u010d\u00a0 D.A. smrtno stradao na licu mjesta, kazao je za ZOS radio portparol ZDK.<\/p>\n","protected":false},"author":2,"featured_media":138116,"comment_status":"closed","ping_status":"closed","sticky":false,"template":"","format":"video","meta":{"_acf_changed":false,"footnotes":""},"categories":[13],"tags":[149],"class_list":["post-142573","post","type-post","status-publish","format-video","has-post-thumbnail","category-bosna-i-hercegovina","tag-tesanj","post_format-post-format-video"],"acf":[],"yoast_head":"<!-- This site is optimized with the Yoast SEO Premium plugin v28.3 (Yoast SEO v28.3) - https:\/\/yoast.com\/product\/yoast-seo-premium-wordpress\/ -->\n<title>Te\u0161anj: Jedna osoba smrtno stradala u saobra\u0107ajnoj nesre\u0107i<\/title>\n<meta name=\"description\" content=\"Radi se o slijetanju sa kolovoza putni\u010dkog vozila golf sa kojim je upravljao R.S. koji je zadobio povrede dok je suvoza\u010d\u00a0 D.A. smrtno stradao na licu mjesta, kazao je za ZOS radio portparol ZDK.\" \/>\n<meta name=\"robots\" content=\"index, follow, max-snippet:-1, max-image-preview:large, max-video-preview:-1\" \/>\n<link rel=\"canonical\" href=\"https:\/\/zosradio.ba\/index.php\/2023\/07\/17\/tesanj-jedna-osoba-smrtno-stradala-u-saobracajnoj-nesreci\/\" \/>\n<meta property=\"og:locale\" content=\"bs_BA\" \/>\n<meta property=\"og:type\" content=\"article\" \/>\n<meta property=\"og:title\" content=\"Te\u0161anj: Jedna osoba smrtno stradala u saobra\u0107ajnoj nesre\u0107i\" \/>\n<meta property=\"og:description\" content=\"Radi se o slijetanju sa kolovoza putni\u010dkog vozila golf sa kojim je upravljao R.S. koji je zadobio povrede dok je suvoza\u010d\u00a0 D.A. smrtno stradao na licu mjesta, kazao je za ZOS radio portparol ZDK.\" \/>\n<meta property=\"og:url\" content=\"https:\/\/zosradio.ba\/index.php\/2023\/07\/17\/tesanj-jedna-osoba-smrtno-stradala-u-saobracajnoj-nesreci\/\" \/>\n<meta property=\"og:site_name\" content=\"ZOS radio\" \/>\n<meta property=\"article:publisher\" content=\"https:\/\/www.facebook.com\/zosradio\" \/>\n<meta property=\"article:published_time\" content=\"2023-07-17T05:31:55+00:00\" \/>\n<meta property=\"article:modified_time\" content=\"2025-02-07T14:14:51+00:00\" \/>\n<meta property=\"og:image\" content=\"https:\/\/zosradio.ba\/wp-content\/uploads\/2023\/04\/tesanj-proljece2.jpg\" \/>\n\t<meta property=\"og:image:width\" content=\"1200\" \/>\n\t<meta property=\"og:image:height\" content=\"600\" \/>\n\t<meta property=\"og:image:type\" content=\"image\/jpeg\" \/>\n<meta name=\"author\" content=\"Redakcija\" \/>\n<meta name=\"twitter:card\" content=\"summary_large_image\" \/>\n<meta name=\"twitter:label1\" content=\"Written by\" \/>\n\t<meta name=\"twitter:data1\" content=\"Redakcija\" \/>\n\t<meta name=\"twitter:label2\" content=\"Est. reading time\" \/>\n\t<meta name=\"twitter:data2\" content=\"1 minuta\" \/>\n<script type=\"application\/ld+json\" class=\"yoast-schema-graph\">{\"@context\":\"https:\\\/\\\/schema.org\",\"@graph\":[{\"@type\":\"Article\",\"@id\":\"https:\\\/\\\/zosradio.ba\\\/index.php\\\/2023\\\/07\\\/17\\\/tesanj-jedna-osoba-smrtno-stradala-u-saobracajnoj-nesreci\\\/#article\",\"isPartOf\":{\"@id\":\"https:\\\/\\\/zosradio.ba\\\/index.php\\\/2023\\\/07\\\/17\\\/tesanj-jedna-osoba-smrtno-stradala-u-saobracajnoj-nesreci\\\/\"},\"author\":{\"name\":\"Redakcija\",\"@id\":\"https:\\\/\\\/zosradio.ba\\\/#\\\/schema\\\/person\\\/fd04f56e4e741f73e5e30439bf8b6fb2\"},\"headline\":\"Te\u0161anj: Jedna osoba smrtno stradala u saobra\u0107ajnoj nesre\u0107i\",\"datePublished\":\"2023-07-17T05:31:55+00:00\",\"dateModified\":\"2025-02-07T14:14:51+00:00\",\"mainEntityOfPage\":{\"@id\":\"https:\\\/\\\/zosradio.ba\\\/index.php\\\/2023\\\/07\\\/17\\\/tesanj-jedna-osoba-smrtno-stradala-u-saobracajnoj-nesreci\\\/\"},\"wordCount\":73,\"image\":{\"@id\":\"https:\\\/\\\/zosradio.ba\\\/index.php\\\/2023\\\/07\\\/17\\\/tesanj-jedna-osoba-smrtno-stradala-u-saobracajnoj-nesreci\\\/#primaryimage\"},\"thumbnailUrl\":\"https:\\\/\\\/zosradio.ba\\\/wp-content\\\/uploads\\\/2023\\\/04\\\/tesanj-proljece2.jpg\",\"keywords\":[\"Te\u0161anj\"],\"articleSection\":[\"Bosna i Hercegovina\"],\"inLanguage\":\"bs-BA\"},{\"@type\":\"WebPage\",\"@id\":\"https:\\\/\\\/zosradio.ba\\\/index.php\\\/2023\\\/07\\\/17\\\/tesanj-jedna-osoba-smrtno-stradala-u-saobracajnoj-nesreci\\\/\",\"url\":\"https:\\\/\\\/zosradio.ba\\\/index.php\\\/2023\\\/07\\\/17\\\/tesanj-jedna-osoba-smrtno-stradala-u-saobracajnoj-nesreci\\\/\",\"name\":\"Te\u0161anj: Jedna osoba smrtno stradala u saobra\u0107ajnoj nesre\u0107i\",\"isPartOf\":{\"@id\":\"https:\\\/\\\/zosradio.ba\\\/#website\"},\"primaryImageOfPage\":{\"@id\":\"https:\\\/\\\/zosradio.ba\\\/index.php\\\/2023\\\/07\\\/17\\\/tesanj-jedna-osoba-smrtno-stradala-u-saobracajnoj-nesreci\\\/#primaryimage\"},\"image\":{\"@id\":\"https:\\\/\\\/zosradio.ba\\\/index.php\\\/2023\\\/07\\\/17\\\/tesanj-jedna-osoba-smrtno-stradala-u-saobracajnoj-nesreci\\\/#primaryimage\"},\"thumbnailUrl\":\"https:\\\/\\\/zosradio.ba\\\/wp-content\\\/uploads\\\/2023\\\/04\\\/tesanj-proljece2.jpg\",\"datePublished\":\"2023-07-17T05:31:55+00:00\",\"dateModified\":\"2025-02-07T14:14:51+00:00\",\"author\":{\"@id\":\"https:\\\/\\\/zosradio.ba\\\/#\\\/schema\\\/person\\\/fd04f56e4e741f73e5e30439bf8b6fb2\"},\"description\":\"Radi se o slijetanju sa kolovoza putni\u010dkog vozila golf sa kojim je upravljao R.S. koji je zadobio povrede dok je suvoza\u010d\u00a0 D.A. smrtno stradao na licu mjesta, kazao je za ZOS radio portparol ZDK.\",\"breadcrumb\":{\"@id\":\"https:\\\/\\\/zosradio.ba\\\/index.php\\\/2023\\\/07\\\/17\\\/tesanj-jedna-osoba-smrtno-stradala-u-saobracajnoj-nesreci\\\/#breadcrumb\"},\"inLanguage\":\"bs-BA\",\"potentialAction\":[{\"@type\":\"ReadAction\",\"target\":[\"https:\\\/\\\/zosradio.ba\\\/index.php\\\/2023\\\/07\\\/17\\\/tesanj-jedna-osoba-smrtno-stradala-u-saobracajnoj-nesreci\\\/\"]}]},{\"@type\":\"ImageObject\",\"inLanguage\":\"bs-BA\",\"@id\":\"https:\\\/\\\/zosradio.ba\\\/index.php\\\/2023\\\/07\\\/17\\\/tesanj-jedna-osoba-smrtno-stradala-u-saobracajnoj-nesreci\\\/#primaryimage\",\"url\":\"https:\\\/\\\/zosradio.ba\\\/wp-content\\\/uploads\\\/2023\\\/04\\\/tesanj-proljece2.jpg\",\"contentUrl\":\"https:\\\/\\\/zosradio.ba\\\/wp-content\\\/uploads\\\/2023\\\/04\\\/tesanj-proljece2.jpg\",\"width\":1200,\"height\":600,\"caption\":\"Foto: R.V\\\/zosradio.ba\"},{\"@type\":\"BreadcrumbList\",\"@id\":\"https:\\\/\\\/zosradio.ba\\\/index.php\\\/2023\\\/07\\\/17\\\/tesanj-jedna-osoba-smrtno-stradala-u-saobracajnoj-nesreci\\\/#breadcrumb\",\"itemListElement\":[{\"@type\":\"ListItem\",\"position\":1,\"name\":\"Home\",\"item\":\"https:\\\/\\\/zosradio.ba\\\/\"},{\"@type\":\"ListItem\",\"position\":2,\"name\":\"Te\u0161anj: Jedna osoba smrtno stradala u saobra\u0107ajnoj nesre\u0107i\"}]},{\"@type\":\"WebSite\",\"@id\":\"https:\\\/\\\/zosradio.ba\\\/#website\",\"url\":\"https:\\\/\\\/zosradio.ba\\\/\",\"name\":\"ZOS radio\",\"description\":\"Mjesto provjerenih informacija\",\"potentialAction\":[{\"@type\":\"SearchAction\",\"target\":{\"@type\":\"EntryPoint\",\"urlTemplate\":\"https:\\\/\\\/zosradio.ba\\\/?s={search_term_string}\"},\"query-input\":{\"@type\":\"PropertyValueSpecification\",\"valueRequired\":true,\"valueName\":\"search_term_string\"}}],\"inLanguage\":\"bs-BA\"},{\"@type\":\"Person\",\"@id\":\"https:\\\/\\\/zosradio.ba\\\/#\\\/schema\\\/person\\\/fd04f56e4e741f73e5e30439bf8b6fb2\",\"name\":\"Redakcija\",\"image\":{\"@type\":\"ImageObject\",\"inLanguage\":\"bs-BA\",\"@id\":\"https:\\\/\\\/secure.gravatar.com\\\/avatar\\\/2057d0a7c737aee6aa5a625569f9083f7c013011d162fa1abeb460bc52934036?s=96&d=mm&r=g\",\"url\":\"https:\\\/\\\/secure.gravatar.com\\\/avatar\\\/2057d0a7c737aee6aa5a625569f9083f7c013011d162fa1abeb460bc52934036?s=96&d=mm&r=g\",\"contentUrl\":\"https:\\\/\\\/secure.gravatar.com\\\/avatar\\\/2057d0a7c737aee6aa5a625569f9083f7c013011d162fa1abeb460bc52934036?s=96&d=mm&r=g\",\"caption\":\"Redakcija\"},\"url\":\"https:\\\/\\\/zosradio.ba\\\/index.php\\\/author\\\/zos-radiohotmail-com\\\/\"}]}<\/script>\n<!-- \/ Yoast SEO Premium plugin. -->","yoast_head_json":{"title":"Te\u0161anj: Jedna osoba smrtno stradala u saobra\u0107ajnoj nesre\u0107i","description":"Radi se o slijetanju sa kolovoza putni\u010dkog vozila golf sa kojim je upravljao R.S. koji je zadobio povrede dok je suvoza\u010d\u00a0 D.A. smrtno stradao na licu mjesta, kazao je za ZOS radio portparol ZDK.","robots":{"index":"index","follow":"follow","max-snippet":"max-snippet:-1","max-image-preview":"max-image-preview:large","max-video-preview":"max-video-preview:-1"},"canonical":"https:\/\/zosradio.ba\/index.php\/2023\/07\/17\/tesanj-jedna-osoba-smrtno-stradala-u-saobracajnoj-nesreci\/","og_locale":"bs_BA","og_type":"article","og_title":"Te\u0161anj: Jedna osoba smrtno stradala u saobra\u0107ajnoj nesre\u0107i","og_description":"Radi se o slijetanju sa kolovoza putni\u010dkog vozila golf sa kojim je upravljao R.S. koji je zadobio povrede dok je suvoza\u010d\u00a0 D.A. smrtno stradao na licu mjesta, kazao je za ZOS radio portparol ZDK.","og_url":"https:\/\/zosradio.ba\/index.php\/2023\/07\/17\/tesanj-jedna-osoba-smrtno-stradala-u-saobracajnoj-nesreci\/","og_site_name":"ZOS radio","article_publisher":"https:\/\/www.facebook.com\/zosradio","article_published_time":"2023-07-17T05:31:55+00:00","article_modified_time":"2025-02-07T14:14:51+00:00","og_image":[{"width":1200,"height":600,"url":"https:\/\/zosradio.ba\/wp-content\/uploads\/2023\/04\/tesanj-proljece2.jpg","type":"image\/jpeg"}],"author":"Redakcija","twitter_card":"summary_large_image","twitter_misc":{"Written by":"Redakcija","Est. reading time":"1 minuta"},"schema":{"@context":"https:\/\/schema.org","@graph":[{"@type":"Article","@id":"https:\/\/zosradio.ba\/index.php\/2023\/07\/17\/tesanj-jedna-osoba-smrtno-stradala-u-saobracajnoj-nesreci\/#article","isPartOf":{"@id":"https:\/\/zosradio.ba\/index.php\/2023\/07\/17\/tesanj-jedna-osoba-smrtno-stradala-u-saobracajnoj-nesreci\/"},"author":{"name":"Redakcija","@id":"https:\/\/zosradio.ba\/#\/schema\/person\/fd04f56e4e741f73e5e30439bf8b6fb2"},"headline":"Te\u0161anj: Jedna osoba smrtno stradala u saobra\u0107ajnoj nesre\u0107i","datePublished":"2023-07-17T05:31:55+00:00","dateModified":"2025-02-07T14:14:51+00:00","mainEntityOfPage":{"@id":"https:\/\/zosradio.ba\/index.php\/2023\/07\/17\/tesanj-jedna-osoba-smrtno-stradala-u-saobracajnoj-nesreci\/"},"wordCount":73,"image":{"@id":"https:\/\/zosradio.ba\/index.php\/2023\/07\/17\/tesanj-jedna-osoba-smrtno-stradala-u-saobracajnoj-nesreci\/#primaryimage"},"thumbnailUrl":"https:\/\/zosradio.ba\/wp-content\/uploads\/2023\/04\/tesanj-proljece2.jpg","keywords":["Te\u0161anj"],"articleSection":["Bosna i Hercegovina"],"inLanguage":"bs-BA"},{"@type":"WebPage","@id":"https:\/\/zosradio.ba\/index.php\/2023\/07\/17\/tesanj-jedna-osoba-smrtno-stradala-u-saobracajnoj-nesreci\/","url":"https:\/\/zosradio.ba\/index.php\/2023\/07\/17\/tesanj-jedna-osoba-smrtno-stradala-u-saobracajnoj-nesreci\/","name":"Te\u0161anj: Jedna osoba smrtno stradala u saobra\u0107ajnoj nesre\u0107i","isPartOf":{"@id":"https:\/\/zosradio.ba\/#website"},"primaryImageOfPage":{"@id":"https:\/\/zosradio.ba\/index.php\/2023\/07\/17\/tesanj-jedna-osoba-smrtno-stradala-u-saobracajnoj-nesreci\/#primaryimage"},"image":{"@id":"https:\/\/zosradio.ba\/index.php\/2023\/07\/17\/tesanj-jedna-osoba-smrtno-stradala-u-saobracajnoj-nesreci\/#primaryimage"},"thumbnailUrl":"https:\/\/zosradio.ba\/wp-content\/uploads\/2023\/04\/tesanj-proljece2.jpg","datePublished":"2023-07-17T05:31:55+00:00","dateModified":"2025-02-07T14:14:51+00:00","author":{"@id":"https:\/\/zosradio.ba\/#\/schema\/person\/fd04f56e4e741f73e5e30439bf8b6fb2"},"description":"Radi se o slijetanju sa kolovoza putni\u010dkog vozila golf sa kojim je upravljao R.S. koji je zadobio povrede dok je suvoza\u010d\u00a0 D.A. smrtno stradao na licu mjesta, kazao je za ZOS radio portparol ZDK.","breadcrumb":{"@id":"https:\/\/zosradio.ba\/index.php\/2023\/07\/17\/tesanj-jedna-osoba-smrtno-stradala-u-saobracajnoj-nesreci\/#breadcrumb"},"inLanguage":"bs-BA","potentialAction":[{"@type":"ReadAction","target":["https:\/\/zosradio.ba\/index.php\/2023\/07\/17\/tesanj-jedna-osoba-smrtno-stradala-u-saobracajnoj-nesreci\/"]}]},{"@type":"ImageObject","inLanguage":"bs-BA","@id":"https:\/\/zosradio.ba\/index.php\/2023\/07\/17\/tesanj-jedna-osoba-smrtno-stradala-u-saobracajnoj-nesreci\/#primaryimage","url":"https:\/\/zosradio.ba\/wp-content\/uploads\/2023\/04\/tesanj-proljece2.jpg","contentUrl":"https:\/\/zosradio.ba\/wp-content\/uploads\/2023\/04\/tesanj-proljece2.jpg","width":1200,"height":600,"caption":"Foto: R.V\/zosradio.ba"},{"@type":"BreadcrumbList","@id":"https:\/\/zosradio.ba\/index.php\/2023\/07\/17\/tesanj-jedna-osoba-smrtno-stradala-u-saobracajnoj-nesreci\/#breadcrumb","itemListElement":[{"@type":"ListItem","position":1,"name":"Home","item":"https:\/\/zosradio.ba\/"},{"@type":"ListItem","position":2,"name":"Te\u0161anj: Jedna osoba smrtno stradala u saobra\u0107ajnoj nesre\u0107i"}]},{"@type":"WebSite","@id":"https:\/\/zosradio.ba\/#website","url":"https:\/\/zosradio.ba\/","name":"ZOS radio","description":"Mjesto provjerenih informacija","potentialAction":[{"@type":"SearchAction","target":{"@type":"EntryPoint","urlTemplate":"https:\/\/zosradio.ba\/?s={search_term_string}"},"query-input":{"@type":"PropertyValueSpecification","valueRequired":true,"valueName":"search_term_string"}}],"inLanguage":"bs-BA"},{"@type":"Person","@id":"https:\/\/zosradio.ba\/#\/schema\/person\/fd04f56e4e741f73e5e30439bf8b6fb2","name":"Redakcija","image":{"@type":"ImageObject","inLanguage":"bs-BA","@id":"https:\/\/secure.gravatar.com\/avatar\/2057d0a7c737aee6aa5a625569f9083f7c013011d162fa1abeb460bc52934036?s=96&d=mm&r=g","url":"https:\/\/secure.gravatar.com\/avatar\/2057d0a7c737aee6aa5a625569f9083f7c013011d162fa1abeb460bc52934036?s=96&d=mm&r=g","contentUrl":"https:\/\/secure.gravatar.com\/avatar\/2057d0a7c737aee6aa5a625569f9083f7c013011d162fa1abeb460bc52934036?s=96&d=mm&r=g","caption":"Redakcija"},"url":"https:\/\/zosradio.ba\/index.php\/author\/zos-radiohotmail-com\/"}]}},"_links":{"self":[{"href":"https:\/\/zosradio.ba\/index.php\/wp-json\/wp\/v2\/posts\/142573","targetHints":{"allow":["GET"]}}],"collection":[{"href":"https:\/\/zosradio.ba\/index.php\/wp-json\/wp\/v2\/posts"}],"about":[{"href":"https:\/\/zosradio.ba\/index.php\/wp-json\/wp\/v2\/types\/post"}],"author":[{"embeddable":true,"href":"https:\/\/zosradio.ba\/index.php\/wp-json\/wp\/v2\/users\/2"}],"replies":[{"embeddable":true,"href":"https:\/\/zosradio.ba\/index.php\/wp-json\/wp\/v2\/comments?post=142573"}],"version-history":[{"count":5,"href":"https:\/\/zosradio.ba\/index.php\/wp-json\/wp\/v2\/posts\/142573\/revisions"}],"predecessor-version":[{"id":154216,"href":"https:\/\/zosradio.ba\/index.php\/wp-json\/wp\/v2\/posts\/142573\/revisions\/154216"}],"wp:featuredmedia":[{"embeddable":true,"href":"https:\/\/zosradio.ba\/index.php\/wp-json\/wp\/v2\/media\/138116"}],"wp:attachment":[{"href":"https:\/\/zosradio.ba\/index.php\/wp-json\/wp\/v2\/media?parent=142573"}],"wp:term":[{"taxonomy":"category","embeddable":true,"href":"https:\/\/zosradio.ba\/index.php\/wp-json\/wp\/v2\/categories?post=142573"},{"taxonomy":"post_tag","embeddable":true,"href":"https:\/\/zosradio.ba\/index.php\/wp-json\/wp\/v2\/tags?post=142573"}],"curies":[{"name":"wp","href":"https:\/\/api.w.org\/{rel}","templated":true}]}}