{"id":149210,"date":"2023-12-28T13:41:16","date_gmt":"2023-12-28T12:41:16","guid":{"rendered":"https:\/\/zosradio.ba\/?p=149210"},"modified":"2026-04-22T15:21:34","modified_gmt":"2026-04-22T13:21:34","slug":"fuad-sisic-krize-nema","status":"publish","type":"post","link":"https:\/\/zosradio.ba\/index.php\/2023\/12\/28\/fuad-sisic-krize-nema\/","title":{"rendered":"Fuad \u0160i\u0161i\u0107: Krize nema"},"content":{"rendered":"<p>Postoje razli\u010dite vrste kriza i upravljanje krizama, odnosno procjena rizika i poduzimanje mjera da se uti\u010de na smanjenje rizika, na otklanjanje uzroka ali i njihovih posljedica, ako se krizni doga\u0111aji ili situacije dogode. Krize me\u0111uljudskih odnosa su poseban izazov, bile one u istoj organizaciji ili u \u0161irem kontekstu. Rijetko se takve krize dogode iznenada, \u010desto dugo tinjaju ali kada se dogode onda su uzroci u nekom periodu prije toga. Ako se o uzrocima nije spremno, ne\u0107e ili ne zna razgovarati, onda se \u201epopije tableta\u201c protiv bolova i nastavlja do neke nove krize sa jo\u0161 ve\u0107im posljedicama.<\/p>\n<p>Izlazak g-dina \u0160emsudina Mehmedovi\u0107a iz SDA sam smatrao kriznom situacijom za OO SDA <a href=\"https:\/\/zosradio.ba\/index.php\/2026\/01\/20\/tesanj-u-opcoj-bolnici-rodjeno-pet-beba-3\/\">Te\u0161anj<\/a>. Politi\u010dka stranka je dru\u0161tveni mehanizam, i stoga je va\u017eno za lokalnu zajednicu kako se rje\u0161avaju va\u017ena pitanja unutar stranaka. Cijene\u0107i da SDA nije spremna i ne\u0107e razgovarati o uzrocima, nego \u0107e te\u017eiti \u0161to bezbolnijem zaboravu krize kao takve, te i\u0107i dalje, obratio sam se IO OO SDA Te\u0161anj. Iznio sam svoje mi\u0161ljenje rukovodstvu (iako ono to nije tra\u017eilo, a niti ga je u kona\u010dnici ozbiljno akceptiralo, ali to je pravo rukovodstva), cijene\u0107i da je prva reakcija lokalnog rukovodstva bila neadekvatna. Ustvrdio sam (bez sagledavnja dubljih uzroka i bilo \u010dije krivnje) da su neposredni povod krizne situacije u OO SDA Te\u0161anj doga\u0111anja u pripremi Kongresa (eliminacija \u0160emsudina Mehmedovi\u0107a kao jednog od dva kandidata, iza \u010dije kandidature je stao IO OO SDA Te\u0161anj), te reakcije \u0160emsudina Mehmedovi\u0107a napu\u0161tanjem SDA i najavom formiranja nove stranke. Zatim sam predlo\u017eio tri grupe zaklju\u010daka:<\/p>\n<p>Prva, kojom se izra\u017eava \u017ealjenje zbog odlaska jednog od osniva\u010da SDA u Te\u0161nju, izra\u017eavanje zahvalnosti za 33-godi\u0161nje djelovanje i doprinos u raznim ulogama strana\u010dkog i javnog \u017eivota, te isticanje spremnosti na budu\u0107u saradnju u interesu lokalne zajednice.<\/p>\n<p>Druga: spremnost rukovodstva da za\u0161titi naru\u0161avanje me\u0111uljudskih odnosa, a zatim i interesa SDA kao politi\u010dke stranke, pri tome isti\u010du\u0107i pravo svakog pojedina\u010dno na slobodan izbor politi\u010dkog djelovanja.<\/p>\n<p>Tre\u0107a cjelina se odnosila na predstoje\u0107e lokalne strana\u010dke izbore koji su se ve\u0107 trebali odvijati (ali se to ne de\u0161ava), te opredjeljenost za transaparentno, i u skladu sa strana\u010dkim pravilima, provo\u0111enje redovnih izbora OO SDA Te\u0161anj. Uz to je nagla\u0161eno o\u010dekivanje da proces te\u010de bez bilo kakvih \u201ctajnih\u201d grupa\u0161enja s ciljem lobiranja izbora novog rukovodstva u skladu sa personalnim \u017eeljama, niti zauzimanja vi\u0161e klju\u010dnih pozicija istovremeno. Naglasio sam va\u017enost me\u0111usobnih diskusija o ciljevima, pra\u0107enju rezultata, kolegijalnom neslaganju i br\u017eim izmjenama istih osoba na klju\u010dnim pozicijama kako bi mla\u0111i aktivisti i kadrovi dobili vi\u0161e prilika.<\/p>\n<p>Aktuelno rukovodstvo se ponovo sastalo (\u0161to je pozitivno), i saop\u0107ili javnosti druga\u010dije i skromne stavove. Konstatovali su da je rukovodstvo direktno upoznato sa napu\u0161tanjem SDA od strane g-dina Mehmedovi\u0107a. Zatim, izrazili su \u017ealjenje za odlaskom iz SDA i protokolarnu zahvalu g-dinu Mehmedovi\u0107u, kao i svima drugima (neki ka\u017eu da se sti\u010de utisak kako mnoogi od onih koji su jednoglasno stali iza njegove predkongresne kandidature, sada mo\u017eda \u017eale zbog toga vi\u0161e nego zbog odlaska g-dina Mehmedovi\u0107a). I kona\u010dno, je nagla\u0161en dosada\u0161nji zna\u010daj uloge SDA u lokalnoj zajednici, te iskazana namjera da se nastavi tako i u skladu sa prioritetima.<\/p>\n<p>No dalo se \u010duti, u nezvani\u010dnim informacijama \u010dlanova IO-a, da je upravo prioritet broj 1 \u2013 provo\u0111enje izbora na sjednici osporen i doveden u pitanje s ciljem da se tra\u017ei odgoda izbora. Ako se to dogodi, sljede\u0107e godine su redovni op\u0107inski izbori. Sve ukazuje na uvo\u0111enje povjereni\u0161tva. U tom slu\u010daju to bi bilo prvi puta nakon 30 godina. Tada je uvedeno Povjereni\u0161tvo (na \u010delu sa, sada akademikom, Amirom Brkom, a i s\u00e3m sam bio \u010dlan tog Povjereni\u0161tva). Te\u0161anj je bio pod vojnom opsadom, potpuno okru\u017een s ciljem iscrpljivanja i osvajanja. Stanje u enklavama pod opsadom nije nimalo ugodno, i javljala su se razli\u010dita razmi\u0161ljanja kako dalje. Tada motivi i razlike nisu bile inspirisane li\u010dnim ambicijama, borbom za vlast i privilegijama nego borbom za pre\u017eivljavanje i opstanak.<\/p>\n<p>Izvor: <a href=\"https:\/\/tesanj.net\/2023\/12\/26\/krize-nema\/\">tesanj.net<\/a><\/p>\n","protected":false},"excerpt":{"rendered":"<p>Postoje razli\u010dite vrste kriza i upravljanje krizama, odnosno procjena rizika i poduzimanje mjera da se uti\u010de na smanjenje rizika, na otklanjanje uzroka ali i njihovih posljedica, ako se krizni doga\u0111aji ili situacije dogode. Krize me\u0111uljudskih odnosa su poseban izazov, bile one u istoj organizaciji ili u \u0161irem kontekstu. Rijetko se takve krize dogode iznenada, \u010desto [&hellip;]<\/p>\n","protected":false},"author":4,"featured_media":109713,"comment_status":"closed","ping_status":"closed","sticky":false,"template":"","format":"standard","meta":{"_acf_changed":false,"footnotes":""},"categories":[471],"tags":[],"class_list":{"0":"post-149210","1":"post","2":"type-post","3":"status-publish","4":"format-standard","5":"has-post-thumbnail","7":"category-kolumne"},"acf":[],"yoast_head":"<!-- This site is optimized with the Yoast SEO Premium plugin v27.4 (Yoast SEO v27.4) - https:\/\/yoast.com\/product\/yoast-seo-premium-wordpress\/ -->\n<title>Fuad \u0160i\u0161i\u0107: Krize nema<\/title>\n<meta name=\"description\" content=\"Postoje razli\u010dite vrste kriza i upravljanje krizama, odnosno procjena rizika i poduzimanje mjera da se uti\u010de na smanjenje rizika, na otklanjanje uzroka\" \/>\n<meta name=\"robots\" content=\"index, follow, max-snippet:-1, max-image-preview:large, max-video-preview:-1\" \/>\n<link rel=\"canonical\" href=\"https:\/\/zosradio.ba\/index.php\/2023\/12\/28\/fuad-sisic-krize-nema\/\" \/>\n<meta property=\"og:locale\" content=\"bs_BA\" \/>\n<meta property=\"og:type\" content=\"article\" \/>\n<meta property=\"og:title\" content=\"Fuad \u0160i\u0161i\u0107: Krize nema\" \/>\n<meta property=\"og:description\" content=\"Postoje razli\u010dite vrste kriza i upravljanje krizama, odnosno procjena rizika i poduzimanje mjera da se uti\u010de na smanjenje rizika, na otklanjanje uzroka\" \/>\n<meta property=\"og:url\" content=\"https:\/\/zosradio.ba\/index.php\/2023\/12\/28\/fuad-sisic-krize-nema\/\" \/>\n<meta property=\"og:site_name\" content=\"ZOS radio\" \/>\n<meta property=\"article:publisher\" content=\"https:\/\/www.facebook.com\/zosradio\" \/>\n<meta property=\"article:published_time\" content=\"2023-12-28T12:41:16+00:00\" \/>\n<meta property=\"article:modified_time\" content=\"2026-04-22T13:21:34+00:00\" \/>\n<meta property=\"og:image\" content=\"https:\/\/zosradio.ba\/wp-content\/uploads\/2022\/08\/Fuad-Sisic-e1659430925376.jpg\" \/>\n\t<meta property=\"og:image:width\" content=\"1024\" \/>\n\t<meta property=\"og:image:height\" content=\"514\" \/>\n\t<meta property=\"og:image:type\" content=\"image\/jpeg\" \/>\n<meta name=\"author\" content=\"Redakcija\" \/>\n<meta name=\"twitter:card\" content=\"summary_large_image\" \/>\n<meta name=\"twitter:label1\" content=\"Written by\" \/>\n\t<meta name=\"twitter:data1\" content=\"Redakcija\" \/>\n\t<meta name=\"twitter:label2\" content=\"Est. reading time\" \/>\n\t<meta name=\"twitter:data2\" content=\"4 minute\" \/>\n<script type=\"application\/ld+json\" class=\"yoast-schema-graph\">{\"@context\":\"https:\\\/\\\/schema.org\",\"@graph\":[{\"@type\":\"Article\",\"@id\":\"https:\\\/\\\/zosradio.ba\\\/index.php\\\/2023\\\/12\\\/28\\\/fuad-sisic-krize-nema\\\/#article\",\"isPartOf\":{\"@id\":\"https:\\\/\\\/zosradio.ba\\\/index.php\\\/2023\\\/12\\\/28\\\/fuad-sisic-krize-nema\\\/\"},\"author\":{\"name\":\"Redakcija\",\"@id\":\"https:\\\/\\\/zosradio.ba\\\/#\\\/schema\\\/person\\\/67a3646b7461b6a81ec1c88d8321c9db\"},\"headline\":\"Fuad \u0160i\u0161i\u0107: Krize nema\",\"datePublished\":\"2023-12-28T12:41:16+00:00\",\"dateModified\":\"2026-04-22T13:21:34+00:00\",\"mainEntityOfPage\":{\"@id\":\"https:\\\/\\\/zosradio.ba\\\/index.php\\\/2023\\\/12\\\/28\\\/fuad-sisic-krize-nema\\\/\"},\"wordCount\":731,\"image\":{\"@id\":\"https:\\\/\\\/zosradio.ba\\\/index.php\\\/2023\\\/12\\\/28\\\/fuad-sisic-krize-nema\\\/#primaryimage\"},\"thumbnailUrl\":\"https:\\\/\\\/zosradio.ba\\\/wp-content\\\/uploads\\\/2022\\\/08\\\/Fuad-Sisic-e1659430925376.jpg\",\"articleSection\":[\"Kolumne\"],\"inLanguage\":\"bs-BA\"},{\"@type\":\"WebPage\",\"@id\":\"https:\\\/\\\/zosradio.ba\\\/index.php\\\/2023\\\/12\\\/28\\\/fuad-sisic-krize-nema\\\/\",\"url\":\"https:\\\/\\\/zosradio.ba\\\/index.php\\\/2023\\\/12\\\/28\\\/fuad-sisic-krize-nema\\\/\",\"name\":\"Fuad \u0160i\u0161i\u0107: Krize nema\",\"isPartOf\":{\"@id\":\"https:\\\/\\\/zosradio.ba\\\/#website\"},\"primaryImageOfPage\":{\"@id\":\"https:\\\/\\\/zosradio.ba\\\/index.php\\\/2023\\\/12\\\/28\\\/fuad-sisic-krize-nema\\\/#primaryimage\"},\"image\":{\"@id\":\"https:\\\/\\\/zosradio.ba\\\/index.php\\\/2023\\\/12\\\/28\\\/fuad-sisic-krize-nema\\\/#primaryimage\"},\"thumbnailUrl\":\"https:\\\/\\\/zosradio.ba\\\/wp-content\\\/uploads\\\/2022\\\/08\\\/Fuad-Sisic-e1659430925376.jpg\",\"datePublished\":\"2023-12-28T12:41:16+00:00\",\"dateModified\":\"2026-04-22T13:21:34+00:00\",\"author\":{\"@id\":\"https:\\\/\\\/zosradio.ba\\\/#\\\/schema\\\/person\\\/67a3646b7461b6a81ec1c88d8321c9db\"},\"description\":\"Postoje razli\u010dite vrste kriza i upravljanje krizama, odnosno procjena rizika i poduzimanje mjera da se uti\u010de na smanjenje rizika, na otklanjanje uzroka\",\"breadcrumb\":{\"@id\":\"https:\\\/\\\/zosradio.ba\\\/index.php\\\/2023\\\/12\\\/28\\\/fuad-sisic-krize-nema\\\/#breadcrumb\"},\"inLanguage\":\"bs-BA\",\"potentialAction\":[{\"@type\":\"ReadAction\",\"target\":[\"https:\\\/\\\/zosradio.ba\\\/index.php\\\/2023\\\/12\\\/28\\\/fuad-sisic-krize-nema\\\/\"]}]},{\"@type\":\"ImageObject\",\"inLanguage\":\"bs-BA\",\"@id\":\"https:\\\/\\\/zosradio.ba\\\/index.php\\\/2023\\\/12\\\/28\\\/fuad-sisic-krize-nema\\\/#primaryimage\",\"url\":\"https:\\\/\\\/zosradio.ba\\\/wp-content\\\/uploads\\\/2022\\\/08\\\/Fuad-Sisic-e1659430925376.jpg\",\"contentUrl\":\"https:\\\/\\\/zosradio.ba\\\/wp-content\\\/uploads\\\/2022\\\/08\\\/Fuad-Sisic-e1659430925376.jpg\",\"width\":1024,\"height\":514,\"caption\":\"Fuad \u0160i\u0161i\u0107 (Foto:AA)\"},{\"@type\":\"BreadcrumbList\",\"@id\":\"https:\\\/\\\/zosradio.ba\\\/index.php\\\/2023\\\/12\\\/28\\\/fuad-sisic-krize-nema\\\/#breadcrumb\",\"itemListElement\":[{\"@type\":\"ListItem\",\"position\":1,\"name\":\"Home\",\"item\":\"https:\\\/\\\/zosradio.ba\\\/\"},{\"@type\":\"ListItem\",\"position\":2,\"name\":\"Fuad \u0160i\u0161i\u0107: Krize nema\"}]},{\"@type\":\"WebSite\",\"@id\":\"https:\\\/\\\/zosradio.ba\\\/#website\",\"url\":\"https:\\\/\\\/zosradio.ba\\\/\",\"name\":\"ZOS radio\",\"description\":\"Mjesto provjerenih informacija\",\"potentialAction\":[{\"@type\":\"SearchAction\",\"target\":{\"@type\":\"EntryPoint\",\"urlTemplate\":\"https:\\\/\\\/zosradio.ba\\\/?s={search_term_string}\"},\"query-input\":{\"@type\":\"PropertyValueSpecification\",\"valueRequired\":true,\"valueName\":\"search_term_string\"}}],\"inLanguage\":\"bs-BA\"},{\"@type\":\"Person\",\"@id\":\"https:\\\/\\\/zosradio.ba\\\/#\\\/schema\\\/person\\\/67a3646b7461b6a81ec1c88d8321c9db\",\"name\":\"Redakcija\",\"image\":{\"@type\":\"ImageObject\",\"inLanguage\":\"bs-BA\",\"@id\":\"https:\\\/\\\/secure.gravatar.com\\\/avatar\\\/b2d8659682ea6605ed222f859feccecd4b6e86ec0b5843c69c93d5cf21a67a4f?s=96&d=mm&r=g\",\"url\":\"https:\\\/\\\/secure.gravatar.com\\\/avatar\\\/b2d8659682ea6605ed222f859feccecd4b6e86ec0b5843c69c93d5cf21a67a4f?s=96&d=mm&r=g\",\"contentUrl\":\"https:\\\/\\\/secure.gravatar.com\\\/avatar\\\/b2d8659682ea6605ed222f859feccecd4b6e86ec0b5843c69c93d5cf21a67a4f?s=96&d=mm&r=g\",\"caption\":\"Redakcija\"},\"url\":\"https:\\\/\\\/zosradio.ba\\\/index.php\\\/author\\\/radiozosgmail-com\\\/\"}]}<\/script>\n<!-- \/ Yoast SEO Premium plugin. -->","yoast_head_json":{"title":"Fuad \u0160i\u0161i\u0107: Krize nema","description":"Postoje razli\u010dite vrste kriza i upravljanje krizama, odnosno procjena rizika i poduzimanje mjera da se uti\u010de na smanjenje rizika, na otklanjanje uzroka","robots":{"index":"index","follow":"follow","max-snippet":"max-snippet:-1","max-image-preview":"max-image-preview:large","max-video-preview":"max-video-preview:-1"},"canonical":"https:\/\/zosradio.ba\/index.php\/2023\/12\/28\/fuad-sisic-krize-nema\/","og_locale":"bs_BA","og_type":"article","og_title":"Fuad \u0160i\u0161i\u0107: Krize nema","og_description":"Postoje razli\u010dite vrste kriza i upravljanje krizama, odnosno procjena rizika i poduzimanje mjera da se uti\u010de na smanjenje rizika, na otklanjanje uzroka","og_url":"https:\/\/zosradio.ba\/index.php\/2023\/12\/28\/fuad-sisic-krize-nema\/","og_site_name":"ZOS radio","article_publisher":"https:\/\/www.facebook.com\/zosradio","article_published_time":"2023-12-28T12:41:16+00:00","article_modified_time":"2026-04-22T13:21:34+00:00","og_image":[{"width":1024,"height":514,"url":"https:\/\/zosradio.ba\/wp-content\/uploads\/2022\/08\/Fuad-Sisic-e1659430925376.jpg","type":"image\/jpeg"}],"author":"Redakcija","twitter_card":"summary_large_image","twitter_misc":{"Written by":"Redakcija","Est. reading time":"4 minute"},"schema":{"@context":"https:\/\/schema.org","@graph":[{"@type":"Article","@id":"https:\/\/zosradio.ba\/index.php\/2023\/12\/28\/fuad-sisic-krize-nema\/#article","isPartOf":{"@id":"https:\/\/zosradio.ba\/index.php\/2023\/12\/28\/fuad-sisic-krize-nema\/"},"author":{"name":"Redakcija","@id":"https:\/\/zosradio.ba\/#\/schema\/person\/67a3646b7461b6a81ec1c88d8321c9db"},"headline":"Fuad \u0160i\u0161i\u0107: Krize nema","datePublished":"2023-12-28T12:41:16+00:00","dateModified":"2026-04-22T13:21:34+00:00","mainEntityOfPage":{"@id":"https:\/\/zosradio.ba\/index.php\/2023\/12\/28\/fuad-sisic-krize-nema\/"},"wordCount":731,"image":{"@id":"https:\/\/zosradio.ba\/index.php\/2023\/12\/28\/fuad-sisic-krize-nema\/#primaryimage"},"thumbnailUrl":"https:\/\/zosradio.ba\/wp-content\/uploads\/2022\/08\/Fuad-Sisic-e1659430925376.jpg","articleSection":["Kolumne"],"inLanguage":"bs-BA"},{"@type":"WebPage","@id":"https:\/\/zosradio.ba\/index.php\/2023\/12\/28\/fuad-sisic-krize-nema\/","url":"https:\/\/zosradio.ba\/index.php\/2023\/12\/28\/fuad-sisic-krize-nema\/","name":"Fuad \u0160i\u0161i\u0107: Krize nema","isPartOf":{"@id":"https:\/\/zosradio.ba\/#website"},"primaryImageOfPage":{"@id":"https:\/\/zosradio.ba\/index.php\/2023\/12\/28\/fuad-sisic-krize-nema\/#primaryimage"},"image":{"@id":"https:\/\/zosradio.ba\/index.php\/2023\/12\/28\/fuad-sisic-krize-nema\/#primaryimage"},"thumbnailUrl":"https:\/\/zosradio.ba\/wp-content\/uploads\/2022\/08\/Fuad-Sisic-e1659430925376.jpg","datePublished":"2023-12-28T12:41:16+00:00","dateModified":"2026-04-22T13:21:34+00:00","author":{"@id":"https:\/\/zosradio.ba\/#\/schema\/person\/67a3646b7461b6a81ec1c88d8321c9db"},"description":"Postoje razli\u010dite vrste kriza i upravljanje krizama, odnosno procjena rizika i poduzimanje mjera da se uti\u010de na smanjenje rizika, na otklanjanje uzroka","breadcrumb":{"@id":"https:\/\/zosradio.ba\/index.php\/2023\/12\/28\/fuad-sisic-krize-nema\/#breadcrumb"},"inLanguage":"bs-BA","potentialAction":[{"@type":"ReadAction","target":["https:\/\/zosradio.ba\/index.php\/2023\/12\/28\/fuad-sisic-krize-nema\/"]}]},{"@type":"ImageObject","inLanguage":"bs-BA","@id":"https:\/\/zosradio.ba\/index.php\/2023\/12\/28\/fuad-sisic-krize-nema\/#primaryimage","url":"https:\/\/zosradio.ba\/wp-content\/uploads\/2022\/08\/Fuad-Sisic-e1659430925376.jpg","contentUrl":"https:\/\/zosradio.ba\/wp-content\/uploads\/2022\/08\/Fuad-Sisic-e1659430925376.jpg","width":1024,"height":514,"caption":"Fuad \u0160i\u0161i\u0107 (Foto:AA)"},{"@type":"BreadcrumbList","@id":"https:\/\/zosradio.ba\/index.php\/2023\/12\/28\/fuad-sisic-krize-nema\/#breadcrumb","itemListElement":[{"@type":"ListItem","position":1,"name":"Home","item":"https:\/\/zosradio.ba\/"},{"@type":"ListItem","position":2,"name":"Fuad \u0160i\u0161i\u0107: Krize nema"}]},{"@type":"WebSite","@id":"https:\/\/zosradio.ba\/#website","url":"https:\/\/zosradio.ba\/","name":"ZOS radio","description":"Mjesto provjerenih informacija","potentialAction":[{"@type":"SearchAction","target":{"@type":"EntryPoint","urlTemplate":"https:\/\/zosradio.ba\/?s={search_term_string}"},"query-input":{"@type":"PropertyValueSpecification","valueRequired":true,"valueName":"search_term_string"}}],"inLanguage":"bs-BA"},{"@type":"Person","@id":"https:\/\/zosradio.ba\/#\/schema\/person\/67a3646b7461b6a81ec1c88d8321c9db","name":"Redakcija","image":{"@type":"ImageObject","inLanguage":"bs-BA","@id":"https:\/\/secure.gravatar.com\/avatar\/b2d8659682ea6605ed222f859feccecd4b6e86ec0b5843c69c93d5cf21a67a4f?s=96&d=mm&r=g","url":"https:\/\/secure.gravatar.com\/avatar\/b2d8659682ea6605ed222f859feccecd4b6e86ec0b5843c69c93d5cf21a67a4f?s=96&d=mm&r=g","contentUrl":"https:\/\/secure.gravatar.com\/avatar\/b2d8659682ea6605ed222f859feccecd4b6e86ec0b5843c69c93d5cf21a67a4f?s=96&d=mm&r=g","caption":"Redakcija"},"url":"https:\/\/zosradio.ba\/index.php\/author\/radiozosgmail-com\/"}]}},"_links":{"self":[{"href":"https:\/\/zosradio.ba\/index.php\/wp-json\/wp\/v2\/posts\/149210","targetHints":{"allow":["GET"]}}],"collection":[{"href":"https:\/\/zosradio.ba\/index.php\/wp-json\/wp\/v2\/posts"}],"about":[{"href":"https:\/\/zosradio.ba\/index.php\/wp-json\/wp\/v2\/types\/post"}],"author":[{"embeddable":true,"href":"https:\/\/zosradio.ba\/index.php\/wp-json\/wp\/v2\/users\/4"}],"replies":[{"embeddable":true,"href":"https:\/\/zosradio.ba\/index.php\/wp-json\/wp\/v2\/comments?post=149210"}],"version-history":[{"count":1,"href":"https:\/\/zosradio.ba\/index.php\/wp-json\/wp\/v2\/posts\/149210\/revisions"}],"predecessor-version":[{"id":149211,"href":"https:\/\/zosradio.ba\/index.php\/wp-json\/wp\/v2\/posts\/149210\/revisions\/149211"}],"wp:featuredmedia":[{"embeddable":true,"href":"https:\/\/zosradio.ba\/index.php\/wp-json\/wp\/v2\/media\/109713"}],"wp:attachment":[{"href":"https:\/\/zosradio.ba\/index.php\/wp-json\/wp\/v2\/media?parent=149210"}],"wp:term":[{"taxonomy":"category","embeddable":true,"href":"https:\/\/zosradio.ba\/index.php\/wp-json\/wp\/v2\/categories?post=149210"},{"taxonomy":"post_tag","embeddable":true,"href":"https:\/\/zosradio.ba\/index.php\/wp-json\/wp\/v2\/tags?post=149210"}],"curies":[{"name":"wp","href":"https:\/\/api.w.org\/{rel}","templated":true}]}}