{"id":156693,"date":"2024-07-14T12:06:31","date_gmt":"2024-07-14T10:06:31","guid":{"rendered":"https:\/\/zosradio.ba\/?p=156693"},"modified":"2025-02-07T14:55:39","modified_gmt":"2025-02-07T13:55:39","slug":"zastita-ozrena-i-mokre-megare-u-fokusu-naucnoistrazivackog-kampa","status":"publish","type":"post","link":"https:\/\/zosradio.ba\/index.php\/2024\/07\/14\/zastita-ozrena-i-mokre-megare-u-fokusu-naucnoistrazivackog-kampa\/","title":{"rendered":"Za\u0161tita Ozrena i Mokre Megare u fokusu nau\u010dnoistra\u017eiva\u010dkog kampa"},"content":{"rendered":"<p><strong>Udru\u017eenje gra\u0111ana Fojni\u010dani <a href=\"https:\/\/zosradio.ba\/index.php\/2026\/01\/21\/planska-iskljucenja-elektricne-energije-u-maglaju-u-cetvrtak-22-januara\/\">Maglaj<\/a>, Mre\u017ea za za\u0161titu prirode, te lokalne organizacije civilnog dru\u0161tva iz Petrova i Doboja, i ove godine organiziraju nau\u010dnoistra\u017eiva\u010dki kamp na Ozrenu.<\/strong><\/p>\n<p>Vi\u0161e od 25 biologa i speleologa iz Bosne i Hercegovine i regiona istra\u017eivat \u0107e od 17. do 21. jula u biolo\u0161ku raznolikost ovog podru\u010dja, s posebnom pa\u017enjom na pe\u0107inski kompleks Mokra Megara. Dosada\u0161nji nalazi su pokazali da je ova \u0161pilja klju\u010dno uto\u010di\u0161te za jednu od najugro\u017eenijih vrsta \u0161i\u0161mi\u0161a, velikog potkovi\u010dara, koji je ve\u0107 nestao u nekim europskim zemljama. Tokom zimskog monitoringa, u Mokroj Megari je zabilje\u017een rekordan broj jedinki, \u0161to dodatno potvr\u0111uje pro\u0161logodi\u0161nje otkri\u0107e da je planina Ozren stani\u0161te s najbrojnijom populacijom ove vrste \u0161i\u0161mi\u0161a u Bosni i Hercegovini.<\/p>\n<p>Ohrabruje \u010dinjenica da je Federalno ministarstvo okoli\u0161a i turizma prepoznalo va\u017enost dosada\u0161njih istra\u017eivanja i nalaza te \u0107e financirati izradu dokumentacije potrebne za za\u0161titu ovog pe\u0107inskog kompleksa. Ta podr\u0161ka predstavlja zna\u010dajan korak u dugogodi\u0161njim nastojanjima UG Fojni\u010dani Maglaj da se Mokra Megara proglasi za\u0161ti\u0107enim podru\u010djem prirode i drugim pe\u0107inskim parkom u Europi. Naime, prostiru\u0107i se na povr\u0161ini ne\u0161to ve\u0107oj od jednog kvadratnog kilometra, ovaj speleolo\u0161ki fenomen obuhva\u0107a \u010dak \u0161est \u0161pilja s ukupnom duljinom hodnika preko tri kilometra. Za sada jedini pe\u0107inski park na Starom kontinentu je Grabova\u010da u Republici Hrvatskoj.<\/p>\n<p>Tokom kampa se nastavljaju mapiranje i inventarizacija prirodnog i kulturnog naslje\u0111a planine Ozren, koja je prema Prostornom planu Republike Srpske predvi\u0111ena za za\u0161titu u rangu nacionalnog parka. Za sada je za\u0161ti\u0107en samo jedan od vrhova, Gostilj, poznat po tradicionalnoj manifestaciji branja trave ive koja se od 2018. godine nalazi i na listi nematerijalne kulturne ba\u0161tine UNESCO-a. Svi prikupljeni podaci dosada\u0161njih istra\u017eivanja Ozrena bit \u0107e prezentirani na konferenciji krajem godine ali i dostavljeni Republi\u010dkom zavodu za za\u0161titu kulturno-istorijskog i prirodnog naslje\u0111a Republike Srpske, koji je u kona\u010dnici i nadle\u017ean za provo\u0111enje postupka za\u0161tite.<\/p>\n<p>Realizacija kampa, koji \u0107e biti smje\u0161ten u bazi paraglajding kluba ParaGhost, ima izuzetan zna\u010daj, budu\u0107i da osim svoje primarne nau\u010dnoistra\u017eiva\u010dke svrhe, s ciljem za\u0161tite Ozrena i Mokre Magare, doprinosi i transformaciji nekada\u0161njih ratnih linija u zelene ekolo\u0161ko-turisti\u010dke rute. O\u010duvanje i za\u0161tita prirodnog i kulturnog naslije\u0111a su velika prilika za razvoj lokalnih zajednica i izgradnju odr\u017eive budu\u0107nosti za nara\u0161taje koji dolaze. U tom kontekstu, va\u017eno je istaknuti podr\u0161ku Misije OSCE-a u Bosni i Hercegovini, koja je osim potpore kampu, osigurala sredstva za razvoj infrastrukture i odr\u017eivog turizma na ovom podru\u010dju. Ovogodi\u0161nji nau\u010dnoistra\u017eiva\u010dki kamp Ozren &#8211; Mokra Megara &#8216;24, podr\u017eava i Fond za za\u0161titu okoli\u0161a Federacije BiH.<\/p>\n","protected":false},"excerpt":{"rendered":"<p>Udru\u017eenje gra\u0111ana Fojni\u010dani Maglaj, Mre\u017ea za za\u0161titu prirode, te lokalne organizacije civilnog dru\u0161tva iz Petrova i Doboja, i ove godine organiziraju nau\u010dnoistra\u017eiva\u010dki kamp na Ozrenu. Vi\u0161e od 25 biologa i speleologa iz Bosne i Hercegovine i regiona istra\u017eivat \u0107e od 17. do 21. jula u biolo\u0161ku raznolikost ovog podru\u010dja, s posebnom pa\u017enjom na pe\u0107inski kompleks [&hellip;]<\/p>\n","protected":false},"author":66,"featured_media":156694,"comment_status":"closed","ping_status":"closed","sticky":false,"template":"","format":"standard","meta":{"_acf_changed":false,"footnotes":""},"categories":[13],"tags":[],"class_list":{"0":"post-156693","1":"post","2":"type-post","3":"status-publish","4":"format-standard","5":"has-post-thumbnail","7":"category-bosna-i-hercegovina"},"acf":[],"yoast_head":"<!-- This site is optimized with the Yoast SEO Premium plugin v27.4 (Yoast SEO v27.4) - https:\/\/yoast.com\/product\/yoast-seo-premium-wordpress\/ -->\n<title>Za\u0161tita Ozrena i Mokre Megare u fokusu nau\u010dnoistra\u017eiva\u010dkog kampa<\/title>\n<meta name=\"description\" content=\"Udru\u017eenje gra\u0111ana Fojni\u010dani Maglaj, Mre\u017ea za za\u0161titu prirode, te lokalne organizacije civilnog dru\u0161tva iz Petrova i Doboja, i ove godine organiziraju\" \/>\n<meta name=\"robots\" content=\"index, follow, max-snippet:-1, max-image-preview:large, max-video-preview:-1\" \/>\n<link rel=\"canonical\" href=\"https:\/\/zosradio.ba\/index.php\/2024\/07\/14\/zastita-ozrena-i-mokre-megare-u-fokusu-naucnoistrazivackog-kampa\/\" \/>\n<meta property=\"og:locale\" content=\"bs_BA\" \/>\n<meta property=\"og:type\" content=\"article\" \/>\n<meta property=\"og:title\" content=\"Za\u0161tita Ozrena i Mokre Megare u fokusu nau\u010dnoistra\u017eiva\u010dkog kampa\" \/>\n<meta property=\"og:description\" content=\"Udru\u017eenje gra\u0111ana Fojni\u010dani Maglaj, Mre\u017ea za za\u0161titu prirode, te lokalne organizacije civilnog dru\u0161tva iz Petrova i Doboja, i ove godine organiziraju\" \/>\n<meta property=\"og:url\" content=\"https:\/\/zosradio.ba\/index.php\/2024\/07\/14\/zastita-ozrena-i-mokre-megare-u-fokusu-naucnoistrazivackog-kampa\/\" \/>\n<meta property=\"og:site_name\" content=\"ZOS radio\" \/>\n<meta property=\"article:publisher\" content=\"https:\/\/www.facebook.com\/zosradio\" \/>\n<meta property=\"article:published_time\" content=\"2024-07-14T10:06:31+00:00\" \/>\n<meta property=\"article:modified_time\" content=\"2025-02-07T13:55:39+00:00\" \/>\n<meta property=\"og:image\" content=\"https:\/\/zosradio.ba\/wp-content\/uploads\/2024\/07\/Mokra-Megara.jpg\" \/>\n\t<meta property=\"og:image:width\" content=\"1620\" \/>\n\t<meta property=\"og:image:height\" content=\"1080\" \/>\n\t<meta property=\"og:image:type\" content=\"image\/jpeg\" \/>\n<meta name=\"author\" content=\"ZOS Radio\" \/>\n<meta name=\"twitter:card\" content=\"summary_large_image\" \/>\n<meta name=\"twitter:label1\" content=\"Written by\" \/>\n\t<meta name=\"twitter:data1\" content=\"ZOS Radio\" \/>\n\t<meta name=\"twitter:label2\" content=\"Est. reading time\" \/>\n\t<meta name=\"twitter:data2\" content=\"3 minute\" \/>\n<script type=\"application\/ld+json\" class=\"yoast-schema-graph\">{\"@context\":\"https:\\\/\\\/schema.org\",\"@graph\":[{\"@type\":\"Article\",\"@id\":\"https:\\\/\\\/zosradio.ba\\\/index.php\\\/2024\\\/07\\\/14\\\/zastita-ozrena-i-mokre-megare-u-fokusu-naucnoistrazivackog-kampa\\\/#article\",\"isPartOf\":{\"@id\":\"https:\\\/\\\/zosradio.ba\\\/index.php\\\/2024\\\/07\\\/14\\\/zastita-ozrena-i-mokre-megare-u-fokusu-naucnoistrazivackog-kampa\\\/\"},\"author\":{\"name\":\"ZOS Radio\",\"@id\":\"https:\\\/\\\/zosradio.ba\\\/#\\\/schema\\\/person\\\/a50f918510fbc1657e429005a9fa2f3f\"},\"headline\":\"Za\u0161tita Ozrena i Mokre Megare u fokusu nau\u010dnoistra\u017eiva\u010dkog kampa\",\"datePublished\":\"2024-07-14T10:06:31+00:00\",\"dateModified\":\"2025-02-07T13:55:39+00:00\",\"mainEntityOfPage\":{\"@id\":\"https:\\\/\\\/zosradio.ba\\\/index.php\\\/2024\\\/07\\\/14\\\/zastita-ozrena-i-mokre-megare-u-fokusu-naucnoistrazivackog-kampa\\\/\"},\"wordCount\":503,\"image\":{\"@id\":\"https:\\\/\\\/zosradio.ba\\\/index.php\\\/2024\\\/07\\\/14\\\/zastita-ozrena-i-mokre-megare-u-fokusu-naucnoistrazivackog-kampa\\\/#primaryimage\"},\"thumbnailUrl\":\"https:\\\/\\\/zosradio.ba\\\/wp-content\\\/uploads\\\/2024\\\/07\\\/Mokra-Megara.jpg\",\"articleSection\":[\"Bosna i Hercegovina\"],\"inLanguage\":\"bs-BA\"},{\"@type\":\"WebPage\",\"@id\":\"https:\\\/\\\/zosradio.ba\\\/index.php\\\/2024\\\/07\\\/14\\\/zastita-ozrena-i-mokre-megare-u-fokusu-naucnoistrazivackog-kampa\\\/\",\"url\":\"https:\\\/\\\/zosradio.ba\\\/index.php\\\/2024\\\/07\\\/14\\\/zastita-ozrena-i-mokre-megare-u-fokusu-naucnoistrazivackog-kampa\\\/\",\"name\":\"Za\u0161tita Ozrena i Mokre Megare u fokusu nau\u010dnoistra\u017eiva\u010dkog kampa\",\"isPartOf\":{\"@id\":\"https:\\\/\\\/zosradio.ba\\\/#website\"},\"primaryImageOfPage\":{\"@id\":\"https:\\\/\\\/zosradio.ba\\\/index.php\\\/2024\\\/07\\\/14\\\/zastita-ozrena-i-mokre-megare-u-fokusu-naucnoistrazivackog-kampa\\\/#primaryimage\"},\"image\":{\"@id\":\"https:\\\/\\\/zosradio.ba\\\/index.php\\\/2024\\\/07\\\/14\\\/zastita-ozrena-i-mokre-megare-u-fokusu-naucnoistrazivackog-kampa\\\/#primaryimage\"},\"thumbnailUrl\":\"https:\\\/\\\/zosradio.ba\\\/wp-content\\\/uploads\\\/2024\\\/07\\\/Mokra-Megara.jpg\",\"datePublished\":\"2024-07-14T10:06:31+00:00\",\"dateModified\":\"2025-02-07T13:55:39+00:00\",\"author\":{\"@id\":\"https:\\\/\\\/zosradio.ba\\\/#\\\/schema\\\/person\\\/a50f918510fbc1657e429005a9fa2f3f\"},\"description\":\"Udru\u017eenje gra\u0111ana Fojni\u010dani Maglaj, Mre\u017ea za za\u0161titu prirode, te lokalne organizacije civilnog dru\u0161tva iz Petrova i Doboja, i ove godine organiziraju\",\"breadcrumb\":{\"@id\":\"https:\\\/\\\/zosradio.ba\\\/index.php\\\/2024\\\/07\\\/14\\\/zastita-ozrena-i-mokre-megare-u-fokusu-naucnoistrazivackog-kampa\\\/#breadcrumb\"},\"inLanguage\":\"bs-BA\",\"potentialAction\":[{\"@type\":\"ReadAction\",\"target\":[\"https:\\\/\\\/zosradio.ba\\\/index.php\\\/2024\\\/07\\\/14\\\/zastita-ozrena-i-mokre-megare-u-fokusu-naucnoistrazivackog-kampa\\\/\"]}]},{\"@type\":\"ImageObject\",\"inLanguage\":\"bs-BA\",\"@id\":\"https:\\\/\\\/zosradio.ba\\\/index.php\\\/2024\\\/07\\\/14\\\/zastita-ozrena-i-mokre-megare-u-fokusu-naucnoistrazivackog-kampa\\\/#primaryimage\",\"url\":\"https:\\\/\\\/zosradio.ba\\\/wp-content\\\/uploads\\\/2024\\\/07\\\/Mokra-Megara.jpg\",\"contentUrl\":\"https:\\\/\\\/zosradio.ba\\\/wp-content\\\/uploads\\\/2024\\\/07\\\/Mokra-Megara.jpg\",\"width\":1620,\"height\":1080,\"caption\":\"Foto: Ustupljena fotografija\"},{\"@type\":\"BreadcrumbList\",\"@id\":\"https:\\\/\\\/zosradio.ba\\\/index.php\\\/2024\\\/07\\\/14\\\/zastita-ozrena-i-mokre-megare-u-fokusu-naucnoistrazivackog-kampa\\\/#breadcrumb\",\"itemListElement\":[{\"@type\":\"ListItem\",\"position\":1,\"name\":\"Home\",\"item\":\"https:\\\/\\\/zosradio.ba\\\/\"},{\"@type\":\"ListItem\",\"position\":2,\"name\":\"Za\u0161tita Ozrena i Mokre Megare u fokusu nau\u010dnoistra\u017eiva\u010dkog kampa\"}]},{\"@type\":\"WebSite\",\"@id\":\"https:\\\/\\\/zosradio.ba\\\/#website\",\"url\":\"https:\\\/\\\/zosradio.ba\\\/\",\"name\":\"ZOS radio\",\"description\":\"Mjesto provjerenih informacija\",\"potentialAction\":[{\"@type\":\"SearchAction\",\"target\":{\"@type\":\"EntryPoint\",\"urlTemplate\":\"https:\\\/\\\/zosradio.ba\\\/?s={search_term_string}\"},\"query-input\":{\"@type\":\"PropertyValueSpecification\",\"valueRequired\":true,\"valueName\":\"search_term_string\"}}],\"inLanguage\":\"bs-BA\"},{\"@type\":\"Person\",\"@id\":\"https:\\\/\\\/zosradio.ba\\\/#\\\/schema\\\/person\\\/a50f918510fbc1657e429005a9fa2f3f\",\"name\":\"ZOS Radio\",\"image\":{\"@type\":\"ImageObject\",\"inLanguage\":\"bs-BA\",\"@id\":\"https:\\\/\\\/secure.gravatar.com\\\/avatar\\\/7b213a81ab39dfd15c7f120e7cbe723535a4890e53338be020252eb0199c3486?s=96&d=mm&r=g\",\"url\":\"https:\\\/\\\/secure.gravatar.com\\\/avatar\\\/7b213a81ab39dfd15c7f120e7cbe723535a4890e53338be020252eb0199c3486?s=96&d=mm&r=g\",\"contentUrl\":\"https:\\\/\\\/secure.gravatar.com\\\/avatar\\\/7b213a81ab39dfd15c7f120e7cbe723535a4890e53338be020252eb0199c3486?s=96&d=mm&r=g\",\"caption\":\"ZOS Radio\"},\"url\":\"https:\\\/\\\/zosradio.ba\\\/index.php\\\/author\\\/zos-radio\\\/\"}]}<\/script>\n<!-- \/ Yoast SEO Premium plugin. -->","yoast_head_json":{"title":"Za\u0161tita Ozrena i Mokre Megare u fokusu nau\u010dnoistra\u017eiva\u010dkog kampa","description":"Udru\u017eenje gra\u0111ana Fojni\u010dani Maglaj, Mre\u017ea za za\u0161titu prirode, te lokalne organizacije civilnog dru\u0161tva iz Petrova i Doboja, i ove godine organiziraju","robots":{"index":"index","follow":"follow","max-snippet":"max-snippet:-1","max-image-preview":"max-image-preview:large","max-video-preview":"max-video-preview:-1"},"canonical":"https:\/\/zosradio.ba\/index.php\/2024\/07\/14\/zastita-ozrena-i-mokre-megare-u-fokusu-naucnoistrazivackog-kampa\/","og_locale":"bs_BA","og_type":"article","og_title":"Za\u0161tita Ozrena i Mokre Megare u fokusu nau\u010dnoistra\u017eiva\u010dkog kampa","og_description":"Udru\u017eenje gra\u0111ana Fojni\u010dani Maglaj, Mre\u017ea za za\u0161titu prirode, te lokalne organizacije civilnog dru\u0161tva iz Petrova i Doboja, i ove godine organiziraju","og_url":"https:\/\/zosradio.ba\/index.php\/2024\/07\/14\/zastita-ozrena-i-mokre-megare-u-fokusu-naucnoistrazivackog-kampa\/","og_site_name":"ZOS radio","article_publisher":"https:\/\/www.facebook.com\/zosradio","article_published_time":"2024-07-14T10:06:31+00:00","article_modified_time":"2025-02-07T13:55:39+00:00","og_image":[{"width":1620,"height":1080,"url":"https:\/\/zosradio.ba\/wp-content\/uploads\/2024\/07\/Mokra-Megara.jpg","type":"image\/jpeg"}],"author":"ZOS Radio","twitter_card":"summary_large_image","twitter_misc":{"Written by":"ZOS Radio","Est. reading time":"3 minute"},"schema":{"@context":"https:\/\/schema.org","@graph":[{"@type":"Article","@id":"https:\/\/zosradio.ba\/index.php\/2024\/07\/14\/zastita-ozrena-i-mokre-megare-u-fokusu-naucnoistrazivackog-kampa\/#article","isPartOf":{"@id":"https:\/\/zosradio.ba\/index.php\/2024\/07\/14\/zastita-ozrena-i-mokre-megare-u-fokusu-naucnoistrazivackog-kampa\/"},"author":{"name":"ZOS Radio","@id":"https:\/\/zosradio.ba\/#\/schema\/person\/a50f918510fbc1657e429005a9fa2f3f"},"headline":"Za\u0161tita Ozrena i Mokre Megare u fokusu nau\u010dnoistra\u017eiva\u010dkog kampa","datePublished":"2024-07-14T10:06:31+00:00","dateModified":"2025-02-07T13:55:39+00:00","mainEntityOfPage":{"@id":"https:\/\/zosradio.ba\/index.php\/2024\/07\/14\/zastita-ozrena-i-mokre-megare-u-fokusu-naucnoistrazivackog-kampa\/"},"wordCount":503,"image":{"@id":"https:\/\/zosradio.ba\/index.php\/2024\/07\/14\/zastita-ozrena-i-mokre-megare-u-fokusu-naucnoistrazivackog-kampa\/#primaryimage"},"thumbnailUrl":"https:\/\/zosradio.ba\/wp-content\/uploads\/2024\/07\/Mokra-Megara.jpg","articleSection":["Bosna i Hercegovina"],"inLanguage":"bs-BA"},{"@type":"WebPage","@id":"https:\/\/zosradio.ba\/index.php\/2024\/07\/14\/zastita-ozrena-i-mokre-megare-u-fokusu-naucnoistrazivackog-kampa\/","url":"https:\/\/zosradio.ba\/index.php\/2024\/07\/14\/zastita-ozrena-i-mokre-megare-u-fokusu-naucnoistrazivackog-kampa\/","name":"Za\u0161tita Ozrena i Mokre Megare u fokusu nau\u010dnoistra\u017eiva\u010dkog kampa","isPartOf":{"@id":"https:\/\/zosradio.ba\/#website"},"primaryImageOfPage":{"@id":"https:\/\/zosradio.ba\/index.php\/2024\/07\/14\/zastita-ozrena-i-mokre-megare-u-fokusu-naucnoistrazivackog-kampa\/#primaryimage"},"image":{"@id":"https:\/\/zosradio.ba\/index.php\/2024\/07\/14\/zastita-ozrena-i-mokre-megare-u-fokusu-naucnoistrazivackog-kampa\/#primaryimage"},"thumbnailUrl":"https:\/\/zosradio.ba\/wp-content\/uploads\/2024\/07\/Mokra-Megara.jpg","datePublished":"2024-07-14T10:06:31+00:00","dateModified":"2025-02-07T13:55:39+00:00","author":{"@id":"https:\/\/zosradio.ba\/#\/schema\/person\/a50f918510fbc1657e429005a9fa2f3f"},"description":"Udru\u017eenje gra\u0111ana Fojni\u010dani Maglaj, Mre\u017ea za za\u0161titu prirode, te lokalne organizacije civilnog dru\u0161tva iz Petrova i Doboja, i ove godine organiziraju","breadcrumb":{"@id":"https:\/\/zosradio.ba\/index.php\/2024\/07\/14\/zastita-ozrena-i-mokre-megare-u-fokusu-naucnoistrazivackog-kampa\/#breadcrumb"},"inLanguage":"bs-BA","potentialAction":[{"@type":"ReadAction","target":["https:\/\/zosradio.ba\/index.php\/2024\/07\/14\/zastita-ozrena-i-mokre-megare-u-fokusu-naucnoistrazivackog-kampa\/"]}]},{"@type":"ImageObject","inLanguage":"bs-BA","@id":"https:\/\/zosradio.ba\/index.php\/2024\/07\/14\/zastita-ozrena-i-mokre-megare-u-fokusu-naucnoistrazivackog-kampa\/#primaryimage","url":"https:\/\/zosradio.ba\/wp-content\/uploads\/2024\/07\/Mokra-Megara.jpg","contentUrl":"https:\/\/zosradio.ba\/wp-content\/uploads\/2024\/07\/Mokra-Megara.jpg","width":1620,"height":1080,"caption":"Foto: Ustupljena fotografija"},{"@type":"BreadcrumbList","@id":"https:\/\/zosradio.ba\/index.php\/2024\/07\/14\/zastita-ozrena-i-mokre-megare-u-fokusu-naucnoistrazivackog-kampa\/#breadcrumb","itemListElement":[{"@type":"ListItem","position":1,"name":"Home","item":"https:\/\/zosradio.ba\/"},{"@type":"ListItem","position":2,"name":"Za\u0161tita Ozrena i Mokre Megare u fokusu nau\u010dnoistra\u017eiva\u010dkog kampa"}]},{"@type":"WebSite","@id":"https:\/\/zosradio.ba\/#website","url":"https:\/\/zosradio.ba\/","name":"ZOS radio","description":"Mjesto provjerenih informacija","potentialAction":[{"@type":"SearchAction","target":{"@type":"EntryPoint","urlTemplate":"https:\/\/zosradio.ba\/?s={search_term_string}"},"query-input":{"@type":"PropertyValueSpecification","valueRequired":true,"valueName":"search_term_string"}}],"inLanguage":"bs-BA"},{"@type":"Person","@id":"https:\/\/zosradio.ba\/#\/schema\/person\/a50f918510fbc1657e429005a9fa2f3f","name":"ZOS Radio","image":{"@type":"ImageObject","inLanguage":"bs-BA","@id":"https:\/\/secure.gravatar.com\/avatar\/7b213a81ab39dfd15c7f120e7cbe723535a4890e53338be020252eb0199c3486?s=96&d=mm&r=g","url":"https:\/\/secure.gravatar.com\/avatar\/7b213a81ab39dfd15c7f120e7cbe723535a4890e53338be020252eb0199c3486?s=96&d=mm&r=g","contentUrl":"https:\/\/secure.gravatar.com\/avatar\/7b213a81ab39dfd15c7f120e7cbe723535a4890e53338be020252eb0199c3486?s=96&d=mm&r=g","caption":"ZOS Radio"},"url":"https:\/\/zosradio.ba\/index.php\/author\/zos-radio\/"}]}},"_links":{"self":[{"href":"https:\/\/zosradio.ba\/index.php\/wp-json\/wp\/v2\/posts\/156693","targetHints":{"allow":["GET"]}}],"collection":[{"href":"https:\/\/zosradio.ba\/index.php\/wp-json\/wp\/v2\/posts"}],"about":[{"href":"https:\/\/zosradio.ba\/index.php\/wp-json\/wp\/v2\/types\/post"}],"author":[{"embeddable":true,"href":"https:\/\/zosradio.ba\/index.php\/wp-json\/wp\/v2\/users\/66"}],"replies":[{"embeddable":true,"href":"https:\/\/zosradio.ba\/index.php\/wp-json\/wp\/v2\/comments?post=156693"}],"version-history":[{"count":1,"href":"https:\/\/zosradio.ba\/index.php\/wp-json\/wp\/v2\/posts\/156693\/revisions"}],"predecessor-version":[{"id":156695,"href":"https:\/\/zosradio.ba\/index.php\/wp-json\/wp\/v2\/posts\/156693\/revisions\/156695"}],"wp:featuredmedia":[{"embeddable":true,"href":"https:\/\/zosradio.ba\/index.php\/wp-json\/wp\/v2\/media\/156694"}],"wp:attachment":[{"href":"https:\/\/zosradio.ba\/index.php\/wp-json\/wp\/v2\/media?parent=156693"}],"wp:term":[{"taxonomy":"category","embeddable":true,"href":"https:\/\/zosradio.ba\/index.php\/wp-json\/wp\/v2\/categories?post=156693"},{"taxonomy":"post_tag","embeddable":true,"href":"https:\/\/zosradio.ba\/index.php\/wp-json\/wp\/v2\/tags?post=156693"}],"curies":[{"name":"wp","href":"https:\/\/api.w.org\/{rel}","templated":true}]}}