{"id":159135,"date":"2024-09-16T10:29:01","date_gmt":"2024-09-16T08:29:01","guid":{"rendered":"https:\/\/zosradio.ba\/?p=159135"},"modified":"2024-10-08T09:54:29","modified_gmt":"2024-10-08T07:54:29","slug":"sve-teza-situacija-sa-poplavama-u-europi-proglaseno-stanje-prirodne-katastrofe-u-poljskoj","status":"publish","type":"post","link":"https:\/\/zosradio.ba\/index.php\/2024\/09\/16\/sve-teza-situacija-sa-poplavama-u-europi-proglaseno-stanje-prirodne-katastrofe-u-poljskoj\/","title":{"rendered":"Sve te\u017ea situacija sa poplavama u Europi: Progla\u0161eno stanje prirodne katastrofe u Poljskoj"},"content":{"rendered":"<p>Gradona\u010delnik L\u0105dek-Zdr\u00f3ja Tomasz Nowicki je ve\u0107 u subotu, 14. septembra, izvijestio da je situacija u gradu i op\u0107inskim selima postala toliko te\u0161ka da je u ve\u010dernjim satima naredio evakuaciju dijela stanovnika i njihovih stvari, uklju\u010duju\u0107i i stoku.<\/p>\n<p>&#8220;Nema smisla vi\u0161e \u010dekati, rijeka Biala Ladecka je izlila svoje korito i plavi na\u0161e ulice i puteve kao 1997. godine.\u00a0Sa svakim satom mo\u017ee biti samo gore, tako da vrijedi iskoristiti pomo\u0107 vatrogasaca i evakuirati se.<\/p>\n<p>Te\u0161ka situacija nije samo u gradu, ve\u0107 i u Radohovu i Trzebe\u0161ovicama, jer su i ova sela poplavljena&#8221;, izvijestio je u subotu nave\u010der, pi\u0161e <a href=\"https:\/\/radiosarajevo.ba\/vijesti\/svijet\/sve-teza-situacija-sa-poplavama-u-europi-proglaseno-stanje-prirodne-katastrofe-u-poljskoj\/560924?fbclid=IwY2xjawFUsR9leHRuA2FlbQIxMQABHY3hy5d7QIjv-X9FoEJFTKDuYV968_yXfVHeUoJC1LN5soGwESIimoDjwg_aem_EbfjWFtTkalCHnOTrwq2Fw\">Radio Sarajevo.<\/a><\/p>\n<div class=\"text-editor text-editor-article px-2 md:px-0\">\n<p>BHMeteo je danas, 16. septembra, objavio snimak poplave koja je u Poljskoj, a lokalni mediji\u00a0izvje\u0161tavaju o skoro stotinu rijeka koje su poplavile u Poljskoj.<\/p>\n<div id=\"fb-root\" class=\" fb_reset\">\n<div>\n<div><\/div>\n<\/div>\n<\/div>\n<div class=\"fb-post fb_iframe_widget\" data-href=\"https:\/\/www.facebook.com\/bhmeteo.ba\/videos\/1035288434567073?locale=hr_HR\" data-width=\"350\"><iframe loading=\"lazy\" class=\"\" title=\"fb:post Facebook Social Plugin\" src=\"https:\/\/www.facebook.com\/v20.0\/plugins\/post.php?app_id=&amp;channel=https%3A%2F%2Fstaticxx.facebook.com%2Fx%2Fconnect%2Fxd_arbiter%2F%3Fversion%3D46%23cb%3Dfee912faab5c9044e%26domain%3Dradiosarajevo.ba%26is_canvas%3Dfalse%26origin%3Dhttps%253A%252F%252Fradiosarajevo.ba%252Ffd470fc4bcee56327%26relation%3Dparent.parent&amp;container_width=560&amp;href=https%3A%2F%2Fwww.facebook.com%2Fbhmeteo.ba%2Fvideos%2F1035288434567073%3Flocale%3Dhr_HR&amp;locale=de_DE&amp;sdk=joey&amp;width=350\" name=\"f2313d6e5e8da2078\" width=\"350px\" height=\"600px\" frameborder=\"0\" scrolling=\"no\" allowfullscreen=\"allowfullscreen\" data-testid=\"fb:post Facebook Social Plugin\" data-mce-fragment=\"1\"><span data-mce-type=\"bookmark\" style=\"display: inline-block; width: 0px; overflow: hidden; line-height: 0;\" class=\"mce_SELRES_start\">\ufeff<\/span><span data-mce-type=\"bookmark\" style=\"display: inline-block; width: 0px; overflow: hidden; line-height: 0;\" class=\"mce_SELRES_start\">\ufeff<\/span><\/iframe><\/div>\n<p>&nbsp;<\/p>\n<\/div>\n","protected":false},"excerpt":{"rendered":"<p>Gradona\u010delnik L\u0105dek-Zdr\u00f3ja Tomasz Nowicki je ve\u0107 u subotu, 14. septembra, izvijestio da je situacija u gradu i op\u0107inskim selima postala toliko te\u0161ka da je u ve\u010dernjim satima naredio evakuaciju dijela stanovnika i njihovih stvari, uklju\u010duju\u0107i i stoku. &#8220;Nema smisla vi\u0161e \u010dekati, rijeka Biala Ladecka je izlila svoje korito i plavi na\u0161e ulice i puteve kao [&hellip;]<\/p>\n","protected":false},"author":3,"featured_media":159137,"comment_status":"closed","ping_status":"closed","sticky":false,"template":"","format":"standard","meta":{"_acf_changed":false,"footnotes":""},"categories":[66],"tags":[],"class_list":["post-159135","post","type-post","status-publish","format-standard","has-post-thumbnail","category-svijet"],"acf":[],"yoast_head":"<!-- This site is optimized with the Yoast SEO Premium plugin v28.3 (Yoast SEO v28.3) - https:\/\/yoast.com\/product\/yoast-seo-premium-wordpress\/ -->\n<title>Sve te\u017ea situacija sa poplavama u Europi: Progla\u0161eno stanje prirodne katastrofe u Poljskoj<\/title>\n<meta name=\"description\" content=\"Gradona\u010delnik L\u0105dek-Zdr\u00f3ja Tomasz Nowicki je ve\u0107 u subotu, 14. septembra, izvijestio da je situacija u gradu i op\u0107inskim selima postala toliko te\u0161ka da je\" \/>\n<meta name=\"robots\" content=\"index, follow, max-snippet:-1, max-image-preview:large, max-video-preview:-1\" \/>\n<link rel=\"canonical\" href=\"https:\/\/zosradio.ba\/index.php\/2024\/09\/16\/sve-teza-situacija-sa-poplavama-u-europi-proglaseno-stanje-prirodne-katastrofe-u-poljskoj\/\" \/>\n<meta property=\"og:locale\" content=\"bs_BA\" \/>\n<meta property=\"og:type\" content=\"article\" \/>\n<meta property=\"og:title\" content=\"Sve te\u017ea situacija sa poplavama u Europi: Progla\u0161eno stanje prirodne katastrofe u Poljskoj\" \/>\n<meta property=\"og:description\" content=\"Gradona\u010delnik L\u0105dek-Zdr\u00f3ja Tomasz Nowicki je ve\u0107 u subotu, 14. septembra, izvijestio da je situacija u gradu i op\u0107inskim selima postala toliko te\u0161ka da je\" \/>\n<meta property=\"og:url\" content=\"https:\/\/zosradio.ba\/index.php\/2024\/09\/16\/sve-teza-situacija-sa-poplavama-u-europi-proglaseno-stanje-prirodne-katastrofe-u-poljskoj\/\" \/>\n<meta property=\"og:site_name\" content=\"ZOS radio\" \/>\n<meta property=\"article:publisher\" content=\"https:\/\/www.facebook.com\/zosradio\" \/>\n<meta property=\"article:published_time\" content=\"2024-09-16T08:29:01+00:00\" \/>\n<meta property=\"article:modified_time\" content=\"2024-10-08T07:54:29+00:00\" \/>\n<meta property=\"og:image\" content=\"https:\/\/zosradio.ba\/wp-content\/uploads\/2024\/09\/poplave-poljska.jpg\" \/>\n\t<meta property=\"og:image:width\" content=\"1200\" \/>\n\t<meta property=\"og:image:height\" content=\"600\" \/>\n\t<meta property=\"og:image:type\" content=\"image\/jpeg\" \/>\n<meta name=\"author\" content=\"Redakcija\" \/>\n<meta name=\"twitter:card\" content=\"summary_large_image\" \/>\n<meta name=\"twitter:label1\" content=\"Written by\" \/>\n\t<meta name=\"twitter:data1\" content=\"Redakcija\" \/>\n\t<meta name=\"twitter:label2\" content=\"Est. reading time\" \/>\n\t<meta name=\"twitter:data2\" content=\"1 minuta\" \/>\n<script type=\"application\/ld+json\" class=\"yoast-schema-graph\">{\"@context\":\"https:\\\/\\\/schema.org\",\"@graph\":[{\"@type\":\"Article\",\"@id\":\"https:\\\/\\\/zosradio.ba\\\/index.php\\\/2024\\\/09\\\/16\\\/sve-teza-situacija-sa-poplavama-u-europi-proglaseno-stanje-prirodne-katastrofe-u-poljskoj\\\/#article\",\"isPartOf\":{\"@id\":\"https:\\\/\\\/zosradio.ba\\\/index.php\\\/2024\\\/09\\\/16\\\/sve-teza-situacija-sa-poplavama-u-europi-proglaseno-stanje-prirodne-katastrofe-u-poljskoj\\\/\"},\"author\":{\"name\":\"Redakcija\",\"@id\":\"https:\\\/\\\/zosradio.ba\\\/#\\\/schema\\\/person\\\/969b476cc96d10b46964da86b3987f7e\"},\"headline\":\"Sve te\u017ea situacija sa poplavama u Europi: Progla\u0161eno stanje prirodne katastrofe u Poljskoj\",\"datePublished\":\"2024-09-16T08:29:01+00:00\",\"dateModified\":\"2024-10-08T07:54:29+00:00\",\"mainEntityOfPage\":{\"@id\":\"https:\\\/\\\/zosradio.ba\\\/index.php\\\/2024\\\/09\\\/16\\\/sve-teza-situacija-sa-poplavama-u-europi-proglaseno-stanje-prirodne-katastrofe-u-poljskoj\\\/\"},\"wordCount\":153,\"image\":{\"@id\":\"https:\\\/\\\/zosradio.ba\\\/index.php\\\/2024\\\/09\\\/16\\\/sve-teza-situacija-sa-poplavama-u-europi-proglaseno-stanje-prirodne-katastrofe-u-poljskoj\\\/#primaryimage\"},\"thumbnailUrl\":\"https:\\\/\\\/zosradio.ba\\\/wp-content\\\/uploads\\\/2024\\\/09\\\/poplave-poljska.jpg\",\"articleSection\":[\"Svijet\"],\"inLanguage\":\"bs-BA\"},{\"@type\":\"WebPage\",\"@id\":\"https:\\\/\\\/zosradio.ba\\\/index.php\\\/2024\\\/09\\\/16\\\/sve-teza-situacija-sa-poplavama-u-europi-proglaseno-stanje-prirodne-katastrofe-u-poljskoj\\\/\",\"url\":\"https:\\\/\\\/zosradio.ba\\\/index.php\\\/2024\\\/09\\\/16\\\/sve-teza-situacija-sa-poplavama-u-europi-proglaseno-stanje-prirodne-katastrofe-u-poljskoj\\\/\",\"name\":\"Sve te\u017ea situacija sa poplavama u Europi: Progla\u0161eno stanje prirodne katastrofe u Poljskoj\",\"isPartOf\":{\"@id\":\"https:\\\/\\\/zosradio.ba\\\/#website\"},\"primaryImageOfPage\":{\"@id\":\"https:\\\/\\\/zosradio.ba\\\/index.php\\\/2024\\\/09\\\/16\\\/sve-teza-situacija-sa-poplavama-u-europi-proglaseno-stanje-prirodne-katastrofe-u-poljskoj\\\/#primaryimage\"},\"image\":{\"@id\":\"https:\\\/\\\/zosradio.ba\\\/index.php\\\/2024\\\/09\\\/16\\\/sve-teza-situacija-sa-poplavama-u-europi-proglaseno-stanje-prirodne-katastrofe-u-poljskoj\\\/#primaryimage\"},\"thumbnailUrl\":\"https:\\\/\\\/zosradio.ba\\\/wp-content\\\/uploads\\\/2024\\\/09\\\/poplave-poljska.jpg\",\"datePublished\":\"2024-09-16T08:29:01+00:00\",\"dateModified\":\"2024-10-08T07:54:29+00:00\",\"author\":{\"@id\":\"https:\\\/\\\/zosradio.ba\\\/#\\\/schema\\\/person\\\/969b476cc96d10b46964da86b3987f7e\"},\"description\":\"Gradona\u010delnik L\u0105dek-Zdr\u00f3ja Tomasz Nowicki je ve\u0107 u subotu, 14. septembra, izvijestio da je situacija u gradu i op\u0107inskim selima postala toliko te\u0161ka da je\",\"breadcrumb\":{\"@id\":\"https:\\\/\\\/zosradio.ba\\\/index.php\\\/2024\\\/09\\\/16\\\/sve-teza-situacija-sa-poplavama-u-europi-proglaseno-stanje-prirodne-katastrofe-u-poljskoj\\\/#breadcrumb\"},\"inLanguage\":\"bs-BA\",\"potentialAction\":[{\"@type\":\"ReadAction\",\"target\":[\"https:\\\/\\\/zosradio.ba\\\/index.php\\\/2024\\\/09\\\/16\\\/sve-teza-situacija-sa-poplavama-u-europi-proglaseno-stanje-prirodne-katastrofe-u-poljskoj\\\/\"]}]},{\"@type\":\"ImageObject\",\"inLanguage\":\"bs-BA\",\"@id\":\"https:\\\/\\\/zosradio.ba\\\/index.php\\\/2024\\\/09\\\/16\\\/sve-teza-situacija-sa-poplavama-u-europi-proglaseno-stanje-prirodne-katastrofe-u-poljskoj\\\/#primaryimage\",\"url\":\"https:\\\/\\\/zosradio.ba\\\/wp-content\\\/uploads\\\/2024\\\/09\\\/poplave-poljska.jpg\",\"contentUrl\":\"https:\\\/\\\/zosradio.ba\\\/wp-content\\\/uploads\\\/2024\\\/09\\\/poplave-poljska.jpg\",\"width\":1200,\"height\":600,\"caption\":\"Foto: Screenshot\"},{\"@type\":\"BreadcrumbList\",\"@id\":\"https:\\\/\\\/zosradio.ba\\\/index.php\\\/2024\\\/09\\\/16\\\/sve-teza-situacija-sa-poplavama-u-europi-proglaseno-stanje-prirodne-katastrofe-u-poljskoj\\\/#breadcrumb\",\"itemListElement\":[{\"@type\":\"ListItem\",\"position\":1,\"name\":\"Home\",\"item\":\"https:\\\/\\\/zosradio.ba\\\/\"},{\"@type\":\"ListItem\",\"position\":2,\"name\":\"Sve te\u017ea situacija sa poplavama u Europi: Progla\u0161eno stanje prirodne katastrofe u Poljskoj\"}]},{\"@type\":\"WebSite\",\"@id\":\"https:\\\/\\\/zosradio.ba\\\/#website\",\"url\":\"https:\\\/\\\/zosradio.ba\\\/\",\"name\":\"ZOS radio\",\"description\":\"Mjesto provjerenih informacija\",\"potentialAction\":[{\"@type\":\"SearchAction\",\"target\":{\"@type\":\"EntryPoint\",\"urlTemplate\":\"https:\\\/\\\/zosradio.ba\\\/?s={search_term_string}\"},\"query-input\":{\"@type\":\"PropertyValueSpecification\",\"valueRequired\":true,\"valueName\":\"search_term_string\"}}],\"inLanguage\":\"bs-BA\"},{\"@type\":\"Person\",\"@id\":\"https:\\\/\\\/zosradio.ba\\\/#\\\/schema\\\/person\\\/969b476cc96d10b46964da86b3987f7e\",\"name\":\"Redakcija\",\"image\":{\"@type\":\"ImageObject\",\"inLanguage\":\"bs-BA\",\"@id\":\"https:\\\/\\\/secure.gravatar.com\\\/avatar\\\/b6dcae4aefbd26fbbf5cd5f24d98b246488432fc47a791123ad8639c99f9a13a?s=96&d=mm&r=g\",\"url\":\"https:\\\/\\\/secure.gravatar.com\\\/avatar\\\/b6dcae4aefbd26fbbf5cd5f24d98b246488432fc47a791123ad8639c99f9a13a?s=96&d=mm&r=g\",\"contentUrl\":\"https:\\\/\\\/secure.gravatar.com\\\/avatar\\\/b6dcae4aefbd26fbbf5cd5f24d98b246488432fc47a791123ad8639c99f9a13a?s=96&d=mm&r=g\",\"caption\":\"Redakcija\"},\"url\":\"https:\\\/\\\/zosradio.ba\\\/index.php\\\/author\\\/rifavhotmail-com\\\/\"}]}<\/script>\n<!-- \/ Yoast SEO Premium plugin. -->","yoast_head_json":{"title":"Sve te\u017ea situacija sa poplavama u Europi: Progla\u0161eno stanje prirodne katastrofe u Poljskoj","description":"Gradona\u010delnik L\u0105dek-Zdr\u00f3ja Tomasz Nowicki je ve\u0107 u subotu, 14. septembra, izvijestio da je situacija u gradu i op\u0107inskim selima postala toliko te\u0161ka da je","robots":{"index":"index","follow":"follow","max-snippet":"max-snippet:-1","max-image-preview":"max-image-preview:large","max-video-preview":"max-video-preview:-1"},"canonical":"https:\/\/zosradio.ba\/index.php\/2024\/09\/16\/sve-teza-situacija-sa-poplavama-u-europi-proglaseno-stanje-prirodne-katastrofe-u-poljskoj\/","og_locale":"bs_BA","og_type":"article","og_title":"Sve te\u017ea situacija sa poplavama u Europi: Progla\u0161eno stanje prirodne katastrofe u Poljskoj","og_description":"Gradona\u010delnik L\u0105dek-Zdr\u00f3ja Tomasz Nowicki je ve\u0107 u subotu, 14. septembra, izvijestio da je situacija u gradu i op\u0107inskim selima postala toliko te\u0161ka da je","og_url":"https:\/\/zosradio.ba\/index.php\/2024\/09\/16\/sve-teza-situacija-sa-poplavama-u-europi-proglaseno-stanje-prirodne-katastrofe-u-poljskoj\/","og_site_name":"ZOS radio","article_publisher":"https:\/\/www.facebook.com\/zosradio","article_published_time":"2024-09-16T08:29:01+00:00","article_modified_time":"2024-10-08T07:54:29+00:00","og_image":[{"width":1200,"height":600,"url":"https:\/\/zosradio.ba\/wp-content\/uploads\/2024\/09\/poplave-poljska.jpg","type":"image\/jpeg"}],"author":"Redakcija","twitter_card":"summary_large_image","twitter_misc":{"Written by":"Redakcija","Est. reading time":"1 minuta"},"schema":{"@context":"https:\/\/schema.org","@graph":[{"@type":"Article","@id":"https:\/\/zosradio.ba\/index.php\/2024\/09\/16\/sve-teza-situacija-sa-poplavama-u-europi-proglaseno-stanje-prirodne-katastrofe-u-poljskoj\/#article","isPartOf":{"@id":"https:\/\/zosradio.ba\/index.php\/2024\/09\/16\/sve-teza-situacija-sa-poplavama-u-europi-proglaseno-stanje-prirodne-katastrofe-u-poljskoj\/"},"author":{"name":"Redakcija","@id":"https:\/\/zosradio.ba\/#\/schema\/person\/969b476cc96d10b46964da86b3987f7e"},"headline":"Sve te\u017ea situacija sa poplavama u Europi: Progla\u0161eno stanje prirodne katastrofe u Poljskoj","datePublished":"2024-09-16T08:29:01+00:00","dateModified":"2024-10-08T07:54:29+00:00","mainEntityOfPage":{"@id":"https:\/\/zosradio.ba\/index.php\/2024\/09\/16\/sve-teza-situacija-sa-poplavama-u-europi-proglaseno-stanje-prirodne-katastrofe-u-poljskoj\/"},"wordCount":153,"image":{"@id":"https:\/\/zosradio.ba\/index.php\/2024\/09\/16\/sve-teza-situacija-sa-poplavama-u-europi-proglaseno-stanje-prirodne-katastrofe-u-poljskoj\/#primaryimage"},"thumbnailUrl":"https:\/\/zosradio.ba\/wp-content\/uploads\/2024\/09\/poplave-poljska.jpg","articleSection":["Svijet"],"inLanguage":"bs-BA"},{"@type":"WebPage","@id":"https:\/\/zosradio.ba\/index.php\/2024\/09\/16\/sve-teza-situacija-sa-poplavama-u-europi-proglaseno-stanje-prirodne-katastrofe-u-poljskoj\/","url":"https:\/\/zosradio.ba\/index.php\/2024\/09\/16\/sve-teza-situacija-sa-poplavama-u-europi-proglaseno-stanje-prirodne-katastrofe-u-poljskoj\/","name":"Sve te\u017ea situacija sa poplavama u Europi: Progla\u0161eno stanje prirodne katastrofe u Poljskoj","isPartOf":{"@id":"https:\/\/zosradio.ba\/#website"},"primaryImageOfPage":{"@id":"https:\/\/zosradio.ba\/index.php\/2024\/09\/16\/sve-teza-situacija-sa-poplavama-u-europi-proglaseno-stanje-prirodne-katastrofe-u-poljskoj\/#primaryimage"},"image":{"@id":"https:\/\/zosradio.ba\/index.php\/2024\/09\/16\/sve-teza-situacija-sa-poplavama-u-europi-proglaseno-stanje-prirodne-katastrofe-u-poljskoj\/#primaryimage"},"thumbnailUrl":"https:\/\/zosradio.ba\/wp-content\/uploads\/2024\/09\/poplave-poljska.jpg","datePublished":"2024-09-16T08:29:01+00:00","dateModified":"2024-10-08T07:54:29+00:00","author":{"@id":"https:\/\/zosradio.ba\/#\/schema\/person\/969b476cc96d10b46964da86b3987f7e"},"description":"Gradona\u010delnik L\u0105dek-Zdr\u00f3ja Tomasz Nowicki je ve\u0107 u subotu, 14. septembra, izvijestio da je situacija u gradu i op\u0107inskim selima postala toliko te\u0161ka da je","breadcrumb":{"@id":"https:\/\/zosradio.ba\/index.php\/2024\/09\/16\/sve-teza-situacija-sa-poplavama-u-europi-proglaseno-stanje-prirodne-katastrofe-u-poljskoj\/#breadcrumb"},"inLanguage":"bs-BA","potentialAction":[{"@type":"ReadAction","target":["https:\/\/zosradio.ba\/index.php\/2024\/09\/16\/sve-teza-situacija-sa-poplavama-u-europi-proglaseno-stanje-prirodne-katastrofe-u-poljskoj\/"]}]},{"@type":"ImageObject","inLanguage":"bs-BA","@id":"https:\/\/zosradio.ba\/index.php\/2024\/09\/16\/sve-teza-situacija-sa-poplavama-u-europi-proglaseno-stanje-prirodne-katastrofe-u-poljskoj\/#primaryimage","url":"https:\/\/zosradio.ba\/wp-content\/uploads\/2024\/09\/poplave-poljska.jpg","contentUrl":"https:\/\/zosradio.ba\/wp-content\/uploads\/2024\/09\/poplave-poljska.jpg","width":1200,"height":600,"caption":"Foto: Screenshot"},{"@type":"BreadcrumbList","@id":"https:\/\/zosradio.ba\/index.php\/2024\/09\/16\/sve-teza-situacija-sa-poplavama-u-europi-proglaseno-stanje-prirodne-katastrofe-u-poljskoj\/#breadcrumb","itemListElement":[{"@type":"ListItem","position":1,"name":"Home","item":"https:\/\/zosradio.ba\/"},{"@type":"ListItem","position":2,"name":"Sve te\u017ea situacija sa poplavama u Europi: Progla\u0161eno stanje prirodne katastrofe u Poljskoj"}]},{"@type":"WebSite","@id":"https:\/\/zosradio.ba\/#website","url":"https:\/\/zosradio.ba\/","name":"ZOS radio","description":"Mjesto provjerenih informacija","potentialAction":[{"@type":"SearchAction","target":{"@type":"EntryPoint","urlTemplate":"https:\/\/zosradio.ba\/?s={search_term_string}"},"query-input":{"@type":"PropertyValueSpecification","valueRequired":true,"valueName":"search_term_string"}}],"inLanguage":"bs-BA"},{"@type":"Person","@id":"https:\/\/zosradio.ba\/#\/schema\/person\/969b476cc96d10b46964da86b3987f7e","name":"Redakcija","image":{"@type":"ImageObject","inLanguage":"bs-BA","@id":"https:\/\/secure.gravatar.com\/avatar\/b6dcae4aefbd26fbbf5cd5f24d98b246488432fc47a791123ad8639c99f9a13a?s=96&d=mm&r=g","url":"https:\/\/secure.gravatar.com\/avatar\/b6dcae4aefbd26fbbf5cd5f24d98b246488432fc47a791123ad8639c99f9a13a?s=96&d=mm&r=g","contentUrl":"https:\/\/secure.gravatar.com\/avatar\/b6dcae4aefbd26fbbf5cd5f24d98b246488432fc47a791123ad8639c99f9a13a?s=96&d=mm&r=g","caption":"Redakcija"},"url":"https:\/\/zosradio.ba\/index.php\/author\/rifavhotmail-com\/"}]}},"_links":{"self":[{"href":"https:\/\/zosradio.ba\/index.php\/wp-json\/wp\/v2\/posts\/159135","targetHints":{"allow":["GET"]}}],"collection":[{"href":"https:\/\/zosradio.ba\/index.php\/wp-json\/wp\/v2\/posts"}],"about":[{"href":"https:\/\/zosradio.ba\/index.php\/wp-json\/wp\/v2\/types\/post"}],"author":[{"embeddable":true,"href":"https:\/\/zosradio.ba\/index.php\/wp-json\/wp\/v2\/users\/3"}],"replies":[{"embeddable":true,"href":"https:\/\/zosradio.ba\/index.php\/wp-json\/wp\/v2\/comments?post=159135"}],"version-history":[{"count":2,"href":"https:\/\/zosradio.ba\/index.php\/wp-json\/wp\/v2\/posts\/159135\/revisions"}],"predecessor-version":[{"id":159784,"href":"https:\/\/zosradio.ba\/index.php\/wp-json\/wp\/v2\/posts\/159135\/revisions\/159784"}],"wp:featuredmedia":[{"embeddable":true,"href":"https:\/\/zosradio.ba\/index.php\/wp-json\/wp\/v2\/media\/159137"}],"wp:attachment":[{"href":"https:\/\/zosradio.ba\/index.php\/wp-json\/wp\/v2\/media?parent=159135"}],"wp:term":[{"taxonomy":"category","embeddable":true,"href":"https:\/\/zosradio.ba\/index.php\/wp-json\/wp\/v2\/categories?post=159135"},{"taxonomy":"post_tag","embeddable":true,"href":"https:\/\/zosradio.ba\/index.php\/wp-json\/wp\/v2\/tags?post=159135"}],"curies":[{"name":"wp","href":"https:\/\/api.w.org\/{rel}","templated":true}]}}