{"id":161487,"date":"2024-11-01T12:21:56","date_gmt":"2024-11-01T11:21:56","guid":{"rendered":"https:\/\/zosradio.ba\/?p=161487"},"modified":"2024-11-01T12:21:56","modified_gmt":"2024-11-01T11:21:56","slug":"medjunarodni-aerodrom-sarajevo-u-korak-sa-evropskim-aerodromima","status":"publish","type":"post","link":"https:\/\/zosradio.ba\/index.php\/2024\/11\/01\/medjunarodni-aerodrom-sarajevo-u-korak-sa-evropskim-aerodromima\/","title":{"rendered":"Me\u0111unarodni aerodrom Sarajevo u korak sa evropskim aerodromima"},"content":{"rendered":"<p>Ispunjenjem zahtjeva i normi propisanih me\u0111unarodnim standardom ISO 27701:2019, Me\u0111unarodni aerodrom Sarajevo postao je prvo javno preduze\u0107e u BiH, koje je svoje poslovanje u potpunosti uskladilo sa ovom me\u0111unarodnom normom i EU regulativom vezanom za za\u0161titu li\u010dnih podataka (GDPR \u2013 General Data Protection Regulation).<\/p>\n<p>U proteklom periodu\u00a0 na aerodromu su boravili auditori ovla\u0161tene certifikacijske ku\u0107e T\u00dcV Nord koji su po zavr\u0161enoj provjeri konstatovali da je audit pro\u0161ao u najboljem redu te da ne postoji niti jedna neuskla\u0111enost niti prepreka za certifikaciju Me\u0111unarodnog aerodroma Sarajevo u skladu sa standardom ISO 27701. Implementaciju ovog me\u0111unarodnog standarda radio je tim Me\u0111unarodnog aerodroma Sarajevo na \u010delu sa menad\u017eerom informacijske sigurnosti i u koordinaciji sa konsultantskom ku\u0107om Consalta.<\/p>\n<p>Kroz implementaciju zahtjeva i pripadaju\u0107ih kontrola ISO 27701 aerodrom je implementirao sistem upravljanja za\u0161titom privatnosti, koji osigurava da se li\u010dni podaci obra\u0111uju u skladu sa najvi\u0161im standardima za\u0161tite. Ovaj proces uklju\u010duje identifikaciju rizika, razvoj politika i procedura, kao i obuku zaposlenika o va\u017enosti za\u0161tite privatnosti.<\/p>\n<p>Usljed globalnog porasta svijesti o privatnosti i sigurnosti podataka, ispunjavanje zahtjeva ovog me\u0111unarodnog standarda pokazuje posve\u0107enost Me\u0111unarodnog aerodroma Sarajevo ka unapre\u0111enju kvalitete svojih usluga i odgovornosti prema korisnicima usluga. Ova inicijativa ne samo da pobolj\u0161ava interne procese, ve\u0107 i ja\u010da reputaciju aerodroma kao pouzdane destinacije za putnike i aviokompanije. Uskla\u0111enost sa zahtjevima ISO 27701 je izuzetna vrijednost za organizaciju te potvrda nastojanja Me\u0111unarodnog aerodroma Sarajevo da uvijek bude u korak sa evropskim i svjetskim trendovima.<\/p>\n","protected":false},"excerpt":{"rendered":"<p>Ispunjenjem zahtjeva i normi propisanih me\u0111unarodnim standardom ISO 27701:2019, Me\u0111unarodni aerodrom Sarajevo postao je prvo javno preduze\u0107e u BiH, koje je svoje poslovanje u potpunosti uskladilo sa ovom me\u0111unarodnom normom i EU regulativom vezanom za za\u0161titu li\u010dnih podataka (GDPR \u2013 General Data Protection Regulation). U proteklom periodu\u00a0 na aerodromu su boravili auditori ovla\u0161tene certifikacijske ku\u0107e [&hellip;]<\/p>\n","protected":false},"author":3,"featured_media":161488,"comment_status":"closed","ping_status":"closed","sticky":false,"template":"","format":"standard","meta":{"_acf_changed":false,"footnotes":""},"categories":[13],"tags":[2777],"class_list":["post-161487","post","type-post","status-publish","format-standard","has-post-thumbnail","category-bosna-i-hercegovina","tag-internacionalni-aerodrom-sarajevo"],"acf":[],"yoast_head":"<!-- This site is optimized with the Yoast SEO Premium plugin v28.3 (Yoast SEO v28.3) - https:\/\/yoast.com\/product\/yoast-seo-premium-wordpress\/ -->\n<title>Me\u0111unarodni aerodrom Sarajevo u korak sa evropskim aerodromima<\/title>\n<meta name=\"description\" content=\"Ispunjenjem zahtjeva i normi propisanih me\u0111unarodnim standardom ISO 27701:2019, Me\u0111unarodni aerodrom Sarajevo postao je prvo javno preduze\u0107e u BiH, koje\" \/>\n<meta name=\"robots\" content=\"index, follow, max-snippet:-1, max-image-preview:large, max-video-preview:-1\" \/>\n<link rel=\"canonical\" href=\"https:\/\/zosradio.ba\/index.php\/2024\/11\/01\/medjunarodni-aerodrom-sarajevo-u-korak-sa-evropskim-aerodromima\/\" \/>\n<meta property=\"og:locale\" content=\"bs_BA\" \/>\n<meta property=\"og:type\" content=\"article\" \/>\n<meta property=\"og:title\" content=\"Me\u0111unarodni aerodrom Sarajevo u korak sa evropskim aerodromima\" \/>\n<meta property=\"og:description\" content=\"Ispunjenjem zahtjeva i normi propisanih me\u0111unarodnim standardom ISO 27701:2019, Me\u0111unarodni aerodrom Sarajevo postao je prvo javno preduze\u0107e u BiH, koje\" \/>\n<meta property=\"og:url\" content=\"https:\/\/zosradio.ba\/index.php\/2024\/11\/01\/medjunarodni-aerodrom-sarajevo-u-korak-sa-evropskim-aerodromima\/\" \/>\n<meta property=\"og:site_name\" content=\"ZOS radio\" \/>\n<meta property=\"article:publisher\" content=\"https:\/\/www.facebook.com\/zosradio\" \/>\n<meta property=\"article:published_time\" content=\"2024-11-01T11:21:56+00:00\" \/>\n<meta property=\"og:image\" content=\"https:\/\/zosradio.ba\/wp-content\/uploads\/2024\/11\/aerdrom0111.jpg\" \/>\n\t<meta property=\"og:image:width\" content=\"1800\" \/>\n\t<meta property=\"og:image:height\" content=\"1350\" \/>\n\t<meta property=\"og:image:type\" content=\"image\/jpeg\" \/>\n<meta name=\"author\" content=\"Redakcija\" \/>\n<meta name=\"twitter:card\" content=\"summary_large_image\" \/>\n<meta name=\"twitter:label1\" content=\"Written by\" \/>\n\t<meta name=\"twitter:data1\" content=\"Redakcija\" \/>\n\t<meta name=\"twitter:label2\" content=\"Est. reading time\" \/>\n\t<meta name=\"twitter:data2\" content=\"2 minute\" \/>\n<script type=\"application\/ld+json\" class=\"yoast-schema-graph\">{\"@context\":\"https:\\\/\\\/schema.org\",\"@graph\":[{\"@type\":\"Article\",\"@id\":\"https:\\\/\\\/zosradio.ba\\\/index.php\\\/2024\\\/11\\\/01\\\/medjunarodni-aerodrom-sarajevo-u-korak-sa-evropskim-aerodromima\\\/#article\",\"isPartOf\":{\"@id\":\"https:\\\/\\\/zosradio.ba\\\/index.php\\\/2024\\\/11\\\/01\\\/medjunarodni-aerodrom-sarajevo-u-korak-sa-evropskim-aerodromima\\\/\"},\"author\":{\"name\":\"Redakcija\",\"@id\":\"https:\\\/\\\/zosradio.ba\\\/#\\\/schema\\\/person\\\/969b476cc96d10b46964da86b3987f7e\"},\"headline\":\"Me\u0111unarodni aerodrom Sarajevo u korak sa evropskim aerodromima\",\"datePublished\":\"2024-11-01T11:21:56+00:00\",\"mainEntityOfPage\":{\"@id\":\"https:\\\/\\\/zosradio.ba\\\/index.php\\\/2024\\\/11\\\/01\\\/medjunarodni-aerodrom-sarajevo-u-korak-sa-evropskim-aerodromima\\\/\"},\"wordCount\":271,\"image\":{\"@id\":\"https:\\\/\\\/zosradio.ba\\\/index.php\\\/2024\\\/11\\\/01\\\/medjunarodni-aerodrom-sarajevo-u-korak-sa-evropskim-aerodromima\\\/#primaryimage\"},\"thumbnailUrl\":\"https:\\\/\\\/zosradio.ba\\\/wp-content\\\/uploads\\\/2024\\\/11\\\/aerdrom0111.jpg\",\"keywords\":[\"Internacionalni aerodrom Sarajevo\"],\"articleSection\":[\"Bosna i Hercegovina\"],\"inLanguage\":\"bs-BA\"},{\"@type\":\"WebPage\",\"@id\":\"https:\\\/\\\/zosradio.ba\\\/index.php\\\/2024\\\/11\\\/01\\\/medjunarodni-aerodrom-sarajevo-u-korak-sa-evropskim-aerodromima\\\/\",\"url\":\"https:\\\/\\\/zosradio.ba\\\/index.php\\\/2024\\\/11\\\/01\\\/medjunarodni-aerodrom-sarajevo-u-korak-sa-evropskim-aerodromima\\\/\",\"name\":\"Me\u0111unarodni aerodrom Sarajevo u korak sa evropskim aerodromima\",\"isPartOf\":{\"@id\":\"https:\\\/\\\/zosradio.ba\\\/#website\"},\"primaryImageOfPage\":{\"@id\":\"https:\\\/\\\/zosradio.ba\\\/index.php\\\/2024\\\/11\\\/01\\\/medjunarodni-aerodrom-sarajevo-u-korak-sa-evropskim-aerodromima\\\/#primaryimage\"},\"image\":{\"@id\":\"https:\\\/\\\/zosradio.ba\\\/index.php\\\/2024\\\/11\\\/01\\\/medjunarodni-aerodrom-sarajevo-u-korak-sa-evropskim-aerodromima\\\/#primaryimage\"},\"thumbnailUrl\":\"https:\\\/\\\/zosradio.ba\\\/wp-content\\\/uploads\\\/2024\\\/11\\\/aerdrom0111.jpg\",\"datePublished\":\"2024-11-01T11:21:56+00:00\",\"author\":{\"@id\":\"https:\\\/\\\/zosradio.ba\\\/#\\\/schema\\\/person\\\/969b476cc96d10b46964da86b3987f7e\"},\"description\":\"Ispunjenjem zahtjeva i normi propisanih me\u0111unarodnim standardom ISO 27701:2019, Me\u0111unarodni aerodrom Sarajevo postao je prvo javno preduze\u0107e u BiH, koje\",\"breadcrumb\":{\"@id\":\"https:\\\/\\\/zosradio.ba\\\/index.php\\\/2024\\\/11\\\/01\\\/medjunarodni-aerodrom-sarajevo-u-korak-sa-evropskim-aerodromima\\\/#breadcrumb\"},\"inLanguage\":\"bs-BA\",\"potentialAction\":[{\"@type\":\"ReadAction\",\"target\":[\"https:\\\/\\\/zosradio.ba\\\/index.php\\\/2024\\\/11\\\/01\\\/medjunarodni-aerodrom-sarajevo-u-korak-sa-evropskim-aerodromima\\\/\"]}]},{\"@type\":\"ImageObject\",\"inLanguage\":\"bs-BA\",\"@id\":\"https:\\\/\\\/zosradio.ba\\\/index.php\\\/2024\\\/11\\\/01\\\/medjunarodni-aerodrom-sarajevo-u-korak-sa-evropskim-aerodromima\\\/#primaryimage\",\"url\":\"https:\\\/\\\/zosradio.ba\\\/wp-content\\\/uploads\\\/2024\\\/11\\\/aerdrom0111.jpg\",\"contentUrl\":\"https:\\\/\\\/zosradio.ba\\\/wp-content\\\/uploads\\\/2024\\\/11\\\/aerdrom0111.jpg\",\"width\":1800,\"height\":1350,\"caption\":\"Me\u0111unarodni aerodrom Sarajevo\"},{\"@type\":\"BreadcrumbList\",\"@id\":\"https:\\\/\\\/zosradio.ba\\\/index.php\\\/2024\\\/11\\\/01\\\/medjunarodni-aerodrom-sarajevo-u-korak-sa-evropskim-aerodromima\\\/#breadcrumb\",\"itemListElement\":[{\"@type\":\"ListItem\",\"position\":1,\"name\":\"Home\",\"item\":\"https:\\\/\\\/zosradio.ba\\\/\"},{\"@type\":\"ListItem\",\"position\":2,\"name\":\"Me\u0111unarodni aerodrom Sarajevo u korak sa evropskim aerodromima\"}]},{\"@type\":\"WebSite\",\"@id\":\"https:\\\/\\\/zosradio.ba\\\/#website\",\"url\":\"https:\\\/\\\/zosradio.ba\\\/\",\"name\":\"ZOS radio\",\"description\":\"Mjesto provjerenih informacija\",\"potentialAction\":[{\"@type\":\"SearchAction\",\"target\":{\"@type\":\"EntryPoint\",\"urlTemplate\":\"https:\\\/\\\/zosradio.ba\\\/?s={search_term_string}\"},\"query-input\":{\"@type\":\"PropertyValueSpecification\",\"valueRequired\":true,\"valueName\":\"search_term_string\"}}],\"inLanguage\":\"bs-BA\"},{\"@type\":\"Person\",\"@id\":\"https:\\\/\\\/zosradio.ba\\\/#\\\/schema\\\/person\\\/969b476cc96d10b46964da86b3987f7e\",\"name\":\"Redakcija\",\"image\":{\"@type\":\"ImageObject\",\"inLanguage\":\"bs-BA\",\"@id\":\"https:\\\/\\\/secure.gravatar.com\\\/avatar\\\/b6dcae4aefbd26fbbf5cd5f24d98b246488432fc47a791123ad8639c99f9a13a?s=96&d=mm&r=g\",\"url\":\"https:\\\/\\\/secure.gravatar.com\\\/avatar\\\/b6dcae4aefbd26fbbf5cd5f24d98b246488432fc47a791123ad8639c99f9a13a?s=96&d=mm&r=g\",\"contentUrl\":\"https:\\\/\\\/secure.gravatar.com\\\/avatar\\\/b6dcae4aefbd26fbbf5cd5f24d98b246488432fc47a791123ad8639c99f9a13a?s=96&d=mm&r=g\",\"caption\":\"Redakcija\"},\"url\":\"https:\\\/\\\/zosradio.ba\\\/index.php\\\/author\\\/rifavhotmail-com\\\/\"}]}<\/script>\n<!-- \/ Yoast SEO Premium plugin. -->","yoast_head_json":{"title":"Me\u0111unarodni aerodrom Sarajevo u korak sa evropskim aerodromima","description":"Ispunjenjem zahtjeva i normi propisanih me\u0111unarodnim standardom ISO 27701:2019, Me\u0111unarodni aerodrom Sarajevo postao je prvo javno preduze\u0107e u BiH, koje","robots":{"index":"index","follow":"follow","max-snippet":"max-snippet:-1","max-image-preview":"max-image-preview:large","max-video-preview":"max-video-preview:-1"},"canonical":"https:\/\/zosradio.ba\/index.php\/2024\/11\/01\/medjunarodni-aerodrom-sarajevo-u-korak-sa-evropskim-aerodromima\/","og_locale":"bs_BA","og_type":"article","og_title":"Me\u0111unarodni aerodrom Sarajevo u korak sa evropskim aerodromima","og_description":"Ispunjenjem zahtjeva i normi propisanih me\u0111unarodnim standardom ISO 27701:2019, Me\u0111unarodni aerodrom Sarajevo postao je prvo javno preduze\u0107e u BiH, koje","og_url":"https:\/\/zosradio.ba\/index.php\/2024\/11\/01\/medjunarodni-aerodrom-sarajevo-u-korak-sa-evropskim-aerodromima\/","og_site_name":"ZOS radio","article_publisher":"https:\/\/www.facebook.com\/zosradio","article_published_time":"2024-11-01T11:21:56+00:00","og_image":[{"width":1800,"height":1350,"url":"https:\/\/zosradio.ba\/wp-content\/uploads\/2024\/11\/aerdrom0111.jpg","type":"image\/jpeg"}],"author":"Redakcija","twitter_card":"summary_large_image","twitter_misc":{"Written by":"Redakcija","Est. reading time":"2 minute"},"schema":{"@context":"https:\/\/schema.org","@graph":[{"@type":"Article","@id":"https:\/\/zosradio.ba\/index.php\/2024\/11\/01\/medjunarodni-aerodrom-sarajevo-u-korak-sa-evropskim-aerodromima\/#article","isPartOf":{"@id":"https:\/\/zosradio.ba\/index.php\/2024\/11\/01\/medjunarodni-aerodrom-sarajevo-u-korak-sa-evropskim-aerodromima\/"},"author":{"name":"Redakcija","@id":"https:\/\/zosradio.ba\/#\/schema\/person\/969b476cc96d10b46964da86b3987f7e"},"headline":"Me\u0111unarodni aerodrom Sarajevo u korak sa evropskim aerodromima","datePublished":"2024-11-01T11:21:56+00:00","mainEntityOfPage":{"@id":"https:\/\/zosradio.ba\/index.php\/2024\/11\/01\/medjunarodni-aerodrom-sarajevo-u-korak-sa-evropskim-aerodromima\/"},"wordCount":271,"image":{"@id":"https:\/\/zosradio.ba\/index.php\/2024\/11\/01\/medjunarodni-aerodrom-sarajevo-u-korak-sa-evropskim-aerodromima\/#primaryimage"},"thumbnailUrl":"https:\/\/zosradio.ba\/wp-content\/uploads\/2024\/11\/aerdrom0111.jpg","keywords":["Internacionalni aerodrom Sarajevo"],"articleSection":["Bosna i Hercegovina"],"inLanguage":"bs-BA"},{"@type":"WebPage","@id":"https:\/\/zosradio.ba\/index.php\/2024\/11\/01\/medjunarodni-aerodrom-sarajevo-u-korak-sa-evropskim-aerodromima\/","url":"https:\/\/zosradio.ba\/index.php\/2024\/11\/01\/medjunarodni-aerodrom-sarajevo-u-korak-sa-evropskim-aerodromima\/","name":"Me\u0111unarodni aerodrom Sarajevo u korak sa evropskim aerodromima","isPartOf":{"@id":"https:\/\/zosradio.ba\/#website"},"primaryImageOfPage":{"@id":"https:\/\/zosradio.ba\/index.php\/2024\/11\/01\/medjunarodni-aerodrom-sarajevo-u-korak-sa-evropskim-aerodromima\/#primaryimage"},"image":{"@id":"https:\/\/zosradio.ba\/index.php\/2024\/11\/01\/medjunarodni-aerodrom-sarajevo-u-korak-sa-evropskim-aerodromima\/#primaryimage"},"thumbnailUrl":"https:\/\/zosradio.ba\/wp-content\/uploads\/2024\/11\/aerdrom0111.jpg","datePublished":"2024-11-01T11:21:56+00:00","author":{"@id":"https:\/\/zosradio.ba\/#\/schema\/person\/969b476cc96d10b46964da86b3987f7e"},"description":"Ispunjenjem zahtjeva i normi propisanih me\u0111unarodnim standardom ISO 27701:2019, Me\u0111unarodni aerodrom Sarajevo postao je prvo javno preduze\u0107e u BiH, koje","breadcrumb":{"@id":"https:\/\/zosradio.ba\/index.php\/2024\/11\/01\/medjunarodni-aerodrom-sarajevo-u-korak-sa-evropskim-aerodromima\/#breadcrumb"},"inLanguage":"bs-BA","potentialAction":[{"@type":"ReadAction","target":["https:\/\/zosradio.ba\/index.php\/2024\/11\/01\/medjunarodni-aerodrom-sarajevo-u-korak-sa-evropskim-aerodromima\/"]}]},{"@type":"ImageObject","inLanguage":"bs-BA","@id":"https:\/\/zosradio.ba\/index.php\/2024\/11\/01\/medjunarodni-aerodrom-sarajevo-u-korak-sa-evropskim-aerodromima\/#primaryimage","url":"https:\/\/zosradio.ba\/wp-content\/uploads\/2024\/11\/aerdrom0111.jpg","contentUrl":"https:\/\/zosradio.ba\/wp-content\/uploads\/2024\/11\/aerdrom0111.jpg","width":1800,"height":1350,"caption":"Me\u0111unarodni aerodrom Sarajevo"},{"@type":"BreadcrumbList","@id":"https:\/\/zosradio.ba\/index.php\/2024\/11\/01\/medjunarodni-aerodrom-sarajevo-u-korak-sa-evropskim-aerodromima\/#breadcrumb","itemListElement":[{"@type":"ListItem","position":1,"name":"Home","item":"https:\/\/zosradio.ba\/"},{"@type":"ListItem","position":2,"name":"Me\u0111unarodni aerodrom Sarajevo u korak sa evropskim aerodromima"}]},{"@type":"WebSite","@id":"https:\/\/zosradio.ba\/#website","url":"https:\/\/zosradio.ba\/","name":"ZOS radio","description":"Mjesto provjerenih informacija","potentialAction":[{"@type":"SearchAction","target":{"@type":"EntryPoint","urlTemplate":"https:\/\/zosradio.ba\/?s={search_term_string}"},"query-input":{"@type":"PropertyValueSpecification","valueRequired":true,"valueName":"search_term_string"}}],"inLanguage":"bs-BA"},{"@type":"Person","@id":"https:\/\/zosradio.ba\/#\/schema\/person\/969b476cc96d10b46964da86b3987f7e","name":"Redakcija","image":{"@type":"ImageObject","inLanguage":"bs-BA","@id":"https:\/\/secure.gravatar.com\/avatar\/b6dcae4aefbd26fbbf5cd5f24d98b246488432fc47a791123ad8639c99f9a13a?s=96&d=mm&r=g","url":"https:\/\/secure.gravatar.com\/avatar\/b6dcae4aefbd26fbbf5cd5f24d98b246488432fc47a791123ad8639c99f9a13a?s=96&d=mm&r=g","contentUrl":"https:\/\/secure.gravatar.com\/avatar\/b6dcae4aefbd26fbbf5cd5f24d98b246488432fc47a791123ad8639c99f9a13a?s=96&d=mm&r=g","caption":"Redakcija"},"url":"https:\/\/zosradio.ba\/index.php\/author\/rifavhotmail-com\/"}]}},"_links":{"self":[{"href":"https:\/\/zosradio.ba\/index.php\/wp-json\/wp\/v2\/posts\/161487","targetHints":{"allow":["GET"]}}],"collection":[{"href":"https:\/\/zosradio.ba\/index.php\/wp-json\/wp\/v2\/posts"}],"about":[{"href":"https:\/\/zosradio.ba\/index.php\/wp-json\/wp\/v2\/types\/post"}],"author":[{"embeddable":true,"href":"https:\/\/zosradio.ba\/index.php\/wp-json\/wp\/v2\/users\/3"}],"replies":[{"embeddable":true,"href":"https:\/\/zosradio.ba\/index.php\/wp-json\/wp\/v2\/comments?post=161487"}],"version-history":[{"count":1,"href":"https:\/\/zosradio.ba\/index.php\/wp-json\/wp\/v2\/posts\/161487\/revisions"}],"predecessor-version":[{"id":161489,"href":"https:\/\/zosradio.ba\/index.php\/wp-json\/wp\/v2\/posts\/161487\/revisions\/161489"}],"wp:featuredmedia":[{"embeddable":true,"href":"https:\/\/zosradio.ba\/index.php\/wp-json\/wp\/v2\/media\/161488"}],"wp:attachment":[{"href":"https:\/\/zosradio.ba\/index.php\/wp-json\/wp\/v2\/media?parent=161487"}],"wp:term":[{"taxonomy":"category","embeddable":true,"href":"https:\/\/zosradio.ba\/index.php\/wp-json\/wp\/v2\/categories?post=161487"},{"taxonomy":"post_tag","embeddable":true,"href":"https:\/\/zosradio.ba\/index.php\/wp-json\/wp\/v2\/tags?post=161487"}],"curies":[{"name":"wp","href":"https:\/\/api.w.org\/{rel}","templated":true}]}}