{"id":185935,"date":"2026-01-20T14:15:37","date_gmt":"2026-01-20T13:15:37","guid":{"rendered":"https:\/\/zosradio.ba\/?p=185935"},"modified":"2026-01-20T14:15:37","modified_gmt":"2026-01-20T13:15:37","slug":"eurostat-u-bih-1751-posto-radnika-ima-niske-place-u-eu-taj-udio-iznosi-15-posto","status":"publish","type":"post","link":"https:\/\/zosradio.ba\/index.php\/2026\/01\/20\/eurostat-u-bih-1751-posto-radnika-ima-niske-place-u-eu-taj-udio-iznosi-15-posto\/","title":{"rendered":"Eurostat: U BiH 17,51 posto radnika ima niske pla\u0107e, u EU taj udio iznosi 15 posto"},"content":{"rendered":"<p><strong>Podaci Eurostata pokazuju da niske pla\u0107e nisu problem ograni\u010den samo na Bosnu i Hercegovinu, u Evropskoj uniji 15 posto ukupne radne snage prima nisku pla\u0107u, odnosno zaradu koja iznosi dvije tre\u0107ine ili manje od prosje\u010dne pla\u0107e u dr\u017eavi.<\/strong><\/p>\n<p>Istovremeno se bilje\u017ei izra\u017een rodni jaz, prema istim podacima 18,2 posto \u017eena ima niske pla\u0107e, dok je taj udio kod mu\u0161karaca 12,5 posto, a posebno su pogo\u0111eni mla\u0111i radnici, jer je svaki \u010detvrti radnik s niskom pla\u0107om u EU mla\u0111i od 30 godina.<\/p>\n<p>Najvi\u0161e radnika s niskim pla\u0107ama u EU zaposleno je u ugostiteljstvu i prehrambenoj industriji, gdje taj udio iznosi 35,1 posto, zatim u administrativnim i pomo\u0107nim uslugama, gdje je 32 posto zaposlenih u kategoriji niskih plata. U pore\u0111enju 33 dr\u017eave Evrope, Bosna i Hercegovina se nalazi na 13. mjestu s udjelom od 17,51 posto radne snage koja ima niske pla\u0107e, dok je najnepovoljnija situacija u Bugarskoj s 26,84 posto. Najmanji udio niskih pla\u0107a bilje\u017ei Portugal, gdje je taj procenat 1,77.<\/p>\n<p>Kada je rije\u010d o dr\u017eavama biv\u0161e Jugoslavije, udio radne snage s niskim pla\u0107ama u Srbiji iznosi 21,89 posto, u Hrvatskoj 18,57 posto, dok je u Sloveniji 9,38 posto. Njema\u010dka je, prema Eurostatovoj listi, na devetom mjestu s 18,98 posto radnika koji imaju niske pla\u0107e, dok je Albanija odmah iza Bosne i Hercegovine, na 14. mjestu, sa 16,35 posto.<\/p>\n<p>U Bosni i Hercegovini raniji podaci ukazuju da vi\u0161e od 200.000 radnika u Federaciji BiH prima najni\u017eu pla\u0107u. Minimalna pla\u0107a u FBiH je nakon odluka Vlade rasla, pro\u0161le godine iznosila je 1.000 KM, a u ovoj godini pove\u0107ana je na 1.027 KM. U Republici Srpskoj minimalna pla\u0107a od po\u010detka 2026. iznosi 1.000 KM za najjednostavnije poslove, uz vi\u0161e iznose minimalca prema stepenu stru\u010dne spreme, od 1.050 KM za trogodi\u0161nju srednju stru\u010dnu spremu do 1.450 KM za visoku stru\u010dnu spremu.<\/p>\n<p>Zanimljiv podatak donosi i istra\u017eivanje Alma Career BH, prema kojem u Bosni i Hercegovini visina pla\u0107e tokom 2025. godine nije bila presudan faktor pri izboru poslodavca, najvi\u0161e ispitanika kao klju\u010dan element navelo je dobre me\u0111uljudske odnose, dok je pla\u0107a bila na drugom mjestu, pi\u0161e <a href=\"https:\/\/www.rtvslon.ba\/eurostat-u-bih-1751-posto-radnika-ima-niske-place-u-eu-taj-udio-iznosi-15-posto\/\">RTV Slon.<\/a><\/p>\n","protected":false},"excerpt":{"rendered":"<p>Podaci Eurostata pokazuju da niske pla\u0107e nisu problem ograni\u010den samo na Bosnu i Hercegovinu, u Evropskoj uniji 15 posto ukupne radne snage prima nisku pla\u0107u, odnosno zaradu koja iznosi dvije tre\u0107ine ili manje od prosje\u010dne pla\u0107e u dr\u017eavi. Istovremeno se bilje\u017ei izra\u017een rodni jaz, prema istim podacima 18,2 posto \u017eena ima niske pla\u0107e, dok je [&hellip;]<\/p>\n","protected":false},"author":3,"featured_media":174507,"comment_status":"closed","ping_status":"closed","sticky":false,"template":"","format":"standard","meta":{"_acf_changed":false,"footnotes":""},"categories":[13],"tags":[],"class_list":["post-185935","post","type-post","status-publish","format-standard","has-post-thumbnail","category-bosna-i-hercegovina"],"acf":[],"yoast_head":"<!-- This site is optimized with the Yoast SEO Premium plugin v28.3 (Yoast SEO v28.3) - https:\/\/yoast.com\/product\/yoast-seo-premium-wordpress\/ -->\n<title>Eurostat: U BiH 17,51 posto radnika ima niske pla\u0107e, u EU taj udio iznosi 15 posto<\/title>\n<meta name=\"description\" content=\"Podaci Eurostata pokazuju da niske pla\u0107e nisu problem ograni\u010den samo na Bosnu i Hercegovinu, u Evropskoj uniji 15 posto ukupne radne snage prima nisku\" \/>\n<meta name=\"robots\" content=\"index, follow, max-snippet:-1, max-image-preview:large, max-video-preview:-1\" \/>\n<link rel=\"canonical\" href=\"https:\/\/zosradio.ba\/index.php\/2026\/01\/20\/eurostat-u-bih-1751-posto-radnika-ima-niske-place-u-eu-taj-udio-iznosi-15-posto\/\" \/>\n<meta property=\"og:locale\" content=\"bs_BA\" \/>\n<meta property=\"og:type\" content=\"article\" \/>\n<meta property=\"og:title\" content=\"Eurostat: U BiH 17,51 posto radnika ima niske pla\u0107e, u EU taj udio iznosi 15 posto\" \/>\n<meta property=\"og:description\" content=\"Podaci Eurostata pokazuju da niske pla\u0107e nisu problem ograni\u010den samo na Bosnu i Hercegovinu, u Evropskoj uniji 15 posto ukupne radne snage prima nisku\" \/>\n<meta property=\"og:url\" content=\"https:\/\/zosradio.ba\/index.php\/2026\/01\/20\/eurostat-u-bih-1751-posto-radnika-ima-niske-place-u-eu-taj-udio-iznosi-15-posto\/\" \/>\n<meta property=\"og:site_name\" content=\"ZOS radio\" \/>\n<meta property=\"article:publisher\" content=\"https:\/\/www.facebook.com\/zosradio\" \/>\n<meta property=\"article:published_time\" content=\"2026-01-20T13:15:37+00:00\" \/>\n<meta property=\"og:image\" content=\"https:\/\/zosradio.ba\/wp-content\/uploads\/2025\/05\/20250513151232_904380-e1752570610930.jpg\" \/>\n\t<meta property=\"og:image:width\" content=\"1200\" \/>\n\t<meta property=\"og:image:height\" content=\"622\" \/>\n\t<meta property=\"og:image:type\" content=\"image\/jpeg\" \/>\n<meta name=\"author\" content=\"Redakcija\" \/>\n<meta name=\"twitter:card\" content=\"summary_large_image\" \/>\n<meta name=\"twitter:label1\" content=\"Written by\" \/>\n\t<meta name=\"twitter:data1\" content=\"Redakcija\" \/>\n\t<meta name=\"twitter:label2\" content=\"Est. reading time\" \/>\n\t<meta name=\"twitter:data2\" content=\"3 minute\" \/>\n<script type=\"application\/ld+json\" class=\"yoast-schema-graph\">{\"@context\":\"https:\\\/\\\/schema.org\",\"@graph\":[{\"@type\":\"Article\",\"@id\":\"https:\\\/\\\/zosradio.ba\\\/index.php\\\/2026\\\/01\\\/20\\\/eurostat-u-bih-1751-posto-radnika-ima-niske-place-u-eu-taj-udio-iznosi-15-posto\\\/#article\",\"isPartOf\":{\"@id\":\"https:\\\/\\\/zosradio.ba\\\/index.php\\\/2026\\\/01\\\/20\\\/eurostat-u-bih-1751-posto-radnika-ima-niske-place-u-eu-taj-udio-iznosi-15-posto\\\/\"},\"author\":{\"name\":\"Redakcija\",\"@id\":\"https:\\\/\\\/zosradio.ba\\\/#\\\/schema\\\/person\\\/969b476cc96d10b46964da86b3987f7e\"},\"headline\":\"Eurostat: U BiH 17,51 posto radnika ima niske pla\u0107e, u EU taj udio iznosi 15 posto\",\"datePublished\":\"2026-01-20T13:15:37+00:00\",\"mainEntityOfPage\":{\"@id\":\"https:\\\/\\\/zosradio.ba\\\/index.php\\\/2026\\\/01\\\/20\\\/eurostat-u-bih-1751-posto-radnika-ima-niske-place-u-eu-taj-udio-iznosi-15-posto\\\/\"},\"wordCount\":381,\"image\":{\"@id\":\"https:\\\/\\\/zosradio.ba\\\/index.php\\\/2026\\\/01\\\/20\\\/eurostat-u-bih-1751-posto-radnika-ima-niske-place-u-eu-taj-udio-iznosi-15-posto\\\/#primaryimage\"},\"thumbnailUrl\":\"https:\\\/\\\/zosradio.ba\\\/wp-content\\\/uploads\\\/2025\\\/05\\\/20250513151232_904380-e1752570610930.jpg\",\"articleSection\":[\"Bosna i Hercegovina\"],\"inLanguage\":\"bs-BA\"},{\"@type\":\"WebPage\",\"@id\":\"https:\\\/\\\/zosradio.ba\\\/index.php\\\/2026\\\/01\\\/20\\\/eurostat-u-bih-1751-posto-radnika-ima-niske-place-u-eu-taj-udio-iznosi-15-posto\\\/\",\"url\":\"https:\\\/\\\/zosradio.ba\\\/index.php\\\/2026\\\/01\\\/20\\\/eurostat-u-bih-1751-posto-radnika-ima-niske-place-u-eu-taj-udio-iznosi-15-posto\\\/\",\"name\":\"Eurostat: U BiH 17,51 posto radnika ima niske pla\u0107e, u EU taj udio iznosi 15 posto\",\"isPartOf\":{\"@id\":\"https:\\\/\\\/zosradio.ba\\\/#website\"},\"primaryImageOfPage\":{\"@id\":\"https:\\\/\\\/zosradio.ba\\\/index.php\\\/2026\\\/01\\\/20\\\/eurostat-u-bih-1751-posto-radnika-ima-niske-place-u-eu-taj-udio-iznosi-15-posto\\\/#primaryimage\"},\"image\":{\"@id\":\"https:\\\/\\\/zosradio.ba\\\/index.php\\\/2026\\\/01\\\/20\\\/eurostat-u-bih-1751-posto-radnika-ima-niske-place-u-eu-taj-udio-iznosi-15-posto\\\/#primaryimage\"},\"thumbnailUrl\":\"https:\\\/\\\/zosradio.ba\\\/wp-content\\\/uploads\\\/2025\\\/05\\\/20250513151232_904380-e1752570610930.jpg\",\"datePublished\":\"2026-01-20T13:15:37+00:00\",\"author\":{\"@id\":\"https:\\\/\\\/zosradio.ba\\\/#\\\/schema\\\/person\\\/969b476cc96d10b46964da86b3987f7e\"},\"description\":\"Podaci Eurostata pokazuju da niske pla\u0107e nisu problem ograni\u010den samo na Bosnu i Hercegovinu, u Evropskoj uniji 15 posto ukupne radne snage prima nisku\",\"breadcrumb\":{\"@id\":\"https:\\\/\\\/zosradio.ba\\\/index.php\\\/2026\\\/01\\\/20\\\/eurostat-u-bih-1751-posto-radnika-ima-niske-place-u-eu-taj-udio-iznosi-15-posto\\\/#breadcrumb\"},\"inLanguage\":\"bs-BA\",\"potentialAction\":[{\"@type\":\"ReadAction\",\"target\":[\"https:\\\/\\\/zosradio.ba\\\/index.php\\\/2026\\\/01\\\/20\\\/eurostat-u-bih-1751-posto-radnika-ima-niske-place-u-eu-taj-udio-iznosi-15-posto\\\/\"]}]},{\"@type\":\"ImageObject\",\"inLanguage\":\"bs-BA\",\"@id\":\"https:\\\/\\\/zosradio.ba\\\/index.php\\\/2026\\\/01\\\/20\\\/eurostat-u-bih-1751-posto-radnika-ima-niske-place-u-eu-taj-udio-iznosi-15-posto\\\/#primaryimage\",\"url\":\"https:\\\/\\\/zosradio.ba\\\/wp-content\\\/uploads\\\/2025\\\/05\\\/20250513151232_904380-e1752570610930.jpg\",\"contentUrl\":\"https:\\\/\\\/zosradio.ba\\\/wp-content\\\/uploads\\\/2025\\\/05\\\/20250513151232_904380-e1752570610930.jpg\",\"width\":1200,\"height\":622,\"caption\":\"Foto: Centralna banka\"},{\"@type\":\"BreadcrumbList\",\"@id\":\"https:\\\/\\\/zosradio.ba\\\/index.php\\\/2026\\\/01\\\/20\\\/eurostat-u-bih-1751-posto-radnika-ima-niske-place-u-eu-taj-udio-iznosi-15-posto\\\/#breadcrumb\",\"itemListElement\":[{\"@type\":\"ListItem\",\"position\":1,\"name\":\"Home\",\"item\":\"https:\\\/\\\/zosradio.ba\\\/\"},{\"@type\":\"ListItem\",\"position\":2,\"name\":\"Eurostat: U BiH 17,51 posto radnika ima niske pla\u0107e, u EU taj udio iznosi 15 posto\"}]},{\"@type\":\"WebSite\",\"@id\":\"https:\\\/\\\/zosradio.ba\\\/#website\",\"url\":\"https:\\\/\\\/zosradio.ba\\\/\",\"name\":\"ZOS radio\",\"description\":\"Mjesto provjerenih informacija\",\"potentialAction\":[{\"@type\":\"SearchAction\",\"target\":{\"@type\":\"EntryPoint\",\"urlTemplate\":\"https:\\\/\\\/zosradio.ba\\\/?s={search_term_string}\"},\"query-input\":{\"@type\":\"PropertyValueSpecification\",\"valueRequired\":true,\"valueName\":\"search_term_string\"}}],\"inLanguage\":\"bs-BA\"},{\"@type\":\"Person\",\"@id\":\"https:\\\/\\\/zosradio.ba\\\/#\\\/schema\\\/person\\\/969b476cc96d10b46964da86b3987f7e\",\"name\":\"Redakcija\",\"image\":{\"@type\":\"ImageObject\",\"inLanguage\":\"bs-BA\",\"@id\":\"https:\\\/\\\/secure.gravatar.com\\\/avatar\\\/b6dcae4aefbd26fbbf5cd5f24d98b246488432fc47a791123ad8639c99f9a13a?s=96&d=mm&r=g\",\"url\":\"https:\\\/\\\/secure.gravatar.com\\\/avatar\\\/b6dcae4aefbd26fbbf5cd5f24d98b246488432fc47a791123ad8639c99f9a13a?s=96&d=mm&r=g\",\"contentUrl\":\"https:\\\/\\\/secure.gravatar.com\\\/avatar\\\/b6dcae4aefbd26fbbf5cd5f24d98b246488432fc47a791123ad8639c99f9a13a?s=96&d=mm&r=g\",\"caption\":\"Redakcija\"},\"url\":\"https:\\\/\\\/zosradio.ba\\\/index.php\\\/author\\\/rifavhotmail-com\\\/\"}]}<\/script>\n<!-- \/ Yoast SEO Premium plugin. -->","yoast_head_json":{"title":"Eurostat: U BiH 17,51 posto radnika ima niske pla\u0107e, u EU taj udio iznosi 15 posto","description":"Podaci Eurostata pokazuju da niske pla\u0107e nisu problem ograni\u010den samo na Bosnu i Hercegovinu, u Evropskoj uniji 15 posto ukupne radne snage prima nisku","robots":{"index":"index","follow":"follow","max-snippet":"max-snippet:-1","max-image-preview":"max-image-preview:large","max-video-preview":"max-video-preview:-1"},"canonical":"https:\/\/zosradio.ba\/index.php\/2026\/01\/20\/eurostat-u-bih-1751-posto-radnika-ima-niske-place-u-eu-taj-udio-iznosi-15-posto\/","og_locale":"bs_BA","og_type":"article","og_title":"Eurostat: U BiH 17,51 posto radnika ima niske pla\u0107e, u EU taj udio iznosi 15 posto","og_description":"Podaci Eurostata pokazuju da niske pla\u0107e nisu problem ograni\u010den samo na Bosnu i Hercegovinu, u Evropskoj uniji 15 posto ukupne radne snage prima nisku","og_url":"https:\/\/zosradio.ba\/index.php\/2026\/01\/20\/eurostat-u-bih-1751-posto-radnika-ima-niske-place-u-eu-taj-udio-iznosi-15-posto\/","og_site_name":"ZOS radio","article_publisher":"https:\/\/www.facebook.com\/zosradio","article_published_time":"2026-01-20T13:15:37+00:00","og_image":[{"width":1200,"height":622,"url":"https:\/\/zosradio.ba\/wp-content\/uploads\/2025\/05\/20250513151232_904380-e1752570610930.jpg","type":"image\/jpeg"}],"author":"Redakcija","twitter_card":"summary_large_image","twitter_misc":{"Written by":"Redakcija","Est. reading time":"3 minute"},"schema":{"@context":"https:\/\/schema.org","@graph":[{"@type":"Article","@id":"https:\/\/zosradio.ba\/index.php\/2026\/01\/20\/eurostat-u-bih-1751-posto-radnika-ima-niske-place-u-eu-taj-udio-iznosi-15-posto\/#article","isPartOf":{"@id":"https:\/\/zosradio.ba\/index.php\/2026\/01\/20\/eurostat-u-bih-1751-posto-radnika-ima-niske-place-u-eu-taj-udio-iznosi-15-posto\/"},"author":{"name":"Redakcija","@id":"https:\/\/zosradio.ba\/#\/schema\/person\/969b476cc96d10b46964da86b3987f7e"},"headline":"Eurostat: U BiH 17,51 posto radnika ima niske pla\u0107e, u EU taj udio iznosi 15 posto","datePublished":"2026-01-20T13:15:37+00:00","mainEntityOfPage":{"@id":"https:\/\/zosradio.ba\/index.php\/2026\/01\/20\/eurostat-u-bih-1751-posto-radnika-ima-niske-place-u-eu-taj-udio-iznosi-15-posto\/"},"wordCount":381,"image":{"@id":"https:\/\/zosradio.ba\/index.php\/2026\/01\/20\/eurostat-u-bih-1751-posto-radnika-ima-niske-place-u-eu-taj-udio-iznosi-15-posto\/#primaryimage"},"thumbnailUrl":"https:\/\/zosradio.ba\/wp-content\/uploads\/2025\/05\/20250513151232_904380-e1752570610930.jpg","articleSection":["Bosna i Hercegovina"],"inLanguage":"bs-BA"},{"@type":"WebPage","@id":"https:\/\/zosradio.ba\/index.php\/2026\/01\/20\/eurostat-u-bih-1751-posto-radnika-ima-niske-place-u-eu-taj-udio-iznosi-15-posto\/","url":"https:\/\/zosradio.ba\/index.php\/2026\/01\/20\/eurostat-u-bih-1751-posto-radnika-ima-niske-place-u-eu-taj-udio-iznosi-15-posto\/","name":"Eurostat: U BiH 17,51 posto radnika ima niske pla\u0107e, u EU taj udio iznosi 15 posto","isPartOf":{"@id":"https:\/\/zosradio.ba\/#website"},"primaryImageOfPage":{"@id":"https:\/\/zosradio.ba\/index.php\/2026\/01\/20\/eurostat-u-bih-1751-posto-radnika-ima-niske-place-u-eu-taj-udio-iznosi-15-posto\/#primaryimage"},"image":{"@id":"https:\/\/zosradio.ba\/index.php\/2026\/01\/20\/eurostat-u-bih-1751-posto-radnika-ima-niske-place-u-eu-taj-udio-iznosi-15-posto\/#primaryimage"},"thumbnailUrl":"https:\/\/zosradio.ba\/wp-content\/uploads\/2025\/05\/20250513151232_904380-e1752570610930.jpg","datePublished":"2026-01-20T13:15:37+00:00","author":{"@id":"https:\/\/zosradio.ba\/#\/schema\/person\/969b476cc96d10b46964da86b3987f7e"},"description":"Podaci Eurostata pokazuju da niske pla\u0107e nisu problem ograni\u010den samo na Bosnu i Hercegovinu, u Evropskoj uniji 15 posto ukupne radne snage prima nisku","breadcrumb":{"@id":"https:\/\/zosradio.ba\/index.php\/2026\/01\/20\/eurostat-u-bih-1751-posto-radnika-ima-niske-place-u-eu-taj-udio-iznosi-15-posto\/#breadcrumb"},"inLanguage":"bs-BA","potentialAction":[{"@type":"ReadAction","target":["https:\/\/zosradio.ba\/index.php\/2026\/01\/20\/eurostat-u-bih-1751-posto-radnika-ima-niske-place-u-eu-taj-udio-iznosi-15-posto\/"]}]},{"@type":"ImageObject","inLanguage":"bs-BA","@id":"https:\/\/zosradio.ba\/index.php\/2026\/01\/20\/eurostat-u-bih-1751-posto-radnika-ima-niske-place-u-eu-taj-udio-iznosi-15-posto\/#primaryimage","url":"https:\/\/zosradio.ba\/wp-content\/uploads\/2025\/05\/20250513151232_904380-e1752570610930.jpg","contentUrl":"https:\/\/zosradio.ba\/wp-content\/uploads\/2025\/05\/20250513151232_904380-e1752570610930.jpg","width":1200,"height":622,"caption":"Foto: Centralna banka"},{"@type":"BreadcrumbList","@id":"https:\/\/zosradio.ba\/index.php\/2026\/01\/20\/eurostat-u-bih-1751-posto-radnika-ima-niske-place-u-eu-taj-udio-iznosi-15-posto\/#breadcrumb","itemListElement":[{"@type":"ListItem","position":1,"name":"Home","item":"https:\/\/zosradio.ba\/"},{"@type":"ListItem","position":2,"name":"Eurostat: U BiH 17,51 posto radnika ima niske pla\u0107e, u EU taj udio iznosi 15 posto"}]},{"@type":"WebSite","@id":"https:\/\/zosradio.ba\/#website","url":"https:\/\/zosradio.ba\/","name":"ZOS radio","description":"Mjesto provjerenih informacija","potentialAction":[{"@type":"SearchAction","target":{"@type":"EntryPoint","urlTemplate":"https:\/\/zosradio.ba\/?s={search_term_string}"},"query-input":{"@type":"PropertyValueSpecification","valueRequired":true,"valueName":"search_term_string"}}],"inLanguage":"bs-BA"},{"@type":"Person","@id":"https:\/\/zosradio.ba\/#\/schema\/person\/969b476cc96d10b46964da86b3987f7e","name":"Redakcija","image":{"@type":"ImageObject","inLanguage":"bs-BA","@id":"https:\/\/secure.gravatar.com\/avatar\/b6dcae4aefbd26fbbf5cd5f24d98b246488432fc47a791123ad8639c99f9a13a?s=96&d=mm&r=g","url":"https:\/\/secure.gravatar.com\/avatar\/b6dcae4aefbd26fbbf5cd5f24d98b246488432fc47a791123ad8639c99f9a13a?s=96&d=mm&r=g","contentUrl":"https:\/\/secure.gravatar.com\/avatar\/b6dcae4aefbd26fbbf5cd5f24d98b246488432fc47a791123ad8639c99f9a13a?s=96&d=mm&r=g","caption":"Redakcija"},"url":"https:\/\/zosradio.ba\/index.php\/author\/rifavhotmail-com\/"}]}},"_links":{"self":[{"href":"https:\/\/zosradio.ba\/index.php\/wp-json\/wp\/v2\/posts\/185935","targetHints":{"allow":["GET"]}}],"collection":[{"href":"https:\/\/zosradio.ba\/index.php\/wp-json\/wp\/v2\/posts"}],"about":[{"href":"https:\/\/zosradio.ba\/index.php\/wp-json\/wp\/v2\/types\/post"}],"author":[{"embeddable":true,"href":"https:\/\/zosradio.ba\/index.php\/wp-json\/wp\/v2\/users\/3"}],"replies":[{"embeddable":true,"href":"https:\/\/zosradio.ba\/index.php\/wp-json\/wp\/v2\/comments?post=185935"}],"version-history":[{"count":1,"href":"https:\/\/zosradio.ba\/index.php\/wp-json\/wp\/v2\/posts\/185935\/revisions"}],"predecessor-version":[{"id":185937,"href":"https:\/\/zosradio.ba\/index.php\/wp-json\/wp\/v2\/posts\/185935\/revisions\/185937"}],"wp:featuredmedia":[{"embeddable":true,"href":"https:\/\/zosradio.ba\/index.php\/wp-json\/wp\/v2\/media\/174507"}],"wp:attachment":[{"href":"https:\/\/zosradio.ba\/index.php\/wp-json\/wp\/v2\/media?parent=185935"}],"wp:term":[{"taxonomy":"category","embeddable":true,"href":"https:\/\/zosradio.ba\/index.php\/wp-json\/wp\/v2\/categories?post=185935"},{"taxonomy":"post_tag","embeddable":true,"href":"https:\/\/zosradio.ba\/index.php\/wp-json\/wp\/v2\/tags?post=185935"}],"curies":[{"name":"wp","href":"https:\/\/api.w.org\/{rel}","templated":true}]}}