{"id":186195,"date":"2026-01-23T14:02:40","date_gmt":"2026-01-23T13:02:40","guid":{"rendered":"https:\/\/zosradio.ba\/?p=186195"},"modified":"2026-01-23T14:02:40","modified_gmt":"2026-01-23T13:02:40","slug":"poziv-privrednicima-za-clanstvo-u-privrednom-savjetu-opcine-doboj-jug","status":"publish","type":"post","link":"https:\/\/zosradio.ba\/index.php\/2026\/01\/23\/poziv-privrednicima-za-clanstvo-u-privrednom-savjetu-opcine-doboj-jug\/","title":{"rendered":"Poziv privrednicima za \u010dlanstvo u Privrednom savjetu Op\u0107ine Doboj Jug"},"content":{"rendered":"<p><strong>Op\u0107ina Doboj Jug pokrenula je inicijativu za osnivanje Privrednog savjeta s ciljem ja\u010danja saradnje izme\u0111u lokalne samouprave i privrednog sektora.<\/strong><\/p>\n<p>U zvani\u010dnom pozivu, objavljenom 16. januara 2026. godine, na\u010delnik Mirnes Tuki\u0107 pozvao je predstavnike privrednih subjekata sa podru\u010dja op\u0107ine da iska\u017eu interes za \u010dlanstvo u ovom savjetodavnom tijelu.<\/p>\n<p>Privredni savjet \u0107e imati zadatak da razmjenjuje mi\u0161ljenja i iskustva s op\u0107inskom upravom, predla\u017ee mjere koje uti\u010du na poslovanje te podr\u017eava razvoj lokalne ekonomije i poslovnih zona.<\/p>\n<p>Za \u010dlanstvo se mogu prijaviti predstavnici registrovanih privrednih subjekata iz Doboj Juga, uz obavezu aktivnog u\u010de\u0161\u0107a u radu Savjeta. Mandat \u010dlanova traje koliko i mandat na\u010delnika, a \u010dlanstvo je volontersko.<\/p>\n<p>Prijave se podnose putem online obrasca dostupnog na web i Facebook stranici Op\u0107ine Doboj Jug, najkasnije do 26. januara 2026. godine. Nakon toga, na\u010delnik \u0107e izvr\u0161iti izbor \u010dlanova prema kriterijima motivisanosti, veli\u010dini firme te polnoj i starosnoj strukturi.<\/p>\n<p>Ova inicijativa predstavlja va\u017ean korak ka unapre\u0111enju poslovnog ambijenta i uklju\u010divanju lokalne privrede u kreiranje razvojnih politika.<\/p>\n<p><img decoding=\"async\" class=\"alignnone wp-image-186196 size-full\" src=\"https:\/\/zosradio.ba\/wp-content\/uploads\/2026\/01\/619817238_1301406578696951_4361995890709214178_n-1.jpg\" alt=\"\" width=\"1450\" height=\"1812\" srcset=\"https:\/\/zosradio.ba\/wp-content\/uploads\/2026\/01\/619817238_1301406578696951_4361995890709214178_n-1.jpg 1450w, https:\/\/zosradio.ba\/wp-content\/uploads\/2026\/01\/619817238_1301406578696951_4361995890709214178_n-1-240x300.jpg 240w, https:\/\/zosradio.ba\/wp-content\/uploads\/2026\/01\/619817238_1301406578696951_4361995890709214178_n-1-819x1024.jpg 819w, https:\/\/zosradio.ba\/wp-content\/uploads\/2026\/01\/619817238_1301406578696951_4361995890709214178_n-1-120x150.jpg 120w, https:\/\/zosradio.ba\/wp-content\/uploads\/2026\/01\/619817238_1301406578696951_4361995890709214178_n-1-768x960.jpg 768w, https:\/\/zosradio.ba\/wp-content\/uploads\/2026\/01\/619817238_1301406578696951_4361995890709214178_n-1-1229x1536.jpg 1229w, https:\/\/zosradio.ba\/wp-content\/uploads\/2026\/01\/619817238_1301406578696951_4361995890709214178_n-1-150x187.jpg 150w, https:\/\/zosradio.ba\/wp-content\/uploads\/2026\/01\/619817238_1301406578696951_4361995890709214178_n-1-300x375.jpg 300w, https:\/\/zosradio.ba\/wp-content\/uploads\/2026\/01\/619817238_1301406578696951_4361995890709214178_n-1-696x870.jpg 696w, https:\/\/zosradio.ba\/wp-content\/uploads\/2026\/01\/619817238_1301406578696951_4361995890709214178_n-1-1068x1335.jpg 1068w\" sizes=\"(max-width: 1450px) 100vw, 1450px\" \/><\/p>\n","protected":false},"excerpt":{"rendered":"<p>Op\u0107ina Doboj Jug pokrenula je inicijativu za osnivanje Privrednog savjeta s ciljem ja\u010danja saradnje izme\u0111u lokalne samouprave i privrednog sektora. U zvani\u010dnom pozivu, objavljenom 16. januara 2026. godine, na\u010delnik Mirnes Tuki\u0107 pozvao je predstavnike privrednih subjekata sa podru\u010dja op\u0107ine da iska\u017eu interes za \u010dlanstvo u ovom savjetodavnom tijelu. Privredni savjet \u0107e imati zadatak da razmjenjuje [&hellip;]<\/p>\n","protected":false},"author":3,"featured_media":142485,"comment_status":"closed","ping_status":"closed","sticky":false,"template":"","format":"standard","meta":{"_acf_changed":false,"footnotes":""},"categories":[13],"tags":[476],"class_list":{"0":"post-186195","1":"post","2":"type-post","3":"status-publish","4":"format-standard","5":"has-post-thumbnail","7":"category-bosna-i-hercegovina","8":"tag-doboj-jug"},"acf":[],"yoast_head":"<!-- This site is optimized with the Yoast SEO Premium plugin v27.4 (Yoast SEO v27.4) - https:\/\/yoast.com\/product\/yoast-seo-premium-wordpress\/ -->\n<title>Poziv privrednicima za \u010dlanstvo u Privrednom savjetu Op\u0107ine Doboj Jug<\/title>\n<meta name=\"description\" content=\"Op\u0107ina Doboj Jug pokrenula je inicijativu za osnivanje Privrednog savjeta s ciljem ja\u010danja saradnje izme\u0111u lokalne samouprave i privrednog sektora. U\" \/>\n<meta name=\"robots\" content=\"index, follow, max-snippet:-1, max-image-preview:large, max-video-preview:-1\" \/>\n<link rel=\"canonical\" href=\"https:\/\/zosradio.ba\/index.php\/2026\/01\/23\/poziv-privrednicima-za-clanstvo-u-privrednom-savjetu-opcine-doboj-jug\/\" \/>\n<meta property=\"og:locale\" content=\"bs_BA\" \/>\n<meta property=\"og:type\" content=\"article\" \/>\n<meta property=\"og:title\" content=\"Poziv privrednicima za \u010dlanstvo u Privrednom savjetu Op\u0107ine Doboj Jug\" \/>\n<meta property=\"og:description\" content=\"Op\u0107ina Doboj Jug pokrenula je inicijativu za osnivanje Privrednog savjeta s ciljem ja\u010danja saradnje izme\u0111u lokalne samouprave i privrednog sektora. U\" \/>\n<meta property=\"og:url\" content=\"https:\/\/zosradio.ba\/index.php\/2026\/01\/23\/poziv-privrednicima-za-clanstvo-u-privrednom-savjetu-opcine-doboj-jug\/\" \/>\n<meta property=\"og:site_name\" content=\"ZOS radio\" \/>\n<meta property=\"article:publisher\" content=\"https:\/\/www.facebook.com\/zosradio\" \/>\n<meta property=\"article:published_time\" content=\"2026-01-23T13:02:40+00:00\" \/>\n<meta property=\"og:image\" content=\"https:\/\/zosradio.ba\/wp-content\/uploads\/2023\/07\/20230614_085646_PerfectlyClear.jpg\" \/>\n\t<meta property=\"og:image:width\" content=\"1200\" \/>\n\t<meta property=\"og:image:height\" content=\"675\" \/>\n\t<meta property=\"og:image:type\" content=\"image\/jpeg\" \/>\n<meta name=\"author\" content=\"Redakcija\" \/>\n<meta name=\"twitter:card\" content=\"summary_large_image\" \/>\n<meta name=\"twitter:label1\" content=\"Written by\" \/>\n\t<meta name=\"twitter:data1\" content=\"Redakcija\" \/>\n\t<meta name=\"twitter:label2\" content=\"Est. reading time\" \/>\n\t<meta name=\"twitter:data2\" content=\"2 minute\" \/>\n<script type=\"application\/ld+json\" class=\"yoast-schema-graph\">{\"@context\":\"https:\\\/\\\/schema.org\",\"@graph\":[{\"@type\":\"Article\",\"@id\":\"https:\\\/\\\/zosradio.ba\\\/index.php\\\/2026\\\/01\\\/23\\\/poziv-privrednicima-za-clanstvo-u-privrednom-savjetu-opcine-doboj-jug\\\/#article\",\"isPartOf\":{\"@id\":\"https:\\\/\\\/zosradio.ba\\\/index.php\\\/2026\\\/01\\\/23\\\/poziv-privrednicima-za-clanstvo-u-privrednom-savjetu-opcine-doboj-jug\\\/\"},\"author\":{\"name\":\"Redakcija\",\"@id\":\"https:\\\/\\\/zosradio.ba\\\/#\\\/schema\\\/person\\\/969b476cc96d10b46964da86b3987f7e\"},\"headline\":\"Poziv privrednicima za \u010dlanstvo u Privrednom savjetu Op\u0107ine Doboj Jug\",\"datePublished\":\"2026-01-23T13:02:40+00:00\",\"mainEntityOfPage\":{\"@id\":\"https:\\\/\\\/zosradio.ba\\\/index.php\\\/2026\\\/01\\\/23\\\/poziv-privrednicima-za-clanstvo-u-privrednom-savjetu-opcine-doboj-jug\\\/\"},\"wordCount\":190,\"image\":{\"@id\":\"https:\\\/\\\/zosradio.ba\\\/index.php\\\/2026\\\/01\\\/23\\\/poziv-privrednicima-za-clanstvo-u-privrednom-savjetu-opcine-doboj-jug\\\/#primaryimage\"},\"thumbnailUrl\":\"https:\\\/\\\/zosradio.ba\\\/wp-content\\\/uploads\\\/2023\\\/07\\\/20230614_085646_PerfectlyClear.jpg\",\"keywords\":[\"Doboj Jug\"],\"articleSection\":[\"Bosna i Hercegovina\"],\"inLanguage\":\"bs-BA\"},{\"@type\":\"WebPage\",\"@id\":\"https:\\\/\\\/zosradio.ba\\\/index.php\\\/2026\\\/01\\\/23\\\/poziv-privrednicima-za-clanstvo-u-privrednom-savjetu-opcine-doboj-jug\\\/\",\"url\":\"https:\\\/\\\/zosradio.ba\\\/index.php\\\/2026\\\/01\\\/23\\\/poziv-privrednicima-za-clanstvo-u-privrednom-savjetu-opcine-doboj-jug\\\/\",\"name\":\"Poziv privrednicima za \u010dlanstvo u Privrednom savjetu Op\u0107ine Doboj Jug\",\"isPartOf\":{\"@id\":\"https:\\\/\\\/zosradio.ba\\\/#website\"},\"primaryImageOfPage\":{\"@id\":\"https:\\\/\\\/zosradio.ba\\\/index.php\\\/2026\\\/01\\\/23\\\/poziv-privrednicima-za-clanstvo-u-privrednom-savjetu-opcine-doboj-jug\\\/#primaryimage\"},\"image\":{\"@id\":\"https:\\\/\\\/zosradio.ba\\\/index.php\\\/2026\\\/01\\\/23\\\/poziv-privrednicima-za-clanstvo-u-privrednom-savjetu-opcine-doboj-jug\\\/#primaryimage\"},\"thumbnailUrl\":\"https:\\\/\\\/zosradio.ba\\\/wp-content\\\/uploads\\\/2023\\\/07\\\/20230614_085646_PerfectlyClear.jpg\",\"datePublished\":\"2026-01-23T13:02:40+00:00\",\"author\":{\"@id\":\"https:\\\/\\\/zosradio.ba\\\/#\\\/schema\\\/person\\\/969b476cc96d10b46964da86b3987f7e\"},\"description\":\"Op\u0107ina Doboj Jug pokrenula je inicijativu za osnivanje Privrednog savjeta s ciljem ja\u010danja saradnje izme\u0111u lokalne samouprave i privrednog sektora. U\",\"breadcrumb\":{\"@id\":\"https:\\\/\\\/zosradio.ba\\\/index.php\\\/2026\\\/01\\\/23\\\/poziv-privrednicima-za-clanstvo-u-privrednom-savjetu-opcine-doboj-jug\\\/#breadcrumb\"},\"inLanguage\":\"bs-BA\",\"potentialAction\":[{\"@type\":\"ReadAction\",\"target\":[\"https:\\\/\\\/zosradio.ba\\\/index.php\\\/2026\\\/01\\\/23\\\/poziv-privrednicima-za-clanstvo-u-privrednom-savjetu-opcine-doboj-jug\\\/\"]}]},{\"@type\":\"ImageObject\",\"inLanguage\":\"bs-BA\",\"@id\":\"https:\\\/\\\/zosradio.ba\\\/index.php\\\/2026\\\/01\\\/23\\\/poziv-privrednicima-za-clanstvo-u-privrednom-savjetu-opcine-doboj-jug\\\/#primaryimage\",\"url\":\"https:\\\/\\\/zosradio.ba\\\/wp-content\\\/uploads\\\/2023\\\/07\\\/20230614_085646_PerfectlyClear.jpg\",\"contentUrl\":\"https:\\\/\\\/zosradio.ba\\\/wp-content\\\/uploads\\\/2023\\\/07\\\/20230614_085646_PerfectlyClear.jpg\",\"width\":1200,\"height\":675,\"caption\":\"Doboj Jug (Foto: R.V.\\\/zosradio.ba)\"},{\"@type\":\"BreadcrumbList\",\"@id\":\"https:\\\/\\\/zosradio.ba\\\/index.php\\\/2026\\\/01\\\/23\\\/poziv-privrednicima-za-clanstvo-u-privrednom-savjetu-opcine-doboj-jug\\\/#breadcrumb\",\"itemListElement\":[{\"@type\":\"ListItem\",\"position\":1,\"name\":\"Home\",\"item\":\"https:\\\/\\\/zosradio.ba\\\/\"},{\"@type\":\"ListItem\",\"position\":2,\"name\":\"Poziv privrednicima za \u010dlanstvo u Privrednom savjetu Op\u0107ine Doboj Jug\"}]},{\"@type\":\"WebSite\",\"@id\":\"https:\\\/\\\/zosradio.ba\\\/#website\",\"url\":\"https:\\\/\\\/zosradio.ba\\\/\",\"name\":\"ZOS radio\",\"description\":\"Mjesto provjerenih informacija\",\"potentialAction\":[{\"@type\":\"SearchAction\",\"target\":{\"@type\":\"EntryPoint\",\"urlTemplate\":\"https:\\\/\\\/zosradio.ba\\\/?s={search_term_string}\"},\"query-input\":{\"@type\":\"PropertyValueSpecification\",\"valueRequired\":true,\"valueName\":\"search_term_string\"}}],\"inLanguage\":\"bs-BA\"},{\"@type\":\"Person\",\"@id\":\"https:\\\/\\\/zosradio.ba\\\/#\\\/schema\\\/person\\\/969b476cc96d10b46964da86b3987f7e\",\"name\":\"Redakcija\",\"image\":{\"@type\":\"ImageObject\",\"inLanguage\":\"bs-BA\",\"@id\":\"https:\\\/\\\/secure.gravatar.com\\\/avatar\\\/b6dcae4aefbd26fbbf5cd5f24d98b246488432fc47a791123ad8639c99f9a13a?s=96&d=mm&r=g\",\"url\":\"https:\\\/\\\/secure.gravatar.com\\\/avatar\\\/b6dcae4aefbd26fbbf5cd5f24d98b246488432fc47a791123ad8639c99f9a13a?s=96&d=mm&r=g\",\"contentUrl\":\"https:\\\/\\\/secure.gravatar.com\\\/avatar\\\/b6dcae4aefbd26fbbf5cd5f24d98b246488432fc47a791123ad8639c99f9a13a?s=96&d=mm&r=g\",\"caption\":\"Redakcija\"},\"url\":\"https:\\\/\\\/zosradio.ba\\\/index.php\\\/author\\\/rifavhotmail-com\\\/\"}]}<\/script>\n<!-- \/ Yoast SEO Premium plugin. -->","yoast_head_json":{"title":"Poziv privrednicima za \u010dlanstvo u Privrednom savjetu Op\u0107ine Doboj Jug","description":"Op\u0107ina Doboj Jug pokrenula je inicijativu za osnivanje Privrednog savjeta s ciljem ja\u010danja saradnje izme\u0111u lokalne samouprave i privrednog sektora. U","robots":{"index":"index","follow":"follow","max-snippet":"max-snippet:-1","max-image-preview":"max-image-preview:large","max-video-preview":"max-video-preview:-1"},"canonical":"https:\/\/zosradio.ba\/index.php\/2026\/01\/23\/poziv-privrednicima-za-clanstvo-u-privrednom-savjetu-opcine-doboj-jug\/","og_locale":"bs_BA","og_type":"article","og_title":"Poziv privrednicima za \u010dlanstvo u Privrednom savjetu Op\u0107ine Doboj Jug","og_description":"Op\u0107ina Doboj Jug pokrenula je inicijativu za osnivanje Privrednog savjeta s ciljem ja\u010danja saradnje izme\u0111u lokalne samouprave i privrednog sektora. U","og_url":"https:\/\/zosradio.ba\/index.php\/2026\/01\/23\/poziv-privrednicima-za-clanstvo-u-privrednom-savjetu-opcine-doboj-jug\/","og_site_name":"ZOS radio","article_publisher":"https:\/\/www.facebook.com\/zosradio","article_published_time":"2026-01-23T13:02:40+00:00","og_image":[{"width":1200,"height":675,"url":"https:\/\/zosradio.ba\/wp-content\/uploads\/2023\/07\/20230614_085646_PerfectlyClear.jpg","type":"image\/jpeg"}],"author":"Redakcija","twitter_card":"summary_large_image","twitter_misc":{"Written by":"Redakcija","Est. reading time":"2 minute"},"schema":{"@context":"https:\/\/schema.org","@graph":[{"@type":"Article","@id":"https:\/\/zosradio.ba\/index.php\/2026\/01\/23\/poziv-privrednicima-za-clanstvo-u-privrednom-savjetu-opcine-doboj-jug\/#article","isPartOf":{"@id":"https:\/\/zosradio.ba\/index.php\/2026\/01\/23\/poziv-privrednicima-za-clanstvo-u-privrednom-savjetu-opcine-doboj-jug\/"},"author":{"name":"Redakcija","@id":"https:\/\/zosradio.ba\/#\/schema\/person\/969b476cc96d10b46964da86b3987f7e"},"headline":"Poziv privrednicima za \u010dlanstvo u Privrednom savjetu Op\u0107ine Doboj Jug","datePublished":"2026-01-23T13:02:40+00:00","mainEntityOfPage":{"@id":"https:\/\/zosradio.ba\/index.php\/2026\/01\/23\/poziv-privrednicima-za-clanstvo-u-privrednom-savjetu-opcine-doboj-jug\/"},"wordCount":190,"image":{"@id":"https:\/\/zosradio.ba\/index.php\/2026\/01\/23\/poziv-privrednicima-za-clanstvo-u-privrednom-savjetu-opcine-doboj-jug\/#primaryimage"},"thumbnailUrl":"https:\/\/zosradio.ba\/wp-content\/uploads\/2023\/07\/20230614_085646_PerfectlyClear.jpg","keywords":["Doboj Jug"],"articleSection":["Bosna i Hercegovina"],"inLanguage":"bs-BA"},{"@type":"WebPage","@id":"https:\/\/zosradio.ba\/index.php\/2026\/01\/23\/poziv-privrednicima-za-clanstvo-u-privrednom-savjetu-opcine-doboj-jug\/","url":"https:\/\/zosradio.ba\/index.php\/2026\/01\/23\/poziv-privrednicima-za-clanstvo-u-privrednom-savjetu-opcine-doboj-jug\/","name":"Poziv privrednicima za \u010dlanstvo u Privrednom savjetu Op\u0107ine Doboj Jug","isPartOf":{"@id":"https:\/\/zosradio.ba\/#website"},"primaryImageOfPage":{"@id":"https:\/\/zosradio.ba\/index.php\/2026\/01\/23\/poziv-privrednicima-za-clanstvo-u-privrednom-savjetu-opcine-doboj-jug\/#primaryimage"},"image":{"@id":"https:\/\/zosradio.ba\/index.php\/2026\/01\/23\/poziv-privrednicima-za-clanstvo-u-privrednom-savjetu-opcine-doboj-jug\/#primaryimage"},"thumbnailUrl":"https:\/\/zosradio.ba\/wp-content\/uploads\/2023\/07\/20230614_085646_PerfectlyClear.jpg","datePublished":"2026-01-23T13:02:40+00:00","author":{"@id":"https:\/\/zosradio.ba\/#\/schema\/person\/969b476cc96d10b46964da86b3987f7e"},"description":"Op\u0107ina Doboj Jug pokrenula je inicijativu za osnivanje Privrednog savjeta s ciljem ja\u010danja saradnje izme\u0111u lokalne samouprave i privrednog sektora. U","breadcrumb":{"@id":"https:\/\/zosradio.ba\/index.php\/2026\/01\/23\/poziv-privrednicima-za-clanstvo-u-privrednom-savjetu-opcine-doboj-jug\/#breadcrumb"},"inLanguage":"bs-BA","potentialAction":[{"@type":"ReadAction","target":["https:\/\/zosradio.ba\/index.php\/2026\/01\/23\/poziv-privrednicima-za-clanstvo-u-privrednom-savjetu-opcine-doboj-jug\/"]}]},{"@type":"ImageObject","inLanguage":"bs-BA","@id":"https:\/\/zosradio.ba\/index.php\/2026\/01\/23\/poziv-privrednicima-za-clanstvo-u-privrednom-savjetu-opcine-doboj-jug\/#primaryimage","url":"https:\/\/zosradio.ba\/wp-content\/uploads\/2023\/07\/20230614_085646_PerfectlyClear.jpg","contentUrl":"https:\/\/zosradio.ba\/wp-content\/uploads\/2023\/07\/20230614_085646_PerfectlyClear.jpg","width":1200,"height":675,"caption":"Doboj Jug (Foto: R.V.\/zosradio.ba)"},{"@type":"BreadcrumbList","@id":"https:\/\/zosradio.ba\/index.php\/2026\/01\/23\/poziv-privrednicima-za-clanstvo-u-privrednom-savjetu-opcine-doboj-jug\/#breadcrumb","itemListElement":[{"@type":"ListItem","position":1,"name":"Home","item":"https:\/\/zosradio.ba\/"},{"@type":"ListItem","position":2,"name":"Poziv privrednicima za \u010dlanstvo u Privrednom savjetu Op\u0107ine Doboj Jug"}]},{"@type":"WebSite","@id":"https:\/\/zosradio.ba\/#website","url":"https:\/\/zosradio.ba\/","name":"ZOS radio","description":"Mjesto provjerenih informacija","potentialAction":[{"@type":"SearchAction","target":{"@type":"EntryPoint","urlTemplate":"https:\/\/zosradio.ba\/?s={search_term_string}"},"query-input":{"@type":"PropertyValueSpecification","valueRequired":true,"valueName":"search_term_string"}}],"inLanguage":"bs-BA"},{"@type":"Person","@id":"https:\/\/zosradio.ba\/#\/schema\/person\/969b476cc96d10b46964da86b3987f7e","name":"Redakcija","image":{"@type":"ImageObject","inLanguage":"bs-BA","@id":"https:\/\/secure.gravatar.com\/avatar\/b6dcae4aefbd26fbbf5cd5f24d98b246488432fc47a791123ad8639c99f9a13a?s=96&d=mm&r=g","url":"https:\/\/secure.gravatar.com\/avatar\/b6dcae4aefbd26fbbf5cd5f24d98b246488432fc47a791123ad8639c99f9a13a?s=96&d=mm&r=g","contentUrl":"https:\/\/secure.gravatar.com\/avatar\/b6dcae4aefbd26fbbf5cd5f24d98b246488432fc47a791123ad8639c99f9a13a?s=96&d=mm&r=g","caption":"Redakcija"},"url":"https:\/\/zosradio.ba\/index.php\/author\/rifavhotmail-com\/"}]}},"_links":{"self":[{"href":"https:\/\/zosradio.ba\/index.php\/wp-json\/wp\/v2\/posts\/186195","targetHints":{"allow":["GET"]}}],"collection":[{"href":"https:\/\/zosradio.ba\/index.php\/wp-json\/wp\/v2\/posts"}],"about":[{"href":"https:\/\/zosradio.ba\/index.php\/wp-json\/wp\/v2\/types\/post"}],"author":[{"embeddable":true,"href":"https:\/\/zosradio.ba\/index.php\/wp-json\/wp\/v2\/users\/3"}],"replies":[{"embeddable":true,"href":"https:\/\/zosradio.ba\/index.php\/wp-json\/wp\/v2\/comments?post=186195"}],"version-history":[{"count":1,"href":"https:\/\/zosradio.ba\/index.php\/wp-json\/wp\/v2\/posts\/186195\/revisions"}],"predecessor-version":[{"id":186197,"href":"https:\/\/zosradio.ba\/index.php\/wp-json\/wp\/v2\/posts\/186195\/revisions\/186197"}],"wp:featuredmedia":[{"embeddable":true,"href":"https:\/\/zosradio.ba\/index.php\/wp-json\/wp\/v2\/media\/142485"}],"wp:attachment":[{"href":"https:\/\/zosradio.ba\/index.php\/wp-json\/wp\/v2\/media?parent=186195"}],"wp:term":[{"taxonomy":"category","embeddable":true,"href":"https:\/\/zosradio.ba\/index.php\/wp-json\/wp\/v2\/categories?post=186195"},{"taxonomy":"post_tag","embeddable":true,"href":"https:\/\/zosradio.ba\/index.php\/wp-json\/wp\/v2\/tags?post=186195"}],"curies":[{"name":"wp","href":"https:\/\/api.w.org\/{rel}","templated":true}]}}