{"id":188672,"date":"2026-03-17T12:37:06","date_gmt":"2026-03-17T11:37:06","guid":{"rendered":"https:\/\/zosradio.ba\/?p=188672"},"modified":"2026-03-17T12:37:06","modified_gmt":"2026-03-17T11:37:06","slug":"maglaj-ostecena-skola-i-automobil-policija-istrazuje-dva-slucaja","status":"publish","type":"post","link":"https:\/\/zosradio.ba\/index.php\/2026\/03\/17\/maglaj-ostecena-skola-i-automobil-policija-istrazuje-dva-slucaja\/","title":{"rendered":"Maglaj: O\u0161te\u0107ena \u0161kola i automobil, policija istra\u017euje dva slu\u010daja"},"content":{"rendered":"<p data-start=\"82\" data-end=\"241\">Na podru\u010dju <strong data-start=\"108\" data-end=\"119\">Maglaja<\/strong> zabilje\u017eena su dva slu\u010daja o\u0161te\u0107enja imovine, potvr\u0111eno je iz <a href=\"https:\/\/www.mupzdk.gov.ba\/index.php\/vijesti\/vijesti-122\/5126-bilten-za-16-03-2026-godine\">Ministarstva unutra\u0161njih poslova Zeni\u010dko-dobojskog kantona.<\/a><\/p>\n<p data-start=\"243\" data-end=\"436\">U prvom slu\u010daju, Policijskoj stanici <a href=\"https:\/\/zosradio.ba\/index.php\/2026\/01\/21\/planska-iskljucenja-elektricne-energije-u-maglaju-u-cetvrtak-22-januara\/\">Maglaj<\/a> obratio se I.V. (1968.) iz Maglaja, koji je prijavio da je nepoznata osoba razbila staklo na ulaznim vratima Podru\u010dne osnovne \u0161kole u mjestu Fojnica.<\/p>\n<p data-start=\"438\" data-end=\"570\">Istog dana, u mjestu Bistrica, \u010c.Z. (1969.) iz Banovi\u0107a o\u0161tetio je putni\u010dko motorno vozilo marke \u201eVolvo\u201c, vlasni\u0161tvo P.D. iz Doboja.<\/p>\n<p data-start=\"572\" data-end=\"736\" data-is-last-node=\"\" data-is-only-node=\"\">U oba slu\u010daja izvr\u0161en je uvi\u0111aj, a policijski slu\u017ebenici Policijske stanice Maglaj nastavljaju aktivnosti na dokumentovanju krivi\u010dnih djela \u201eO\u0161te\u0107enje tu\u0111e stvari\u201c.<\/p>\n","protected":false},"excerpt":{"rendered":"<p>Na podru\u010dju Maglaja zabilje\u017eena su dva slu\u010daja o\u0161te\u0107enja imovine, potvr\u0111eno je iz Ministarstva unutra\u0161njih poslova Zeni\u010dko-dobojskog kantona. U prvom slu\u010daju, Policijskoj stanici Maglaj obratio se I.V. (1968.) iz Maglaja, koji je prijavio da je nepoznata osoba razbila staklo na ulaznim vratima Podru\u010dne osnovne \u0161kole u mjestu Fojnica. Istog dana, u mjestu Bistrica, \u010c.Z. (1969.) iz [&hellip;]<\/p>\n","protected":false},"author":66,"featured_media":174442,"comment_status":"closed","ping_status":"closed","sticky":false,"template":"","format":"standard","meta":{"_acf_changed":false,"footnotes":""},"categories":[47],"tags":[514],"class_list":{"0":"post-188672","1":"post","2":"type-post","3":"status-publish","4":"format-standard","5":"has-post-thumbnail","7":"category-crna-hronika","8":"tag-maglaj"},"acf":[],"yoast_head":"<!-- This site is optimized with the Yoast SEO Premium plugin v27.4 (Yoast SEO v27.4) - https:\/\/yoast.com\/product\/yoast-seo-premium-wordpress\/ -->\n<title>Maglaj: O\u0161te\u0107ena \u0161kola i automobil, policija istra\u017euje dva slu\u010daja<\/title>\n<meta name=\"description\" content=\"Na podru\u010dju Maglaja zabilje\u017eena su dva slu\u010daja o\u0161te\u0107enja imovine, potvr\u0111eno je iz Ministarstva unutra\u0161njih poslova Zeni\u010dko-dobojskog kantona. U prvom\" \/>\n<meta name=\"robots\" content=\"index, follow, max-snippet:-1, max-image-preview:large, max-video-preview:-1\" \/>\n<link rel=\"canonical\" href=\"https:\/\/zosradio.ba\/index.php\/2026\/03\/17\/maglaj-ostecena-skola-i-automobil-policija-istrazuje-dva-slucaja\/\" \/>\n<meta property=\"og:locale\" content=\"bs_BA\" \/>\n<meta property=\"og:type\" content=\"article\" \/>\n<meta property=\"og:title\" content=\"Maglaj: O\u0161te\u0107ena \u0161kola i automobil, policija istra\u017euje dva slu\u010daja\" \/>\n<meta property=\"og:description\" content=\"Na podru\u010dju Maglaja zabilje\u017eena su dva slu\u010daja o\u0161te\u0107enja imovine, potvr\u0111eno je iz Ministarstva unutra\u0161njih poslova Zeni\u010dko-dobojskog kantona. U prvom\" \/>\n<meta property=\"og:url\" content=\"https:\/\/zosradio.ba\/index.php\/2026\/03\/17\/maglaj-ostecena-skola-i-automobil-policija-istrazuje-dva-slucaja\/\" \/>\n<meta property=\"og:site_name\" content=\"ZOS radio\" \/>\n<meta property=\"article:publisher\" content=\"https:\/\/www.facebook.com\/zosradio\" \/>\n<meta property=\"article:published_time\" content=\"2026-03-17T11:37:06+00:00\" \/>\n<meta property=\"og:image\" content=\"https:\/\/zosradio.ba\/wp-content\/uploads\/2025\/05\/maglaj5.jpg\" \/>\n\t<meta property=\"og:image:width\" content=\"1200\" \/>\n\t<meta property=\"og:image:height\" content=\"630\" \/>\n\t<meta property=\"og:image:type\" content=\"image\/jpeg\" \/>\n<meta name=\"author\" content=\"ZOS Radio\" \/>\n<meta name=\"twitter:card\" content=\"summary_large_image\" \/>\n<meta name=\"twitter:label1\" content=\"Written by\" \/>\n\t<meta name=\"twitter:data1\" content=\"ZOS Radio\" \/>\n\t<meta name=\"twitter:label2\" content=\"Est. reading time\" \/>\n\t<meta name=\"twitter:data2\" content=\"1 minuta\" \/>\n<script type=\"application\/ld+json\" class=\"yoast-schema-graph\">{\"@context\":\"https:\\\/\\\/schema.org\",\"@graph\":[{\"@type\":\"Article\",\"@id\":\"https:\\\/\\\/zosradio.ba\\\/index.php\\\/2026\\\/03\\\/17\\\/maglaj-ostecena-skola-i-automobil-policija-istrazuje-dva-slucaja\\\/#article\",\"isPartOf\":{\"@id\":\"https:\\\/\\\/zosradio.ba\\\/index.php\\\/2026\\\/03\\\/17\\\/maglaj-ostecena-skola-i-automobil-policija-istrazuje-dva-slucaja\\\/\"},\"author\":{\"name\":\"ZOS Radio\",\"@id\":\"https:\\\/\\\/zosradio.ba\\\/#\\\/schema\\\/person\\\/a50f918510fbc1657e429005a9fa2f3f\"},\"headline\":\"Maglaj: O\u0161te\u0107ena \u0161kola i automobil, policija istra\u017euje dva slu\u010daja\",\"datePublished\":\"2026-03-17T11:37:06+00:00\",\"mainEntityOfPage\":{\"@id\":\"https:\\\/\\\/zosradio.ba\\\/index.php\\\/2026\\\/03\\\/17\\\/maglaj-ostecena-skola-i-automobil-policija-istrazuje-dva-slucaja\\\/\"},\"wordCount\":123,\"image\":{\"@id\":\"https:\\\/\\\/zosradio.ba\\\/index.php\\\/2026\\\/03\\\/17\\\/maglaj-ostecena-skola-i-automobil-policija-istrazuje-dva-slucaja\\\/#primaryimage\"},\"thumbnailUrl\":\"https:\\\/\\\/zosradio.ba\\\/wp-content\\\/uploads\\\/2025\\\/05\\\/maglaj5.jpg\",\"keywords\":[\"Maglaj\"],\"articleSection\":[\"Crna hronika\"],\"inLanguage\":\"bs-BA\"},{\"@type\":\"WebPage\",\"@id\":\"https:\\\/\\\/zosradio.ba\\\/index.php\\\/2026\\\/03\\\/17\\\/maglaj-ostecena-skola-i-automobil-policija-istrazuje-dva-slucaja\\\/\",\"url\":\"https:\\\/\\\/zosradio.ba\\\/index.php\\\/2026\\\/03\\\/17\\\/maglaj-ostecena-skola-i-automobil-policija-istrazuje-dva-slucaja\\\/\",\"name\":\"Maglaj: O\u0161te\u0107ena \u0161kola i automobil, policija istra\u017euje dva slu\u010daja\",\"isPartOf\":{\"@id\":\"https:\\\/\\\/zosradio.ba\\\/#website\"},\"primaryImageOfPage\":{\"@id\":\"https:\\\/\\\/zosradio.ba\\\/index.php\\\/2026\\\/03\\\/17\\\/maglaj-ostecena-skola-i-automobil-policija-istrazuje-dva-slucaja\\\/#primaryimage\"},\"image\":{\"@id\":\"https:\\\/\\\/zosradio.ba\\\/index.php\\\/2026\\\/03\\\/17\\\/maglaj-ostecena-skola-i-automobil-policija-istrazuje-dva-slucaja\\\/#primaryimage\"},\"thumbnailUrl\":\"https:\\\/\\\/zosradio.ba\\\/wp-content\\\/uploads\\\/2025\\\/05\\\/maglaj5.jpg\",\"datePublished\":\"2026-03-17T11:37:06+00:00\",\"author\":{\"@id\":\"https:\\\/\\\/zosradio.ba\\\/#\\\/schema\\\/person\\\/a50f918510fbc1657e429005a9fa2f3f\"},\"description\":\"Na podru\u010dju Maglaja zabilje\u017eena su dva slu\u010daja o\u0161te\u0107enja imovine, potvr\u0111eno je iz Ministarstva unutra\u0161njih poslova Zeni\u010dko-dobojskog kantona. U prvom\",\"breadcrumb\":{\"@id\":\"https:\\\/\\\/zosradio.ba\\\/index.php\\\/2026\\\/03\\\/17\\\/maglaj-ostecena-skola-i-automobil-policija-istrazuje-dva-slucaja\\\/#breadcrumb\"},\"inLanguage\":\"bs-BA\",\"potentialAction\":[{\"@type\":\"ReadAction\",\"target\":[\"https:\\\/\\\/zosradio.ba\\\/index.php\\\/2026\\\/03\\\/17\\\/maglaj-ostecena-skola-i-automobil-policija-istrazuje-dva-slucaja\\\/\"]}]},{\"@type\":\"ImageObject\",\"inLanguage\":\"bs-BA\",\"@id\":\"https:\\\/\\\/zosradio.ba\\\/index.php\\\/2026\\\/03\\\/17\\\/maglaj-ostecena-skola-i-automobil-policija-istrazuje-dva-slucaja\\\/#primaryimage\",\"url\":\"https:\\\/\\\/zosradio.ba\\\/wp-content\\\/uploads\\\/2025\\\/05\\\/maglaj5.jpg\",\"contentUrl\":\"https:\\\/\\\/zosradio.ba\\\/wp-content\\\/uploads\\\/2025\\\/05\\\/maglaj5.jpg\",\"width\":1200,\"height\":630,\"caption\":\"Foto: R.V.\\\/zosradio.ba\"},{\"@type\":\"BreadcrumbList\",\"@id\":\"https:\\\/\\\/zosradio.ba\\\/index.php\\\/2026\\\/03\\\/17\\\/maglaj-ostecena-skola-i-automobil-policija-istrazuje-dva-slucaja\\\/#breadcrumb\",\"itemListElement\":[{\"@type\":\"ListItem\",\"position\":1,\"name\":\"Home\",\"item\":\"https:\\\/\\\/zosradio.ba\\\/\"},{\"@type\":\"ListItem\",\"position\":2,\"name\":\"Maglaj: O\u0161te\u0107ena \u0161kola i automobil, policija istra\u017euje dva slu\u010daja\"}]},{\"@type\":\"WebSite\",\"@id\":\"https:\\\/\\\/zosradio.ba\\\/#website\",\"url\":\"https:\\\/\\\/zosradio.ba\\\/\",\"name\":\"ZOS radio\",\"description\":\"Mjesto provjerenih informacija\",\"potentialAction\":[{\"@type\":\"SearchAction\",\"target\":{\"@type\":\"EntryPoint\",\"urlTemplate\":\"https:\\\/\\\/zosradio.ba\\\/?s={search_term_string}\"},\"query-input\":{\"@type\":\"PropertyValueSpecification\",\"valueRequired\":true,\"valueName\":\"search_term_string\"}}],\"inLanguage\":\"bs-BA\"},{\"@type\":\"Person\",\"@id\":\"https:\\\/\\\/zosradio.ba\\\/#\\\/schema\\\/person\\\/a50f918510fbc1657e429005a9fa2f3f\",\"name\":\"ZOS Radio\",\"image\":{\"@type\":\"ImageObject\",\"inLanguage\":\"bs-BA\",\"@id\":\"https:\\\/\\\/secure.gravatar.com\\\/avatar\\\/7b213a81ab39dfd15c7f120e7cbe723535a4890e53338be020252eb0199c3486?s=96&d=mm&r=g\",\"url\":\"https:\\\/\\\/secure.gravatar.com\\\/avatar\\\/7b213a81ab39dfd15c7f120e7cbe723535a4890e53338be020252eb0199c3486?s=96&d=mm&r=g\",\"contentUrl\":\"https:\\\/\\\/secure.gravatar.com\\\/avatar\\\/7b213a81ab39dfd15c7f120e7cbe723535a4890e53338be020252eb0199c3486?s=96&d=mm&r=g\",\"caption\":\"ZOS Radio\"},\"url\":\"https:\\\/\\\/zosradio.ba\\\/index.php\\\/author\\\/zos-radio\\\/\"}]}<\/script>\n<!-- \/ Yoast SEO Premium plugin. -->","yoast_head_json":{"title":"Maglaj: O\u0161te\u0107ena \u0161kola i automobil, policija istra\u017euje dva slu\u010daja","description":"Na podru\u010dju Maglaja zabilje\u017eena su dva slu\u010daja o\u0161te\u0107enja imovine, potvr\u0111eno je iz Ministarstva unutra\u0161njih poslova Zeni\u010dko-dobojskog kantona. U prvom","robots":{"index":"index","follow":"follow","max-snippet":"max-snippet:-1","max-image-preview":"max-image-preview:large","max-video-preview":"max-video-preview:-1"},"canonical":"https:\/\/zosradio.ba\/index.php\/2026\/03\/17\/maglaj-ostecena-skola-i-automobil-policija-istrazuje-dva-slucaja\/","og_locale":"bs_BA","og_type":"article","og_title":"Maglaj: O\u0161te\u0107ena \u0161kola i automobil, policija istra\u017euje dva slu\u010daja","og_description":"Na podru\u010dju Maglaja zabilje\u017eena su dva slu\u010daja o\u0161te\u0107enja imovine, potvr\u0111eno je iz Ministarstva unutra\u0161njih poslova Zeni\u010dko-dobojskog kantona. U prvom","og_url":"https:\/\/zosradio.ba\/index.php\/2026\/03\/17\/maglaj-ostecena-skola-i-automobil-policija-istrazuje-dva-slucaja\/","og_site_name":"ZOS radio","article_publisher":"https:\/\/www.facebook.com\/zosradio","article_published_time":"2026-03-17T11:37:06+00:00","og_image":[{"width":1200,"height":630,"url":"https:\/\/zosradio.ba\/wp-content\/uploads\/2025\/05\/maglaj5.jpg","type":"image\/jpeg"}],"author":"ZOS Radio","twitter_card":"summary_large_image","twitter_misc":{"Written by":"ZOS Radio","Est. reading time":"1 minuta"},"schema":{"@context":"https:\/\/schema.org","@graph":[{"@type":"Article","@id":"https:\/\/zosradio.ba\/index.php\/2026\/03\/17\/maglaj-ostecena-skola-i-automobil-policija-istrazuje-dva-slucaja\/#article","isPartOf":{"@id":"https:\/\/zosradio.ba\/index.php\/2026\/03\/17\/maglaj-ostecena-skola-i-automobil-policija-istrazuje-dva-slucaja\/"},"author":{"name":"ZOS Radio","@id":"https:\/\/zosradio.ba\/#\/schema\/person\/a50f918510fbc1657e429005a9fa2f3f"},"headline":"Maglaj: O\u0161te\u0107ena \u0161kola i automobil, policija istra\u017euje dva slu\u010daja","datePublished":"2026-03-17T11:37:06+00:00","mainEntityOfPage":{"@id":"https:\/\/zosradio.ba\/index.php\/2026\/03\/17\/maglaj-ostecena-skola-i-automobil-policija-istrazuje-dva-slucaja\/"},"wordCount":123,"image":{"@id":"https:\/\/zosradio.ba\/index.php\/2026\/03\/17\/maglaj-ostecena-skola-i-automobil-policija-istrazuje-dva-slucaja\/#primaryimage"},"thumbnailUrl":"https:\/\/zosradio.ba\/wp-content\/uploads\/2025\/05\/maglaj5.jpg","keywords":["Maglaj"],"articleSection":["Crna hronika"],"inLanguage":"bs-BA"},{"@type":"WebPage","@id":"https:\/\/zosradio.ba\/index.php\/2026\/03\/17\/maglaj-ostecena-skola-i-automobil-policija-istrazuje-dva-slucaja\/","url":"https:\/\/zosradio.ba\/index.php\/2026\/03\/17\/maglaj-ostecena-skola-i-automobil-policija-istrazuje-dva-slucaja\/","name":"Maglaj: O\u0161te\u0107ena \u0161kola i automobil, policija istra\u017euje dva slu\u010daja","isPartOf":{"@id":"https:\/\/zosradio.ba\/#website"},"primaryImageOfPage":{"@id":"https:\/\/zosradio.ba\/index.php\/2026\/03\/17\/maglaj-ostecena-skola-i-automobil-policija-istrazuje-dva-slucaja\/#primaryimage"},"image":{"@id":"https:\/\/zosradio.ba\/index.php\/2026\/03\/17\/maglaj-ostecena-skola-i-automobil-policija-istrazuje-dva-slucaja\/#primaryimage"},"thumbnailUrl":"https:\/\/zosradio.ba\/wp-content\/uploads\/2025\/05\/maglaj5.jpg","datePublished":"2026-03-17T11:37:06+00:00","author":{"@id":"https:\/\/zosradio.ba\/#\/schema\/person\/a50f918510fbc1657e429005a9fa2f3f"},"description":"Na podru\u010dju Maglaja zabilje\u017eena su dva slu\u010daja o\u0161te\u0107enja imovine, potvr\u0111eno je iz Ministarstva unutra\u0161njih poslova Zeni\u010dko-dobojskog kantona. U prvom","breadcrumb":{"@id":"https:\/\/zosradio.ba\/index.php\/2026\/03\/17\/maglaj-ostecena-skola-i-automobil-policija-istrazuje-dva-slucaja\/#breadcrumb"},"inLanguage":"bs-BA","potentialAction":[{"@type":"ReadAction","target":["https:\/\/zosradio.ba\/index.php\/2026\/03\/17\/maglaj-ostecena-skola-i-automobil-policija-istrazuje-dva-slucaja\/"]}]},{"@type":"ImageObject","inLanguage":"bs-BA","@id":"https:\/\/zosradio.ba\/index.php\/2026\/03\/17\/maglaj-ostecena-skola-i-automobil-policija-istrazuje-dva-slucaja\/#primaryimage","url":"https:\/\/zosradio.ba\/wp-content\/uploads\/2025\/05\/maglaj5.jpg","contentUrl":"https:\/\/zosradio.ba\/wp-content\/uploads\/2025\/05\/maglaj5.jpg","width":1200,"height":630,"caption":"Foto: R.V.\/zosradio.ba"},{"@type":"BreadcrumbList","@id":"https:\/\/zosradio.ba\/index.php\/2026\/03\/17\/maglaj-ostecena-skola-i-automobil-policija-istrazuje-dva-slucaja\/#breadcrumb","itemListElement":[{"@type":"ListItem","position":1,"name":"Home","item":"https:\/\/zosradio.ba\/"},{"@type":"ListItem","position":2,"name":"Maglaj: O\u0161te\u0107ena \u0161kola i automobil, policija istra\u017euje dva slu\u010daja"}]},{"@type":"WebSite","@id":"https:\/\/zosradio.ba\/#website","url":"https:\/\/zosradio.ba\/","name":"ZOS radio","description":"Mjesto provjerenih informacija","potentialAction":[{"@type":"SearchAction","target":{"@type":"EntryPoint","urlTemplate":"https:\/\/zosradio.ba\/?s={search_term_string}"},"query-input":{"@type":"PropertyValueSpecification","valueRequired":true,"valueName":"search_term_string"}}],"inLanguage":"bs-BA"},{"@type":"Person","@id":"https:\/\/zosradio.ba\/#\/schema\/person\/a50f918510fbc1657e429005a9fa2f3f","name":"ZOS Radio","image":{"@type":"ImageObject","inLanguage":"bs-BA","@id":"https:\/\/secure.gravatar.com\/avatar\/7b213a81ab39dfd15c7f120e7cbe723535a4890e53338be020252eb0199c3486?s=96&d=mm&r=g","url":"https:\/\/secure.gravatar.com\/avatar\/7b213a81ab39dfd15c7f120e7cbe723535a4890e53338be020252eb0199c3486?s=96&d=mm&r=g","contentUrl":"https:\/\/secure.gravatar.com\/avatar\/7b213a81ab39dfd15c7f120e7cbe723535a4890e53338be020252eb0199c3486?s=96&d=mm&r=g","caption":"ZOS Radio"},"url":"https:\/\/zosradio.ba\/index.php\/author\/zos-radio\/"}]}},"_links":{"self":[{"href":"https:\/\/zosradio.ba\/index.php\/wp-json\/wp\/v2\/posts\/188672","targetHints":{"allow":["GET"]}}],"collection":[{"href":"https:\/\/zosradio.ba\/index.php\/wp-json\/wp\/v2\/posts"}],"about":[{"href":"https:\/\/zosradio.ba\/index.php\/wp-json\/wp\/v2\/types\/post"}],"author":[{"embeddable":true,"href":"https:\/\/zosradio.ba\/index.php\/wp-json\/wp\/v2\/users\/66"}],"replies":[{"embeddable":true,"href":"https:\/\/zosradio.ba\/index.php\/wp-json\/wp\/v2\/comments?post=188672"}],"version-history":[{"count":1,"href":"https:\/\/zosradio.ba\/index.php\/wp-json\/wp\/v2\/posts\/188672\/revisions"}],"predecessor-version":[{"id":188673,"href":"https:\/\/zosradio.ba\/index.php\/wp-json\/wp\/v2\/posts\/188672\/revisions\/188673"}],"wp:featuredmedia":[{"embeddable":true,"href":"https:\/\/zosradio.ba\/index.php\/wp-json\/wp\/v2\/media\/174442"}],"wp:attachment":[{"href":"https:\/\/zosradio.ba\/index.php\/wp-json\/wp\/v2\/media?parent=188672"}],"wp:term":[{"taxonomy":"category","embeddable":true,"href":"https:\/\/zosradio.ba\/index.php\/wp-json\/wp\/v2\/categories?post=188672"},{"taxonomy":"post_tag","embeddable":true,"href":"https:\/\/zosradio.ba\/index.php\/wp-json\/wp\/v2\/tags?post=188672"}],"curies":[{"name":"wp","href":"https:\/\/api.w.org\/{rel}","templated":true}]}}