{"id":189110,"date":"2026-03-24T10:06:06","date_gmt":"2026-03-24T09:06:06","guid":{"rendered":"https:\/\/zosradio.ba\/?p=189110"},"modified":"2026-03-24T10:06:06","modified_gmt":"2026-03-24T09:06:06","slug":"maglaj-maloljetnik-vozio-mercedes-pronadjena-droga-uhapsena-jedna-osoba-prijavljena-i-kradja","status":"publish","type":"post","link":"https:\/\/zosradio.ba\/index.php\/2026\/03\/24\/maglaj-maloljetnik-vozio-mercedes-pronadjena-droga-uhapsena-jedna-osoba-prijavljena-i-kradja\/","title":{"rendered":"Maglaj: Maloljetnik vozio Mercedes, prona\u0111ena droga \u2013 uhap\u0161ena jedna osoba, prijavljena i kra\u0111a"},"content":{"rendered":"<p data-start=\"101\" data-end=\"273\"><strong>Na podru\u010dju <span class=\"hover:entity-accent entity-underline inline cursor-pointer align-baseline\"><span class=\"whitespace-normal\">Maglaja<\/span><\/span> zabilje\u017eena su dva odvojena incidenta tokom 23. marta 2026. godine, potvr\u0111eno je iz <a href=\"https:\/\/www.mupzdk.gov.ba\/index.php\/vijesti\/vijesti-122\/5136-bilten-za-23-03-2026-godine\"><span class=\"hover:entity-accent entity-underline inline cursor-pointer align-baseline\"><span class=\"whitespace-normal\">Ministarstva unutra\u0161njih poslova Zeni\u010dko-dobojskog kantona<\/span><\/span>.<\/a><\/strong><\/p>\n<p data-start=\"275\" data-end=\"527\">U ranim jutarnjim satima, oko 02:15, u mjestu Lije\u0161nica policijski slu\u017ebenici su kontrolisali putni\u010dko vozilo marke \u201eMercedes\u201c, kojim je upravljalo maloljetno lice M.A. (2007) iz Maglaja. U vozilu se nalazio i saputnik S.A. (1990), tako\u0111er iz Maglaja.<\/p>\n<p data-start=\"529\" data-end=\"965\">Prilikom pregleda vozila i lica prona\u0111ena je materija koja svojim izgledom asocira na opojnu drogu. Zbog sumnje da je po\u010dinio krivi\u010dno djelo \u201ePosjedovanje i omogu\u0107avanje u\u017eivanja opojne droge\u201c, lice S.A. je li\u0161eno slobode i zadr\u017eano u policijskim prostorijama, gdje je nad njim provedena kriminalisti\u010dka obrada. Uvi\u0111aj su izvr\u0161ili slu\u017ebenici Policijske stanice Maglaj, koji nastavljaju daljnje aktivnosti na dokumentovanju ovog slu\u010daja.<\/p>\n<p data-start=\"967\" data-end=\"1153\">Istog dana, u ve\u010dernjim satima oko 19:30, Policijskoj stanici Maglaj obratilo se lice H.S. (1999), koje je prijavilo da mu je drugo lice, tako\u0111er inicijala H.S., otu\u0111ilo mobilni telefon.<\/p>\n<p data-start=\"1155\" data-end=\"1233\" data-is-last-node=\"\" data-is-only-node=\"\">Policija je izvr\u0161ila uvi\u0111aj i radi na rasvjetljavanju krivi\u010dnog djela \u201eKra\u0111a\u201c.<\/p>\n","protected":false},"excerpt":{"rendered":"<p>Na podru\u010dju Maglaja zabilje\u017eena su dva odvojena incidenta tokom 23. marta 2026. godine, potvr\u0111eno je iz Ministarstva unutra\u0161njih poslova Zeni\u010dko-dobojskog kantona. U ranim jutarnjim satima, oko 02:15, u mjestu Lije\u0161nica policijski slu\u017ebenici su kontrolisali putni\u010dko vozilo marke \u201eMercedes\u201c, kojim je upravljalo maloljetno lice M.A. (2007) iz Maglaja. U vozilu se nalazio i saputnik S.A. (1990), [&hellip;]<\/p>\n","protected":false},"author":3,"featured_media":174439,"comment_status":"closed","ping_status":"closed","sticky":false,"template":"","format":"standard","meta":{"_acf_changed":false,"footnotes":""},"categories":[47],"tags":[514],"class_list":["post-189110","post","type-post","status-publish","format-standard","has-post-thumbnail","category-crna-hronika","tag-maglaj"],"acf":[],"yoast_head":"<!-- This site is optimized with the Yoast SEO Premium plugin v28.3 (Yoast SEO v28.3) - https:\/\/yoast.com\/product\/yoast-seo-premium-wordpress\/ -->\n<title>Maglaj: Maloljetnik vozio Mercedes, prona\u0111ena droga \u2013 uhap\u0161ena jedna osoba, prijavljena i kra\u0111a<\/title>\n<meta name=\"description\" content=\"Na podru\u010dju Maglaja zabilje\u017eena su dva odvojena incidenta tokom 23. marta 2026. godine, potvr\u0111eno je iz Ministarstva unutra\u0161njih poslova Zeni\u010dko-dobojskog\" \/>\n<meta name=\"robots\" content=\"index, follow, max-snippet:-1, max-image-preview:large, max-video-preview:-1\" \/>\n<link rel=\"canonical\" href=\"https:\/\/zosradio.ba\/index.php\/2026\/03\/24\/maglaj-maloljetnik-vozio-mercedes-pronadjena-droga-uhapsena-jedna-osoba-prijavljena-i-kradja\/\" \/>\n<meta property=\"og:locale\" content=\"bs_BA\" \/>\n<meta property=\"og:type\" content=\"article\" \/>\n<meta property=\"og:title\" content=\"Maglaj: Maloljetnik vozio Mercedes, prona\u0111ena droga \u2013 uhap\u0161ena jedna osoba, prijavljena i kra\u0111a\" \/>\n<meta property=\"og:description\" content=\"Na podru\u010dju Maglaja zabilje\u017eena su dva odvojena incidenta tokom 23. marta 2026. godine, potvr\u0111eno je iz Ministarstva unutra\u0161njih poslova Zeni\u010dko-dobojskog\" \/>\n<meta property=\"og:url\" content=\"https:\/\/zosradio.ba\/index.php\/2026\/03\/24\/maglaj-maloljetnik-vozio-mercedes-pronadjena-droga-uhapsena-jedna-osoba-prijavljena-i-kradja\/\" \/>\n<meta property=\"og:site_name\" content=\"ZOS radio\" \/>\n<meta property=\"article:publisher\" content=\"https:\/\/www.facebook.com\/zosradio\" \/>\n<meta property=\"article:published_time\" content=\"2026-03-24T09:06:06+00:00\" \/>\n<meta property=\"og:image\" content=\"https:\/\/zosradio.ba\/wp-content\/uploads\/2025\/05\/maglaj2.jpg\" \/>\n\t<meta property=\"og:image:width\" content=\"1200\" \/>\n\t<meta property=\"og:image:height\" content=\"630\" \/>\n\t<meta property=\"og:image:type\" content=\"image\/jpeg\" \/>\n<meta name=\"author\" content=\"Redakcija\" \/>\n<meta name=\"twitter:card\" content=\"summary_large_image\" \/>\n<meta name=\"twitter:label1\" content=\"Written by\" \/>\n\t<meta name=\"twitter:data1\" content=\"Redakcija\" \/>\n\t<meta name=\"twitter:label2\" content=\"Est. reading time\" \/>\n\t<meta name=\"twitter:data2\" content=\"2 minute\" \/>\n<script type=\"application\/ld+json\" class=\"yoast-schema-graph\">{\"@context\":\"https:\\\/\\\/schema.org\",\"@graph\":[{\"@type\":\"Article\",\"@id\":\"https:\\\/\\\/zosradio.ba\\\/index.php\\\/2026\\\/03\\\/24\\\/maglaj-maloljetnik-vozio-mercedes-pronadjena-droga-uhapsena-jedna-osoba-prijavljena-i-kradja\\\/#article\",\"isPartOf\":{\"@id\":\"https:\\\/\\\/zosradio.ba\\\/index.php\\\/2026\\\/03\\\/24\\\/maglaj-maloljetnik-vozio-mercedes-pronadjena-droga-uhapsena-jedna-osoba-prijavljena-i-kradja\\\/\"},\"author\":{\"name\":\"Redakcija\",\"@id\":\"https:\\\/\\\/zosradio.ba\\\/#\\\/schema\\\/person\\\/969b476cc96d10b46964da86b3987f7e\"},\"headline\":\"Maglaj: Maloljetnik vozio Mercedes, prona\u0111ena droga \u2013 uhap\u0161ena jedna osoba, prijavljena i kra\u0111a\",\"datePublished\":\"2026-03-24T09:06:06+00:00\",\"mainEntityOfPage\":{\"@id\":\"https:\\\/\\\/zosradio.ba\\\/index.php\\\/2026\\\/03\\\/24\\\/maglaj-maloljetnik-vozio-mercedes-pronadjena-droga-uhapsena-jedna-osoba-prijavljena-i-kradja\\\/\"},\"wordCount\":199,\"image\":{\"@id\":\"https:\\\/\\\/zosradio.ba\\\/index.php\\\/2026\\\/03\\\/24\\\/maglaj-maloljetnik-vozio-mercedes-pronadjena-droga-uhapsena-jedna-osoba-prijavljena-i-kradja\\\/#primaryimage\"},\"thumbnailUrl\":\"https:\\\/\\\/zosradio.ba\\\/wp-content\\\/uploads\\\/2025\\\/05\\\/maglaj2.jpg\",\"keywords\":[\"Maglaj\"],\"articleSection\":[\"Crna hronika\"],\"inLanguage\":\"bs-BA\"},{\"@type\":\"WebPage\",\"@id\":\"https:\\\/\\\/zosradio.ba\\\/index.php\\\/2026\\\/03\\\/24\\\/maglaj-maloljetnik-vozio-mercedes-pronadjena-droga-uhapsena-jedna-osoba-prijavljena-i-kradja\\\/\",\"url\":\"https:\\\/\\\/zosradio.ba\\\/index.php\\\/2026\\\/03\\\/24\\\/maglaj-maloljetnik-vozio-mercedes-pronadjena-droga-uhapsena-jedna-osoba-prijavljena-i-kradja\\\/\",\"name\":\"Maglaj: Maloljetnik vozio Mercedes, prona\u0111ena droga \u2013 uhap\u0161ena jedna osoba, prijavljena i kra\u0111a\",\"isPartOf\":{\"@id\":\"https:\\\/\\\/zosradio.ba\\\/#website\"},\"primaryImageOfPage\":{\"@id\":\"https:\\\/\\\/zosradio.ba\\\/index.php\\\/2026\\\/03\\\/24\\\/maglaj-maloljetnik-vozio-mercedes-pronadjena-droga-uhapsena-jedna-osoba-prijavljena-i-kradja\\\/#primaryimage\"},\"image\":{\"@id\":\"https:\\\/\\\/zosradio.ba\\\/index.php\\\/2026\\\/03\\\/24\\\/maglaj-maloljetnik-vozio-mercedes-pronadjena-droga-uhapsena-jedna-osoba-prijavljena-i-kradja\\\/#primaryimage\"},\"thumbnailUrl\":\"https:\\\/\\\/zosradio.ba\\\/wp-content\\\/uploads\\\/2025\\\/05\\\/maglaj2.jpg\",\"datePublished\":\"2026-03-24T09:06:06+00:00\",\"author\":{\"@id\":\"https:\\\/\\\/zosradio.ba\\\/#\\\/schema\\\/person\\\/969b476cc96d10b46964da86b3987f7e\"},\"description\":\"Na podru\u010dju Maglaja zabilje\u017eena su dva odvojena incidenta tokom 23. marta 2026. godine, potvr\u0111eno je iz Ministarstva unutra\u0161njih poslova Zeni\u010dko-dobojskog\",\"breadcrumb\":{\"@id\":\"https:\\\/\\\/zosradio.ba\\\/index.php\\\/2026\\\/03\\\/24\\\/maglaj-maloljetnik-vozio-mercedes-pronadjena-droga-uhapsena-jedna-osoba-prijavljena-i-kradja\\\/#breadcrumb\"},\"inLanguage\":\"bs-BA\",\"potentialAction\":[{\"@type\":\"ReadAction\",\"target\":[\"https:\\\/\\\/zosradio.ba\\\/index.php\\\/2026\\\/03\\\/24\\\/maglaj-maloljetnik-vozio-mercedes-pronadjena-droga-uhapsena-jedna-osoba-prijavljena-i-kradja\\\/\"]}]},{\"@type\":\"ImageObject\",\"inLanguage\":\"bs-BA\",\"@id\":\"https:\\\/\\\/zosradio.ba\\\/index.php\\\/2026\\\/03\\\/24\\\/maglaj-maloljetnik-vozio-mercedes-pronadjena-droga-uhapsena-jedna-osoba-prijavljena-i-kradja\\\/#primaryimage\",\"url\":\"https:\\\/\\\/zosradio.ba\\\/wp-content\\\/uploads\\\/2025\\\/05\\\/maglaj2.jpg\",\"contentUrl\":\"https:\\\/\\\/zosradio.ba\\\/wp-content\\\/uploads\\\/2025\\\/05\\\/maglaj2.jpg\",\"width\":1200,\"height\":630,\"caption\":\"Foto: R.V.\\\/zosradio.ba\"},{\"@type\":\"BreadcrumbList\",\"@id\":\"https:\\\/\\\/zosradio.ba\\\/index.php\\\/2026\\\/03\\\/24\\\/maglaj-maloljetnik-vozio-mercedes-pronadjena-droga-uhapsena-jedna-osoba-prijavljena-i-kradja\\\/#breadcrumb\",\"itemListElement\":[{\"@type\":\"ListItem\",\"position\":1,\"name\":\"Home\",\"item\":\"https:\\\/\\\/zosradio.ba\\\/\"},{\"@type\":\"ListItem\",\"position\":2,\"name\":\"Maglaj: Maloljetnik vozio Mercedes, prona\u0111ena droga \u2013 uhap\u0161ena jedna osoba, prijavljena i kra\u0111a\"}]},{\"@type\":\"WebSite\",\"@id\":\"https:\\\/\\\/zosradio.ba\\\/#website\",\"url\":\"https:\\\/\\\/zosradio.ba\\\/\",\"name\":\"ZOS radio\",\"description\":\"Mjesto provjerenih informacija\",\"potentialAction\":[{\"@type\":\"SearchAction\",\"target\":{\"@type\":\"EntryPoint\",\"urlTemplate\":\"https:\\\/\\\/zosradio.ba\\\/?s={search_term_string}\"},\"query-input\":{\"@type\":\"PropertyValueSpecification\",\"valueRequired\":true,\"valueName\":\"search_term_string\"}}],\"inLanguage\":\"bs-BA\"},{\"@type\":\"Person\",\"@id\":\"https:\\\/\\\/zosradio.ba\\\/#\\\/schema\\\/person\\\/969b476cc96d10b46964da86b3987f7e\",\"name\":\"Redakcija\",\"image\":{\"@type\":\"ImageObject\",\"inLanguage\":\"bs-BA\",\"@id\":\"https:\\\/\\\/secure.gravatar.com\\\/avatar\\\/b6dcae4aefbd26fbbf5cd5f24d98b246488432fc47a791123ad8639c99f9a13a?s=96&d=mm&r=g\",\"url\":\"https:\\\/\\\/secure.gravatar.com\\\/avatar\\\/b6dcae4aefbd26fbbf5cd5f24d98b246488432fc47a791123ad8639c99f9a13a?s=96&d=mm&r=g\",\"contentUrl\":\"https:\\\/\\\/secure.gravatar.com\\\/avatar\\\/b6dcae4aefbd26fbbf5cd5f24d98b246488432fc47a791123ad8639c99f9a13a?s=96&d=mm&r=g\",\"caption\":\"Redakcija\"},\"url\":\"https:\\\/\\\/zosradio.ba\\\/index.php\\\/author\\\/rifavhotmail-com\\\/\"}]}<\/script>\n<!-- \/ Yoast SEO Premium plugin. -->","yoast_head_json":{"title":"Maglaj: Maloljetnik vozio Mercedes, prona\u0111ena droga \u2013 uhap\u0161ena jedna osoba, prijavljena i kra\u0111a","description":"Na podru\u010dju Maglaja zabilje\u017eena su dva odvojena incidenta tokom 23. marta 2026. godine, potvr\u0111eno je iz Ministarstva unutra\u0161njih poslova Zeni\u010dko-dobojskog","robots":{"index":"index","follow":"follow","max-snippet":"max-snippet:-1","max-image-preview":"max-image-preview:large","max-video-preview":"max-video-preview:-1"},"canonical":"https:\/\/zosradio.ba\/index.php\/2026\/03\/24\/maglaj-maloljetnik-vozio-mercedes-pronadjena-droga-uhapsena-jedna-osoba-prijavljena-i-kradja\/","og_locale":"bs_BA","og_type":"article","og_title":"Maglaj: Maloljetnik vozio Mercedes, prona\u0111ena droga \u2013 uhap\u0161ena jedna osoba, prijavljena i kra\u0111a","og_description":"Na podru\u010dju Maglaja zabilje\u017eena su dva odvojena incidenta tokom 23. marta 2026. godine, potvr\u0111eno je iz Ministarstva unutra\u0161njih poslova Zeni\u010dko-dobojskog","og_url":"https:\/\/zosradio.ba\/index.php\/2026\/03\/24\/maglaj-maloljetnik-vozio-mercedes-pronadjena-droga-uhapsena-jedna-osoba-prijavljena-i-kradja\/","og_site_name":"ZOS radio","article_publisher":"https:\/\/www.facebook.com\/zosradio","article_published_time":"2026-03-24T09:06:06+00:00","og_image":[{"width":1200,"height":630,"url":"https:\/\/zosradio.ba\/wp-content\/uploads\/2025\/05\/maglaj2.jpg","type":"image\/jpeg"}],"author":"Redakcija","twitter_card":"summary_large_image","twitter_misc":{"Written by":"Redakcija","Est. reading time":"2 minute"},"schema":{"@context":"https:\/\/schema.org","@graph":[{"@type":"Article","@id":"https:\/\/zosradio.ba\/index.php\/2026\/03\/24\/maglaj-maloljetnik-vozio-mercedes-pronadjena-droga-uhapsena-jedna-osoba-prijavljena-i-kradja\/#article","isPartOf":{"@id":"https:\/\/zosradio.ba\/index.php\/2026\/03\/24\/maglaj-maloljetnik-vozio-mercedes-pronadjena-droga-uhapsena-jedna-osoba-prijavljena-i-kradja\/"},"author":{"name":"Redakcija","@id":"https:\/\/zosradio.ba\/#\/schema\/person\/969b476cc96d10b46964da86b3987f7e"},"headline":"Maglaj: Maloljetnik vozio Mercedes, prona\u0111ena droga \u2013 uhap\u0161ena jedna osoba, prijavljena i kra\u0111a","datePublished":"2026-03-24T09:06:06+00:00","mainEntityOfPage":{"@id":"https:\/\/zosradio.ba\/index.php\/2026\/03\/24\/maglaj-maloljetnik-vozio-mercedes-pronadjena-droga-uhapsena-jedna-osoba-prijavljena-i-kradja\/"},"wordCount":199,"image":{"@id":"https:\/\/zosradio.ba\/index.php\/2026\/03\/24\/maglaj-maloljetnik-vozio-mercedes-pronadjena-droga-uhapsena-jedna-osoba-prijavljena-i-kradja\/#primaryimage"},"thumbnailUrl":"https:\/\/zosradio.ba\/wp-content\/uploads\/2025\/05\/maglaj2.jpg","keywords":["Maglaj"],"articleSection":["Crna hronika"],"inLanguage":"bs-BA"},{"@type":"WebPage","@id":"https:\/\/zosradio.ba\/index.php\/2026\/03\/24\/maglaj-maloljetnik-vozio-mercedes-pronadjena-droga-uhapsena-jedna-osoba-prijavljena-i-kradja\/","url":"https:\/\/zosradio.ba\/index.php\/2026\/03\/24\/maglaj-maloljetnik-vozio-mercedes-pronadjena-droga-uhapsena-jedna-osoba-prijavljena-i-kradja\/","name":"Maglaj: Maloljetnik vozio Mercedes, prona\u0111ena droga \u2013 uhap\u0161ena jedna osoba, prijavljena i kra\u0111a","isPartOf":{"@id":"https:\/\/zosradio.ba\/#website"},"primaryImageOfPage":{"@id":"https:\/\/zosradio.ba\/index.php\/2026\/03\/24\/maglaj-maloljetnik-vozio-mercedes-pronadjena-droga-uhapsena-jedna-osoba-prijavljena-i-kradja\/#primaryimage"},"image":{"@id":"https:\/\/zosradio.ba\/index.php\/2026\/03\/24\/maglaj-maloljetnik-vozio-mercedes-pronadjena-droga-uhapsena-jedna-osoba-prijavljena-i-kradja\/#primaryimage"},"thumbnailUrl":"https:\/\/zosradio.ba\/wp-content\/uploads\/2025\/05\/maglaj2.jpg","datePublished":"2026-03-24T09:06:06+00:00","author":{"@id":"https:\/\/zosradio.ba\/#\/schema\/person\/969b476cc96d10b46964da86b3987f7e"},"description":"Na podru\u010dju Maglaja zabilje\u017eena su dva odvojena incidenta tokom 23. marta 2026. godine, potvr\u0111eno je iz Ministarstva unutra\u0161njih poslova Zeni\u010dko-dobojskog","breadcrumb":{"@id":"https:\/\/zosradio.ba\/index.php\/2026\/03\/24\/maglaj-maloljetnik-vozio-mercedes-pronadjena-droga-uhapsena-jedna-osoba-prijavljena-i-kradja\/#breadcrumb"},"inLanguage":"bs-BA","potentialAction":[{"@type":"ReadAction","target":["https:\/\/zosradio.ba\/index.php\/2026\/03\/24\/maglaj-maloljetnik-vozio-mercedes-pronadjena-droga-uhapsena-jedna-osoba-prijavljena-i-kradja\/"]}]},{"@type":"ImageObject","inLanguage":"bs-BA","@id":"https:\/\/zosradio.ba\/index.php\/2026\/03\/24\/maglaj-maloljetnik-vozio-mercedes-pronadjena-droga-uhapsena-jedna-osoba-prijavljena-i-kradja\/#primaryimage","url":"https:\/\/zosradio.ba\/wp-content\/uploads\/2025\/05\/maglaj2.jpg","contentUrl":"https:\/\/zosradio.ba\/wp-content\/uploads\/2025\/05\/maglaj2.jpg","width":1200,"height":630,"caption":"Foto: R.V.\/zosradio.ba"},{"@type":"BreadcrumbList","@id":"https:\/\/zosradio.ba\/index.php\/2026\/03\/24\/maglaj-maloljetnik-vozio-mercedes-pronadjena-droga-uhapsena-jedna-osoba-prijavljena-i-kradja\/#breadcrumb","itemListElement":[{"@type":"ListItem","position":1,"name":"Home","item":"https:\/\/zosradio.ba\/"},{"@type":"ListItem","position":2,"name":"Maglaj: Maloljetnik vozio Mercedes, prona\u0111ena droga \u2013 uhap\u0161ena jedna osoba, prijavljena i kra\u0111a"}]},{"@type":"WebSite","@id":"https:\/\/zosradio.ba\/#website","url":"https:\/\/zosradio.ba\/","name":"ZOS radio","description":"Mjesto provjerenih informacija","potentialAction":[{"@type":"SearchAction","target":{"@type":"EntryPoint","urlTemplate":"https:\/\/zosradio.ba\/?s={search_term_string}"},"query-input":{"@type":"PropertyValueSpecification","valueRequired":true,"valueName":"search_term_string"}}],"inLanguage":"bs-BA"},{"@type":"Person","@id":"https:\/\/zosradio.ba\/#\/schema\/person\/969b476cc96d10b46964da86b3987f7e","name":"Redakcija","image":{"@type":"ImageObject","inLanguage":"bs-BA","@id":"https:\/\/secure.gravatar.com\/avatar\/b6dcae4aefbd26fbbf5cd5f24d98b246488432fc47a791123ad8639c99f9a13a?s=96&d=mm&r=g","url":"https:\/\/secure.gravatar.com\/avatar\/b6dcae4aefbd26fbbf5cd5f24d98b246488432fc47a791123ad8639c99f9a13a?s=96&d=mm&r=g","contentUrl":"https:\/\/secure.gravatar.com\/avatar\/b6dcae4aefbd26fbbf5cd5f24d98b246488432fc47a791123ad8639c99f9a13a?s=96&d=mm&r=g","caption":"Redakcija"},"url":"https:\/\/zosradio.ba\/index.php\/author\/rifavhotmail-com\/"}]}},"_links":{"self":[{"href":"https:\/\/zosradio.ba\/index.php\/wp-json\/wp\/v2\/posts\/189110","targetHints":{"allow":["GET"]}}],"collection":[{"href":"https:\/\/zosradio.ba\/index.php\/wp-json\/wp\/v2\/posts"}],"about":[{"href":"https:\/\/zosradio.ba\/index.php\/wp-json\/wp\/v2\/types\/post"}],"author":[{"embeddable":true,"href":"https:\/\/zosradio.ba\/index.php\/wp-json\/wp\/v2\/users\/3"}],"replies":[{"embeddable":true,"href":"https:\/\/zosradio.ba\/index.php\/wp-json\/wp\/v2\/comments?post=189110"}],"version-history":[{"count":1,"href":"https:\/\/zosradio.ba\/index.php\/wp-json\/wp\/v2\/posts\/189110\/revisions"}],"predecessor-version":[{"id":189111,"href":"https:\/\/zosradio.ba\/index.php\/wp-json\/wp\/v2\/posts\/189110\/revisions\/189111"}],"wp:featuredmedia":[{"embeddable":true,"href":"https:\/\/zosradio.ba\/index.php\/wp-json\/wp\/v2\/media\/174439"}],"wp:attachment":[{"href":"https:\/\/zosradio.ba\/index.php\/wp-json\/wp\/v2\/media?parent=189110"}],"wp:term":[{"taxonomy":"category","embeddable":true,"href":"https:\/\/zosradio.ba\/index.php\/wp-json\/wp\/v2\/categories?post=189110"},{"taxonomy":"post_tag","embeddable":true,"href":"https:\/\/zosradio.ba\/index.php\/wp-json\/wp\/v2\/tags?post=189110"}],"curies":[{"name":"wp","href":"https:\/\/api.w.org\/{rel}","templated":true}]}}