{"id":189284,"date":"2026-03-26T15:28:29","date_gmt":"2026-03-26T14:28:29","guid":{"rendered":"https:\/\/zosradio.ba\/?p=189284"},"modified":"2026-03-26T15:28:29","modified_gmt":"2026-03-26T14:28:29","slug":"pusto-gradiliste-autoputa-u-mjestu-ozimice-cengiz-povukao-radnike","status":"publish","type":"post","link":"https:\/\/zosradio.ba\/index.php\/2026\/03\/26\/pusto-gradiliste-autoputa-u-mjestu-ozimice-cengiz-povukao-radnike\/","title":{"rendered":"Pusto gradili\u0161te autoputa u mjestu Ozimice, &#8220;Cengiz&#8221; povukao radnike"},"content":{"rendered":"<p><strong>Radovi na autoputu na poddionici Ozimice \u2013 Medakovo obustavljeni su nakon \u0161to turska kompanija \u201eCengiz In\u015faat\u201c nije dobila isplate od Vlade Federacije Bosne i Hercegovine.<\/strong><\/p>\n<div class=\"lyte-wrapper\" title=\"Pusto gradili&scaron;te autoputa, &amp;quot;Cengiz povukao radnike&amp;quot;\" style=\"width:853px;max-width:100%;margin:5px auto;\"><div class=\"lyMe\" id=\"WYL_jNLUL0DECqM\" itemprop=\"video\" itemscope itemtype=\"https:\/\/schema.org\/VideoObject\"><div><meta itemprop=\"thumbnailUrl\" content=\"https:\/\/i.ytimg.com\/vi\/jNLUL0DECqM\/hqdefault.jpg\" \/><meta itemprop=\"embedURL\" content=\"https:\/\/www.youtube.com\/embed\/jNLUL0DECqM\" \/><meta itemprop=\"duration\" content=\"PT2M32S\" \/><meta itemprop=\"uploadDate\" content=\"2026-03-26T12:35:50Z\" \/><\/div><div id=\"lyte_jNLUL0DECqM\" data-src=\"https:\/\/i.ytimg.com\/vi\/jNLUL0DECqM\/hqdefault.jpg\" class=\"pL\"><div class=\"tC\"><div class=\"tT\" itemprop=\"name\">Pusto gradili\u0161te autoputa, &quot;Cengiz povukao radnike&quot;<\/div><\/div><button tabindex=\"0\" class=\"play\"><\/button><div class=\"ctrl\"><div class=\"Lctrl\"><\/div><div class=\"Rctrl\"><\/div><\/div><\/div><noscript><a href=\"https:\/\/youtu.be\/jNLUL0DECqM\" rel=\"nofollow\"><img loading=\"lazy\" decoding=\"async\" src=\"https:\/\/i.ytimg.com\/vi\/jNLUL0DECqM\/0.jpg\" alt=\"Pusto gradili&scaron;te autoputa, &amp;quot;Cengiz povukao radnike&amp;quot;\" width=\"853\" height=\"460\" \/><br \/>Watch this video on YouTube<\/a><\/noscript><meta itemprop=\"description\" content=\"#avaztv #bih #autoput \ud83d\udce9 Pretplatite se: https:\/\/bit.ly\/2lXWNWz \u2714 Social Media: https:\/\/emdc.yt\/avaztv Dobrodo\u0161li na slu\u017ebeni YouTube kanal Avaz TV naj\u010ditanijeg portala i najtira\u017enijeg dnevnog lista u BiH Dnevnog avaza EMDC Network \u2714 Facebook: https:\/\/emdc.yt\/EMDCFB \u2714 Instagram: https:\/\/emdc.yt\/EMDCIN \u2714 Web: http:\/\/emdcnetwork.com\"><\/div><\/div><div class=\"lL\" style=\"max-width:100%;width:853px;margin:5px auto;\"><\/div><\/p>\n<p>Reporter \u201e<a href=\"https:\/\/avaz.ba\/vijesti\/bih\/1031805\/pusto-gradiliste-autoputa-u-mjestu-ozimice-cengiz-povukao-radnike?fbclid=IwY2xjawQyE0pleHRuA2FlbQIxMQBzcnRjBmFwcF9pZBAyMjIwMzkxNzg4MjAwODkyAAEeytmgk7oUrFtyeQqFc9pPUQteD8vwJLZJKF_M_6vZWMcZuZxXj-BzDiJHx4M_aem_RBKX4odm56Yy8DP9tp14QA\">Avaza<\/a>\u201c ju\u010der je bio na licu mjesta. Osim table s natpisom \u201eCengiz\u201c na ovoj dionici nije bilo radnika niti ma\u0161ina. Pusto\u0161. Iz ove kompanije su uputili dopis rukovodstvu kompanije JP \u201eAutoceste FBiH\u201c i obavijestili ih da 21. marta obustavljaju radove.<\/p>\n<h4>Najava u januaru<\/h4>\n<p>&#8211; Uprkos kooperativnosti izvo\u0111a\u010da i dvjema odgodama, investitor nije izvr\u0161io dospjela pla\u0107anja do danas. Bez izvr\u0161enja navedenih uplata, izvo\u0111a\u010d nije u mogu\u0107nosti nastaviti izvo\u0111enje radova. Shodno tome, izvo\u0111a\u010d ovim putem obavje\u0161tava da suspenzija stupa na snagu s danom 21. marta 2026. godine. Izvo\u0111a\u010d \u0107e osigurati, za\u0161tititi i obezbijediti radove. Izvo\u0111a\u010d poziva in\u017eenjera da dostavi eventualne posebne upute u vezi osiguranja, za\u0161tite ili privremenih mjera. Sva prava i potra\u017eivanja izvo\u0111a\u010da prema ugovoru i Zakonu strogo se zadr\u017eavaju, uklju\u010duju\u0107i: zatezne kamate prema Podklauzuli 14.8; produ\u017eenje roka; naknadu tro\u0161kova i posljedica nastalih usljed obustave, te sva druga ugovorna i zakonska prava \u2013 isti\u010de se u dopisu kompanije \u201eCengiz\u201c generalnom direktoru \u201eAutocesta FBiH\u201c Denisu Lasi\u0107u, izvr\u0161nom direktoru Asmiru D\u017eevlanu i predstavniku preduze\u0107a Alemu Kova\u010devi\u0107u.<\/p>\n<p>Tako\u0111er, u ovom dopisu navodi se da je prva najava suspenzije radova na spomenutoj dionici autoputa upu\u0107ena jo\u0161 u januaru. \u201eCengiz\u201c je od tada ve\u0107 dva puta prihvatio odgode suspenzije u nadi da \u0107e \u201eAutoceste\u201c izvr\u0161iti uplatu dugovanja.<\/p>\n<p>Federalni premijer Nermin Nik\u0161i\u0107 nakon ovoga kazao je da \u0107e do petka biti upla\u0107ena sredstva i da \u0107e radovi biti nastavljeni. Traba podsjetiti da je prije desetak dana Nik\u0161i\u0107 izjavio da nema nikakvih problema i da se radovi na autoputu izvode.<\/p>\n<h4>Premijer najavio<\/h4>\n<p>&#8211; EBRD je ju\u010der donio tu odluku, trebat \u0107e dva ili tri radna dana da se uplate, uglavnom sutra ili do petka najkasnije \u0107e sredstva ispla\u0107ena izvo\u0111a\u010dima koji su to zaradili \u2013 rekao je Nik\u0161i\u0107 24. marta, odnosno prekju\u010der.<\/p>\n<p>Prema najavama premijera, to zna\u010di da bi \u201eCengizu\u201c trebala biti upla\u0107ena sredstva danas ili sutra. Nik\u0161i\u0107 je kazao da je EBRD odobrio 96 miliona eura.<\/p>\n<p>Evidentno je da najva\u017eniji projekt u dr\u017eavi, Koridor 5C \u2013 gradnja autoputa ne ide po planu i da je ovo jedna u nizu trzavica koje poga\u0111aju realizaciju generacijskog projekta.<\/p>\n<h4>Investicijski okvir<\/h4>\n<p>Izgradnja dionice Ozimice &#8211; Medakovo se finansira sredstvima osiguranim u okviru ugovora o zajmu sklopljenog s Evropskom investicijskom bankom, te bespovratnim sredstvima Evropske unije koja su osigurana u okviru Agende za povezivanje putem Investicijskog okvira za Zapadni Balkan (WBIF).<\/p>\n<h4>Putnikovo Brdo &#8211; Medakovo<\/h4>\n<p>Velika dugovanja postoje i prema izvo\u0111a\u010dima radova na dionici Putnikovo Brdo \u2013 Medakovo, gdje radove izvodi \u201eEuro-Asfalt\u201c iz Sarajeva uz nadzor IRD Engineering S.r.l. (Italija). Vrijednost radova na ovoj dionici je vi\u0161e od 167 miliona eura s PDV-om, pi\u0161e Istraga.<\/p>\n","protected":false},"excerpt":{"rendered":"<p>Radovi na autoputu na poddionici Ozimice \u2013 Medakovo obustavljeni su nakon \u0161to turska kompanija \u201eCengiz In\u015faat\u201c nije dobila isplate od Vlade Federacije Bosne i Hercegovine. Pusto gradili\u0161te autoputa, &quot;Cengiz povukao radnike&quot;Watch this video on YouTube Reporter \u201eAvaza\u201c ju\u010der je bio na licu mjesta. Osim table s natpisom \u201eCengiz\u201c na ovoj dionici nije bilo radnika niti [&hellip;]<\/p>\n","protected":false},"author":3,"featured_media":189286,"comment_status":"closed","ping_status":"closed","sticky":false,"template":"","format":"standard","meta":{"_acf_changed":false,"footnotes":""},"categories":[13],"tags":[321],"class_list":["post-189284","post","type-post","status-publish","format-standard","has-post-thumbnail","category-bosna-i-hercegovina","tag-koridor-vc"],"acf":[],"yoast_head":"<!-- This site is optimized with the Yoast SEO Premium plugin v28.3 (Yoast SEO v28.3) - https:\/\/yoast.com\/product\/yoast-seo-premium-wordpress\/ -->\n<title>Pusto gradili\u0161te autoputa u mjestu Ozimice, &quot;Cengiz&quot; povukao radnike<\/title>\n<meta name=\"description\" content=\"Radovi na autoputu na poddionici Ozimice \u2013 Medakovo obustavljeni su nakon \u0161to turska kompanija \u201eCengiz In\u015faat\u201c nije dobila isplate od Vlade Federacije\" \/>\n<meta name=\"robots\" content=\"index, follow, max-snippet:-1, max-image-preview:large, max-video-preview:-1\" \/>\n<link rel=\"canonical\" href=\"https:\/\/zosradio.ba\/index.php\/2026\/03\/26\/pusto-gradiliste-autoputa-u-mjestu-ozimice-cengiz-povukao-radnike\/\" \/>\n<meta property=\"og:locale\" content=\"bs_BA\" \/>\n<meta property=\"og:type\" content=\"article\" \/>\n<meta property=\"og:title\" content=\"Pusto gradili\u0161te autoputa u mjestu Ozimice, &quot;Cengiz&quot; povukao radnike\" \/>\n<meta property=\"og:description\" content=\"Radovi na autoputu na poddionici Ozimice \u2013 Medakovo obustavljeni su nakon \u0161to turska kompanija \u201eCengiz In\u015faat\u201c nije dobila isplate od Vlade Federacije\" \/>\n<meta property=\"og:url\" content=\"https:\/\/zosradio.ba\/index.php\/2026\/03\/26\/pusto-gradiliste-autoputa-u-mjestu-ozimice-cengiz-povukao-radnike\/\" \/>\n<meta property=\"og:site_name\" content=\"ZOS radio\" \/>\n<meta property=\"article:publisher\" content=\"https:\/\/www.facebook.com\/zosradio\" \/>\n<meta property=\"article:published_time\" content=\"2026-03-26T14:28:29+00:00\" \/>\n<meta property=\"og:image\" content=\"https:\/\/zosradio.ba\/wp-content\/uploads\/2026\/03\/18f89f14-4d07-452c-a9ec-96c08b5f11bf.jpeg\" \/>\n\t<meta property=\"og:image:width\" content=\"4032\" \/>\n\t<meta property=\"og:image:height\" content=\"2267\" \/>\n\t<meta property=\"og:image:type\" content=\"image\/jpeg\" \/>\n<meta name=\"author\" content=\"Redakcija\" \/>\n<meta name=\"twitter:card\" content=\"summary_large_image\" \/>\n<meta name=\"twitter:label1\" content=\"Written by\" \/>\n\t<meta name=\"twitter:data1\" content=\"Redakcija\" \/>\n\t<meta name=\"twitter:label2\" content=\"Est. reading time\" \/>\n\t<meta name=\"twitter:data2\" content=\"3 minute\" \/>\n<script type=\"application\/ld+json\" class=\"yoast-schema-graph\">{\"@context\":\"https:\\\/\\\/schema.org\",\"@graph\":[{\"@type\":\"Article\",\"@id\":\"https:\\\/\\\/zosradio.ba\\\/index.php\\\/2026\\\/03\\\/26\\\/pusto-gradiliste-autoputa-u-mjestu-ozimice-cengiz-povukao-radnike\\\/#article\",\"isPartOf\":{\"@id\":\"https:\\\/\\\/zosradio.ba\\\/index.php\\\/2026\\\/03\\\/26\\\/pusto-gradiliste-autoputa-u-mjestu-ozimice-cengiz-povukao-radnike\\\/\"},\"author\":{\"name\":\"Redakcija\",\"@id\":\"https:\\\/\\\/zosradio.ba\\\/#\\\/schema\\\/person\\\/969b476cc96d10b46964da86b3987f7e\"},\"headline\":\"Pusto gradili\u0161te autoputa u mjestu Ozimice, &#8220;Cengiz&#8221; povukao radnike\",\"datePublished\":\"2026-03-26T14:28:29+00:00\",\"mainEntityOfPage\":{\"@id\":\"https:\\\/\\\/zosradio.ba\\\/index.php\\\/2026\\\/03\\\/26\\\/pusto-gradiliste-autoputa-u-mjestu-ozimice-cengiz-povukao-radnike\\\/\"},\"wordCount\":512,\"image\":{\"@id\":\"https:\\\/\\\/zosradio.ba\\\/index.php\\\/2026\\\/03\\\/26\\\/pusto-gradiliste-autoputa-u-mjestu-ozimice-cengiz-povukao-radnike\\\/#primaryimage\"},\"thumbnailUrl\":\"https:\\\/\\\/zosradio.ba\\\/wp-content\\\/uploads\\\/2026\\\/03\\\/18f89f14-4d07-452c-a9ec-96c08b5f11bf.jpeg\",\"keywords\":[\"Koridor Vc\"],\"articleSection\":[\"Bosna i Hercegovina\"],\"inLanguage\":\"bs-BA\"},{\"@type\":\"WebPage\",\"@id\":\"https:\\\/\\\/zosradio.ba\\\/index.php\\\/2026\\\/03\\\/26\\\/pusto-gradiliste-autoputa-u-mjestu-ozimice-cengiz-povukao-radnike\\\/\",\"url\":\"https:\\\/\\\/zosradio.ba\\\/index.php\\\/2026\\\/03\\\/26\\\/pusto-gradiliste-autoputa-u-mjestu-ozimice-cengiz-povukao-radnike\\\/\",\"name\":\"Pusto gradili\u0161te autoputa u mjestu Ozimice, \\\"Cengiz\\\" povukao radnike\",\"isPartOf\":{\"@id\":\"https:\\\/\\\/zosradio.ba\\\/#website\"},\"primaryImageOfPage\":{\"@id\":\"https:\\\/\\\/zosradio.ba\\\/index.php\\\/2026\\\/03\\\/26\\\/pusto-gradiliste-autoputa-u-mjestu-ozimice-cengiz-povukao-radnike\\\/#primaryimage\"},\"image\":{\"@id\":\"https:\\\/\\\/zosradio.ba\\\/index.php\\\/2026\\\/03\\\/26\\\/pusto-gradiliste-autoputa-u-mjestu-ozimice-cengiz-povukao-radnike\\\/#primaryimage\"},\"thumbnailUrl\":\"https:\\\/\\\/zosradio.ba\\\/wp-content\\\/uploads\\\/2026\\\/03\\\/18f89f14-4d07-452c-a9ec-96c08b5f11bf.jpeg\",\"datePublished\":\"2026-03-26T14:28:29+00:00\",\"author\":{\"@id\":\"https:\\\/\\\/zosradio.ba\\\/#\\\/schema\\\/person\\\/969b476cc96d10b46964da86b3987f7e\"},\"description\":\"Radovi na autoputu na poddionici Ozimice \u2013 Medakovo obustavljeni su nakon \u0161to turska kompanija \u201eCengiz In\u015faat\u201c nije dobila isplate od Vlade Federacije\",\"breadcrumb\":{\"@id\":\"https:\\\/\\\/zosradio.ba\\\/index.php\\\/2026\\\/03\\\/26\\\/pusto-gradiliste-autoputa-u-mjestu-ozimice-cengiz-povukao-radnike\\\/#breadcrumb\"},\"inLanguage\":\"bs-BA\",\"potentialAction\":[{\"@type\":\"ReadAction\",\"target\":[\"https:\\\/\\\/zosradio.ba\\\/index.php\\\/2026\\\/03\\\/26\\\/pusto-gradiliste-autoputa-u-mjestu-ozimice-cengiz-povukao-radnike\\\/\"]}]},{\"@type\":\"ImageObject\",\"inLanguage\":\"bs-BA\",\"@id\":\"https:\\\/\\\/zosradio.ba\\\/index.php\\\/2026\\\/03\\\/26\\\/pusto-gradiliste-autoputa-u-mjestu-ozimice-cengiz-povukao-radnike\\\/#primaryimage\",\"url\":\"https:\\\/\\\/zosradio.ba\\\/wp-content\\\/uploads\\\/2026\\\/03\\\/18f89f14-4d07-452c-a9ec-96c08b5f11bf.jpeg\",\"contentUrl\":\"https:\\\/\\\/zosradio.ba\\\/wp-content\\\/uploads\\\/2026\\\/03\\\/18f89f14-4d07-452c-a9ec-96c08b5f11bf.jpeg\",\"width\":4032,\"height\":2267,\"caption\":\"Foto: Avaz\"},{\"@type\":\"BreadcrumbList\",\"@id\":\"https:\\\/\\\/zosradio.ba\\\/index.php\\\/2026\\\/03\\\/26\\\/pusto-gradiliste-autoputa-u-mjestu-ozimice-cengiz-povukao-radnike\\\/#breadcrumb\",\"itemListElement\":[{\"@type\":\"ListItem\",\"position\":1,\"name\":\"Home\",\"item\":\"https:\\\/\\\/zosradio.ba\\\/\"},{\"@type\":\"ListItem\",\"position\":2,\"name\":\"Pusto gradili\u0161te autoputa u mjestu Ozimice, &#8220;Cengiz&#8221; povukao radnike\"}]},{\"@type\":\"WebSite\",\"@id\":\"https:\\\/\\\/zosradio.ba\\\/#website\",\"url\":\"https:\\\/\\\/zosradio.ba\\\/\",\"name\":\"ZOS radio\",\"description\":\"Mjesto provjerenih informacija\",\"potentialAction\":[{\"@type\":\"SearchAction\",\"target\":{\"@type\":\"EntryPoint\",\"urlTemplate\":\"https:\\\/\\\/zosradio.ba\\\/?s={search_term_string}\"},\"query-input\":{\"@type\":\"PropertyValueSpecification\",\"valueRequired\":true,\"valueName\":\"search_term_string\"}}],\"inLanguage\":\"bs-BA\"},{\"@type\":\"Person\",\"@id\":\"https:\\\/\\\/zosradio.ba\\\/#\\\/schema\\\/person\\\/969b476cc96d10b46964da86b3987f7e\",\"name\":\"Redakcija\",\"image\":{\"@type\":\"ImageObject\",\"inLanguage\":\"bs-BA\",\"@id\":\"https:\\\/\\\/secure.gravatar.com\\\/avatar\\\/b6dcae4aefbd26fbbf5cd5f24d98b246488432fc47a791123ad8639c99f9a13a?s=96&d=mm&r=g\",\"url\":\"https:\\\/\\\/secure.gravatar.com\\\/avatar\\\/b6dcae4aefbd26fbbf5cd5f24d98b246488432fc47a791123ad8639c99f9a13a?s=96&d=mm&r=g\",\"contentUrl\":\"https:\\\/\\\/secure.gravatar.com\\\/avatar\\\/b6dcae4aefbd26fbbf5cd5f24d98b246488432fc47a791123ad8639c99f9a13a?s=96&d=mm&r=g\",\"caption\":\"Redakcija\"},\"url\":\"https:\\\/\\\/zosradio.ba\\\/index.php\\\/author\\\/rifavhotmail-com\\\/\"}]}<\/script>\n<!-- \/ Yoast SEO Premium plugin. -->","yoast_head_json":{"title":"Pusto gradili\u0161te autoputa u mjestu Ozimice, \"Cengiz\" povukao radnike","description":"Radovi na autoputu na poddionici Ozimice \u2013 Medakovo obustavljeni su nakon \u0161to turska kompanija \u201eCengiz In\u015faat\u201c nije dobila isplate od Vlade Federacije","robots":{"index":"index","follow":"follow","max-snippet":"max-snippet:-1","max-image-preview":"max-image-preview:large","max-video-preview":"max-video-preview:-1"},"canonical":"https:\/\/zosradio.ba\/index.php\/2026\/03\/26\/pusto-gradiliste-autoputa-u-mjestu-ozimice-cengiz-povukao-radnike\/","og_locale":"bs_BA","og_type":"article","og_title":"Pusto gradili\u0161te autoputa u mjestu Ozimice, \"Cengiz\" povukao radnike","og_description":"Radovi na autoputu na poddionici Ozimice \u2013 Medakovo obustavljeni su nakon \u0161to turska kompanija \u201eCengiz In\u015faat\u201c nije dobila isplate od Vlade Federacije","og_url":"https:\/\/zosradio.ba\/index.php\/2026\/03\/26\/pusto-gradiliste-autoputa-u-mjestu-ozimice-cengiz-povukao-radnike\/","og_site_name":"ZOS radio","article_publisher":"https:\/\/www.facebook.com\/zosradio","article_published_time":"2026-03-26T14:28:29+00:00","og_image":[{"width":4032,"height":2267,"url":"https:\/\/zosradio.ba\/wp-content\/uploads\/2026\/03\/18f89f14-4d07-452c-a9ec-96c08b5f11bf.jpeg","type":"image\/jpeg"}],"author":"Redakcija","twitter_card":"summary_large_image","twitter_misc":{"Written by":"Redakcija","Est. reading time":"3 minute"},"schema":{"@context":"https:\/\/schema.org","@graph":[{"@type":"Article","@id":"https:\/\/zosradio.ba\/index.php\/2026\/03\/26\/pusto-gradiliste-autoputa-u-mjestu-ozimice-cengiz-povukao-radnike\/#article","isPartOf":{"@id":"https:\/\/zosradio.ba\/index.php\/2026\/03\/26\/pusto-gradiliste-autoputa-u-mjestu-ozimice-cengiz-povukao-radnike\/"},"author":{"name":"Redakcija","@id":"https:\/\/zosradio.ba\/#\/schema\/person\/969b476cc96d10b46964da86b3987f7e"},"headline":"Pusto gradili\u0161te autoputa u mjestu Ozimice, &#8220;Cengiz&#8221; povukao radnike","datePublished":"2026-03-26T14:28:29+00:00","mainEntityOfPage":{"@id":"https:\/\/zosradio.ba\/index.php\/2026\/03\/26\/pusto-gradiliste-autoputa-u-mjestu-ozimice-cengiz-povukao-radnike\/"},"wordCount":512,"image":{"@id":"https:\/\/zosradio.ba\/index.php\/2026\/03\/26\/pusto-gradiliste-autoputa-u-mjestu-ozimice-cengiz-povukao-radnike\/#primaryimage"},"thumbnailUrl":"https:\/\/zosradio.ba\/wp-content\/uploads\/2026\/03\/18f89f14-4d07-452c-a9ec-96c08b5f11bf.jpeg","keywords":["Koridor Vc"],"articleSection":["Bosna i Hercegovina"],"inLanguage":"bs-BA"},{"@type":"WebPage","@id":"https:\/\/zosradio.ba\/index.php\/2026\/03\/26\/pusto-gradiliste-autoputa-u-mjestu-ozimice-cengiz-povukao-radnike\/","url":"https:\/\/zosradio.ba\/index.php\/2026\/03\/26\/pusto-gradiliste-autoputa-u-mjestu-ozimice-cengiz-povukao-radnike\/","name":"Pusto gradili\u0161te autoputa u mjestu Ozimice, \"Cengiz\" povukao radnike","isPartOf":{"@id":"https:\/\/zosradio.ba\/#website"},"primaryImageOfPage":{"@id":"https:\/\/zosradio.ba\/index.php\/2026\/03\/26\/pusto-gradiliste-autoputa-u-mjestu-ozimice-cengiz-povukao-radnike\/#primaryimage"},"image":{"@id":"https:\/\/zosradio.ba\/index.php\/2026\/03\/26\/pusto-gradiliste-autoputa-u-mjestu-ozimice-cengiz-povukao-radnike\/#primaryimage"},"thumbnailUrl":"https:\/\/zosradio.ba\/wp-content\/uploads\/2026\/03\/18f89f14-4d07-452c-a9ec-96c08b5f11bf.jpeg","datePublished":"2026-03-26T14:28:29+00:00","author":{"@id":"https:\/\/zosradio.ba\/#\/schema\/person\/969b476cc96d10b46964da86b3987f7e"},"description":"Radovi na autoputu na poddionici Ozimice \u2013 Medakovo obustavljeni su nakon \u0161to turska kompanija \u201eCengiz In\u015faat\u201c nije dobila isplate od Vlade Federacije","breadcrumb":{"@id":"https:\/\/zosradio.ba\/index.php\/2026\/03\/26\/pusto-gradiliste-autoputa-u-mjestu-ozimice-cengiz-povukao-radnike\/#breadcrumb"},"inLanguage":"bs-BA","potentialAction":[{"@type":"ReadAction","target":["https:\/\/zosradio.ba\/index.php\/2026\/03\/26\/pusto-gradiliste-autoputa-u-mjestu-ozimice-cengiz-povukao-radnike\/"]}]},{"@type":"ImageObject","inLanguage":"bs-BA","@id":"https:\/\/zosradio.ba\/index.php\/2026\/03\/26\/pusto-gradiliste-autoputa-u-mjestu-ozimice-cengiz-povukao-radnike\/#primaryimage","url":"https:\/\/zosradio.ba\/wp-content\/uploads\/2026\/03\/18f89f14-4d07-452c-a9ec-96c08b5f11bf.jpeg","contentUrl":"https:\/\/zosradio.ba\/wp-content\/uploads\/2026\/03\/18f89f14-4d07-452c-a9ec-96c08b5f11bf.jpeg","width":4032,"height":2267,"caption":"Foto: Avaz"},{"@type":"BreadcrumbList","@id":"https:\/\/zosradio.ba\/index.php\/2026\/03\/26\/pusto-gradiliste-autoputa-u-mjestu-ozimice-cengiz-povukao-radnike\/#breadcrumb","itemListElement":[{"@type":"ListItem","position":1,"name":"Home","item":"https:\/\/zosradio.ba\/"},{"@type":"ListItem","position":2,"name":"Pusto gradili\u0161te autoputa u mjestu Ozimice, &#8220;Cengiz&#8221; povukao radnike"}]},{"@type":"WebSite","@id":"https:\/\/zosradio.ba\/#website","url":"https:\/\/zosradio.ba\/","name":"ZOS radio","description":"Mjesto provjerenih informacija","potentialAction":[{"@type":"SearchAction","target":{"@type":"EntryPoint","urlTemplate":"https:\/\/zosradio.ba\/?s={search_term_string}"},"query-input":{"@type":"PropertyValueSpecification","valueRequired":true,"valueName":"search_term_string"}}],"inLanguage":"bs-BA"},{"@type":"Person","@id":"https:\/\/zosradio.ba\/#\/schema\/person\/969b476cc96d10b46964da86b3987f7e","name":"Redakcija","image":{"@type":"ImageObject","inLanguage":"bs-BA","@id":"https:\/\/secure.gravatar.com\/avatar\/b6dcae4aefbd26fbbf5cd5f24d98b246488432fc47a791123ad8639c99f9a13a?s=96&d=mm&r=g","url":"https:\/\/secure.gravatar.com\/avatar\/b6dcae4aefbd26fbbf5cd5f24d98b246488432fc47a791123ad8639c99f9a13a?s=96&d=mm&r=g","contentUrl":"https:\/\/secure.gravatar.com\/avatar\/b6dcae4aefbd26fbbf5cd5f24d98b246488432fc47a791123ad8639c99f9a13a?s=96&d=mm&r=g","caption":"Redakcija"},"url":"https:\/\/zosradio.ba\/index.php\/author\/rifavhotmail-com\/"}]}},"_links":{"self":[{"href":"https:\/\/zosradio.ba\/index.php\/wp-json\/wp\/v2\/posts\/189284","targetHints":{"allow":["GET"]}}],"collection":[{"href":"https:\/\/zosradio.ba\/index.php\/wp-json\/wp\/v2\/posts"}],"about":[{"href":"https:\/\/zosradio.ba\/index.php\/wp-json\/wp\/v2\/types\/post"}],"author":[{"embeddable":true,"href":"https:\/\/zosradio.ba\/index.php\/wp-json\/wp\/v2\/users\/3"}],"replies":[{"embeddable":true,"href":"https:\/\/zosradio.ba\/index.php\/wp-json\/wp\/v2\/comments?post=189284"}],"version-history":[{"count":1,"href":"https:\/\/zosradio.ba\/index.php\/wp-json\/wp\/v2\/posts\/189284\/revisions"}],"predecessor-version":[{"id":189287,"href":"https:\/\/zosradio.ba\/index.php\/wp-json\/wp\/v2\/posts\/189284\/revisions\/189287"}],"wp:featuredmedia":[{"embeddable":true,"href":"https:\/\/zosradio.ba\/index.php\/wp-json\/wp\/v2\/media\/189286"}],"wp:attachment":[{"href":"https:\/\/zosradio.ba\/index.php\/wp-json\/wp\/v2\/media?parent=189284"}],"wp:term":[{"taxonomy":"category","embeddable":true,"href":"https:\/\/zosradio.ba\/index.php\/wp-json\/wp\/v2\/categories?post=189284"},{"taxonomy":"post_tag","embeddable":true,"href":"https:\/\/zosradio.ba\/index.php\/wp-json\/wp\/v2\/tags?post=189284"}],"curies":[{"name":"wp","href":"https:\/\/api.w.org\/{rel}","templated":true}]}}