{"id":190528,"date":"2026-04-25T08:27:56","date_gmt":"2026-04-25T06:27:56","guid":{"rendered":"https:\/\/zosradio.ba\/?p=190528"},"modified":"2026-04-25T08:27:56","modified_gmt":"2026-04-25T06:27:56","slug":"stanovnici-bih-sretniji-nego-sto-mnogi-misle-ispred-hrvatske-i-crne-gore","status":"publish","type":"post","link":"https:\/\/zosradio.ba\/index.php\/2026\/04\/25\/stanovnici-bih-sretniji-nego-sto-mnogi-misle-ispred-hrvatske-i-crne-gore\/","title":{"rendered":"Stanovnici BiH sretniji nego \u0161to mnogi misle, ispred Hrvatske i Crne Gore"},"content":{"rendered":"<p>Prema procjenama Ujedinjenih naroda, djevoj\u010dice ro\u0111ene u Bosni i Hercegovini tokom 2024. godine mogu o\u010dekivati \u017eivotni vijek od 81,1 godinu, dok je za dje\u010dake ta procjena 74,6 godina. Istovremeno, podaci o zdravim godinama \u017eivota pokazuju da se u BiH kod \u017eena one procjenjuju do 67,5, a kod mu\u0161karaca do 65 godina.<\/p>\n<p>Bosna i Hercegovina je, prema Svjetskom izvje\u0161taju o sre\u0107i za 2025. godinu, ostvarila indeks sre\u0107e 6,136 i zauzela 56. mjesto na svjetskoj listi. Time je bila bolje rangirana od Crne Gore, koja ima indeks 5,877, i Hrvatske, \u010diji je indeks 5,868.<\/p>\n<p>Indeks sre\u0107e zasniva se na procjeni vlastitog zadovoljstva \u017eivotom, a u obzir uzima vi\u0161e faktora, me\u0111u kojima su ekonomski uslovi, dru\u0161tvena podr\u0161ka, zdrave godine \u017eivota, osje\u0107aj slobode, velikodu\u0161nost i percepcija korupcije. Podaci za 2025. godinu u Svjetskom izvje\u0161taju o sre\u0107i zasnovani su na prosjeku odgovora iz perioda 2022\u20132024.<\/p>\n<p>Na vrhu liste i dalje je Finska sa ocjenom 7,736, a iza nje su Danska sa 7,521, Island sa 7,515 i \u0160vedska sa 7,345. Ove zemlje godinama dr\u017ee vode\u0107e pozicije kada je rije\u010d o zadovoljstvu \u017eivotom.<\/p>\n<p>Kada je rije\u010d o \u017eivotnom vijeku u Finskoj, OECD navodi da on iznosi oko 82 godine, pri \u010demu \u017eene u prosjeku \u017eive oko 85, a mu\u0161karci 79 godina. OECD-ov indeks boljeg \u017eivota pokazuje i da 96 posto ljudi u Finskoj vjeruje da ima nekoga na koga mo\u017ee ra\u010dunati kada im je pomo\u0107 potrebna.<\/p>\n<p>Podaci Agencije za statistiku BiH pokazuju da je prosje\u010dna starost umrlih u Bosni i Hercegovini 2023. godine iznosila 77,5 godina za \u017eene i 71,8 godina za mu\u0161karce. To pokazuje da \u017eene u prosjeku \u017eive du\u017ee od mu\u0161karaca, ali i da je razlika izme\u0111u o\u010dekivanog \u017eivotnog vijeka i zdravih godina \u017eivota i dalje zna\u010dajna, pi\u0161e <a href=\"https:\/\/www.rtvslon.ba\/stanovnici-bih-sretniji-nego-sto-mnogi-misle-ispred-hrvatske-i-crne-gore\/\">RTV Slon.<\/a><\/p>\n","protected":false},"excerpt":{"rendered":"<p>Prema procjenama Ujedinjenih naroda, djevoj\u010dice ro\u0111ene u Bosni i Hercegovini tokom 2024. godine mogu o\u010dekivati \u017eivotni vijek od 81,1 godinu, dok je za dje\u010dake ta procjena 74,6 godina. Istovremeno, podaci o zdravim godinama \u017eivota pokazuju da se u BiH kod \u017eena one procjenjuju do 67,5, a kod mu\u0161karaca do 65 godina. Bosna i Hercegovina je, [&hellip;]<\/p>\n","protected":false},"author":3,"featured_media":189441,"comment_status":"closed","ping_status":"closed","sticky":false,"template":"","format":"standard","meta":{"_acf_changed":false,"footnotes":""},"categories":[13],"tags":[],"class_list":{"0":"post-190528","1":"post","2":"type-post","3":"status-publish","4":"format-standard","5":"has-post-thumbnail","7":"category-bosna-i-hercegovina"},"acf":[],"yoast_head":"<!-- This site is optimized with the Yoast SEO Premium plugin v27.4 (Yoast SEO v27.4) - https:\/\/yoast.com\/product\/yoast-seo-premium-wordpress\/ -->\n<title>Stanovnici BiH sretniji nego \u0161to mnogi misle, ispred Hrvatske i Crne Gore<\/title>\n<meta name=\"description\" content=\"Prema procjenama Ujedinjenih naroda, djevoj\u010dice ro\u0111ene u Bosni i Hercegovini tokom 2024. godine mogu o\u010dekivati \u017eivotni vijek od 81,1 godinu, dok je za\" \/>\n<meta name=\"robots\" content=\"index, follow, max-snippet:-1, max-image-preview:large, max-video-preview:-1\" \/>\n<link rel=\"canonical\" href=\"https:\/\/zosradio.ba\/index.php\/2026\/04\/25\/stanovnici-bih-sretniji-nego-sto-mnogi-misle-ispred-hrvatske-i-crne-gore\/\" \/>\n<meta property=\"og:locale\" content=\"bs_BA\" \/>\n<meta property=\"og:type\" content=\"article\" \/>\n<meta property=\"og:title\" content=\"Stanovnici BiH sretniji nego \u0161to mnogi misle, ispred Hrvatske i Crne Gore\" \/>\n<meta property=\"og:description\" content=\"Prema procjenama Ujedinjenih naroda, djevoj\u010dice ro\u0111ene u Bosni i Hercegovini tokom 2024. godine mogu o\u010dekivati \u017eivotni vijek od 81,1 godinu, dok je za\" \/>\n<meta property=\"og:url\" content=\"https:\/\/zosradio.ba\/index.php\/2026\/04\/25\/stanovnici-bih-sretniji-nego-sto-mnogi-misle-ispred-hrvatske-i-crne-gore\/\" \/>\n<meta property=\"og:site_name\" content=\"ZOS radio\" \/>\n<meta property=\"article:publisher\" content=\"https:\/\/www.facebook.com\/zosradio\" \/>\n<meta property=\"article:published_time\" content=\"2026-04-25T06:27:56+00:00\" \/>\n<meta property=\"og:image\" content=\"https:\/\/zosradio.ba\/wp-content\/uploads\/2020\/07\/stocksnap-happy-holidays-2567915_1280-e1774873267327.jpg\" \/>\n\t<meta property=\"og:image:width\" content=\"1200\" \/>\n\t<meta property=\"og:image:height\" content=\"624\" \/>\n\t<meta property=\"og:image:type\" content=\"image\/jpeg\" \/>\n<meta name=\"author\" content=\"Redakcija\" \/>\n<meta name=\"twitter:card\" content=\"summary_large_image\" \/>\n<meta name=\"twitter:label1\" content=\"Written by\" \/>\n\t<meta name=\"twitter:data1\" content=\"Redakcija\" \/>\n\t<meta name=\"twitter:label2\" content=\"Est. reading time\" \/>\n\t<meta name=\"twitter:data2\" content=\"2 minute\" \/>\n<script type=\"application\/ld+json\" class=\"yoast-schema-graph\">{\"@context\":\"https:\\\/\\\/schema.org\",\"@graph\":[{\"@type\":\"Article\",\"@id\":\"https:\\\/\\\/zosradio.ba\\\/index.php\\\/2026\\\/04\\\/25\\\/stanovnici-bih-sretniji-nego-sto-mnogi-misle-ispred-hrvatske-i-crne-gore\\\/#article\",\"isPartOf\":{\"@id\":\"https:\\\/\\\/zosradio.ba\\\/index.php\\\/2026\\\/04\\\/25\\\/stanovnici-bih-sretniji-nego-sto-mnogi-misle-ispred-hrvatske-i-crne-gore\\\/\"},\"author\":{\"name\":\"Redakcija\",\"@id\":\"https:\\\/\\\/zosradio.ba\\\/#\\\/schema\\\/person\\\/969b476cc96d10b46964da86b3987f7e\"},\"headline\":\"Stanovnici BiH sretniji nego \u0161to mnogi misle, ispred Hrvatske i Crne Gore\",\"datePublished\":\"2026-04-25T06:27:56+00:00\",\"mainEntityOfPage\":{\"@id\":\"https:\\\/\\\/zosradio.ba\\\/index.php\\\/2026\\\/04\\\/25\\\/stanovnici-bih-sretniji-nego-sto-mnogi-misle-ispred-hrvatske-i-crne-gore\\\/\"},\"wordCount\":304,\"image\":{\"@id\":\"https:\\\/\\\/zosradio.ba\\\/index.php\\\/2026\\\/04\\\/25\\\/stanovnici-bih-sretniji-nego-sto-mnogi-misle-ispred-hrvatske-i-crne-gore\\\/#primaryimage\"},\"thumbnailUrl\":\"https:\\\/\\\/zosradio.ba\\\/wp-content\\\/uploads\\\/2020\\\/07\\\/stocksnap-happy-holidays-2567915_1280-e1774873267327.jpg\",\"articleSection\":[\"Bosna i Hercegovina\"],\"inLanguage\":\"bs-BA\"},{\"@type\":\"WebPage\",\"@id\":\"https:\\\/\\\/zosradio.ba\\\/index.php\\\/2026\\\/04\\\/25\\\/stanovnici-bih-sretniji-nego-sto-mnogi-misle-ispred-hrvatske-i-crne-gore\\\/\",\"url\":\"https:\\\/\\\/zosradio.ba\\\/index.php\\\/2026\\\/04\\\/25\\\/stanovnici-bih-sretniji-nego-sto-mnogi-misle-ispred-hrvatske-i-crne-gore\\\/\",\"name\":\"Stanovnici BiH sretniji nego \u0161to mnogi misle, ispred Hrvatske i Crne Gore\",\"isPartOf\":{\"@id\":\"https:\\\/\\\/zosradio.ba\\\/#website\"},\"primaryImageOfPage\":{\"@id\":\"https:\\\/\\\/zosradio.ba\\\/index.php\\\/2026\\\/04\\\/25\\\/stanovnici-bih-sretniji-nego-sto-mnogi-misle-ispred-hrvatske-i-crne-gore\\\/#primaryimage\"},\"image\":{\"@id\":\"https:\\\/\\\/zosradio.ba\\\/index.php\\\/2026\\\/04\\\/25\\\/stanovnici-bih-sretniji-nego-sto-mnogi-misle-ispred-hrvatske-i-crne-gore\\\/#primaryimage\"},\"thumbnailUrl\":\"https:\\\/\\\/zosradio.ba\\\/wp-content\\\/uploads\\\/2020\\\/07\\\/stocksnap-happy-holidays-2567915_1280-e1774873267327.jpg\",\"datePublished\":\"2026-04-25T06:27:56+00:00\",\"author\":{\"@id\":\"https:\\\/\\\/zosradio.ba\\\/#\\\/schema\\\/person\\\/969b476cc96d10b46964da86b3987f7e\"},\"description\":\"Prema procjenama Ujedinjenih naroda, djevoj\u010dice ro\u0111ene u Bosni i Hercegovini tokom 2024. godine mogu o\u010dekivati \u017eivotni vijek od 81,1 godinu, dok je za\",\"breadcrumb\":{\"@id\":\"https:\\\/\\\/zosradio.ba\\\/index.php\\\/2026\\\/04\\\/25\\\/stanovnici-bih-sretniji-nego-sto-mnogi-misle-ispred-hrvatske-i-crne-gore\\\/#breadcrumb\"},\"inLanguage\":\"bs-BA\",\"potentialAction\":[{\"@type\":\"ReadAction\",\"target\":[\"https:\\\/\\\/zosradio.ba\\\/index.php\\\/2026\\\/04\\\/25\\\/stanovnici-bih-sretniji-nego-sto-mnogi-misle-ispred-hrvatske-i-crne-gore\\\/\"]}]},{\"@type\":\"ImageObject\",\"inLanguage\":\"bs-BA\",\"@id\":\"https:\\\/\\\/zosradio.ba\\\/index.php\\\/2026\\\/04\\\/25\\\/stanovnici-bih-sretniji-nego-sto-mnogi-misle-ispred-hrvatske-i-crne-gore\\\/#primaryimage\",\"url\":\"https:\\\/\\\/zosradio.ba\\\/wp-content\\\/uploads\\\/2020\\\/07\\\/stocksnap-happy-holidays-2567915_1280-e1774873267327.jpg\",\"contentUrl\":\"https:\\\/\\\/zosradio.ba\\\/wp-content\\\/uploads\\\/2020\\\/07\\\/stocksnap-happy-holidays-2567915_1280-e1774873267327.jpg\",\"width\":1200,\"height\":624,\"caption\":\"Ilustracija (Foto: Pixabay)\"},{\"@type\":\"BreadcrumbList\",\"@id\":\"https:\\\/\\\/zosradio.ba\\\/index.php\\\/2026\\\/04\\\/25\\\/stanovnici-bih-sretniji-nego-sto-mnogi-misle-ispred-hrvatske-i-crne-gore\\\/#breadcrumb\",\"itemListElement\":[{\"@type\":\"ListItem\",\"position\":1,\"name\":\"Home\",\"item\":\"https:\\\/\\\/zosradio.ba\\\/\"},{\"@type\":\"ListItem\",\"position\":2,\"name\":\"Stanovnici BiH sretniji nego \u0161to mnogi misle, ispred Hrvatske i Crne Gore\"}]},{\"@type\":\"WebSite\",\"@id\":\"https:\\\/\\\/zosradio.ba\\\/#website\",\"url\":\"https:\\\/\\\/zosradio.ba\\\/\",\"name\":\"ZOS radio\",\"description\":\"Mjesto provjerenih informacija\",\"potentialAction\":[{\"@type\":\"SearchAction\",\"target\":{\"@type\":\"EntryPoint\",\"urlTemplate\":\"https:\\\/\\\/zosradio.ba\\\/?s={search_term_string}\"},\"query-input\":{\"@type\":\"PropertyValueSpecification\",\"valueRequired\":true,\"valueName\":\"search_term_string\"}}],\"inLanguage\":\"bs-BA\"},{\"@type\":\"Person\",\"@id\":\"https:\\\/\\\/zosradio.ba\\\/#\\\/schema\\\/person\\\/969b476cc96d10b46964da86b3987f7e\",\"name\":\"Redakcija\",\"image\":{\"@type\":\"ImageObject\",\"inLanguage\":\"bs-BA\",\"@id\":\"https:\\\/\\\/secure.gravatar.com\\\/avatar\\\/b6dcae4aefbd26fbbf5cd5f24d98b246488432fc47a791123ad8639c99f9a13a?s=96&d=mm&r=g\",\"url\":\"https:\\\/\\\/secure.gravatar.com\\\/avatar\\\/b6dcae4aefbd26fbbf5cd5f24d98b246488432fc47a791123ad8639c99f9a13a?s=96&d=mm&r=g\",\"contentUrl\":\"https:\\\/\\\/secure.gravatar.com\\\/avatar\\\/b6dcae4aefbd26fbbf5cd5f24d98b246488432fc47a791123ad8639c99f9a13a?s=96&d=mm&r=g\",\"caption\":\"Redakcija\"},\"url\":\"https:\\\/\\\/zosradio.ba\\\/index.php\\\/author\\\/rifavhotmail-com\\\/\"}]}<\/script>\n<!-- \/ Yoast SEO Premium plugin. -->","yoast_head_json":{"title":"Stanovnici BiH sretniji nego \u0161to mnogi misle, ispred Hrvatske i Crne Gore","description":"Prema procjenama Ujedinjenih naroda, djevoj\u010dice ro\u0111ene u Bosni i Hercegovini tokom 2024. godine mogu o\u010dekivati \u017eivotni vijek od 81,1 godinu, dok je za","robots":{"index":"index","follow":"follow","max-snippet":"max-snippet:-1","max-image-preview":"max-image-preview:large","max-video-preview":"max-video-preview:-1"},"canonical":"https:\/\/zosradio.ba\/index.php\/2026\/04\/25\/stanovnici-bih-sretniji-nego-sto-mnogi-misle-ispred-hrvatske-i-crne-gore\/","og_locale":"bs_BA","og_type":"article","og_title":"Stanovnici BiH sretniji nego \u0161to mnogi misle, ispred Hrvatske i Crne Gore","og_description":"Prema procjenama Ujedinjenih naroda, djevoj\u010dice ro\u0111ene u Bosni i Hercegovini tokom 2024. godine mogu o\u010dekivati \u017eivotni vijek od 81,1 godinu, dok je za","og_url":"https:\/\/zosradio.ba\/index.php\/2026\/04\/25\/stanovnici-bih-sretniji-nego-sto-mnogi-misle-ispred-hrvatske-i-crne-gore\/","og_site_name":"ZOS radio","article_publisher":"https:\/\/www.facebook.com\/zosradio","article_published_time":"2026-04-25T06:27:56+00:00","og_image":[{"width":1200,"height":624,"url":"https:\/\/zosradio.ba\/wp-content\/uploads\/2020\/07\/stocksnap-happy-holidays-2567915_1280-e1774873267327.jpg","type":"image\/jpeg"}],"author":"Redakcija","twitter_card":"summary_large_image","twitter_misc":{"Written by":"Redakcija","Est. reading time":"2 minute"},"schema":{"@context":"https:\/\/schema.org","@graph":[{"@type":"Article","@id":"https:\/\/zosradio.ba\/index.php\/2026\/04\/25\/stanovnici-bih-sretniji-nego-sto-mnogi-misle-ispred-hrvatske-i-crne-gore\/#article","isPartOf":{"@id":"https:\/\/zosradio.ba\/index.php\/2026\/04\/25\/stanovnici-bih-sretniji-nego-sto-mnogi-misle-ispred-hrvatske-i-crne-gore\/"},"author":{"name":"Redakcija","@id":"https:\/\/zosradio.ba\/#\/schema\/person\/969b476cc96d10b46964da86b3987f7e"},"headline":"Stanovnici BiH sretniji nego \u0161to mnogi misle, ispred Hrvatske i Crne Gore","datePublished":"2026-04-25T06:27:56+00:00","mainEntityOfPage":{"@id":"https:\/\/zosradio.ba\/index.php\/2026\/04\/25\/stanovnici-bih-sretniji-nego-sto-mnogi-misle-ispred-hrvatske-i-crne-gore\/"},"wordCount":304,"image":{"@id":"https:\/\/zosradio.ba\/index.php\/2026\/04\/25\/stanovnici-bih-sretniji-nego-sto-mnogi-misle-ispred-hrvatske-i-crne-gore\/#primaryimage"},"thumbnailUrl":"https:\/\/zosradio.ba\/wp-content\/uploads\/2020\/07\/stocksnap-happy-holidays-2567915_1280-e1774873267327.jpg","articleSection":["Bosna i Hercegovina"],"inLanguage":"bs-BA"},{"@type":"WebPage","@id":"https:\/\/zosradio.ba\/index.php\/2026\/04\/25\/stanovnici-bih-sretniji-nego-sto-mnogi-misle-ispred-hrvatske-i-crne-gore\/","url":"https:\/\/zosradio.ba\/index.php\/2026\/04\/25\/stanovnici-bih-sretniji-nego-sto-mnogi-misle-ispred-hrvatske-i-crne-gore\/","name":"Stanovnici BiH sretniji nego \u0161to mnogi misle, ispred Hrvatske i Crne Gore","isPartOf":{"@id":"https:\/\/zosradio.ba\/#website"},"primaryImageOfPage":{"@id":"https:\/\/zosradio.ba\/index.php\/2026\/04\/25\/stanovnici-bih-sretniji-nego-sto-mnogi-misle-ispred-hrvatske-i-crne-gore\/#primaryimage"},"image":{"@id":"https:\/\/zosradio.ba\/index.php\/2026\/04\/25\/stanovnici-bih-sretniji-nego-sto-mnogi-misle-ispred-hrvatske-i-crne-gore\/#primaryimage"},"thumbnailUrl":"https:\/\/zosradio.ba\/wp-content\/uploads\/2020\/07\/stocksnap-happy-holidays-2567915_1280-e1774873267327.jpg","datePublished":"2026-04-25T06:27:56+00:00","author":{"@id":"https:\/\/zosradio.ba\/#\/schema\/person\/969b476cc96d10b46964da86b3987f7e"},"description":"Prema procjenama Ujedinjenih naroda, djevoj\u010dice ro\u0111ene u Bosni i Hercegovini tokom 2024. godine mogu o\u010dekivati \u017eivotni vijek od 81,1 godinu, dok je za","breadcrumb":{"@id":"https:\/\/zosradio.ba\/index.php\/2026\/04\/25\/stanovnici-bih-sretniji-nego-sto-mnogi-misle-ispred-hrvatske-i-crne-gore\/#breadcrumb"},"inLanguage":"bs-BA","potentialAction":[{"@type":"ReadAction","target":["https:\/\/zosradio.ba\/index.php\/2026\/04\/25\/stanovnici-bih-sretniji-nego-sto-mnogi-misle-ispred-hrvatske-i-crne-gore\/"]}]},{"@type":"ImageObject","inLanguage":"bs-BA","@id":"https:\/\/zosradio.ba\/index.php\/2026\/04\/25\/stanovnici-bih-sretniji-nego-sto-mnogi-misle-ispred-hrvatske-i-crne-gore\/#primaryimage","url":"https:\/\/zosradio.ba\/wp-content\/uploads\/2020\/07\/stocksnap-happy-holidays-2567915_1280-e1774873267327.jpg","contentUrl":"https:\/\/zosradio.ba\/wp-content\/uploads\/2020\/07\/stocksnap-happy-holidays-2567915_1280-e1774873267327.jpg","width":1200,"height":624,"caption":"Ilustracija (Foto: Pixabay)"},{"@type":"BreadcrumbList","@id":"https:\/\/zosradio.ba\/index.php\/2026\/04\/25\/stanovnici-bih-sretniji-nego-sto-mnogi-misle-ispred-hrvatske-i-crne-gore\/#breadcrumb","itemListElement":[{"@type":"ListItem","position":1,"name":"Home","item":"https:\/\/zosradio.ba\/"},{"@type":"ListItem","position":2,"name":"Stanovnici BiH sretniji nego \u0161to mnogi misle, ispred Hrvatske i Crne Gore"}]},{"@type":"WebSite","@id":"https:\/\/zosradio.ba\/#website","url":"https:\/\/zosradio.ba\/","name":"ZOS radio","description":"Mjesto provjerenih informacija","potentialAction":[{"@type":"SearchAction","target":{"@type":"EntryPoint","urlTemplate":"https:\/\/zosradio.ba\/?s={search_term_string}"},"query-input":{"@type":"PropertyValueSpecification","valueRequired":true,"valueName":"search_term_string"}}],"inLanguage":"bs-BA"},{"@type":"Person","@id":"https:\/\/zosradio.ba\/#\/schema\/person\/969b476cc96d10b46964da86b3987f7e","name":"Redakcija","image":{"@type":"ImageObject","inLanguage":"bs-BA","@id":"https:\/\/secure.gravatar.com\/avatar\/b6dcae4aefbd26fbbf5cd5f24d98b246488432fc47a791123ad8639c99f9a13a?s=96&d=mm&r=g","url":"https:\/\/secure.gravatar.com\/avatar\/b6dcae4aefbd26fbbf5cd5f24d98b246488432fc47a791123ad8639c99f9a13a?s=96&d=mm&r=g","contentUrl":"https:\/\/secure.gravatar.com\/avatar\/b6dcae4aefbd26fbbf5cd5f24d98b246488432fc47a791123ad8639c99f9a13a?s=96&d=mm&r=g","caption":"Redakcija"},"url":"https:\/\/zosradio.ba\/index.php\/author\/rifavhotmail-com\/"}]}},"_links":{"self":[{"href":"https:\/\/zosradio.ba\/index.php\/wp-json\/wp\/v2\/posts\/190528","targetHints":{"allow":["GET"]}}],"collection":[{"href":"https:\/\/zosradio.ba\/index.php\/wp-json\/wp\/v2\/posts"}],"about":[{"href":"https:\/\/zosradio.ba\/index.php\/wp-json\/wp\/v2\/types\/post"}],"author":[{"embeddable":true,"href":"https:\/\/zosradio.ba\/index.php\/wp-json\/wp\/v2\/users\/3"}],"replies":[{"embeddable":true,"href":"https:\/\/zosradio.ba\/index.php\/wp-json\/wp\/v2\/comments?post=190528"}],"version-history":[{"count":1,"href":"https:\/\/zosradio.ba\/index.php\/wp-json\/wp\/v2\/posts\/190528\/revisions"}],"predecessor-version":[{"id":190529,"href":"https:\/\/zosradio.ba\/index.php\/wp-json\/wp\/v2\/posts\/190528\/revisions\/190529"}],"wp:featuredmedia":[{"embeddable":true,"href":"https:\/\/zosradio.ba\/index.php\/wp-json\/wp\/v2\/media\/189441"}],"wp:attachment":[{"href":"https:\/\/zosradio.ba\/index.php\/wp-json\/wp\/v2\/media?parent=190528"}],"wp:term":[{"taxonomy":"category","embeddable":true,"href":"https:\/\/zosradio.ba\/index.php\/wp-json\/wp\/v2\/categories?post=190528"},{"taxonomy":"post_tag","embeddable":true,"href":"https:\/\/zosradio.ba\/index.php\/wp-json\/wp\/v2\/tags?post=190528"}],"curies":[{"name":"wp","href":"https:\/\/api.w.org\/{rel}","templated":true}]}}