{"id":190836,"date":"2026-04-25T09:08:19","date_gmt":"2026-04-25T07:08:19","guid":{"rendered":"https:\/\/zosradio.ba\/?p=190836"},"modified":"2026-04-25T09:08:19","modified_gmt":"2026-04-25T07:08:19","slug":"tesanj-vise-od-300-gledalaca-pratilo-panel-glas-mladih","status":"publish","type":"post","link":"https:\/\/zosradio.ba\/index.php\/2026\/04\/25\/tesanj-vise-od-300-gledalaca-pratilo-panel-glas-mladih\/","title":{"rendered":"Te\u0161anj: Vi\u0161e od 300 gledalaca pratilo panel \u201cGlas mladih\u201d"},"content":{"rendered":"<p data-start=\"63\" data-end=\"289\">U Te\u0161nju je 23. aprila 2026. godine, uspje\u0161no odr\u017eana panel diskusija pod nazivom \u201cGlas mladih Te\u0161nja \u2013 podr\u0161ka mladima u aktivizmu\u201d, u organizaciji Asocijacije srednjo\u0161kolaca u Bosni i Hercegovini \u2013 Lokalni tim Te\u0161anj.<\/p>\n<p data-start=\"291\" data-end=\"489\">Doga\u0111aj je okupio veliki broj mladih i zainteresovanih gra\u0111ana, a panel diskusiju je pratilo vi\u0161e od 300 gledalaca, \u0161to potvr\u0111uje zna\u010dajan interes za teme omladinskog aktivizma u lokalnoj zajednici.<\/p>\n<p data-start=\"291\" data-end=\"489\"><img decoding=\"async\" class=\"alignnone wp-image-190837 size-full\" src=\"https:\/\/zosradio.ba\/wp-content\/uploads\/2026\/04\/asubih_-22-e1777100741361.jpg\" alt=\"\" width=\"1200\" height=\"800\" \/><\/p>\n<p data-start=\"491\" data-end=\"666\">Prisutnima su se obratili predsjedavaju\u0107i Op\u0107inskog vije\u0107a Te\u0161anj Amir Kurti\u0107, direktorica Pedago\u0161kog zavoda Aida Salki\u0107, te koordinator lokalnog tima Te\u0161anj Danial Halilovi\u0107.<\/p>\n<p data-start=\"491\" data-end=\"666\"><img decoding=\"async\" class=\"aligncenter wp-image-190839 size-full\" src=\"https:\/\/zosradio.ba\/wp-content\/uploads\/2026\/04\/asubih_-11-e1777100703992.jpg\" alt=\"\" width=\"1200\" height=\"800\" \/><\/p>\n<p data-start=\"668\" data-end=\"1020\">U panel diskusiji u\u010destvovali su predstavnici omladinskog sektora i aktivisti: Antonija Su\u010di\u0107 i Marko Peri\u0107, \u010dlanovi Upravnog odbora Asocijacije srednjo\u0161kolaca u BiH i koordinatori projekta \u201eSocijalni dan\u201c, Emir Galija\u0161evi\u0107, osniva\u010d neformalne grupe \u201eBudi jak\u201c, te Kenan Fehri\u0107, mladi evropski ambasador i omladinski savjetnik pri Ujedinjenim nacijama.<\/p>\n<p data-start=\"1219\" data-end=\"1454\" data-is-last-node=\"\" data-is-only-node=\"\">Organizatori su izrazili zahvalnost svim u\u010desnicima, panelistima i partnerima, isti\u010du\u0107i da ovakvi doga\u0111aji doprinose stvaranju prostora u kojem mladi imaju priliku da budu aktivni, saslu\u0161ani i pokreta\u010di pozitivnih promjena u zajednici.<\/p>\n","protected":false},"excerpt":{"rendered":"<p>U Te\u0161nju je 23. aprila 2026. godine, uspje\u0161no odr\u017eana panel diskusija pod nazivom \u201cGlas mladih Te\u0161nja \u2013 podr\u0161ka mladima u aktivizmu\u201d, u organizaciji Asocijacije srednjo\u0161kolaca u Bosni i Hercegovini \u2013 Lokalni tim Te\u0161anj. Doga\u0111aj je okupio veliki broj mladih i zainteresovanih gra\u0111ana, a panel diskusiju je pratilo vi\u0161e od 300 gledalaca, \u0161to potvr\u0111uje zna\u010dajan interes [&hellip;]<\/p>\n","protected":false},"author":66,"featured_media":190838,"comment_status":"closed","ping_status":"closed","sticky":false,"template":"","format":"standard","meta":{"_acf_changed":false,"footnotes":""},"categories":[13],"tags":[],"class_list":{"0":"post-190836","1":"post","2":"type-post","3":"status-publish","4":"format-standard","5":"has-post-thumbnail","7":"category-bosna-i-hercegovina"},"acf":[],"yoast_head":"<!-- This site is optimized with the Yoast SEO Premium plugin v27.4 (Yoast SEO v27.4) - https:\/\/yoast.com\/product\/yoast-seo-premium-wordpress\/ -->\n<title>Te\u0161anj: Vi\u0161e od 300 gledalaca pratilo panel \u201cGlas mladih\u201d<\/title>\n<meta name=\"description\" content=\"U Te\u0161nju je 23. aprila 2026. godine, uspje\u0161no odr\u017eana panel diskusija pod nazivom \u201cGlas mladih Te\u0161nja \u2013 podr\u0161ka mladima u aktivizmu\u201d, u organizaciji\" \/>\n<meta name=\"robots\" content=\"index, follow, max-snippet:-1, max-image-preview:large, max-video-preview:-1\" \/>\n<link rel=\"canonical\" href=\"https:\/\/zosradio.ba\/index.php\/2026\/04\/25\/tesanj-vise-od-300-gledalaca-pratilo-panel-glas-mladih\/\" \/>\n<meta property=\"og:locale\" content=\"bs_BA\" \/>\n<meta property=\"og:type\" content=\"article\" \/>\n<meta property=\"og:title\" content=\"Te\u0161anj: Vi\u0161e od 300 gledalaca pratilo panel \u201cGlas mladih\u201d\" \/>\n<meta property=\"og:description\" content=\"U Te\u0161nju je 23. aprila 2026. godine, uspje\u0161no odr\u017eana panel diskusija pod nazivom \u201cGlas mladih Te\u0161nja \u2013 podr\u0161ka mladima u aktivizmu\u201d, u organizaciji\" \/>\n<meta property=\"og:url\" content=\"https:\/\/zosradio.ba\/index.php\/2026\/04\/25\/tesanj-vise-od-300-gledalaca-pratilo-panel-glas-mladih\/\" \/>\n<meta property=\"og:site_name\" content=\"ZOS radio\" \/>\n<meta property=\"article:publisher\" content=\"https:\/\/www.facebook.com\/zosradio\" \/>\n<meta property=\"article:published_time\" content=\"2026-04-25T07:08:19+00:00\" \/>\n<meta property=\"og:image\" content=\"https:\/\/zosradio.ba\/wp-content\/uploads\/2026\/04\/asubih_-18-e1777100653829.jpg\" \/>\n\t<meta property=\"og:image:width\" content=\"1200\" \/>\n\t<meta property=\"og:image:height\" content=\"630\" \/>\n\t<meta property=\"og:image:type\" content=\"image\/jpeg\" \/>\n<meta name=\"author\" content=\"ZOS Radio\" \/>\n<meta name=\"twitter:card\" content=\"summary_large_image\" \/>\n<meta name=\"twitter:label1\" content=\"Written by\" \/>\n\t<meta name=\"twitter:data1\" content=\"ZOS Radio\" \/>\n\t<meta name=\"twitter:label2\" content=\"Est. reading time\" \/>\n\t<meta name=\"twitter:data2\" content=\"2 minute\" \/>\n<script type=\"application\/ld+json\" class=\"yoast-schema-graph\">{\"@context\":\"https:\\\/\\\/schema.org\",\"@graph\":[{\"@type\":\"Article\",\"@id\":\"https:\\\/\\\/zosradio.ba\\\/index.php\\\/2026\\\/04\\\/25\\\/tesanj-vise-od-300-gledalaca-pratilo-panel-glas-mladih\\\/#article\",\"isPartOf\":{\"@id\":\"https:\\\/\\\/zosradio.ba\\\/index.php\\\/2026\\\/04\\\/25\\\/tesanj-vise-od-300-gledalaca-pratilo-panel-glas-mladih\\\/\"},\"author\":{\"name\":\"ZOS Radio\",\"@id\":\"https:\\\/\\\/zosradio.ba\\\/#\\\/schema\\\/person\\\/a50f918510fbc1657e429005a9fa2f3f\"},\"headline\":\"Te\u0161anj: Vi\u0161e od 300 gledalaca pratilo panel \u201cGlas mladih\u201d\",\"datePublished\":\"2026-04-25T07:08:19+00:00\",\"mainEntityOfPage\":{\"@id\":\"https:\\\/\\\/zosradio.ba\\\/index.php\\\/2026\\\/04\\\/25\\\/tesanj-vise-od-300-gledalaca-pratilo-panel-glas-mladih\\\/\"},\"wordCount\":194,\"image\":{\"@id\":\"https:\\\/\\\/zosradio.ba\\\/index.php\\\/2026\\\/04\\\/25\\\/tesanj-vise-od-300-gledalaca-pratilo-panel-glas-mladih\\\/#primaryimage\"},\"thumbnailUrl\":\"https:\\\/\\\/zosradio.ba\\\/wp-content\\\/uploads\\\/2026\\\/04\\\/asubih_-18-e1777100653829.jpg\",\"articleSection\":[\"Bosna i Hercegovina\"],\"inLanguage\":\"bs-BA\"},{\"@type\":\"WebPage\",\"@id\":\"https:\\\/\\\/zosradio.ba\\\/index.php\\\/2026\\\/04\\\/25\\\/tesanj-vise-od-300-gledalaca-pratilo-panel-glas-mladih\\\/\",\"url\":\"https:\\\/\\\/zosradio.ba\\\/index.php\\\/2026\\\/04\\\/25\\\/tesanj-vise-od-300-gledalaca-pratilo-panel-glas-mladih\\\/\",\"name\":\"Te\u0161anj: Vi\u0161e od 300 gledalaca pratilo panel \u201cGlas mladih\u201d\",\"isPartOf\":{\"@id\":\"https:\\\/\\\/zosradio.ba\\\/#website\"},\"primaryImageOfPage\":{\"@id\":\"https:\\\/\\\/zosradio.ba\\\/index.php\\\/2026\\\/04\\\/25\\\/tesanj-vise-od-300-gledalaca-pratilo-panel-glas-mladih\\\/#primaryimage\"},\"image\":{\"@id\":\"https:\\\/\\\/zosradio.ba\\\/index.php\\\/2026\\\/04\\\/25\\\/tesanj-vise-od-300-gledalaca-pratilo-panel-glas-mladih\\\/#primaryimage\"},\"thumbnailUrl\":\"https:\\\/\\\/zosradio.ba\\\/wp-content\\\/uploads\\\/2026\\\/04\\\/asubih_-18-e1777100653829.jpg\",\"datePublished\":\"2026-04-25T07:08:19+00:00\",\"author\":{\"@id\":\"https:\\\/\\\/zosradio.ba\\\/#\\\/schema\\\/person\\\/a50f918510fbc1657e429005a9fa2f3f\"},\"description\":\"U Te\u0161nju je 23. aprila 2026. godine, uspje\u0161no odr\u017eana panel diskusija pod nazivom \u201cGlas mladih Te\u0161nja \u2013 podr\u0161ka mladima u aktivizmu\u201d, u organizaciji\",\"breadcrumb\":{\"@id\":\"https:\\\/\\\/zosradio.ba\\\/index.php\\\/2026\\\/04\\\/25\\\/tesanj-vise-od-300-gledalaca-pratilo-panel-glas-mladih\\\/#breadcrumb\"},\"inLanguage\":\"bs-BA\",\"potentialAction\":[{\"@type\":\"ReadAction\",\"target\":[\"https:\\\/\\\/zosradio.ba\\\/index.php\\\/2026\\\/04\\\/25\\\/tesanj-vise-od-300-gledalaca-pratilo-panel-glas-mladih\\\/\"]}]},{\"@type\":\"ImageObject\",\"inLanguage\":\"bs-BA\",\"@id\":\"https:\\\/\\\/zosradio.ba\\\/index.php\\\/2026\\\/04\\\/25\\\/tesanj-vise-od-300-gledalaca-pratilo-panel-glas-mladih\\\/#primaryimage\",\"url\":\"https:\\\/\\\/zosradio.ba\\\/wp-content\\\/uploads\\\/2026\\\/04\\\/asubih_-18-e1777100653829.jpg\",\"contentUrl\":\"https:\\\/\\\/zosradio.ba\\\/wp-content\\\/uploads\\\/2026\\\/04\\\/asubih_-18-e1777100653829.jpg\",\"width\":1200,\"height\":630,\"caption\":\"panel diskusija\"},{\"@type\":\"BreadcrumbList\",\"@id\":\"https:\\\/\\\/zosradio.ba\\\/index.php\\\/2026\\\/04\\\/25\\\/tesanj-vise-od-300-gledalaca-pratilo-panel-glas-mladih\\\/#breadcrumb\",\"itemListElement\":[{\"@type\":\"ListItem\",\"position\":1,\"name\":\"Home\",\"item\":\"https:\\\/\\\/zosradio.ba\\\/\"},{\"@type\":\"ListItem\",\"position\":2,\"name\":\"Te\u0161anj: Vi\u0161e od 300 gledalaca pratilo panel \u201cGlas mladih\u201d\"}]},{\"@type\":\"WebSite\",\"@id\":\"https:\\\/\\\/zosradio.ba\\\/#website\",\"url\":\"https:\\\/\\\/zosradio.ba\\\/\",\"name\":\"ZOS radio\",\"description\":\"Mjesto provjerenih informacija\",\"potentialAction\":[{\"@type\":\"SearchAction\",\"target\":{\"@type\":\"EntryPoint\",\"urlTemplate\":\"https:\\\/\\\/zosradio.ba\\\/?s={search_term_string}\"},\"query-input\":{\"@type\":\"PropertyValueSpecification\",\"valueRequired\":true,\"valueName\":\"search_term_string\"}}],\"inLanguage\":\"bs-BA\"},{\"@type\":\"Person\",\"@id\":\"https:\\\/\\\/zosradio.ba\\\/#\\\/schema\\\/person\\\/a50f918510fbc1657e429005a9fa2f3f\",\"name\":\"ZOS Radio\",\"image\":{\"@type\":\"ImageObject\",\"inLanguage\":\"bs-BA\",\"@id\":\"https:\\\/\\\/secure.gravatar.com\\\/avatar\\\/7b213a81ab39dfd15c7f120e7cbe723535a4890e53338be020252eb0199c3486?s=96&d=mm&r=g\",\"url\":\"https:\\\/\\\/secure.gravatar.com\\\/avatar\\\/7b213a81ab39dfd15c7f120e7cbe723535a4890e53338be020252eb0199c3486?s=96&d=mm&r=g\",\"contentUrl\":\"https:\\\/\\\/secure.gravatar.com\\\/avatar\\\/7b213a81ab39dfd15c7f120e7cbe723535a4890e53338be020252eb0199c3486?s=96&d=mm&r=g\",\"caption\":\"ZOS Radio\"},\"url\":\"https:\\\/\\\/zosradio.ba\\\/index.php\\\/author\\\/zos-radio\\\/\"}]}<\/script>\n<!-- \/ Yoast SEO Premium plugin. -->","yoast_head_json":{"title":"Te\u0161anj: Vi\u0161e od 300 gledalaca pratilo panel \u201cGlas mladih\u201d","description":"U Te\u0161nju je 23. aprila 2026. godine, uspje\u0161no odr\u017eana panel diskusija pod nazivom \u201cGlas mladih Te\u0161nja \u2013 podr\u0161ka mladima u aktivizmu\u201d, u organizaciji","robots":{"index":"index","follow":"follow","max-snippet":"max-snippet:-1","max-image-preview":"max-image-preview:large","max-video-preview":"max-video-preview:-1"},"canonical":"https:\/\/zosradio.ba\/index.php\/2026\/04\/25\/tesanj-vise-od-300-gledalaca-pratilo-panel-glas-mladih\/","og_locale":"bs_BA","og_type":"article","og_title":"Te\u0161anj: Vi\u0161e od 300 gledalaca pratilo panel \u201cGlas mladih\u201d","og_description":"U Te\u0161nju je 23. aprila 2026. godine, uspje\u0161no odr\u017eana panel diskusija pod nazivom \u201cGlas mladih Te\u0161nja \u2013 podr\u0161ka mladima u aktivizmu\u201d, u organizaciji","og_url":"https:\/\/zosradio.ba\/index.php\/2026\/04\/25\/tesanj-vise-od-300-gledalaca-pratilo-panel-glas-mladih\/","og_site_name":"ZOS radio","article_publisher":"https:\/\/www.facebook.com\/zosradio","article_published_time":"2026-04-25T07:08:19+00:00","og_image":[{"width":1200,"height":630,"url":"https:\/\/zosradio.ba\/wp-content\/uploads\/2026\/04\/asubih_-18-e1777100653829.jpg","type":"image\/jpeg"}],"author":"ZOS Radio","twitter_card":"summary_large_image","twitter_misc":{"Written by":"ZOS Radio","Est. reading time":"2 minute"},"schema":{"@context":"https:\/\/schema.org","@graph":[{"@type":"Article","@id":"https:\/\/zosradio.ba\/index.php\/2026\/04\/25\/tesanj-vise-od-300-gledalaca-pratilo-panel-glas-mladih\/#article","isPartOf":{"@id":"https:\/\/zosradio.ba\/index.php\/2026\/04\/25\/tesanj-vise-od-300-gledalaca-pratilo-panel-glas-mladih\/"},"author":{"name":"ZOS Radio","@id":"https:\/\/zosradio.ba\/#\/schema\/person\/a50f918510fbc1657e429005a9fa2f3f"},"headline":"Te\u0161anj: Vi\u0161e od 300 gledalaca pratilo panel \u201cGlas mladih\u201d","datePublished":"2026-04-25T07:08:19+00:00","mainEntityOfPage":{"@id":"https:\/\/zosradio.ba\/index.php\/2026\/04\/25\/tesanj-vise-od-300-gledalaca-pratilo-panel-glas-mladih\/"},"wordCount":194,"image":{"@id":"https:\/\/zosradio.ba\/index.php\/2026\/04\/25\/tesanj-vise-od-300-gledalaca-pratilo-panel-glas-mladih\/#primaryimage"},"thumbnailUrl":"https:\/\/zosradio.ba\/wp-content\/uploads\/2026\/04\/asubih_-18-e1777100653829.jpg","articleSection":["Bosna i Hercegovina"],"inLanguage":"bs-BA"},{"@type":"WebPage","@id":"https:\/\/zosradio.ba\/index.php\/2026\/04\/25\/tesanj-vise-od-300-gledalaca-pratilo-panel-glas-mladih\/","url":"https:\/\/zosradio.ba\/index.php\/2026\/04\/25\/tesanj-vise-od-300-gledalaca-pratilo-panel-glas-mladih\/","name":"Te\u0161anj: Vi\u0161e od 300 gledalaca pratilo panel \u201cGlas mladih\u201d","isPartOf":{"@id":"https:\/\/zosradio.ba\/#website"},"primaryImageOfPage":{"@id":"https:\/\/zosradio.ba\/index.php\/2026\/04\/25\/tesanj-vise-od-300-gledalaca-pratilo-panel-glas-mladih\/#primaryimage"},"image":{"@id":"https:\/\/zosradio.ba\/index.php\/2026\/04\/25\/tesanj-vise-od-300-gledalaca-pratilo-panel-glas-mladih\/#primaryimage"},"thumbnailUrl":"https:\/\/zosradio.ba\/wp-content\/uploads\/2026\/04\/asubih_-18-e1777100653829.jpg","datePublished":"2026-04-25T07:08:19+00:00","author":{"@id":"https:\/\/zosradio.ba\/#\/schema\/person\/a50f918510fbc1657e429005a9fa2f3f"},"description":"U Te\u0161nju je 23. aprila 2026. godine, uspje\u0161no odr\u017eana panel diskusija pod nazivom \u201cGlas mladih Te\u0161nja \u2013 podr\u0161ka mladima u aktivizmu\u201d, u organizaciji","breadcrumb":{"@id":"https:\/\/zosradio.ba\/index.php\/2026\/04\/25\/tesanj-vise-od-300-gledalaca-pratilo-panel-glas-mladih\/#breadcrumb"},"inLanguage":"bs-BA","potentialAction":[{"@type":"ReadAction","target":["https:\/\/zosradio.ba\/index.php\/2026\/04\/25\/tesanj-vise-od-300-gledalaca-pratilo-panel-glas-mladih\/"]}]},{"@type":"ImageObject","inLanguage":"bs-BA","@id":"https:\/\/zosradio.ba\/index.php\/2026\/04\/25\/tesanj-vise-od-300-gledalaca-pratilo-panel-glas-mladih\/#primaryimage","url":"https:\/\/zosradio.ba\/wp-content\/uploads\/2026\/04\/asubih_-18-e1777100653829.jpg","contentUrl":"https:\/\/zosradio.ba\/wp-content\/uploads\/2026\/04\/asubih_-18-e1777100653829.jpg","width":1200,"height":630,"caption":"panel diskusija"},{"@type":"BreadcrumbList","@id":"https:\/\/zosradio.ba\/index.php\/2026\/04\/25\/tesanj-vise-od-300-gledalaca-pratilo-panel-glas-mladih\/#breadcrumb","itemListElement":[{"@type":"ListItem","position":1,"name":"Home","item":"https:\/\/zosradio.ba\/"},{"@type":"ListItem","position":2,"name":"Te\u0161anj: Vi\u0161e od 300 gledalaca pratilo panel \u201cGlas mladih\u201d"}]},{"@type":"WebSite","@id":"https:\/\/zosradio.ba\/#website","url":"https:\/\/zosradio.ba\/","name":"ZOS radio","description":"Mjesto provjerenih informacija","potentialAction":[{"@type":"SearchAction","target":{"@type":"EntryPoint","urlTemplate":"https:\/\/zosradio.ba\/?s={search_term_string}"},"query-input":{"@type":"PropertyValueSpecification","valueRequired":true,"valueName":"search_term_string"}}],"inLanguage":"bs-BA"},{"@type":"Person","@id":"https:\/\/zosradio.ba\/#\/schema\/person\/a50f918510fbc1657e429005a9fa2f3f","name":"ZOS Radio","image":{"@type":"ImageObject","inLanguage":"bs-BA","@id":"https:\/\/secure.gravatar.com\/avatar\/7b213a81ab39dfd15c7f120e7cbe723535a4890e53338be020252eb0199c3486?s=96&d=mm&r=g","url":"https:\/\/secure.gravatar.com\/avatar\/7b213a81ab39dfd15c7f120e7cbe723535a4890e53338be020252eb0199c3486?s=96&d=mm&r=g","contentUrl":"https:\/\/secure.gravatar.com\/avatar\/7b213a81ab39dfd15c7f120e7cbe723535a4890e53338be020252eb0199c3486?s=96&d=mm&r=g","caption":"ZOS Radio"},"url":"https:\/\/zosradio.ba\/index.php\/author\/zos-radio\/"}]}},"_links":{"self":[{"href":"https:\/\/zosradio.ba\/index.php\/wp-json\/wp\/v2\/posts\/190836","targetHints":{"allow":["GET"]}}],"collection":[{"href":"https:\/\/zosradio.ba\/index.php\/wp-json\/wp\/v2\/posts"}],"about":[{"href":"https:\/\/zosradio.ba\/index.php\/wp-json\/wp\/v2\/types\/post"}],"author":[{"embeddable":true,"href":"https:\/\/zosradio.ba\/index.php\/wp-json\/wp\/v2\/users\/66"}],"replies":[{"embeddable":true,"href":"https:\/\/zosradio.ba\/index.php\/wp-json\/wp\/v2\/comments?post=190836"}],"version-history":[{"count":1,"href":"https:\/\/zosradio.ba\/index.php\/wp-json\/wp\/v2\/posts\/190836\/revisions"}],"predecessor-version":[{"id":190841,"href":"https:\/\/zosradio.ba\/index.php\/wp-json\/wp\/v2\/posts\/190836\/revisions\/190841"}],"wp:featuredmedia":[{"embeddable":true,"href":"https:\/\/zosradio.ba\/index.php\/wp-json\/wp\/v2\/media\/190838"}],"wp:attachment":[{"href":"https:\/\/zosradio.ba\/index.php\/wp-json\/wp\/v2\/media?parent=190836"}],"wp:term":[{"taxonomy":"category","embeddable":true,"href":"https:\/\/zosradio.ba\/index.php\/wp-json\/wp\/v2\/categories?post=190836"},{"taxonomy":"post_tag","embeddable":true,"href":"https:\/\/zosradio.ba\/index.php\/wp-json\/wp\/v2\/tags?post=190836"}],"curies":[{"name":"wp","href":"https:\/\/api.w.org\/{rel}","templated":true}]}}