{"id":190939,"date":"2026-04-27T15:25:11","date_gmt":"2026-04-27T13:25:11","guid":{"rendered":"https:\/\/zosradio.ba\/?p=190939"},"modified":"2026-04-27T15:25:11","modified_gmt":"2026-04-27T13:25:11","slug":"medju-11-odabranih-u-bih-doboj-jug-dio-velikog-razvojnog-projekta","status":"publish","type":"post","link":"https:\/\/zosradio.ba\/index.php\/2026\/04\/27\/medju-11-odabranih-u-bih-doboj-jug-dio-velikog-razvojnog-projekta\/","title":{"rendered":"Me\u0111u 11 odabranih u BiH: Doboj Jug dio velikog razvojnog projekta"},"content":{"rendered":"<p data-start=\"87\" data-end=\"312\"><strong>Op\u0107ina <a href=\"https:\/\/zosradio.ba\/index.php\/2026\/01\/23\/poziv-privrednicima-za-clanstvo-u-privrednom-savjetu-opcine-doboj-jug\/\">Doboj Jug<\/a> jedna je od 11 lokalnih zajednica u Bosni i Hercegovini koje su uklju\u010dene u projekat LER\/LED BiH, finansiran od strane \u0160vicarskog Caritasa. U okviru klastera 1, Doboj Jug se nalazi me\u0111u osam odabranih op\u0107ina.<\/strong><\/p>\n<p data-start=\"314\" data-end=\"587\">Kao jedan od klju\u010dnih projekata za lokalni ekonomski razvoj, Op\u0107ina Doboj Jug aplicirala je na javni poziv sa projektom \u201eIzrada Regulacionog plana Poslovno-stambena zona Matuzi\u0107i centar\u201c, s posebnim fokusom na energetsku tranziciju i kori\u0161tenje obnovljivih izvora energije.<\/p>\n<p data-start=\"589\" data-end=\"798\">Priprema i apliciranje projekta realizovani su uz stru\u010dnu podr\u0161ku REZ Agencije \u2013 Regionalne razvojne agencije iz Zenice. Za nosioca izrade regulacionog plana izabrana je firma \u201eURBIS CENTAR\u201c d.o.o. Banja Luka.<\/p>\n<p data-start=\"800\" data-end=\"1007\">Obuhvat regulacionog plana prostire se na povr\u0161ini od 105 hektara, a rok za njegovu izradu predvi\u0111en je do februara 2027. godine. Koordinatori projekta ispred Op\u0107ine Doboj Jug su Edin Had\u017ei\u0107 i Sanela Ali\u010di\u0107.<\/p>\n<p data-start=\"1009\" data-end=\"1198\">U sklopu projekta planirana je i instalacija punja\u010da za elektri\u010dna vozila ispred zgrade Op\u0107ine Doboj Jug, \u0161to predstavlja dodatni iskorak ka odr\u017eivom razvoju i modernizaciji infrastrukture.<\/p>\n<p data-start=\"1200\" data-end=\"1405\" data-is-last-node=\"\" data-is-only-node=\"\">Projekat se sufinansira sredstvima \u0160vicarskog Caritasa i Op\u0107ine Doboj Jug iz bud\u017eeta, a o\u010dekuje se da \u0107e doprinijeti unapre\u0111enju poslovnog ambijenta i privla\u010denju novih investicija u ovu lokalnu zajednicu.<\/p>\n","protected":false},"excerpt":{"rendered":"<p>Op\u0107ina Doboj Jug jedna je od 11 lokalnih zajednica u Bosni i Hercegovini koje su uklju\u010dene u projekat LER\/LED BiH, finansiran od strane \u0160vicarskog Caritasa. U okviru klastera 1, Doboj Jug se nalazi me\u0111u osam odabranih op\u0107ina. Kao jedan od klju\u010dnih projekata za lokalni ekonomski razvoj, Op\u0107ina Doboj Jug aplicirala je na javni poziv sa [&hellip;]<\/p>\n","protected":false},"author":3,"featured_media":190940,"comment_status":"closed","ping_status":"closed","sticky":false,"template":"","format":"standard","meta":{"_acf_changed":false,"footnotes":""},"categories":[13],"tags":[476],"class_list":{"0":"post-190939","1":"post","2":"type-post","3":"status-publish","4":"format-standard","5":"has-post-thumbnail","7":"category-bosna-i-hercegovina","8":"tag-doboj-jug"},"acf":[],"yoast_head":"<!-- This site is optimized with the Yoast SEO Premium plugin v27.4 (Yoast SEO v27.4) - https:\/\/yoast.com\/product\/yoast-seo-premium-wordpress\/ -->\n<title>Me\u0111u 11 odabranih u BiH: Doboj Jug dio velikog razvojnog projekta<\/title>\n<meta name=\"description\" content=\"Op\u0107ina Doboj Jug jedna je od 11 lokalnih zajednica u Bosni i Hercegovini koje su uklju\u010dene u projekat LER\/LED BiH, finansiran od strane \u0160vicarskog\" \/>\n<meta name=\"robots\" content=\"index, follow, max-snippet:-1, max-image-preview:large, max-video-preview:-1\" \/>\n<link rel=\"canonical\" href=\"https:\/\/zosradio.ba\/index.php\/2026\/04\/27\/medju-11-odabranih-u-bih-doboj-jug-dio-velikog-razvojnog-projekta\/\" \/>\n<meta property=\"og:locale\" content=\"bs_BA\" \/>\n<meta property=\"og:type\" content=\"article\" \/>\n<meta property=\"og:title\" content=\"Me\u0111u 11 odabranih u BiH: Doboj Jug dio velikog razvojnog projekta\" \/>\n<meta property=\"og:description\" content=\"Op\u0107ina Doboj Jug jedna je od 11 lokalnih zajednica u Bosni i Hercegovini koje su uklju\u010dene u projekat LER\/LED BiH, finansiran od strane \u0160vicarskog\" \/>\n<meta property=\"og:url\" content=\"https:\/\/zosradio.ba\/index.php\/2026\/04\/27\/medju-11-odabranih-u-bih-doboj-jug-dio-velikog-razvojnog-projekta\/\" \/>\n<meta property=\"og:site_name\" content=\"ZOS radio\" \/>\n<meta property=\"article:publisher\" content=\"https:\/\/www.facebook.com\/zosradio\" \/>\n<meta property=\"article:published_time\" content=\"2026-04-27T13:25:11+00:00\" \/>\n<meta property=\"og:image\" content=\"https:\/\/zosradio.ba\/wp-content\/uploads\/2026\/04\/683756876_1380525750785033_3652246818145565672_n-e1777290140324.jpg\" \/>\n\t<meta property=\"og:image:width\" content=\"1200\" \/>\n\t<meta property=\"og:image:height\" content=\"629\" \/>\n\t<meta property=\"og:image:type\" content=\"image\/jpeg\" \/>\n<meta name=\"author\" content=\"Redakcija\" \/>\n<meta name=\"twitter:card\" content=\"summary_large_image\" \/>\n<meta name=\"twitter:label1\" content=\"Written by\" \/>\n\t<meta name=\"twitter:data1\" content=\"Redakcija\" \/>\n\t<meta name=\"twitter:label2\" content=\"Est. reading time\" \/>\n\t<meta name=\"twitter:data2\" content=\"2 minute\" \/>\n<script type=\"application\/ld+json\" class=\"yoast-schema-graph\">{\"@context\":\"https:\\\/\\\/schema.org\",\"@graph\":[{\"@type\":\"Article\",\"@id\":\"https:\\\/\\\/zosradio.ba\\\/index.php\\\/2026\\\/04\\\/27\\\/medju-11-odabranih-u-bih-doboj-jug-dio-velikog-razvojnog-projekta\\\/#article\",\"isPartOf\":{\"@id\":\"https:\\\/\\\/zosradio.ba\\\/index.php\\\/2026\\\/04\\\/27\\\/medju-11-odabranih-u-bih-doboj-jug-dio-velikog-razvojnog-projekta\\\/\"},\"author\":{\"name\":\"Redakcija\",\"@id\":\"https:\\\/\\\/zosradio.ba\\\/#\\\/schema\\\/person\\\/969b476cc96d10b46964da86b3987f7e\"},\"headline\":\"Me\u0111u 11 odabranih u BiH: Doboj Jug dio velikog razvojnog projekta\",\"datePublished\":\"2026-04-27T13:25:11+00:00\",\"mainEntityOfPage\":{\"@id\":\"https:\\\/\\\/zosradio.ba\\\/index.php\\\/2026\\\/04\\\/27\\\/medju-11-odabranih-u-bih-doboj-jug-dio-velikog-razvojnog-projekta\\\/\"},\"wordCount\":225,\"image\":{\"@id\":\"https:\\\/\\\/zosradio.ba\\\/index.php\\\/2026\\\/04\\\/27\\\/medju-11-odabranih-u-bih-doboj-jug-dio-velikog-razvojnog-projekta\\\/#primaryimage\"},\"thumbnailUrl\":\"https:\\\/\\\/zosradio.ba\\\/wp-content\\\/uploads\\\/2026\\\/04\\\/683756876_1380525750785033_3652246818145565672_n-e1777290140324.jpg\",\"keywords\":[\"Doboj Jug\"],\"articleSection\":[\"Bosna i Hercegovina\"],\"inLanguage\":\"bs-BA\"},{\"@type\":\"WebPage\",\"@id\":\"https:\\\/\\\/zosradio.ba\\\/index.php\\\/2026\\\/04\\\/27\\\/medju-11-odabranih-u-bih-doboj-jug-dio-velikog-razvojnog-projekta\\\/\",\"url\":\"https:\\\/\\\/zosradio.ba\\\/index.php\\\/2026\\\/04\\\/27\\\/medju-11-odabranih-u-bih-doboj-jug-dio-velikog-razvojnog-projekta\\\/\",\"name\":\"Me\u0111u 11 odabranih u BiH: Doboj Jug dio velikog razvojnog projekta\",\"isPartOf\":{\"@id\":\"https:\\\/\\\/zosradio.ba\\\/#website\"},\"primaryImageOfPage\":{\"@id\":\"https:\\\/\\\/zosradio.ba\\\/index.php\\\/2026\\\/04\\\/27\\\/medju-11-odabranih-u-bih-doboj-jug-dio-velikog-razvojnog-projekta\\\/#primaryimage\"},\"image\":{\"@id\":\"https:\\\/\\\/zosradio.ba\\\/index.php\\\/2026\\\/04\\\/27\\\/medju-11-odabranih-u-bih-doboj-jug-dio-velikog-razvojnog-projekta\\\/#primaryimage\"},\"thumbnailUrl\":\"https:\\\/\\\/zosradio.ba\\\/wp-content\\\/uploads\\\/2026\\\/04\\\/683756876_1380525750785033_3652246818145565672_n-e1777290140324.jpg\",\"datePublished\":\"2026-04-27T13:25:11+00:00\",\"author\":{\"@id\":\"https:\\\/\\\/zosradio.ba\\\/#\\\/schema\\\/person\\\/969b476cc96d10b46964da86b3987f7e\"},\"description\":\"Op\u0107ina Doboj Jug jedna je od 11 lokalnih zajednica u Bosni i Hercegovini koje su uklju\u010dene u projekat LER\\\/LED BiH, finansiran od strane \u0160vicarskog\",\"breadcrumb\":{\"@id\":\"https:\\\/\\\/zosradio.ba\\\/index.php\\\/2026\\\/04\\\/27\\\/medju-11-odabranih-u-bih-doboj-jug-dio-velikog-razvojnog-projekta\\\/#breadcrumb\"},\"inLanguage\":\"bs-BA\",\"potentialAction\":[{\"@type\":\"ReadAction\",\"target\":[\"https:\\\/\\\/zosradio.ba\\\/index.php\\\/2026\\\/04\\\/27\\\/medju-11-odabranih-u-bih-doboj-jug-dio-velikog-razvojnog-projekta\\\/\"]}]},{\"@type\":\"ImageObject\",\"inLanguage\":\"bs-BA\",\"@id\":\"https:\\\/\\\/zosradio.ba\\\/index.php\\\/2026\\\/04\\\/27\\\/medju-11-odabranih-u-bih-doboj-jug-dio-velikog-razvojnog-projekta\\\/#primaryimage\",\"url\":\"https:\\\/\\\/zosradio.ba\\\/wp-content\\\/uploads\\\/2026\\\/04\\\/683756876_1380525750785033_3652246818145565672_n-e1777290140324.jpg\",\"contentUrl\":\"https:\\\/\\\/zosradio.ba\\\/wp-content\\\/uploads\\\/2026\\\/04\\\/683756876_1380525750785033_3652246818145565672_n-e1777290140324.jpg\",\"width\":1200,\"height\":629,\"caption\":\"Foto: Op\u0107ina Doboj Jug\"},{\"@type\":\"BreadcrumbList\",\"@id\":\"https:\\\/\\\/zosradio.ba\\\/index.php\\\/2026\\\/04\\\/27\\\/medju-11-odabranih-u-bih-doboj-jug-dio-velikog-razvojnog-projekta\\\/#breadcrumb\",\"itemListElement\":[{\"@type\":\"ListItem\",\"position\":1,\"name\":\"Home\",\"item\":\"https:\\\/\\\/zosradio.ba\\\/\"},{\"@type\":\"ListItem\",\"position\":2,\"name\":\"Me\u0111u 11 odabranih u BiH: Doboj Jug dio velikog razvojnog projekta\"}]},{\"@type\":\"WebSite\",\"@id\":\"https:\\\/\\\/zosradio.ba\\\/#website\",\"url\":\"https:\\\/\\\/zosradio.ba\\\/\",\"name\":\"ZOS radio\",\"description\":\"Mjesto provjerenih informacija\",\"potentialAction\":[{\"@type\":\"SearchAction\",\"target\":{\"@type\":\"EntryPoint\",\"urlTemplate\":\"https:\\\/\\\/zosradio.ba\\\/?s={search_term_string}\"},\"query-input\":{\"@type\":\"PropertyValueSpecification\",\"valueRequired\":true,\"valueName\":\"search_term_string\"}}],\"inLanguage\":\"bs-BA\"},{\"@type\":\"Person\",\"@id\":\"https:\\\/\\\/zosradio.ba\\\/#\\\/schema\\\/person\\\/969b476cc96d10b46964da86b3987f7e\",\"name\":\"Redakcija\",\"image\":{\"@type\":\"ImageObject\",\"inLanguage\":\"bs-BA\",\"@id\":\"https:\\\/\\\/secure.gravatar.com\\\/avatar\\\/b6dcae4aefbd26fbbf5cd5f24d98b246488432fc47a791123ad8639c99f9a13a?s=96&d=mm&r=g\",\"url\":\"https:\\\/\\\/secure.gravatar.com\\\/avatar\\\/b6dcae4aefbd26fbbf5cd5f24d98b246488432fc47a791123ad8639c99f9a13a?s=96&d=mm&r=g\",\"contentUrl\":\"https:\\\/\\\/secure.gravatar.com\\\/avatar\\\/b6dcae4aefbd26fbbf5cd5f24d98b246488432fc47a791123ad8639c99f9a13a?s=96&d=mm&r=g\",\"caption\":\"Redakcija\"},\"url\":\"https:\\\/\\\/zosradio.ba\\\/index.php\\\/author\\\/rifavhotmail-com\\\/\"}]}<\/script>\n<!-- \/ Yoast SEO Premium plugin. -->","yoast_head_json":{"title":"Me\u0111u 11 odabranih u BiH: Doboj Jug dio velikog razvojnog projekta","description":"Op\u0107ina Doboj Jug jedna je od 11 lokalnih zajednica u Bosni i Hercegovini koje su uklju\u010dene u projekat LER\/LED BiH, finansiran od strane \u0160vicarskog","robots":{"index":"index","follow":"follow","max-snippet":"max-snippet:-1","max-image-preview":"max-image-preview:large","max-video-preview":"max-video-preview:-1"},"canonical":"https:\/\/zosradio.ba\/index.php\/2026\/04\/27\/medju-11-odabranih-u-bih-doboj-jug-dio-velikog-razvojnog-projekta\/","og_locale":"bs_BA","og_type":"article","og_title":"Me\u0111u 11 odabranih u BiH: Doboj Jug dio velikog razvojnog projekta","og_description":"Op\u0107ina Doboj Jug jedna je od 11 lokalnih zajednica u Bosni i Hercegovini koje su uklju\u010dene u projekat LER\/LED BiH, finansiran od strane \u0160vicarskog","og_url":"https:\/\/zosradio.ba\/index.php\/2026\/04\/27\/medju-11-odabranih-u-bih-doboj-jug-dio-velikog-razvojnog-projekta\/","og_site_name":"ZOS radio","article_publisher":"https:\/\/www.facebook.com\/zosradio","article_published_time":"2026-04-27T13:25:11+00:00","og_image":[{"width":1200,"height":629,"url":"https:\/\/zosradio.ba\/wp-content\/uploads\/2026\/04\/683756876_1380525750785033_3652246818145565672_n-e1777290140324.jpg","type":"image\/jpeg"}],"author":"Redakcija","twitter_card":"summary_large_image","twitter_misc":{"Written by":"Redakcija","Est. reading time":"2 minute"},"schema":{"@context":"https:\/\/schema.org","@graph":[{"@type":"Article","@id":"https:\/\/zosradio.ba\/index.php\/2026\/04\/27\/medju-11-odabranih-u-bih-doboj-jug-dio-velikog-razvojnog-projekta\/#article","isPartOf":{"@id":"https:\/\/zosradio.ba\/index.php\/2026\/04\/27\/medju-11-odabranih-u-bih-doboj-jug-dio-velikog-razvojnog-projekta\/"},"author":{"name":"Redakcija","@id":"https:\/\/zosradio.ba\/#\/schema\/person\/969b476cc96d10b46964da86b3987f7e"},"headline":"Me\u0111u 11 odabranih u BiH: Doboj Jug dio velikog razvojnog projekta","datePublished":"2026-04-27T13:25:11+00:00","mainEntityOfPage":{"@id":"https:\/\/zosradio.ba\/index.php\/2026\/04\/27\/medju-11-odabranih-u-bih-doboj-jug-dio-velikog-razvojnog-projekta\/"},"wordCount":225,"image":{"@id":"https:\/\/zosradio.ba\/index.php\/2026\/04\/27\/medju-11-odabranih-u-bih-doboj-jug-dio-velikog-razvojnog-projekta\/#primaryimage"},"thumbnailUrl":"https:\/\/zosradio.ba\/wp-content\/uploads\/2026\/04\/683756876_1380525750785033_3652246818145565672_n-e1777290140324.jpg","keywords":["Doboj Jug"],"articleSection":["Bosna i Hercegovina"],"inLanguage":"bs-BA"},{"@type":"WebPage","@id":"https:\/\/zosradio.ba\/index.php\/2026\/04\/27\/medju-11-odabranih-u-bih-doboj-jug-dio-velikog-razvojnog-projekta\/","url":"https:\/\/zosradio.ba\/index.php\/2026\/04\/27\/medju-11-odabranih-u-bih-doboj-jug-dio-velikog-razvojnog-projekta\/","name":"Me\u0111u 11 odabranih u BiH: Doboj Jug dio velikog razvojnog projekta","isPartOf":{"@id":"https:\/\/zosradio.ba\/#website"},"primaryImageOfPage":{"@id":"https:\/\/zosradio.ba\/index.php\/2026\/04\/27\/medju-11-odabranih-u-bih-doboj-jug-dio-velikog-razvojnog-projekta\/#primaryimage"},"image":{"@id":"https:\/\/zosradio.ba\/index.php\/2026\/04\/27\/medju-11-odabranih-u-bih-doboj-jug-dio-velikog-razvojnog-projekta\/#primaryimage"},"thumbnailUrl":"https:\/\/zosradio.ba\/wp-content\/uploads\/2026\/04\/683756876_1380525750785033_3652246818145565672_n-e1777290140324.jpg","datePublished":"2026-04-27T13:25:11+00:00","author":{"@id":"https:\/\/zosradio.ba\/#\/schema\/person\/969b476cc96d10b46964da86b3987f7e"},"description":"Op\u0107ina Doboj Jug jedna je od 11 lokalnih zajednica u Bosni i Hercegovini koje su uklju\u010dene u projekat LER\/LED BiH, finansiran od strane \u0160vicarskog","breadcrumb":{"@id":"https:\/\/zosradio.ba\/index.php\/2026\/04\/27\/medju-11-odabranih-u-bih-doboj-jug-dio-velikog-razvojnog-projekta\/#breadcrumb"},"inLanguage":"bs-BA","potentialAction":[{"@type":"ReadAction","target":["https:\/\/zosradio.ba\/index.php\/2026\/04\/27\/medju-11-odabranih-u-bih-doboj-jug-dio-velikog-razvojnog-projekta\/"]}]},{"@type":"ImageObject","inLanguage":"bs-BA","@id":"https:\/\/zosradio.ba\/index.php\/2026\/04\/27\/medju-11-odabranih-u-bih-doboj-jug-dio-velikog-razvojnog-projekta\/#primaryimage","url":"https:\/\/zosradio.ba\/wp-content\/uploads\/2026\/04\/683756876_1380525750785033_3652246818145565672_n-e1777290140324.jpg","contentUrl":"https:\/\/zosradio.ba\/wp-content\/uploads\/2026\/04\/683756876_1380525750785033_3652246818145565672_n-e1777290140324.jpg","width":1200,"height":629,"caption":"Foto: Op\u0107ina Doboj Jug"},{"@type":"BreadcrumbList","@id":"https:\/\/zosradio.ba\/index.php\/2026\/04\/27\/medju-11-odabranih-u-bih-doboj-jug-dio-velikog-razvojnog-projekta\/#breadcrumb","itemListElement":[{"@type":"ListItem","position":1,"name":"Home","item":"https:\/\/zosradio.ba\/"},{"@type":"ListItem","position":2,"name":"Me\u0111u 11 odabranih u BiH: Doboj Jug dio velikog razvojnog projekta"}]},{"@type":"WebSite","@id":"https:\/\/zosradio.ba\/#website","url":"https:\/\/zosradio.ba\/","name":"ZOS radio","description":"Mjesto provjerenih informacija","potentialAction":[{"@type":"SearchAction","target":{"@type":"EntryPoint","urlTemplate":"https:\/\/zosradio.ba\/?s={search_term_string}"},"query-input":{"@type":"PropertyValueSpecification","valueRequired":true,"valueName":"search_term_string"}}],"inLanguage":"bs-BA"},{"@type":"Person","@id":"https:\/\/zosradio.ba\/#\/schema\/person\/969b476cc96d10b46964da86b3987f7e","name":"Redakcija","image":{"@type":"ImageObject","inLanguage":"bs-BA","@id":"https:\/\/secure.gravatar.com\/avatar\/b6dcae4aefbd26fbbf5cd5f24d98b246488432fc47a791123ad8639c99f9a13a?s=96&d=mm&r=g","url":"https:\/\/secure.gravatar.com\/avatar\/b6dcae4aefbd26fbbf5cd5f24d98b246488432fc47a791123ad8639c99f9a13a?s=96&d=mm&r=g","contentUrl":"https:\/\/secure.gravatar.com\/avatar\/b6dcae4aefbd26fbbf5cd5f24d98b246488432fc47a791123ad8639c99f9a13a?s=96&d=mm&r=g","caption":"Redakcija"},"url":"https:\/\/zosradio.ba\/index.php\/author\/rifavhotmail-com\/"}]}},"_links":{"self":[{"href":"https:\/\/zosradio.ba\/index.php\/wp-json\/wp\/v2\/posts\/190939","targetHints":{"allow":["GET"]}}],"collection":[{"href":"https:\/\/zosradio.ba\/index.php\/wp-json\/wp\/v2\/posts"}],"about":[{"href":"https:\/\/zosradio.ba\/index.php\/wp-json\/wp\/v2\/types\/post"}],"author":[{"embeddable":true,"href":"https:\/\/zosradio.ba\/index.php\/wp-json\/wp\/v2\/users\/3"}],"replies":[{"embeddable":true,"href":"https:\/\/zosradio.ba\/index.php\/wp-json\/wp\/v2\/comments?post=190939"}],"version-history":[{"count":1,"href":"https:\/\/zosradio.ba\/index.php\/wp-json\/wp\/v2\/posts\/190939\/revisions"}],"predecessor-version":[{"id":190941,"href":"https:\/\/zosradio.ba\/index.php\/wp-json\/wp\/v2\/posts\/190939\/revisions\/190941"}],"wp:featuredmedia":[{"embeddable":true,"href":"https:\/\/zosradio.ba\/index.php\/wp-json\/wp\/v2\/media\/190940"}],"wp:attachment":[{"href":"https:\/\/zosradio.ba\/index.php\/wp-json\/wp\/v2\/media?parent=190939"}],"wp:term":[{"taxonomy":"category","embeddable":true,"href":"https:\/\/zosradio.ba\/index.php\/wp-json\/wp\/v2\/categories?post=190939"},{"taxonomy":"post_tag","embeddable":true,"href":"https:\/\/zosradio.ba\/index.php\/wp-json\/wp\/v2\/tags?post=190939"}],"curies":[{"name":"wp","href":"https:\/\/api.w.org\/{rel}","templated":true}]}}