{"id":194747,"date":"2026-07-15T07:37:50","date_gmt":"2026-07-15T05:37:50","guid":{"rendered":"https:\/\/zosradio.ba\/?p=194747"},"modified":"2026-07-15T07:37:50","modified_gmt":"2026-07-15T05:37:50","slug":"meteorolozi-najavljuju-sparan-dan-sunce-lokalni-pljuskovi-i-visoke-temperature","status":"publish","type":"post","link":"https:\/\/zosradio.ba\/index.php\/2026\/07\/15\/meteorolozi-najavljuju-sparan-dan-sunce-lokalni-pljuskovi-i-visoke-temperature\/","title":{"rendered":"Meteorolozi najavljuju sparan dan: Sunce, lokalni pljuskovi i visoke temperature"},"content":{"rendered":"<p>Danas \u0107e u na\u0161oj zemlji preovladavati sun\u010dano vrijeme uz umjeren razvoj obla\u010dnosti. Tokom dana su mogu\u0107i lokalni pljuskovi i grmljavina. Vjetar slab do umjeren na jugu i jugozapadnu ju\u017eni i jugozapadni, a u ostalim podru\u010djima sjeverni i sjeveroisto\u010dni. Jutarnja temperatura zraka od 16 do 22, na jugu do 26, a dnevna od 29 do 35, na jugu do 37 \u00b0C.<\/p>\n<p>Prognoza za naredne dane<\/p>\n<p>U \u010detvrtak 16.07.2026., umjereno do prete\u017eno obla\u010dno i nestabilno vrijeme sa ki\u0161om, pljuskovima i grmljavinom. Vjetar slab sjeverni i sjeverozapadni. Jutarnja temperatura zraka od 17 do 23, na jugu do 27, a dnevna od 24 do 30, na jugu do 35 \u00b0C.<\/p>\n<p>U petak 17.07.2026., sun\u010dano uz malu do umjerenu obla\u010dnost. Vjetar slab do umjeren na jugu i jugozapadnu ju\u017eni i jugozapadni, a u ostalim podru\u010djima isto\u010dni i sjeveroisto\u010dni. Jutarnja temperatura zraka od 17 do 23, na jugu do 27, a dnevna od 28 do 34, na jugu do 37 \u00b0C.<\/p>\n<p>U subotu 18.07.2026., sun\u010dano uz postepen porast naoblake. Tokom dana u Bosni su mogu\u0107i lokalni pljuskovi. Vjetar slab do umjeren na sjeveru Bosne sjeverni i sjeverozapadni, a u ostatku zemlje ju\u017eni i jugozapadni. Jutarnja temperatura zraka od 18 do 24, na jugu do 27, a dnevna od 27 do 34, na jugu do 37 \u00b0C.<\/p>\n<h4>Biometeorolo\u0161ka prognoza<\/h4>\n<p>Jutarnji i prijepodnevni sati \u0107e biti ugodniji, izra\u017eenije u unutra\u0161njosti zemlje, dok bi u drugom dijelu dana, usljed porasta temperatura i mjestimi\u010dno sparnog vremena, osjetljive osobe trebale biti opreznije, ne pretjerivati sa aktivnostima, te izbjegavati du\u017ei boravak na suncu uz provo\u0111enje mjera za\u0161tite od vru\u0107ine. Neophodno je planirane aktivnosti obavljati u periodu sa vi\u0161e svje\u017eine, laganije se odijevati, konzumirati dovoljno te\u010dnosti i postupati u skladu sa preporukama nadle\u017enih slu\u017ebi.<\/p>\n","protected":false},"excerpt":{"rendered":"<p>Danas \u0107e u na\u0161oj zemlji preovladavati sun\u010dano vrijeme uz umjeren razvoj obla\u010dnosti. Tokom dana su mogu\u0107i lokalni pljuskovi i grmljavina. Vjetar slab do umjeren na jugu i jugozapadnu ju\u017eni i jugozapadni, a u ostalim podru\u010djima sjeverni i sjeveroisto\u010dni. Jutarnja temperatura zraka od 16 do 22, na jugu do 26, a dnevna od 29 do 35, [&hellip;]<\/p>\n","protected":false},"author":3,"featured_media":104901,"comment_status":"closed","ping_status":"closed","sticky":false,"template":"","format":"standard","meta":{"_acf_changed":false,"footnotes":""},"categories":[13],"tags":[246],"class_list":["post-194747","post","type-post","status-publish","format-standard","has-post-thumbnail","category-bosna-i-hercegovina","tag-vremenska-prognoza"],"acf":[],"yoast_head":"<!-- This site is optimized with the Yoast SEO Premium plugin v28.3 (Yoast SEO v28.3) - https:\/\/yoast.com\/product\/yoast-seo-premium-wordpress\/ -->\n<title>Meteorolozi najavljuju sparan dan: Sunce, lokalni pljuskovi i visoke temperature<\/title>\n<meta name=\"description\" content=\"Danas \u0107e u na\u0161oj zemlji preovladavati sun\u010dano vrijeme uz umjeren razvoj obla\u010dnosti. Tokom dana su mogu\u0107i lokalni pljuskovi i grmljavina. Vjetar slab do\" \/>\n<meta name=\"robots\" content=\"index, follow, max-snippet:-1, max-image-preview:large, max-video-preview:-1\" \/>\n<link rel=\"canonical\" href=\"https:\/\/zosradio.ba\/index.php\/2026\/07\/15\/meteorolozi-najavljuju-sparan-dan-sunce-lokalni-pljuskovi-i-visoke-temperature\/\" \/>\n<meta property=\"og:locale\" content=\"bs_BA\" \/>\n<meta property=\"og:type\" content=\"article\" \/>\n<meta property=\"og:title\" content=\"Meteorolozi najavljuju sparan dan: Sunce, lokalni pljuskovi i visoke temperature\" \/>\n<meta property=\"og:description\" content=\"Danas \u0107e u na\u0161oj zemlji preovladavati sun\u010dano vrijeme uz umjeren razvoj obla\u010dnosti. Tokom dana su mogu\u0107i lokalni pljuskovi i grmljavina. Vjetar slab do\" \/>\n<meta property=\"og:url\" content=\"https:\/\/zosradio.ba\/index.php\/2026\/07\/15\/meteorolozi-najavljuju-sparan-dan-sunce-lokalni-pljuskovi-i-visoke-temperature\/\" \/>\n<meta property=\"og:site_name\" content=\"ZOS radio\" \/>\n<meta property=\"article:publisher\" content=\"https:\/\/www.facebook.com\/zosradio\" \/>\n<meta property=\"article:published_time\" content=\"2026-07-15T05:37:50+00:00\" \/>\n<meta property=\"og:image\" content=\"https:\/\/zosradio.ba\/wp-content\/uploads\/2022\/06\/20220615_200206_PerfectlyClear.jpg\" \/>\n\t<meta property=\"og:image:width\" content=\"1200\" \/>\n\t<meta property=\"og:image:height\" content=\"675\" \/>\n\t<meta property=\"og:image:type\" content=\"image\/jpeg\" \/>\n<meta name=\"author\" content=\"Redakcija\" \/>\n<meta name=\"twitter:card\" content=\"summary_large_image\" \/>\n<meta name=\"twitter:label1\" content=\"Written by\" \/>\n\t<meta name=\"twitter:data1\" content=\"Redakcija\" \/>\n\t<meta name=\"twitter:label2\" content=\"Est. reading time\" \/>\n\t<meta name=\"twitter:data2\" content=\"2 minute\" \/>\n<script type=\"application\/ld+json\" class=\"yoast-schema-graph\">{\"@context\":\"https:\\\/\\\/schema.org\",\"@graph\":[{\"@type\":\"Article\",\"@id\":\"https:\\\/\\\/zosradio.ba\\\/index.php\\\/2026\\\/07\\\/15\\\/meteorolozi-najavljuju-sparan-dan-sunce-lokalni-pljuskovi-i-visoke-temperature\\\/#article\",\"isPartOf\":{\"@id\":\"https:\\\/\\\/zosradio.ba\\\/index.php\\\/2026\\\/07\\\/15\\\/meteorolozi-najavljuju-sparan-dan-sunce-lokalni-pljuskovi-i-visoke-temperature\\\/\"},\"author\":{\"name\":\"Redakcija\",\"@id\":\"https:\\\/\\\/zosradio.ba\\\/#\\\/schema\\\/person\\\/969b476cc96d10b46964da86b3987f7e\"},\"headline\":\"Meteorolozi najavljuju sparan dan: Sunce, lokalni pljuskovi i visoke temperature\",\"datePublished\":\"2026-07-15T05:37:50+00:00\",\"mainEntityOfPage\":{\"@id\":\"https:\\\/\\\/zosradio.ba\\\/index.php\\\/2026\\\/07\\\/15\\\/meteorolozi-najavljuju-sparan-dan-sunce-lokalni-pljuskovi-i-visoke-temperature\\\/\"},\"wordCount\":296,\"image\":{\"@id\":\"https:\\\/\\\/zosradio.ba\\\/index.php\\\/2026\\\/07\\\/15\\\/meteorolozi-najavljuju-sparan-dan-sunce-lokalni-pljuskovi-i-visoke-temperature\\\/#primaryimage\"},\"thumbnailUrl\":\"https:\\\/\\\/zosradio.ba\\\/wp-content\\\/uploads\\\/2022\\\/06\\\/20220615_200206_PerfectlyClear.jpg\",\"keywords\":[\"vremenska prognoza\"],\"articleSection\":[\"Bosna i Hercegovina\"],\"inLanguage\":\"bs-BA\"},{\"@type\":\"WebPage\",\"@id\":\"https:\\\/\\\/zosradio.ba\\\/index.php\\\/2026\\\/07\\\/15\\\/meteorolozi-najavljuju-sparan-dan-sunce-lokalni-pljuskovi-i-visoke-temperature\\\/\",\"url\":\"https:\\\/\\\/zosradio.ba\\\/index.php\\\/2026\\\/07\\\/15\\\/meteorolozi-najavljuju-sparan-dan-sunce-lokalni-pljuskovi-i-visoke-temperature\\\/\",\"name\":\"Meteorolozi najavljuju sparan dan: Sunce, lokalni pljuskovi i visoke temperature\",\"isPartOf\":{\"@id\":\"https:\\\/\\\/zosradio.ba\\\/#website\"},\"primaryImageOfPage\":{\"@id\":\"https:\\\/\\\/zosradio.ba\\\/index.php\\\/2026\\\/07\\\/15\\\/meteorolozi-najavljuju-sparan-dan-sunce-lokalni-pljuskovi-i-visoke-temperature\\\/#primaryimage\"},\"image\":{\"@id\":\"https:\\\/\\\/zosradio.ba\\\/index.php\\\/2026\\\/07\\\/15\\\/meteorolozi-najavljuju-sparan-dan-sunce-lokalni-pljuskovi-i-visoke-temperature\\\/#primaryimage\"},\"thumbnailUrl\":\"https:\\\/\\\/zosradio.ba\\\/wp-content\\\/uploads\\\/2022\\\/06\\\/20220615_200206_PerfectlyClear.jpg\",\"datePublished\":\"2026-07-15T05:37:50+00:00\",\"author\":{\"@id\":\"https:\\\/\\\/zosradio.ba\\\/#\\\/schema\\\/person\\\/969b476cc96d10b46964da86b3987f7e\"},\"description\":\"Danas \u0107e u na\u0161oj zemlji preovladavati sun\u010dano vrijeme uz umjeren razvoj obla\u010dnosti. Tokom dana su mogu\u0107i lokalni pljuskovi i grmljavina. Vjetar slab do\",\"breadcrumb\":{\"@id\":\"https:\\\/\\\/zosradio.ba\\\/index.php\\\/2026\\\/07\\\/15\\\/meteorolozi-najavljuju-sparan-dan-sunce-lokalni-pljuskovi-i-visoke-temperature\\\/#breadcrumb\"},\"inLanguage\":\"bs-BA\",\"potentialAction\":[{\"@type\":\"ReadAction\",\"target\":[\"https:\\\/\\\/zosradio.ba\\\/index.php\\\/2026\\\/07\\\/15\\\/meteorolozi-najavljuju-sparan-dan-sunce-lokalni-pljuskovi-i-visoke-temperature\\\/\"]}]},{\"@type\":\"ImageObject\",\"inLanguage\":\"bs-BA\",\"@id\":\"https:\\\/\\\/zosradio.ba\\\/index.php\\\/2026\\\/07\\\/15\\\/meteorolozi-najavljuju-sparan-dan-sunce-lokalni-pljuskovi-i-visoke-temperature\\\/#primaryimage\",\"url\":\"https:\\\/\\\/zosradio.ba\\\/wp-content\\\/uploads\\\/2022\\\/06\\\/20220615_200206_PerfectlyClear.jpg\",\"contentUrl\":\"https:\\\/\\\/zosradio.ba\\\/wp-content\\\/uploads\\\/2022\\\/06\\\/20220615_200206_PerfectlyClear.jpg\",\"width\":1200,\"height\":675,\"caption\":\"Te\u0161anj (Foto: R.V.\\\/zosradio.ba)\"},{\"@type\":\"BreadcrumbList\",\"@id\":\"https:\\\/\\\/zosradio.ba\\\/index.php\\\/2026\\\/07\\\/15\\\/meteorolozi-najavljuju-sparan-dan-sunce-lokalni-pljuskovi-i-visoke-temperature\\\/#breadcrumb\",\"itemListElement\":[{\"@type\":\"ListItem\",\"position\":1,\"name\":\"Home\",\"item\":\"https:\\\/\\\/zosradio.ba\\\/\"},{\"@type\":\"ListItem\",\"position\":2,\"name\":\"Meteorolozi najavljuju sparan dan: Sunce, lokalni pljuskovi i visoke temperature\"}]},{\"@type\":\"WebSite\",\"@id\":\"https:\\\/\\\/zosradio.ba\\\/#website\",\"url\":\"https:\\\/\\\/zosradio.ba\\\/\",\"name\":\"ZOS radio\",\"description\":\"Mjesto provjerenih informacija\",\"potentialAction\":[{\"@type\":\"SearchAction\",\"target\":{\"@type\":\"EntryPoint\",\"urlTemplate\":\"https:\\\/\\\/zosradio.ba\\\/?s={search_term_string}\"},\"query-input\":{\"@type\":\"PropertyValueSpecification\",\"valueRequired\":true,\"valueName\":\"search_term_string\"}}],\"inLanguage\":\"bs-BA\"},{\"@type\":\"Person\",\"@id\":\"https:\\\/\\\/zosradio.ba\\\/#\\\/schema\\\/person\\\/969b476cc96d10b46964da86b3987f7e\",\"name\":\"Redakcija\",\"image\":{\"@type\":\"ImageObject\",\"inLanguage\":\"bs-BA\",\"@id\":\"https:\\\/\\\/secure.gravatar.com\\\/avatar\\\/b6dcae4aefbd26fbbf5cd5f24d98b246488432fc47a791123ad8639c99f9a13a?s=96&d=mm&r=g\",\"url\":\"https:\\\/\\\/secure.gravatar.com\\\/avatar\\\/b6dcae4aefbd26fbbf5cd5f24d98b246488432fc47a791123ad8639c99f9a13a?s=96&d=mm&r=g\",\"contentUrl\":\"https:\\\/\\\/secure.gravatar.com\\\/avatar\\\/b6dcae4aefbd26fbbf5cd5f24d98b246488432fc47a791123ad8639c99f9a13a?s=96&d=mm&r=g\",\"caption\":\"Redakcija\"},\"url\":\"https:\\\/\\\/zosradio.ba\\\/index.php\\\/author\\\/rifavhotmail-com\\\/\"}]}<\/script>\n<!-- \/ Yoast SEO Premium plugin. -->","yoast_head_json":{"title":"Meteorolozi najavljuju sparan dan: Sunce, lokalni pljuskovi i visoke temperature","description":"Danas \u0107e u na\u0161oj zemlji preovladavati sun\u010dano vrijeme uz umjeren razvoj obla\u010dnosti. Tokom dana su mogu\u0107i lokalni pljuskovi i grmljavina. Vjetar slab do","robots":{"index":"index","follow":"follow","max-snippet":"max-snippet:-1","max-image-preview":"max-image-preview:large","max-video-preview":"max-video-preview:-1"},"canonical":"https:\/\/zosradio.ba\/index.php\/2026\/07\/15\/meteorolozi-najavljuju-sparan-dan-sunce-lokalni-pljuskovi-i-visoke-temperature\/","og_locale":"bs_BA","og_type":"article","og_title":"Meteorolozi najavljuju sparan dan: Sunce, lokalni pljuskovi i visoke temperature","og_description":"Danas \u0107e u na\u0161oj zemlji preovladavati sun\u010dano vrijeme uz umjeren razvoj obla\u010dnosti. Tokom dana su mogu\u0107i lokalni pljuskovi i grmljavina. Vjetar slab do","og_url":"https:\/\/zosradio.ba\/index.php\/2026\/07\/15\/meteorolozi-najavljuju-sparan-dan-sunce-lokalni-pljuskovi-i-visoke-temperature\/","og_site_name":"ZOS radio","article_publisher":"https:\/\/www.facebook.com\/zosradio","article_published_time":"2026-07-15T05:37:50+00:00","og_image":[{"width":1200,"height":675,"url":"https:\/\/zosradio.ba\/wp-content\/uploads\/2022\/06\/20220615_200206_PerfectlyClear.jpg","type":"image\/jpeg"}],"author":"Redakcija","twitter_card":"summary_large_image","twitter_misc":{"Written by":"Redakcija","Est. reading time":"2 minute"},"schema":{"@context":"https:\/\/schema.org","@graph":[{"@type":"Article","@id":"https:\/\/zosradio.ba\/index.php\/2026\/07\/15\/meteorolozi-najavljuju-sparan-dan-sunce-lokalni-pljuskovi-i-visoke-temperature\/#article","isPartOf":{"@id":"https:\/\/zosradio.ba\/index.php\/2026\/07\/15\/meteorolozi-najavljuju-sparan-dan-sunce-lokalni-pljuskovi-i-visoke-temperature\/"},"author":{"name":"Redakcija","@id":"https:\/\/zosradio.ba\/#\/schema\/person\/969b476cc96d10b46964da86b3987f7e"},"headline":"Meteorolozi najavljuju sparan dan: Sunce, lokalni pljuskovi i visoke temperature","datePublished":"2026-07-15T05:37:50+00:00","mainEntityOfPage":{"@id":"https:\/\/zosradio.ba\/index.php\/2026\/07\/15\/meteorolozi-najavljuju-sparan-dan-sunce-lokalni-pljuskovi-i-visoke-temperature\/"},"wordCount":296,"image":{"@id":"https:\/\/zosradio.ba\/index.php\/2026\/07\/15\/meteorolozi-najavljuju-sparan-dan-sunce-lokalni-pljuskovi-i-visoke-temperature\/#primaryimage"},"thumbnailUrl":"https:\/\/zosradio.ba\/wp-content\/uploads\/2022\/06\/20220615_200206_PerfectlyClear.jpg","keywords":["vremenska prognoza"],"articleSection":["Bosna i Hercegovina"],"inLanguage":"bs-BA"},{"@type":"WebPage","@id":"https:\/\/zosradio.ba\/index.php\/2026\/07\/15\/meteorolozi-najavljuju-sparan-dan-sunce-lokalni-pljuskovi-i-visoke-temperature\/","url":"https:\/\/zosradio.ba\/index.php\/2026\/07\/15\/meteorolozi-najavljuju-sparan-dan-sunce-lokalni-pljuskovi-i-visoke-temperature\/","name":"Meteorolozi najavljuju sparan dan: Sunce, lokalni pljuskovi i visoke temperature","isPartOf":{"@id":"https:\/\/zosradio.ba\/#website"},"primaryImageOfPage":{"@id":"https:\/\/zosradio.ba\/index.php\/2026\/07\/15\/meteorolozi-najavljuju-sparan-dan-sunce-lokalni-pljuskovi-i-visoke-temperature\/#primaryimage"},"image":{"@id":"https:\/\/zosradio.ba\/index.php\/2026\/07\/15\/meteorolozi-najavljuju-sparan-dan-sunce-lokalni-pljuskovi-i-visoke-temperature\/#primaryimage"},"thumbnailUrl":"https:\/\/zosradio.ba\/wp-content\/uploads\/2022\/06\/20220615_200206_PerfectlyClear.jpg","datePublished":"2026-07-15T05:37:50+00:00","author":{"@id":"https:\/\/zosradio.ba\/#\/schema\/person\/969b476cc96d10b46964da86b3987f7e"},"description":"Danas \u0107e u na\u0161oj zemlji preovladavati sun\u010dano vrijeme uz umjeren razvoj obla\u010dnosti. Tokom dana su mogu\u0107i lokalni pljuskovi i grmljavina. Vjetar slab do","breadcrumb":{"@id":"https:\/\/zosradio.ba\/index.php\/2026\/07\/15\/meteorolozi-najavljuju-sparan-dan-sunce-lokalni-pljuskovi-i-visoke-temperature\/#breadcrumb"},"inLanguage":"bs-BA","potentialAction":[{"@type":"ReadAction","target":["https:\/\/zosradio.ba\/index.php\/2026\/07\/15\/meteorolozi-najavljuju-sparan-dan-sunce-lokalni-pljuskovi-i-visoke-temperature\/"]}]},{"@type":"ImageObject","inLanguage":"bs-BA","@id":"https:\/\/zosradio.ba\/index.php\/2026\/07\/15\/meteorolozi-najavljuju-sparan-dan-sunce-lokalni-pljuskovi-i-visoke-temperature\/#primaryimage","url":"https:\/\/zosradio.ba\/wp-content\/uploads\/2022\/06\/20220615_200206_PerfectlyClear.jpg","contentUrl":"https:\/\/zosradio.ba\/wp-content\/uploads\/2022\/06\/20220615_200206_PerfectlyClear.jpg","width":1200,"height":675,"caption":"Te\u0161anj (Foto: R.V.\/zosradio.ba)"},{"@type":"BreadcrumbList","@id":"https:\/\/zosradio.ba\/index.php\/2026\/07\/15\/meteorolozi-najavljuju-sparan-dan-sunce-lokalni-pljuskovi-i-visoke-temperature\/#breadcrumb","itemListElement":[{"@type":"ListItem","position":1,"name":"Home","item":"https:\/\/zosradio.ba\/"},{"@type":"ListItem","position":2,"name":"Meteorolozi najavljuju sparan dan: Sunce, lokalni pljuskovi i visoke temperature"}]},{"@type":"WebSite","@id":"https:\/\/zosradio.ba\/#website","url":"https:\/\/zosradio.ba\/","name":"ZOS radio","description":"Mjesto provjerenih informacija","potentialAction":[{"@type":"SearchAction","target":{"@type":"EntryPoint","urlTemplate":"https:\/\/zosradio.ba\/?s={search_term_string}"},"query-input":{"@type":"PropertyValueSpecification","valueRequired":true,"valueName":"search_term_string"}}],"inLanguage":"bs-BA"},{"@type":"Person","@id":"https:\/\/zosradio.ba\/#\/schema\/person\/969b476cc96d10b46964da86b3987f7e","name":"Redakcija","image":{"@type":"ImageObject","inLanguage":"bs-BA","@id":"https:\/\/secure.gravatar.com\/avatar\/b6dcae4aefbd26fbbf5cd5f24d98b246488432fc47a791123ad8639c99f9a13a?s=96&d=mm&r=g","url":"https:\/\/secure.gravatar.com\/avatar\/b6dcae4aefbd26fbbf5cd5f24d98b246488432fc47a791123ad8639c99f9a13a?s=96&d=mm&r=g","contentUrl":"https:\/\/secure.gravatar.com\/avatar\/b6dcae4aefbd26fbbf5cd5f24d98b246488432fc47a791123ad8639c99f9a13a?s=96&d=mm&r=g","caption":"Redakcija"},"url":"https:\/\/zosradio.ba\/index.php\/author\/rifavhotmail-com\/"}]}},"_links":{"self":[{"href":"https:\/\/zosradio.ba\/index.php\/wp-json\/wp\/v2\/posts\/194747","targetHints":{"allow":["GET"]}}],"collection":[{"href":"https:\/\/zosradio.ba\/index.php\/wp-json\/wp\/v2\/posts"}],"about":[{"href":"https:\/\/zosradio.ba\/index.php\/wp-json\/wp\/v2\/types\/post"}],"author":[{"embeddable":true,"href":"https:\/\/zosradio.ba\/index.php\/wp-json\/wp\/v2\/users\/3"}],"replies":[{"embeddable":true,"href":"https:\/\/zosradio.ba\/index.php\/wp-json\/wp\/v2\/comments?post=194747"}],"version-history":[{"count":1,"href":"https:\/\/zosradio.ba\/index.php\/wp-json\/wp\/v2\/posts\/194747\/revisions"}],"predecessor-version":[{"id":194748,"href":"https:\/\/zosradio.ba\/index.php\/wp-json\/wp\/v2\/posts\/194747\/revisions\/194748"}],"wp:featuredmedia":[{"embeddable":true,"href":"https:\/\/zosradio.ba\/index.php\/wp-json\/wp\/v2\/media\/104901"}],"wp:attachment":[{"href":"https:\/\/zosradio.ba\/index.php\/wp-json\/wp\/v2\/media?parent=194747"}],"wp:term":[{"taxonomy":"category","embeddable":true,"href":"https:\/\/zosradio.ba\/index.php\/wp-json\/wp\/v2\/categories?post=194747"},{"taxonomy":"post_tag","embeddable":true,"href":"https:\/\/zosradio.ba\/index.php\/wp-json\/wp\/v2\/tags?post=194747"}],"curies":[{"name":"wp","href":"https:\/\/api.w.org\/{rel}","templated":true}]}}