{"id":196197,"date":"2026-09-01T08:00:04","date_gmt":"2026-09-01T06:00:04","guid":{"rendered":"https:\/\/zosradio.ba\/?p=196197"},"modified":"2026-09-01T08:00:04","modified_gmt":"2026-09-01T06:00:04","slug":"treba-li-se-tusirati-nakon-kupanja-u-moru-evo-sta-so-radi-kozi-i-kosi","status":"publish","type":"post","link":"https:\/\/zosradio.ba\/index.php\/2026\/09\/01\/treba-li-se-tusirati-nakon-kupanja-u-moru-evo-sta-so-radi-kozi-i-kosi\/","title":{"rendered":"Treba li se tu\u0161irati nakon kupanja u moru? Evo \u0161ta so radi ko\u017ei i kosi"},"content":{"rendered":"<p><strong>Jedan od najljep\u0161ih ljetnih osje\u0107aja jeste izlazak iz mora i su\u0161enje na suncu. Mnogi tada ni ne pomi\u0161ljaju na tu\u0161iranje, naro\u010dito ako planiraju ubrzo ponovo u\u0107i u more. So koja ostaje na ko\u017ei i kosi za neke je \u010dak neizostavan dio boravka na pla\u017ei.<\/strong><\/p>\n<p>Ipak, ostavljanje morske vode na tijelu nije uvijek najbolja ideja. Osim soli, na ko\u017ei mogu ostati pijesak, sitni morski organizmi i tragovi algi, dok kombinacija svega toga sa suncem i visokim temperaturama kod osjetljivijih osoba mo\u017ee izazvati suho\u0107u, zatezanje i iritaciju.<\/p>\n<p>Zbog toga jednostavno ispiranje obi\u010dnom vodom nakon kupanja mo\u017ee biti korisna ljetna navika.<\/p>\n<h4>So mo\u017ee u\u010diniti ko\u017eu suhom i zategnutom<\/h4>\n<p>Kada iza\u0111emo iz mora, voda koja je ostala na ko\u017ei postepeno isparava, ali kristali soli ostaju na njenoj povr\u0161ini.<\/p>\n<p>Posljedica mo\u017ee biti osje\u0107aj suho\u0107e i zatezanja, posebno kod osoba \u010dija je ko\u017ea i ina\u010de sklona isu\u0161ivanju.<\/p>\n<p>Tokom dana provedenog na pla\u017ei ko\u017ea je istovremeno izlo\u017eena suncu, vjetru i visokim temperaturama, \u0161to mo\u017ee dodatno pogor\u0161ati situaciju. Nakon nekoliko sati mogu se pojaviti hrapavost, perutanje i neugodan osje\u0107aj zategnutosti.<\/p>\n<h4>Osjetljiva ko\u017ea mo\u017ee burnije reagovati<\/h4>\n<p>Morska voda ne djeluje isto na svakoga. Dok pojedine osobe ne\u0107e primijetiti nikakve posljedice, kod drugih se mogu javiti svrab, peckanje ili crvenilo.<\/p>\n<p>Posebno neugodno mo\u017ee biti ako na ko\u017ei postoje male ogrebotine, ranice ili iritacije nastale nakon brijanja ili depilacije. So na takvim mjestima mo\u017ee dodatno poja\u010dati peckanje.<\/p>\n<p>Kratko ispiranje \u010distom vodom nakon izlaska iz mora mo\u017ee pomo\u0107i u uklanjanju soli i ubla\u017eavanju neugodnog osje\u0107aja.<\/p>\n<h4>Iz mora na ko\u017eu ne donosimo samo so<\/h4>\n<p>Morska voda nije sterilna. U njoj \u017eive brojni mikroorganizmi, plankton i alge, \u010diji sitni ostaci nakon plivanja mogu zavr\u0161iti na ko\u017ei ili kupa\u0107em kostimu.<\/p>\n<p>To u najve\u0107em broju slu\u010dajeva ne\u0107e izazvati nikakav problem. Me\u0111utim, kod osjetljivijih osoba, kao i nakon boravka u vodi u kojoj je pove\u0107ana koncentracija odre\u0111enih algi ili drugih organizama, mogu se pojaviti osip, svrab ili crvenilo.<\/p>\n<p>Tu\u0161iranjem zato ne uklanjamo samo morsku so nego i druge ostatke koji su se tokom kupanja zadr\u017eali na tijelu.<\/p>\n<p>Dugo no\u0161enje mokrog kupa\u0107eg kostima mo\u017ee dodatno iritirati ko\u017eu<\/p>\n<p>Morska voda zadr\u017eava se i u materijalu kupa\u0107eg kostima. Ako ga dugo ne skinemo, ko\u017ea je istovremeno izlo\u017eena vlazi, soli, toploti i trenju.<\/p>\n<p>Iritacija se posebno mo\u017ee pojaviti na pregibima i dijelovima tijela na kojima kupa\u0107i kostim \u010dvrsto prianja uz ko\u017eu.<\/p>\n<p>Zbog toga je nakon posljednjeg ulaska u more tog dana po\u017eeljno skinuti mokar kupa\u0107i kostim i isprati tijelo, navodi Nova.rs.<\/p>\n<h4>Morska so ostavlja trag i na kosi<\/h4>\n<p>Talasasta kosa karakteristi\u010dna za dane provedene na moru mnogima izgleda odli\u010dno, ali morska voda mo\u017ee imati i drugu stranu.<\/p>\n<p>\u010cesto izlaganje soli mo\u017ee u\u010diniti kosu suhom i grubom, a vlasi se mogu lak\u0161e zamrsiti i postati sklonije pucanju. Kombinacija soli, jakog sunca i vjetra posebno mo\u017ee utjecati na kosu koja je ve\u0107 suha, o\u0161te\u0107ena, farbana ili hemijski tretirana.<\/p>\n<p>Zato je korisno isprati kosu obi\u010dnom vodom nakon boravka u moru.<\/p>\n<h4>Ne treba zaboraviti ni ko\u017eu glave<\/h4>\n<p>Posljedice morske vode nisu ograni\u010dene samo na vlasi. So se zadr\u017eava i na ko\u017ei glave, pa kod pojedinih osoba mo\u017ee izazvati suho\u0107u, svrab ili osje\u0107aj zatezanja.<\/p>\n<p>Ako tokom ljetovanja primijetite da vas ko\u017ea glave nakon dana provedenog na pla\u017ei svrbi vi\u0161e nego ina\u010de, temeljno ispiranje kose i ko\u017ee glave obi\u010dnom vodom mo\u017ee biti korisno.<\/p>\n<h4>Da li je tu\u0161iranje potrebno nakon svakog kupanja?<\/h4>\n<p>Ako tokom dana vi\u0161e puta ulazite u more, nema potrebe da nakon svakog kupanja koristite gel za tu\u0161iranje i \u0161ampon. Pre\u010desto kori\u0161tenje sredstava za <a href=\"https:\/\/zosradio.ba\/index.php\/2026\/01\/30\/kako-na-efikasan-nacin-ocistiti-masnocu-u-kuhinji\/\">\u010di\u0161\u0107enje<\/a> mo\u017ee i samo doprinijeti isu\u0161ivanju ko\u017ee.<\/p>\n<p>Dovoljno je ispiranje obi\u010dnom vodom kako biste uklonili vi\u0161ak soli, pijesak i druge ostatke iz mora.<\/p>\n<p>Nakon posljednjeg kupanja tog dana mo\u017eete se temeljnije istu\u0161irati, a zatim na jo\u0161 blago vla\u017enu ko\u017eu nanijeti hidratantni losion ili kremu.<\/p>\n<p>Dobro je i kosu temeljno isprati. Ako je nakon boravka u moru posebno suha, mogu pomo\u0107i regenerator ili hidratantna njega.<\/p>\n<p>Ukoliko se nakon kupanja pojave izra\u017eeno crvenilo, intenzivan svrab, osip, oticanje ili drugi neuobi\u010dajeni simptomi koji ne prolaze, ne treba automatski pretpostaviti da je za njih odgovorna samo morska so.<\/p>\n<p>Osje\u0107aj soli na ko\u017ei mnogima je neraskidivo povezan s ljetom i odmorom. Ipak, kada zavr\u0161ite s kupanjem za taj dan, nekoliko minuta provedenih pod tu\u0161em mo\u017ee biti jednostavan na\u010din da ko\u017eu i kosu oslobodite svega \u0161to je na njima ostalo nakon mora, pi\u0161e <a href=\"https:\/\/n1info.ba\/magazin\/lifestyle\/treba-li-se-tusirati-nakon-kupanja-u-moru-evo-sta-so-radi-kozi-i-kosi\/\">N1 BiH.<\/a><\/p>\n<p><span class=\"td_text_highlight_marker_red td_text_highlight_marker\">Pro\u010ditajte jo\u0161:<\/span><\/p>\n<ul>\n<li><a href=\"https:\/\/zosradio.ba\/index.php\/2026\/08\/09\/koje-je-najbolje-vrijeme-za-vas-najobilniji-obrok-u-danu\/\">Koje je najbolje vrijeme za va\u0161 najobilniji obrok u danu<\/a><\/li>\n<li><a href=\"https:\/\/zosradio.ba\/index.php\/2026\/08\/08\/tri-rijeci-otkrivaju-vas-horoskopski-znak-da-li-ste-se-pronasli\/\">Tri rije\u010di otkrivaju va\u0161 horoskopski znak: Da li ste se prona\u0161li?<\/a><\/li>\n<\/ul>\n","protected":false},"excerpt":{"rendered":"<p>Jedan od najljep\u0161ih ljetnih osje\u0107aja jeste izlazak iz mora i su\u0161enje na suncu. Mnogi tada ni ne pomi\u0161ljaju na tu\u0161iranje, naro\u010dito ako planiraju ubrzo ponovo u\u0107i u more. So koja ostaje na ko\u017ei i kosi za neke je \u010dak neizostavan dio boravka na pla\u017ei. Ipak, ostavljanje morske vode na tijelu nije uvijek najbolja ideja. Osim [&hellip;]<\/p>\n","protected":false},"author":3,"featured_media":142913,"comment_status":"closed","ping_status":"closed","sticky":false,"template":"","format":"standard","meta":{"_acf_changed":false,"footnotes":""},"categories":[86],"tags":[2315],"class_list":["post-196197","post","type-post","status-publish","format-standard","has-post-thumbnail","category-magazin","tag-njega-koze"],"acf":[],"yoast_head":"<!-- This site is optimized with the Yoast SEO Premium plugin v28.3 (Yoast SEO v28.3) - https:\/\/yoast.com\/product\/yoast-seo-premium-wordpress\/ -->\n<title>Treba li se tu\u0161irati nakon kupanja u moru? Evo \u0161ta so radi ko\u017ei i kosi<\/title>\n<meta name=\"description\" content=\"Jedan od najljep\u0161ih ljetnih osje\u0107aja jeste izlazak iz mora i su\u0161enje na suncu. Mnogi tada ni ne pomi\u0161ljaju na tu\u0161iranje, naro\u010dito ako planiraju ubrzo\" \/>\n<meta name=\"robots\" content=\"index, follow, max-snippet:-1, max-image-preview:large, max-video-preview:-1\" \/>\n<link rel=\"canonical\" href=\"https:\/\/zosradio.ba\/index.php\/2026\/09\/01\/treba-li-se-tusirati-nakon-kupanja-u-moru-evo-sta-so-radi-kozi-i-kosi\/\" \/>\n<meta property=\"og:locale\" content=\"bs_BA\" \/>\n<meta property=\"og:type\" content=\"article\" \/>\n<meta property=\"og:title\" content=\"Treba li se tu\u0161irati nakon kupanja u moru? Evo \u0161ta so radi ko\u017ei i kosi\" \/>\n<meta property=\"og:description\" content=\"Jedan od najljep\u0161ih ljetnih osje\u0107aja jeste izlazak iz mora i su\u0161enje na suncu. Mnogi tada ni ne pomi\u0161ljaju na tu\u0161iranje, naro\u010dito ako planiraju ubrzo\" \/>\n<meta property=\"og:url\" content=\"https:\/\/zosradio.ba\/index.php\/2026\/09\/01\/treba-li-se-tusirati-nakon-kupanja-u-moru-evo-sta-so-radi-kozi-i-kosi\/\" \/>\n<meta property=\"og:site_name\" content=\"ZOS radio\" \/>\n<meta property=\"article:publisher\" content=\"https:\/\/www.facebook.com\/zosradio\" \/>\n<meta property=\"article:published_time\" content=\"2026-09-01T06:00:04+00:00\" \/>\n<meta property=\"og:image\" content=\"https:\/\/zosradio.ba\/wp-content\/uploads\/2023\/07\/dmitry-zelinskiy-gOErbMaVUk0-unsplash-e1778588058939.jpg\" \/>\n\t<meta property=\"og:image:width\" content=\"1200\" \/>\n\t<meta property=\"og:image:height\" content=\"626\" \/>\n\t<meta property=\"og:image:type\" content=\"image\/jpeg\" \/>\n<meta name=\"author\" content=\"Redakcija\" \/>\n<meta name=\"twitter:card\" content=\"summary_large_image\" \/>\n<meta name=\"twitter:label1\" content=\"Written by\" \/>\n\t<meta name=\"twitter:data1\" content=\"Redakcija\" \/>\n\t<meta name=\"twitter:label2\" content=\"Est. reading time\" \/>\n\t<meta name=\"twitter:data2\" content=\"5 minuta\" \/>\n<script type=\"application\/ld+json\" class=\"yoast-schema-graph\">{\"@context\":\"https:\\\/\\\/schema.org\",\"@graph\":[{\"@type\":\"Article\",\"@id\":\"https:\\\/\\\/zosradio.ba\\\/index.php\\\/2026\\\/09\\\/01\\\/treba-li-se-tusirati-nakon-kupanja-u-moru-evo-sta-so-radi-kozi-i-kosi\\\/#article\",\"isPartOf\":{\"@id\":\"https:\\\/\\\/zosradio.ba\\\/index.php\\\/2026\\\/09\\\/01\\\/treba-li-se-tusirati-nakon-kupanja-u-moru-evo-sta-so-radi-kozi-i-kosi\\\/\"},\"author\":{\"name\":\"Redakcija\",\"@id\":\"https:\\\/\\\/zosradio.ba\\\/#\\\/schema\\\/person\\\/969b476cc96d10b46964da86b3987f7e\"},\"headline\":\"Treba li se tu\u0161irati nakon kupanja u moru? Evo \u0161ta so radi ko\u017ei i kosi\",\"datePublished\":\"2026-09-01T06:00:04+00:00\",\"mainEntityOfPage\":{\"@id\":\"https:\\\/\\\/zosradio.ba\\\/index.php\\\/2026\\\/09\\\/01\\\/treba-li-se-tusirati-nakon-kupanja-u-moru-evo-sta-so-radi-kozi-i-kosi\\\/\"},\"wordCount\":869,\"image\":{\"@id\":\"https:\\\/\\\/zosradio.ba\\\/index.php\\\/2026\\\/09\\\/01\\\/treba-li-se-tusirati-nakon-kupanja-u-moru-evo-sta-so-radi-kozi-i-kosi\\\/#primaryimage\"},\"thumbnailUrl\":\"https:\\\/\\\/zosradio.ba\\\/wp-content\\\/uploads\\\/2023\\\/07\\\/dmitry-zelinskiy-gOErbMaVUk0-unsplash-e1778588058939.jpg\",\"keywords\":[\"njega ko\u017ee\"],\"articleSection\":[\"Magazin\"],\"inLanguage\":\"bs-BA\"},{\"@type\":\"WebPage\",\"@id\":\"https:\\\/\\\/zosradio.ba\\\/index.php\\\/2026\\\/09\\\/01\\\/treba-li-se-tusirati-nakon-kupanja-u-moru-evo-sta-so-radi-kozi-i-kosi\\\/\",\"url\":\"https:\\\/\\\/zosradio.ba\\\/index.php\\\/2026\\\/09\\\/01\\\/treba-li-se-tusirati-nakon-kupanja-u-moru-evo-sta-so-radi-kozi-i-kosi\\\/\",\"name\":\"Treba li se tu\u0161irati nakon kupanja u moru? Evo \u0161ta so radi ko\u017ei i kosi\",\"isPartOf\":{\"@id\":\"https:\\\/\\\/zosradio.ba\\\/#website\"},\"primaryImageOfPage\":{\"@id\":\"https:\\\/\\\/zosradio.ba\\\/index.php\\\/2026\\\/09\\\/01\\\/treba-li-se-tusirati-nakon-kupanja-u-moru-evo-sta-so-radi-kozi-i-kosi\\\/#primaryimage\"},\"image\":{\"@id\":\"https:\\\/\\\/zosradio.ba\\\/index.php\\\/2026\\\/09\\\/01\\\/treba-li-se-tusirati-nakon-kupanja-u-moru-evo-sta-so-radi-kozi-i-kosi\\\/#primaryimage\"},\"thumbnailUrl\":\"https:\\\/\\\/zosradio.ba\\\/wp-content\\\/uploads\\\/2023\\\/07\\\/dmitry-zelinskiy-gOErbMaVUk0-unsplash-e1778588058939.jpg\",\"datePublished\":\"2026-09-01T06:00:04+00:00\",\"author\":{\"@id\":\"https:\\\/\\\/zosradio.ba\\\/#\\\/schema\\\/person\\\/969b476cc96d10b46964da86b3987f7e\"},\"description\":\"Jedan od najljep\u0161ih ljetnih osje\u0107aja jeste izlazak iz mora i su\u0161enje na suncu. Mnogi tada ni ne pomi\u0161ljaju na tu\u0161iranje, naro\u010dito ako planiraju ubrzo\",\"breadcrumb\":{\"@id\":\"https:\\\/\\\/zosradio.ba\\\/index.php\\\/2026\\\/09\\\/01\\\/treba-li-se-tusirati-nakon-kupanja-u-moru-evo-sta-so-radi-kozi-i-kosi\\\/#breadcrumb\"},\"inLanguage\":\"bs-BA\",\"potentialAction\":[{\"@type\":\"ReadAction\",\"target\":[\"https:\\\/\\\/zosradio.ba\\\/index.php\\\/2026\\\/09\\\/01\\\/treba-li-se-tusirati-nakon-kupanja-u-moru-evo-sta-so-radi-kozi-i-kosi\\\/\"]}]},{\"@type\":\"ImageObject\",\"inLanguage\":\"bs-BA\",\"@id\":\"https:\\\/\\\/zosradio.ba\\\/index.php\\\/2026\\\/09\\\/01\\\/treba-li-se-tusirati-nakon-kupanja-u-moru-evo-sta-so-radi-kozi-i-kosi\\\/#primaryimage\",\"url\":\"https:\\\/\\\/zosradio.ba\\\/wp-content\\\/uploads\\\/2023\\\/07\\\/dmitry-zelinskiy-gOErbMaVUk0-unsplash-e1778588058939.jpg\",\"contentUrl\":\"https:\\\/\\\/zosradio.ba\\\/wp-content\\\/uploads\\\/2023\\\/07\\\/dmitry-zelinskiy-gOErbMaVUk0-unsplash-e1778588058939.jpg\",\"width\":1200,\"height\":626,\"caption\":\"Foto: Unsplash\"},{\"@type\":\"BreadcrumbList\",\"@id\":\"https:\\\/\\\/zosradio.ba\\\/index.php\\\/2026\\\/09\\\/01\\\/treba-li-se-tusirati-nakon-kupanja-u-moru-evo-sta-so-radi-kozi-i-kosi\\\/#breadcrumb\",\"itemListElement\":[{\"@type\":\"ListItem\",\"position\":1,\"name\":\"Home\",\"item\":\"https:\\\/\\\/zosradio.ba\\\/\"},{\"@type\":\"ListItem\",\"position\":2,\"name\":\"Treba li se tu\u0161irati nakon kupanja u moru? Evo \u0161ta so radi ko\u017ei i kosi\"}]},{\"@type\":\"WebSite\",\"@id\":\"https:\\\/\\\/zosradio.ba\\\/#website\",\"url\":\"https:\\\/\\\/zosradio.ba\\\/\",\"name\":\"ZOS radio\",\"description\":\"Mjesto provjerenih informacija\",\"potentialAction\":[{\"@type\":\"SearchAction\",\"target\":{\"@type\":\"EntryPoint\",\"urlTemplate\":\"https:\\\/\\\/zosradio.ba\\\/?s={search_term_string}\"},\"query-input\":{\"@type\":\"PropertyValueSpecification\",\"valueRequired\":true,\"valueName\":\"search_term_string\"}}],\"inLanguage\":\"bs-BA\"},{\"@type\":\"Person\",\"@id\":\"https:\\\/\\\/zosradio.ba\\\/#\\\/schema\\\/person\\\/969b476cc96d10b46964da86b3987f7e\",\"name\":\"Redakcija\",\"image\":{\"@type\":\"ImageObject\",\"inLanguage\":\"bs-BA\",\"@id\":\"https:\\\/\\\/secure.gravatar.com\\\/avatar\\\/b6dcae4aefbd26fbbf5cd5f24d98b246488432fc47a791123ad8639c99f9a13a?s=96&d=mm&r=g\",\"url\":\"https:\\\/\\\/secure.gravatar.com\\\/avatar\\\/b6dcae4aefbd26fbbf5cd5f24d98b246488432fc47a791123ad8639c99f9a13a?s=96&d=mm&r=g\",\"contentUrl\":\"https:\\\/\\\/secure.gravatar.com\\\/avatar\\\/b6dcae4aefbd26fbbf5cd5f24d98b246488432fc47a791123ad8639c99f9a13a?s=96&d=mm&r=g\",\"caption\":\"Redakcija\"},\"url\":\"https:\\\/\\\/zosradio.ba\\\/index.php\\\/author\\\/rifavhotmail-com\\\/\"}]}<\/script>\n<!-- \/ Yoast SEO Premium plugin. -->","yoast_head_json":{"title":"Treba li se tu\u0161irati nakon kupanja u moru? Evo \u0161ta so radi ko\u017ei i kosi","description":"Jedan od najljep\u0161ih ljetnih osje\u0107aja jeste izlazak iz mora i su\u0161enje na suncu. Mnogi tada ni ne pomi\u0161ljaju na tu\u0161iranje, naro\u010dito ako planiraju ubrzo","robots":{"index":"index","follow":"follow","max-snippet":"max-snippet:-1","max-image-preview":"max-image-preview:large","max-video-preview":"max-video-preview:-1"},"canonical":"https:\/\/zosradio.ba\/index.php\/2026\/09\/01\/treba-li-se-tusirati-nakon-kupanja-u-moru-evo-sta-so-radi-kozi-i-kosi\/","og_locale":"bs_BA","og_type":"article","og_title":"Treba li se tu\u0161irati nakon kupanja u moru? Evo \u0161ta so radi ko\u017ei i kosi","og_description":"Jedan od najljep\u0161ih ljetnih osje\u0107aja jeste izlazak iz mora i su\u0161enje na suncu. Mnogi tada ni ne pomi\u0161ljaju na tu\u0161iranje, naro\u010dito ako planiraju ubrzo","og_url":"https:\/\/zosradio.ba\/index.php\/2026\/09\/01\/treba-li-se-tusirati-nakon-kupanja-u-moru-evo-sta-so-radi-kozi-i-kosi\/","og_site_name":"ZOS radio","article_publisher":"https:\/\/www.facebook.com\/zosradio","article_published_time":"2026-09-01T06:00:04+00:00","og_image":[{"width":1200,"height":626,"url":"https:\/\/zosradio.ba\/wp-content\/uploads\/2023\/07\/dmitry-zelinskiy-gOErbMaVUk0-unsplash-e1778588058939.jpg","type":"image\/jpeg"}],"author":"Redakcija","twitter_card":"summary_large_image","twitter_misc":{"Written by":"Redakcija","Est. reading time":"5 minuta"},"schema":{"@context":"https:\/\/schema.org","@graph":[{"@type":"Article","@id":"https:\/\/zosradio.ba\/index.php\/2026\/09\/01\/treba-li-se-tusirati-nakon-kupanja-u-moru-evo-sta-so-radi-kozi-i-kosi\/#article","isPartOf":{"@id":"https:\/\/zosradio.ba\/index.php\/2026\/09\/01\/treba-li-se-tusirati-nakon-kupanja-u-moru-evo-sta-so-radi-kozi-i-kosi\/"},"author":{"name":"Redakcija","@id":"https:\/\/zosradio.ba\/#\/schema\/person\/969b476cc96d10b46964da86b3987f7e"},"headline":"Treba li se tu\u0161irati nakon kupanja u moru? Evo \u0161ta so radi ko\u017ei i kosi","datePublished":"2026-09-01T06:00:04+00:00","mainEntityOfPage":{"@id":"https:\/\/zosradio.ba\/index.php\/2026\/09\/01\/treba-li-se-tusirati-nakon-kupanja-u-moru-evo-sta-so-radi-kozi-i-kosi\/"},"wordCount":869,"image":{"@id":"https:\/\/zosradio.ba\/index.php\/2026\/09\/01\/treba-li-se-tusirati-nakon-kupanja-u-moru-evo-sta-so-radi-kozi-i-kosi\/#primaryimage"},"thumbnailUrl":"https:\/\/zosradio.ba\/wp-content\/uploads\/2023\/07\/dmitry-zelinskiy-gOErbMaVUk0-unsplash-e1778588058939.jpg","keywords":["njega ko\u017ee"],"articleSection":["Magazin"],"inLanguage":"bs-BA"},{"@type":"WebPage","@id":"https:\/\/zosradio.ba\/index.php\/2026\/09\/01\/treba-li-se-tusirati-nakon-kupanja-u-moru-evo-sta-so-radi-kozi-i-kosi\/","url":"https:\/\/zosradio.ba\/index.php\/2026\/09\/01\/treba-li-se-tusirati-nakon-kupanja-u-moru-evo-sta-so-radi-kozi-i-kosi\/","name":"Treba li se tu\u0161irati nakon kupanja u moru? Evo \u0161ta so radi ko\u017ei i kosi","isPartOf":{"@id":"https:\/\/zosradio.ba\/#website"},"primaryImageOfPage":{"@id":"https:\/\/zosradio.ba\/index.php\/2026\/09\/01\/treba-li-se-tusirati-nakon-kupanja-u-moru-evo-sta-so-radi-kozi-i-kosi\/#primaryimage"},"image":{"@id":"https:\/\/zosradio.ba\/index.php\/2026\/09\/01\/treba-li-se-tusirati-nakon-kupanja-u-moru-evo-sta-so-radi-kozi-i-kosi\/#primaryimage"},"thumbnailUrl":"https:\/\/zosradio.ba\/wp-content\/uploads\/2023\/07\/dmitry-zelinskiy-gOErbMaVUk0-unsplash-e1778588058939.jpg","datePublished":"2026-09-01T06:00:04+00:00","author":{"@id":"https:\/\/zosradio.ba\/#\/schema\/person\/969b476cc96d10b46964da86b3987f7e"},"description":"Jedan od najljep\u0161ih ljetnih osje\u0107aja jeste izlazak iz mora i su\u0161enje na suncu. Mnogi tada ni ne pomi\u0161ljaju na tu\u0161iranje, naro\u010dito ako planiraju ubrzo","breadcrumb":{"@id":"https:\/\/zosradio.ba\/index.php\/2026\/09\/01\/treba-li-se-tusirati-nakon-kupanja-u-moru-evo-sta-so-radi-kozi-i-kosi\/#breadcrumb"},"inLanguage":"bs-BA","potentialAction":[{"@type":"ReadAction","target":["https:\/\/zosradio.ba\/index.php\/2026\/09\/01\/treba-li-se-tusirati-nakon-kupanja-u-moru-evo-sta-so-radi-kozi-i-kosi\/"]}]},{"@type":"ImageObject","inLanguage":"bs-BA","@id":"https:\/\/zosradio.ba\/index.php\/2026\/09\/01\/treba-li-se-tusirati-nakon-kupanja-u-moru-evo-sta-so-radi-kozi-i-kosi\/#primaryimage","url":"https:\/\/zosradio.ba\/wp-content\/uploads\/2023\/07\/dmitry-zelinskiy-gOErbMaVUk0-unsplash-e1778588058939.jpg","contentUrl":"https:\/\/zosradio.ba\/wp-content\/uploads\/2023\/07\/dmitry-zelinskiy-gOErbMaVUk0-unsplash-e1778588058939.jpg","width":1200,"height":626,"caption":"Foto: Unsplash"},{"@type":"BreadcrumbList","@id":"https:\/\/zosradio.ba\/index.php\/2026\/09\/01\/treba-li-se-tusirati-nakon-kupanja-u-moru-evo-sta-so-radi-kozi-i-kosi\/#breadcrumb","itemListElement":[{"@type":"ListItem","position":1,"name":"Home","item":"https:\/\/zosradio.ba\/"},{"@type":"ListItem","position":2,"name":"Treba li se tu\u0161irati nakon kupanja u moru? Evo \u0161ta so radi ko\u017ei i kosi"}]},{"@type":"WebSite","@id":"https:\/\/zosradio.ba\/#website","url":"https:\/\/zosradio.ba\/","name":"ZOS radio","description":"Mjesto provjerenih informacija","potentialAction":[{"@type":"SearchAction","target":{"@type":"EntryPoint","urlTemplate":"https:\/\/zosradio.ba\/?s={search_term_string}"},"query-input":{"@type":"PropertyValueSpecification","valueRequired":true,"valueName":"search_term_string"}}],"inLanguage":"bs-BA"},{"@type":"Person","@id":"https:\/\/zosradio.ba\/#\/schema\/person\/969b476cc96d10b46964da86b3987f7e","name":"Redakcija","image":{"@type":"ImageObject","inLanguage":"bs-BA","@id":"https:\/\/secure.gravatar.com\/avatar\/b6dcae4aefbd26fbbf5cd5f24d98b246488432fc47a791123ad8639c99f9a13a?s=96&d=mm&r=g","url":"https:\/\/secure.gravatar.com\/avatar\/b6dcae4aefbd26fbbf5cd5f24d98b246488432fc47a791123ad8639c99f9a13a?s=96&d=mm&r=g","contentUrl":"https:\/\/secure.gravatar.com\/avatar\/b6dcae4aefbd26fbbf5cd5f24d98b246488432fc47a791123ad8639c99f9a13a?s=96&d=mm&r=g","caption":"Redakcija"},"url":"https:\/\/zosradio.ba\/index.php\/author\/rifavhotmail-com\/"}]}},"_links":{"self":[{"href":"https:\/\/zosradio.ba\/index.php\/wp-json\/wp\/v2\/posts\/196197","targetHints":{"allow":["GET"]}}],"collection":[{"href":"https:\/\/zosradio.ba\/index.php\/wp-json\/wp\/v2\/posts"}],"about":[{"href":"https:\/\/zosradio.ba\/index.php\/wp-json\/wp\/v2\/types\/post"}],"author":[{"embeddable":true,"href":"https:\/\/zosradio.ba\/index.php\/wp-json\/wp\/v2\/users\/3"}],"replies":[{"embeddable":true,"href":"https:\/\/zosradio.ba\/index.php\/wp-json\/wp\/v2\/comments?post=196197"}],"version-history":[{"count":2,"href":"https:\/\/zosradio.ba\/index.php\/wp-json\/wp\/v2\/posts\/196197\/revisions"}],"predecessor-version":[{"id":196199,"href":"https:\/\/zosradio.ba\/index.php\/wp-json\/wp\/v2\/posts\/196197\/revisions\/196199"}],"wp:featuredmedia":[{"embeddable":true,"href":"https:\/\/zosradio.ba\/index.php\/wp-json\/wp\/v2\/media\/142913"}],"wp:attachment":[{"href":"https:\/\/zosradio.ba\/index.php\/wp-json\/wp\/v2\/media?parent=196197"}],"wp:term":[{"taxonomy":"category","embeddable":true,"href":"https:\/\/zosradio.ba\/index.php\/wp-json\/wp\/v2\/categories?post=196197"},{"taxonomy":"post_tag","embeddable":true,"href":"https:\/\/zosradio.ba\/index.php\/wp-json\/wp\/v2\/tags?post=196197"}],"curies":[{"name":"wp","href":"https:\/\/api.w.org\/{rel}","templated":true}]}}