{"id":196200,"date":"2026-09-01T07:42:37","date_gmt":"2026-09-01T05:42:37","guid":{"rendered":"https:\/\/zosradio.ba\/?p=196200"},"modified":"2026-09-01T07:51:50","modified_gmt":"2026-09-01T05:51:50","slug":"ako-se-ujutro-budite-zedni-i-suhih-usta-razlog-nije-u-tome-sto-niste-dovoljno-pili-prethodnog-dana1","status":"publish","type":"post","link":"https:\/\/zosradio.ba\/index.php\/2026\/09\/01\/ako-se-ujutro-budite-zedni-i-suhih-usta-razlog-nije-u-tome-sto-niste-dovoljno-pili-prethodnog-dana1\/","title":{"rendered":"Ako se ujutro budite \u017eedni i suhih usta, razlog nije u tome \u0161to niste dovoljno pili prethodnog dana"},"content":{"rendered":"<p><strong>Tokom no\u0107i tijelo izgubi izme\u0111u pola litre i litre te\u010dnosti, a da ni\u0161ta ne popije. Zbog toga se ve\u0107ina ljudi budi blago dehidrirana, bez obzira koliko su pili dan ranije. Suha usta i \u017ee\u0111 ujutro nisu znak da ste ne\u0161to pogrije\u0161ili nego posljedica najduljeg perioda u danu bez ijedne kapi.<\/strong><\/p>\n<p>Gubitak tokom sna de\u0161ava se na dva na\u010dina, i oba su neprimjetna.<\/p>\n<p>Prvi je disanje. Zrak koji izdi\u0161ete izlazi zasi\u0107en vlagom, a to se ponavlja hiljadama puta kroz no\u0107.<\/p>\n<p>Drugi je isparavanje s ko\u017ee. To nije znojenje u uobi\u010dajenom smislu nego stalno, neprimjetno gubljenje vlage, koje se de\u0161ava i kada je \u010dovjeku hladno.<\/p>\n<p>Uz to bubrezi tokom no\u0107i nastavljaju raditi i stvaraju urin, iako ni\u0161ta ne unosite.<\/p>\n<h4>Za\u0161to je jutarnji urin tamniji<\/h4>\n<p>Ovdje je znak koji ve\u0107ina ljudi pogre\u0161no tuma\u010di.<\/p>\n<p>Tamniji urin ujutro obi\u010dno se shvati kao dokaz ozbiljne dehidracije.<\/p>\n<p>To nije nu\u017eno ta\u010dno. Urin je tada koncentrisaniji jednostavno zato \u0161to niste pili nekoliko sati, pa bubrezi \u0161tede vodu i izlu\u010duju manje razrije\u0111en urin.<\/p>\n<p>Sam po sebi, tamniji jutarnji urin nije razlog za brigu. Postaje znak ako ostane taman i tokom dana, uprkos unosu te\u010dnosti.<\/p>\n<h4>\u0160ta poja\u010dava gubitak tokom no\u0107i<\/h4>\n<p>Nekoliko stvari pove\u0107ava koliko izgubite.<\/p>\n<p>Disanje na usta.\u00a0Ako spavate otvorenih usta, gubitak vlage je znatno ve\u0107i, i to je naj\u010de\u0161\u0107i razlog izrazito suhih usta ujutro.<\/p>\n<p>Topla soba i previ\u0161e pokriva\u010da.\u00a0\u0160to je toplije, to je isparavanje s ko\u017ee ve\u0107e.<\/p>\n<p>Alkohol.\u00a0On potiskuje hormon koji bubrezima govori da zadr\u017ee vodu, pa tijelo tokom no\u0107i izlu\u010di vi\u0161e nego ina\u010de.<\/p>\n<p>Grijanje ili klima.\u00a0Oba isu\u0161uju zrak u sobi, pa se s povr\u0161ine ko\u017ee i iz disajnih puteva gubi vi\u0161e vlage.<\/p>\n<h4>Koliko popiti, i kada<\/h4>\n<p>Preporuke su umjerenije nego \u0161to se obi\u010dno prenosi.<\/p>\n<p>Za ujutro se navodi otprilike dvije do tri decilitra vode, dakle jedna do dvije \u010da\u0161e.<\/p>\n<p>To je dovoljno da se nadoknadi no\u0107ni manjak, a da vas ne tjera odmah u kupatilo, \u0161to bi poremetilo jutro.<\/p>\n<p>Za ve\u010de vrijedi obrnuto pravilo. Ako ste tokom dana pili dovoljno, uve\u010de je dovoljno oko dva decilitra, i to sat ili dva prije spavanja.<\/p>\n<p>Razlog je \u0161to bubrezima treba otprilike sat do sat i po da obrade tu koli\u010dinu. Ako popijete vi\u0161e neposredno prije spavanja, potreba za odlaskom u kupatilo javit \u0107e se usred no\u0107i, u najgorem trenutku za san.<\/p>\n<h4>Ono \u0161to se \u010desto prenosi, a nije tako<\/h4>\n<p>Vrijedi razdvojiti nekoliko stvari.<\/p>\n<p>Voda ujutro ne pokre\u0107e metabolizam ni ne \u010disti organizam. Za <a href=\"https:\/\/zosradio.ba\/index.php\/2026\/01\/30\/kako-na-efikasan-nacin-ocistiti-masnocu-u-kuhinji\/\">\u010di\u0161\u0107enje<\/a> su zadu\u017eeni bubrezi i jetra i oni to rade neprekidno.<\/p>\n<p>Ono \u0161to voda ujutro stvarno radi jest da nadokna\u0111uje ono \u0161to je kroz no\u0107 izgubljeno, a to je dovoljno dobar razlog sam po sebi.<\/p>\n<p>Blaga dehidracija povezuje se s umorom i slabijom koncentracijom, pa jutarnja \u010da\u0161a vode ima smisla, ali ne kao ritual s posebnim svojstvima nego kao nadoknada.<\/p>\n<p>Najbolji pokazatelj je i dalje osje\u0107aj \u017ee\u0111i. Za ve\u0107inu ljudi taj sistem radi pouzdano.<\/p>\n<p>Ako se, me\u0111utim, budite izrazito suhih usta svako jutro, ako \u017ee\u0111 ne prestaje ni nakon \u0161to pijete, ili ako morate ustajati vi\u0161e puta u toku no\u0107i, to su stvari o kojima vrijedi razgovarati s ljekarom, jer mogu imati druge uzroke, pi\u0161e <a href=\"https:\/\/n1info.ba\/zdravlje\/ako-se-ujutro-budite-zedni-i-suhih-usta-razlog-nije-u-tome-sto-niste-dovoljno-pili-prethodnog-dana\/\">N1 BiH.<\/a><\/p>\n<p><span class=\"td_text_highlight_marker_red td_text_highlight_marker\">Pro\u010ditajte jo\u0161:<\/span><\/p>\n<ul>\n<li><a href=\"https:\/\/zosradio.ba\/index.php\/2026\/08\/08\/jedno-od-najpopularnijih-ljetnih-povrca-ima-brojne-zdravstvene-prednosti\/\">Jedno od najpopularnijih ljetnih povr\u0107a ima brojne zdravstvene prednosti<\/a><\/li>\n<li><a href=\"https:\/\/zosradio.ba\/index.php\/2026\/08\/08\/sa-ovim-trikom-vratit-cete-sjaj-tus-kabini-za-nekoliko-minuta\/\">Sa ovim trikom vratit \u0107ete sjaj tu\u0161-kabini za nekoliko minuta<\/a><\/li>\n<\/ul>\n","protected":false},"excerpt":{"rendered":"<p>Tokom no\u0107i tijelo izgubi izme\u0111u pola litre i litre te\u010dnosti, a da ni\u0161ta ne popije. Zbog toga se ve\u0107ina ljudi budi blago dehidrirana, bez obzira koliko su pili dan ranije. Suha usta i \u017ee\u0111 ujutro nisu znak da ste ne\u0161to pogrije\u0161ili nego posljedica najduljeg perioda u danu bez ijedne kapi. Gubitak tokom sna de\u0161ava se [&hellip;]<\/p>\n","protected":false},"author":3,"featured_media":142934,"comment_status":"closed","ping_status":"closed","sticky":false,"template":"","format":"standard","meta":{"_acf_changed":false,"footnotes":""},"categories":[86],"tags":[212],"class_list":["post-196200","post","type-post","status-publish","format-standard","has-post-thumbnail","category-magazin","tag-lifestyle"],"acf":[],"yoast_head":"<!-- This site is optimized with the Yoast SEO Premium plugin v28.3 (Yoast SEO v28.3) - https:\/\/yoast.com\/product\/yoast-seo-premium-wordpress\/ -->\n<title>Ako se ujutro budite \u017eedni i suhih usta, razlog nije u tome \u0161to niste dovoljno pili prethodnog dana<\/title>\n<meta name=\"description\" content=\"Tokom no\u0107i tijelo izgubi izme\u0111u pola litre i litre te\u010dnosti, a da ni\u0161ta ne popije. Zbog toga se ve\u0107ina ljudi budi blago dehidrirana, bez obzira koliko su\" \/>\n<meta name=\"robots\" content=\"index, follow, max-snippet:-1, max-image-preview:large, max-video-preview:-1\" \/>\n<link rel=\"canonical\" href=\"https:\/\/zosradio.ba\/index.php\/2026\/09\/01\/ako-se-ujutro-budite-zedni-i-suhih-usta-razlog-nije-u-tome-sto-niste-dovoljno-pili-prethodnog-dana1\/\" \/>\n<meta property=\"og:locale\" content=\"bs_BA\" \/>\n<meta property=\"og:type\" content=\"article\" \/>\n<meta property=\"og:title\" content=\"Ako se ujutro budite \u017eedni i suhih usta, razlog nije u tome \u0161to niste dovoljno pili prethodnog dana\" \/>\n<meta property=\"og:description\" content=\"Tokom no\u0107i tijelo izgubi izme\u0111u pola litre i litre te\u010dnosti, a da ni\u0161ta ne popije. Zbog toga se ve\u0107ina ljudi budi blago dehidrirana, bez obzira koliko su\" \/>\n<meta property=\"og:url\" content=\"https:\/\/zosradio.ba\/index.php\/2026\/09\/01\/ako-se-ujutro-budite-zedni-i-suhih-usta-razlog-nije-u-tome-sto-niste-dovoljno-pili-prethodnog-dana1\/\" \/>\n<meta property=\"og:site_name\" content=\"ZOS radio\" \/>\n<meta property=\"article:publisher\" content=\"https:\/\/www.facebook.com\/zosradio\" \/>\n<meta property=\"article:published_time\" content=\"2026-09-01T05:42:37+00:00\" \/>\n<meta property=\"article:modified_time\" content=\"2026-09-01T05:51:50+00:00\" \/>\n<meta property=\"og:image\" content=\"https:\/\/zosradio.ba\/wp-content\/uploads\/2023\/07\/voda-engin-akyurt-PCpoG06fcUI-unsplash-e1766489643914.jpg\" \/>\n\t<meta property=\"og:image:width\" content=\"1198\" \/>\n\t<meta property=\"og:image:height\" content=\"624\" \/>\n\t<meta property=\"og:image:type\" content=\"image\/jpeg\" \/>\n<meta name=\"author\" content=\"Redakcija\" \/>\n<meta name=\"twitter:card\" content=\"summary_large_image\" \/>\n<meta name=\"twitter:label1\" content=\"Written by\" \/>\n\t<meta name=\"twitter:data1\" content=\"Redakcija\" \/>\n\t<meta name=\"twitter:label2\" content=\"Est. reading time\" \/>\n\t<meta name=\"twitter:data2\" content=\"4 minute\" \/>\n<script type=\"application\/ld+json\" class=\"yoast-schema-graph\">{\"@context\":\"https:\\\/\\\/schema.org\",\"@graph\":[{\"@type\":\"Article\",\"@id\":\"https:\\\/\\\/zosradio.ba\\\/index.php\\\/2026\\\/09\\\/01\\\/ako-se-ujutro-budite-zedni-i-suhih-usta-razlog-nije-u-tome-sto-niste-dovoljno-pili-prethodnog-dana1\\\/#article\",\"isPartOf\":{\"@id\":\"https:\\\/\\\/zosradio.ba\\\/index.php\\\/2026\\\/09\\\/01\\\/ako-se-ujutro-budite-zedni-i-suhih-usta-razlog-nije-u-tome-sto-niste-dovoljno-pili-prethodnog-dana1\\\/\"},\"author\":{\"name\":\"Redakcija\",\"@id\":\"https:\\\/\\\/zosradio.ba\\\/#\\\/schema\\\/person\\\/969b476cc96d10b46964da86b3987f7e\"},\"headline\":\"Ako se ujutro budite \u017eedni i suhih usta, razlog nije u tome \u0161to niste dovoljno pili prethodnog dana\",\"datePublished\":\"2026-09-01T05:42:37+00:00\",\"dateModified\":\"2026-09-01T05:51:50+00:00\",\"mainEntityOfPage\":{\"@id\":\"https:\\\/\\\/zosradio.ba\\\/index.php\\\/2026\\\/09\\\/01\\\/ako-se-ujutro-budite-zedni-i-suhih-usta-razlog-nije-u-tome-sto-niste-dovoljno-pili-prethodnog-dana1\\\/\"},\"wordCount\":621,\"image\":{\"@id\":\"https:\\\/\\\/zosradio.ba\\\/index.php\\\/2026\\\/09\\\/01\\\/ako-se-ujutro-budite-zedni-i-suhih-usta-razlog-nije-u-tome-sto-niste-dovoljno-pili-prethodnog-dana1\\\/#primaryimage\"},\"thumbnailUrl\":\"https:\\\/\\\/zosradio.ba\\\/wp-content\\\/uploads\\\/2023\\\/07\\\/voda-engin-akyurt-PCpoG06fcUI-unsplash-e1766489643914.jpg\",\"keywords\":[\"lifestyle\"],\"articleSection\":[\"Magazin\"],\"inLanguage\":\"bs-BA\"},{\"@type\":\"WebPage\",\"@id\":\"https:\\\/\\\/zosradio.ba\\\/index.php\\\/2026\\\/09\\\/01\\\/ako-se-ujutro-budite-zedni-i-suhih-usta-razlog-nije-u-tome-sto-niste-dovoljno-pili-prethodnog-dana1\\\/\",\"url\":\"https:\\\/\\\/zosradio.ba\\\/index.php\\\/2026\\\/09\\\/01\\\/ako-se-ujutro-budite-zedni-i-suhih-usta-razlog-nije-u-tome-sto-niste-dovoljno-pili-prethodnog-dana1\\\/\",\"name\":\"Ako se ujutro budite \u017eedni i suhih usta, razlog nije u tome \u0161to niste dovoljno pili prethodnog dana\",\"isPartOf\":{\"@id\":\"https:\\\/\\\/zosradio.ba\\\/#website\"},\"primaryImageOfPage\":{\"@id\":\"https:\\\/\\\/zosradio.ba\\\/index.php\\\/2026\\\/09\\\/01\\\/ako-se-ujutro-budite-zedni-i-suhih-usta-razlog-nije-u-tome-sto-niste-dovoljno-pili-prethodnog-dana1\\\/#primaryimage\"},\"image\":{\"@id\":\"https:\\\/\\\/zosradio.ba\\\/index.php\\\/2026\\\/09\\\/01\\\/ako-se-ujutro-budite-zedni-i-suhih-usta-razlog-nije-u-tome-sto-niste-dovoljno-pili-prethodnog-dana1\\\/#primaryimage\"},\"thumbnailUrl\":\"https:\\\/\\\/zosradio.ba\\\/wp-content\\\/uploads\\\/2023\\\/07\\\/voda-engin-akyurt-PCpoG06fcUI-unsplash-e1766489643914.jpg\",\"datePublished\":\"2026-09-01T05:42:37+00:00\",\"dateModified\":\"2026-09-01T05:51:50+00:00\",\"author\":{\"@id\":\"https:\\\/\\\/zosradio.ba\\\/#\\\/schema\\\/person\\\/969b476cc96d10b46964da86b3987f7e\"},\"description\":\"Tokom no\u0107i tijelo izgubi izme\u0111u pola litre i litre te\u010dnosti, a da ni\u0161ta ne popije. Zbog toga se ve\u0107ina ljudi budi blago dehidrirana, bez obzira koliko su\",\"breadcrumb\":{\"@id\":\"https:\\\/\\\/zosradio.ba\\\/index.php\\\/2026\\\/09\\\/01\\\/ako-se-ujutro-budite-zedni-i-suhih-usta-razlog-nije-u-tome-sto-niste-dovoljno-pili-prethodnog-dana1\\\/#breadcrumb\"},\"inLanguage\":\"bs-BA\",\"potentialAction\":[{\"@type\":\"ReadAction\",\"target\":[\"https:\\\/\\\/zosradio.ba\\\/index.php\\\/2026\\\/09\\\/01\\\/ako-se-ujutro-budite-zedni-i-suhih-usta-razlog-nije-u-tome-sto-niste-dovoljno-pili-prethodnog-dana1\\\/\"]}]},{\"@type\":\"ImageObject\",\"inLanguage\":\"bs-BA\",\"@id\":\"https:\\\/\\\/zosradio.ba\\\/index.php\\\/2026\\\/09\\\/01\\\/ako-se-ujutro-budite-zedni-i-suhih-usta-razlog-nije-u-tome-sto-niste-dovoljno-pili-prethodnog-dana1\\\/#primaryimage\",\"url\":\"https:\\\/\\\/zosradio.ba\\\/wp-content\\\/uploads\\\/2023\\\/07\\\/voda-engin-akyurt-PCpoG06fcUI-unsplash-e1766489643914.jpg\",\"contentUrl\":\"https:\\\/\\\/zosradio.ba\\\/wp-content\\\/uploads\\\/2023\\\/07\\\/voda-engin-akyurt-PCpoG06fcUI-unsplash-e1766489643914.jpg\",\"width\":1198,\"height\":624,\"caption\":\"Foto: Unsplash\"},{\"@type\":\"BreadcrumbList\",\"@id\":\"https:\\\/\\\/zosradio.ba\\\/index.php\\\/2026\\\/09\\\/01\\\/ako-se-ujutro-budite-zedni-i-suhih-usta-razlog-nije-u-tome-sto-niste-dovoljno-pili-prethodnog-dana1\\\/#breadcrumb\",\"itemListElement\":[{\"@type\":\"ListItem\",\"position\":1,\"name\":\"Home\",\"item\":\"https:\\\/\\\/zosradio.ba\\\/\"},{\"@type\":\"ListItem\",\"position\":2,\"name\":\"Ako se ujutro budite \u017eedni i suhih usta, razlog nije u tome \u0161to niste dovoljno pili prethodnog dana\"}]},{\"@type\":\"WebSite\",\"@id\":\"https:\\\/\\\/zosradio.ba\\\/#website\",\"url\":\"https:\\\/\\\/zosradio.ba\\\/\",\"name\":\"ZOS radio\",\"description\":\"Mjesto provjerenih informacija\",\"potentialAction\":[{\"@type\":\"SearchAction\",\"target\":{\"@type\":\"EntryPoint\",\"urlTemplate\":\"https:\\\/\\\/zosradio.ba\\\/?s={search_term_string}\"},\"query-input\":{\"@type\":\"PropertyValueSpecification\",\"valueRequired\":true,\"valueName\":\"search_term_string\"}}],\"inLanguage\":\"bs-BA\"},{\"@type\":\"Person\",\"@id\":\"https:\\\/\\\/zosradio.ba\\\/#\\\/schema\\\/person\\\/969b476cc96d10b46964da86b3987f7e\",\"name\":\"Redakcija\",\"image\":{\"@type\":\"ImageObject\",\"inLanguage\":\"bs-BA\",\"@id\":\"https:\\\/\\\/secure.gravatar.com\\\/avatar\\\/b6dcae4aefbd26fbbf5cd5f24d98b246488432fc47a791123ad8639c99f9a13a?s=96&d=mm&r=g\",\"url\":\"https:\\\/\\\/secure.gravatar.com\\\/avatar\\\/b6dcae4aefbd26fbbf5cd5f24d98b246488432fc47a791123ad8639c99f9a13a?s=96&d=mm&r=g\",\"contentUrl\":\"https:\\\/\\\/secure.gravatar.com\\\/avatar\\\/b6dcae4aefbd26fbbf5cd5f24d98b246488432fc47a791123ad8639c99f9a13a?s=96&d=mm&r=g\",\"caption\":\"Redakcija\"},\"url\":\"https:\\\/\\\/zosradio.ba\\\/index.php\\\/author\\\/rifavhotmail-com\\\/\"}]}<\/script>\n<!-- \/ Yoast SEO Premium plugin. -->","yoast_head_json":{"title":"Ako se ujutro budite \u017eedni i suhih usta, razlog nije u tome \u0161to niste dovoljno pili prethodnog dana","description":"Tokom no\u0107i tijelo izgubi izme\u0111u pola litre i litre te\u010dnosti, a da ni\u0161ta ne popije. Zbog toga se ve\u0107ina ljudi budi blago dehidrirana, bez obzira koliko su","robots":{"index":"index","follow":"follow","max-snippet":"max-snippet:-1","max-image-preview":"max-image-preview:large","max-video-preview":"max-video-preview:-1"},"canonical":"https:\/\/zosradio.ba\/index.php\/2026\/09\/01\/ako-se-ujutro-budite-zedni-i-suhih-usta-razlog-nije-u-tome-sto-niste-dovoljno-pili-prethodnog-dana1\/","og_locale":"bs_BA","og_type":"article","og_title":"Ako se ujutro budite \u017eedni i suhih usta, razlog nije u tome \u0161to niste dovoljno pili prethodnog dana","og_description":"Tokom no\u0107i tijelo izgubi izme\u0111u pola litre i litre te\u010dnosti, a da ni\u0161ta ne popije. Zbog toga se ve\u0107ina ljudi budi blago dehidrirana, bez obzira koliko su","og_url":"https:\/\/zosradio.ba\/index.php\/2026\/09\/01\/ako-se-ujutro-budite-zedni-i-suhih-usta-razlog-nije-u-tome-sto-niste-dovoljno-pili-prethodnog-dana1\/","og_site_name":"ZOS radio","article_publisher":"https:\/\/www.facebook.com\/zosradio","article_published_time":"2026-09-01T05:42:37+00:00","article_modified_time":"2026-09-01T05:51:50+00:00","og_image":[{"width":1198,"height":624,"url":"https:\/\/zosradio.ba\/wp-content\/uploads\/2023\/07\/voda-engin-akyurt-PCpoG06fcUI-unsplash-e1766489643914.jpg","type":"image\/jpeg"}],"author":"Redakcija","twitter_card":"summary_large_image","twitter_misc":{"Written by":"Redakcija","Est. reading time":"4 minute"},"schema":{"@context":"https:\/\/schema.org","@graph":[{"@type":"Article","@id":"https:\/\/zosradio.ba\/index.php\/2026\/09\/01\/ako-se-ujutro-budite-zedni-i-suhih-usta-razlog-nije-u-tome-sto-niste-dovoljno-pili-prethodnog-dana1\/#article","isPartOf":{"@id":"https:\/\/zosradio.ba\/index.php\/2026\/09\/01\/ako-se-ujutro-budite-zedni-i-suhih-usta-razlog-nije-u-tome-sto-niste-dovoljno-pili-prethodnog-dana1\/"},"author":{"name":"Redakcija","@id":"https:\/\/zosradio.ba\/#\/schema\/person\/969b476cc96d10b46964da86b3987f7e"},"headline":"Ako se ujutro budite \u017eedni i suhih usta, razlog nije u tome \u0161to niste dovoljno pili prethodnog dana","datePublished":"2026-09-01T05:42:37+00:00","dateModified":"2026-09-01T05:51:50+00:00","mainEntityOfPage":{"@id":"https:\/\/zosradio.ba\/index.php\/2026\/09\/01\/ako-se-ujutro-budite-zedni-i-suhih-usta-razlog-nije-u-tome-sto-niste-dovoljno-pili-prethodnog-dana1\/"},"wordCount":621,"image":{"@id":"https:\/\/zosradio.ba\/index.php\/2026\/09\/01\/ako-se-ujutro-budite-zedni-i-suhih-usta-razlog-nije-u-tome-sto-niste-dovoljno-pili-prethodnog-dana1\/#primaryimage"},"thumbnailUrl":"https:\/\/zosradio.ba\/wp-content\/uploads\/2023\/07\/voda-engin-akyurt-PCpoG06fcUI-unsplash-e1766489643914.jpg","keywords":["lifestyle"],"articleSection":["Magazin"],"inLanguage":"bs-BA"},{"@type":"WebPage","@id":"https:\/\/zosradio.ba\/index.php\/2026\/09\/01\/ako-se-ujutro-budite-zedni-i-suhih-usta-razlog-nije-u-tome-sto-niste-dovoljno-pili-prethodnog-dana1\/","url":"https:\/\/zosradio.ba\/index.php\/2026\/09\/01\/ako-se-ujutro-budite-zedni-i-suhih-usta-razlog-nije-u-tome-sto-niste-dovoljno-pili-prethodnog-dana1\/","name":"Ako se ujutro budite \u017eedni i suhih usta, razlog nije u tome \u0161to niste dovoljno pili prethodnog dana","isPartOf":{"@id":"https:\/\/zosradio.ba\/#website"},"primaryImageOfPage":{"@id":"https:\/\/zosradio.ba\/index.php\/2026\/09\/01\/ako-se-ujutro-budite-zedni-i-suhih-usta-razlog-nije-u-tome-sto-niste-dovoljno-pili-prethodnog-dana1\/#primaryimage"},"image":{"@id":"https:\/\/zosradio.ba\/index.php\/2026\/09\/01\/ako-se-ujutro-budite-zedni-i-suhih-usta-razlog-nije-u-tome-sto-niste-dovoljno-pili-prethodnog-dana1\/#primaryimage"},"thumbnailUrl":"https:\/\/zosradio.ba\/wp-content\/uploads\/2023\/07\/voda-engin-akyurt-PCpoG06fcUI-unsplash-e1766489643914.jpg","datePublished":"2026-09-01T05:42:37+00:00","dateModified":"2026-09-01T05:51:50+00:00","author":{"@id":"https:\/\/zosradio.ba\/#\/schema\/person\/969b476cc96d10b46964da86b3987f7e"},"description":"Tokom no\u0107i tijelo izgubi izme\u0111u pola litre i litre te\u010dnosti, a da ni\u0161ta ne popije. Zbog toga se ve\u0107ina ljudi budi blago dehidrirana, bez obzira koliko su","breadcrumb":{"@id":"https:\/\/zosradio.ba\/index.php\/2026\/09\/01\/ako-se-ujutro-budite-zedni-i-suhih-usta-razlog-nije-u-tome-sto-niste-dovoljno-pili-prethodnog-dana1\/#breadcrumb"},"inLanguage":"bs-BA","potentialAction":[{"@type":"ReadAction","target":["https:\/\/zosradio.ba\/index.php\/2026\/09\/01\/ako-se-ujutro-budite-zedni-i-suhih-usta-razlog-nije-u-tome-sto-niste-dovoljno-pili-prethodnog-dana1\/"]}]},{"@type":"ImageObject","inLanguage":"bs-BA","@id":"https:\/\/zosradio.ba\/index.php\/2026\/09\/01\/ako-se-ujutro-budite-zedni-i-suhih-usta-razlog-nije-u-tome-sto-niste-dovoljno-pili-prethodnog-dana1\/#primaryimage","url":"https:\/\/zosradio.ba\/wp-content\/uploads\/2023\/07\/voda-engin-akyurt-PCpoG06fcUI-unsplash-e1766489643914.jpg","contentUrl":"https:\/\/zosradio.ba\/wp-content\/uploads\/2023\/07\/voda-engin-akyurt-PCpoG06fcUI-unsplash-e1766489643914.jpg","width":1198,"height":624,"caption":"Foto: Unsplash"},{"@type":"BreadcrumbList","@id":"https:\/\/zosradio.ba\/index.php\/2026\/09\/01\/ako-se-ujutro-budite-zedni-i-suhih-usta-razlog-nije-u-tome-sto-niste-dovoljno-pili-prethodnog-dana1\/#breadcrumb","itemListElement":[{"@type":"ListItem","position":1,"name":"Home","item":"https:\/\/zosradio.ba\/"},{"@type":"ListItem","position":2,"name":"Ako se ujutro budite \u017eedni i suhih usta, razlog nije u tome \u0161to niste dovoljno pili prethodnog dana"}]},{"@type":"WebSite","@id":"https:\/\/zosradio.ba\/#website","url":"https:\/\/zosradio.ba\/","name":"ZOS radio","description":"Mjesto provjerenih informacija","potentialAction":[{"@type":"SearchAction","target":{"@type":"EntryPoint","urlTemplate":"https:\/\/zosradio.ba\/?s={search_term_string}"},"query-input":{"@type":"PropertyValueSpecification","valueRequired":true,"valueName":"search_term_string"}}],"inLanguage":"bs-BA"},{"@type":"Person","@id":"https:\/\/zosradio.ba\/#\/schema\/person\/969b476cc96d10b46964da86b3987f7e","name":"Redakcija","image":{"@type":"ImageObject","inLanguage":"bs-BA","@id":"https:\/\/secure.gravatar.com\/avatar\/b6dcae4aefbd26fbbf5cd5f24d98b246488432fc47a791123ad8639c99f9a13a?s=96&d=mm&r=g","url":"https:\/\/secure.gravatar.com\/avatar\/b6dcae4aefbd26fbbf5cd5f24d98b246488432fc47a791123ad8639c99f9a13a?s=96&d=mm&r=g","contentUrl":"https:\/\/secure.gravatar.com\/avatar\/b6dcae4aefbd26fbbf5cd5f24d98b246488432fc47a791123ad8639c99f9a13a?s=96&d=mm&r=g","caption":"Redakcija"},"url":"https:\/\/zosradio.ba\/index.php\/author\/rifavhotmail-com\/"}]}},"_links":{"self":[{"href":"https:\/\/zosradio.ba\/index.php\/wp-json\/wp\/v2\/posts\/196200","targetHints":{"allow":["GET"]}}],"collection":[{"href":"https:\/\/zosradio.ba\/index.php\/wp-json\/wp\/v2\/posts"}],"about":[{"href":"https:\/\/zosradio.ba\/index.php\/wp-json\/wp\/v2\/types\/post"}],"author":[{"embeddable":true,"href":"https:\/\/zosradio.ba\/index.php\/wp-json\/wp\/v2\/users\/3"}],"replies":[{"embeddable":true,"href":"https:\/\/zosradio.ba\/index.php\/wp-json\/wp\/v2\/comments?post=196200"}],"version-history":[{"count":1,"href":"https:\/\/zosradio.ba\/index.php\/wp-json\/wp\/v2\/posts\/196200\/revisions"}],"predecessor-version":[{"id":196201,"href":"https:\/\/zosradio.ba\/index.php\/wp-json\/wp\/v2\/posts\/196200\/revisions\/196201"}],"wp:featuredmedia":[{"embeddable":true,"href":"https:\/\/zosradio.ba\/index.php\/wp-json\/wp\/v2\/media\/142934"}],"wp:attachment":[{"href":"https:\/\/zosradio.ba\/index.php\/wp-json\/wp\/v2\/media?parent=196200"}],"wp:term":[{"taxonomy":"category","embeddable":true,"href":"https:\/\/zosradio.ba\/index.php\/wp-json\/wp\/v2\/categories?post=196200"},{"taxonomy":"post_tag","embeddable":true,"href":"https:\/\/zosradio.ba\/index.php\/wp-json\/wp\/v2\/tags?post=196200"}],"curies":[{"name":"wp","href":"https:\/\/api.w.org\/{rel}","templated":true}]}}