{"id":196409,"date":"2026-08-30T08:47:55","date_gmt":"2026-08-30T06:47:55","guid":{"rendered":"https:\/\/zosradio.ba\/?p=196409"},"modified":"2026-08-30T08:47:55","modified_gmt":"2026-08-30T06:47:55","slug":"nova-pravila-eu-stizu-i-u-bih-izvoznici-ce-morati-mijenjati-ambalazu-ili-rizikuju-gubitak-evropskog-trzista","status":"publish","type":"post","link":"https:\/\/zosradio.ba\/index.php\/2026\/08\/30\/nova-pravila-eu-stizu-i-u-bih-izvoznici-ce-morati-mijenjati-ambalazu-ili-rizikuju-gubitak-evropskog-trzista\/","title":{"rendered":"Nova pravila EU sti\u017eu i u BiH: Izvoznici \u0107e morati mijenjati ambala\u017eu ili rizikuju gubitak evropskog tr\u017ei\u0161ta"},"content":{"rendered":"<p><strong>Nova pravila Evropske unije o ambala\u017ei i ambala\u017enom otpadu ve\u0107 direktno uti\u010du na kompanije iz Bosne i Hercegovine koje svoje proizvode plasiraju na evropsko tr\u017ei\u0161te.<\/strong> Iako BiH nije \u010dlanica EU, doma\u0107i proizvo\u0111a\u010di i izvoznici morat \u0107e ispuniti evropske standarde ako \u017eele zadr\u017eati pristup tr\u017ei\u0161tu Evropske unije.<\/p>\n<p>Uredba EU 2025\/40 obuhvata prakti\u010dno sve vrste ambala\u017ee, bez obzira na materijal od kojeg su napravljene. Pravila se odnose na sastav i dizajn ambala\u017ee, mogu\u0107nost recikliranja, smanjenje njene koli\u010dine, ponovnu upotrebu, udio recikliranih materijala, ozna\u010davanje i upravljanje ambala\u017enim otpadom.<\/p>\n<p>Najve\u0107i dio novih odredbi po\u010deo se primjenjivati\u00a012. avgusta 2026. godine.<\/p>\n<h4>Bh. kompanije nemaju izuzetak<\/h4>\n<p>Potpredsjednik Vanjskotrgovinske komore BiH Zdravko Marinkovi\u0107 upozorava da evropska pravila jednako va\u017ee za doma\u0107e kompanije koje robu izvoze u EU.<\/p>\n<p>\u201eUredba ne pravi razliku izme\u0111u evropskih kompanija i kompanija koje isporu\u010duju robu na evropsko tr\u017ei\u0161te. Dakle, poga\u0111at \u0107e na identi\u010dan na\u010din i na\u0161e kompanije\u201c, kazao je Marinkovi\u0107.<\/p>\n<p>Najve\u0107i udar o\u010dekuje kompanije koje koriste velike koli\u010dine ambala\u017ee, prije svega prehrambenu, hemijsku i industriju pi\u0107a, ali i proizvo\u0111a\u010de ambala\u017ee od plastike, papira, stakla i drugih materijala.<\/p>\n<p>Za izvoznike \u0107e posebno va\u017eni biti\u00a0dokazivanje karakteristika ambala\u017ee, dokumentacija i njena sljedivost.<\/p>\n<p>Ukoliko doma\u0107i proizvo\u0111a\u010di ambala\u017ee ne budu mogli obezbijediti dokumentaciju potrebnu za evropsko tr\u017ei\u0161te, bh. izvoznici mogli bi biti primorani da ambala\u017eu nabavljaju iz drugih zemalja. To bi dodatno pove\u0107alo tro\u0161kove proizvodnje i izvoza.<\/p>\n<p>\u201eNemamo mnogo vremena. Kompanije moraju same raditi na unapre\u0111enju svojih politika, ali bi i dr\u017eava morala povu\u0107i ozbiljnije poteze\u201c, upozorio je Marinkovi\u0107.<\/p>\n<h4>Nove obaveze donose i dodatne tro\u0161kove<\/h4>\n<p>Federalno ministarstvo okoli\u0161a i turizma navodi da sistem u Federaciji BiH ve\u0107 prati dio osnovnih principa evropske politike upravljanja ambala\u017enim otpadom, ali da jo\u0161 nije u potpunosti uskla\u0111en s novom uredbom.<\/p>\n<p>Zbog toga je pripremljen Prednacrt novog zakona o upravljanju otpadom, koji predvi\u0111a nova pravila u oblasti prevencije nastanka otpada, ponovne upotrebe, dizajna ambala\u017ee pogodne za recikla\u017eu, udjela recikliranih materijala i ozna\u010davanja.<\/p>\n<p>Promjene se odnose i na plasti\u010dne kese. Za kese debljine do 15 mikrometara predvi\u0111ena je naknada, dok bi kese debljine od 16 do 50 mikrometara bile zabranjene. One deblje od 50 mikrometara ostale bi dozvoljene pod propisanim uslovima.<\/p>\n<p>Razmatra se i mogu\u0107nost uvo\u0111enja\u00a0depozitnog sistema\u00a0za odre\u0111ene vrste ambala\u017ee.<\/p>\n<p>Jedan od ciljeva EU jeste da se do 2029. godine odvojeno prikuplja najmanje 90 odsto jednokratnih plasti\u010dnih boca i metalnih spremnika za napitke zapremine do tri litra.<\/p>\n<h4>BiH kasni za evropskim standardima<\/h4>\n<p>Najve\u0107i problem za BiH ostaju nedovoljno razvijeni sistemi odvojenog prikupljanja otpada, slaba infrastruktura, ograni\u010deni kapaciteti za recikla\u017eu i nedovoljna kontrola provo\u0111enja postoje\u0107ih propisa.<\/p>\n<p>Iz Ekopaka upozoravaju da \u0107e prilago\u0111avanje novim pravilima kompanijama donijeti dodatne tro\u0161kove, ali isti\u010du da bez tih promjena bh. izvoznici te\u0161ko mogu ostati konkurentni na tr\u017ei\u0161tu EU.<\/p>\n<p>BiH ve\u0107 raspola\u017ee odre\u0111enim kapacitetima za preradu ambala\u017enog otpada, uklju\u010duju\u0107i recikla\u017eu PET boca i plasti\u010dnih folija, ali ti kapaciteti nisu dovoljni za potpun prelazak na model cirkularne ekonomije.<\/p>\n<p>Za doma\u0107e izvoznike poruka je jasna: evropski standardi vi\u0161e nisu ne\u0161to \u0161to \u0107e BiH morati ispuniti tek kada postane \u010dlanica EU. Kompanije koje \u017eele prodavati svoju robu u Evropskoj uniji morat \u0107e ih ispunjavati ve\u0107 sada, pi\u0161e <a href=\"https:\/\/6yka.com\/bih\/nova-pravila-eu-stizu-i-u-bih-izvoznici-ce-morati-mijenjati-ambalazu-ili-rizikuju-gubitak-evropskog-trzista\/\">BUKA.<\/a><\/p>\n","protected":false},"excerpt":{"rendered":"<p>Nova pravila Evropske unije o ambala\u017ei i ambala\u017enom otpadu ve\u0107 direktno uti\u010du na kompanije iz Bosne i Hercegovine koje svoje proizvode plasiraju na evropsko tr\u017ei\u0161te. Iako BiH nije \u010dlanica EU, doma\u0107i proizvo\u0111a\u010di i izvoznici morat \u0107e ispuniti evropske standarde ako \u017eele zadr\u017eati pristup tr\u017ei\u0161tu Evropske unije. Uredba EU 2025\/40 obuhvata prakti\u010dno sve vrste ambala\u017ee, bez [&hellip;]<\/p>\n","protected":false},"author":3,"featured_media":147260,"comment_status":"closed","ping_status":"closed","sticky":false,"template":"","format":"standard","meta":{"_acf_changed":false,"footnotes":""},"categories":[13],"tags":[],"class_list":["post-196409","post","type-post","status-publish","format-standard","has-post-thumbnail","category-bosna-i-hercegovina"],"acf":[],"yoast_head":"<!-- This site is optimized with the Yoast SEO Premium plugin v28.3 (Yoast SEO v28.3) - https:\/\/yoast.com\/product\/yoast-seo-premium-wordpress\/ -->\n<title>Nova pravila EU sti\u017eu i u BiH: Izvoznici \u0107e morati mijenjati ambala\u017eu ili rizikuju gubitak evropskog tr\u017ei\u0161ta<\/title>\n<meta name=\"description\" content=\"Nova pravila Evropske unije o ambala\u017ei i ambala\u017enom otpadu ve\u0107 direktno uti\u010du na kompanije iz Bosne i Hercegovine koje svoje proizvode plasiraju na\" \/>\n<meta name=\"robots\" content=\"index, follow, max-snippet:-1, max-image-preview:large, max-video-preview:-1\" \/>\n<link rel=\"canonical\" href=\"https:\/\/zosradio.ba\/index.php\/2026\/08\/30\/nova-pravila-eu-stizu-i-u-bih-izvoznici-ce-morati-mijenjati-ambalazu-ili-rizikuju-gubitak-evropskog-trzista\/\" \/>\n<meta property=\"og:locale\" content=\"bs_BA\" \/>\n<meta property=\"og:type\" content=\"article\" \/>\n<meta property=\"og:title\" content=\"Nova pravila EU sti\u017eu i u BiH: Izvoznici \u0107e morati mijenjati ambala\u017eu ili rizikuju gubitak evropskog tr\u017ei\u0161ta\" \/>\n<meta property=\"og:description\" content=\"Nova pravila Evropske unije o ambala\u017ei i ambala\u017enom otpadu ve\u0107 direktno uti\u010du na kompanije iz Bosne i Hercegovine koje svoje proizvode plasiraju na\" \/>\n<meta property=\"og:url\" content=\"https:\/\/zosradio.ba\/index.php\/2026\/08\/30\/nova-pravila-eu-stizu-i-u-bih-izvoznici-ce-morati-mijenjati-ambalazu-ili-rizikuju-gubitak-evropskog-trzista\/\" \/>\n<meta property=\"og:site_name\" content=\"ZOS radio\" \/>\n<meta property=\"article:publisher\" content=\"https:\/\/www.facebook.com\/zosradio\" \/>\n<meta property=\"article:published_time\" content=\"2026-08-30T06:47:55+00:00\" \/>\n<meta property=\"og:image\" content=\"https:\/\/zosradio.ba\/wp-content\/uploads\/2023\/11\/20231114192054_799978.jpg\" \/>\n\t<meta property=\"og:image:width\" content=\"1200\" \/>\n\t<meta property=\"og:image:height\" content=\"800\" \/>\n\t<meta property=\"og:image:type\" content=\"image\/jpeg\" \/>\n<meta name=\"author\" content=\"Redakcija\" \/>\n<meta name=\"twitter:card\" content=\"summary_large_image\" \/>\n<meta name=\"twitter:label1\" content=\"Written by\" \/>\n\t<meta name=\"twitter:data1\" content=\"Redakcija\" \/>\n\t<meta name=\"twitter:label2\" content=\"Est. reading time\" \/>\n\t<meta name=\"twitter:data2\" content=\"3 minute\" \/>\n<script type=\"application\/ld+json\" class=\"yoast-schema-graph\">{\"@context\":\"https:\\\/\\\/schema.org\",\"@graph\":[{\"@type\":\"Article\",\"@id\":\"https:\\\/\\\/zosradio.ba\\\/index.php\\\/2026\\\/08\\\/30\\\/nova-pravila-eu-stizu-i-u-bih-izvoznici-ce-morati-mijenjati-ambalazu-ili-rizikuju-gubitak-evropskog-trzista\\\/#article\",\"isPartOf\":{\"@id\":\"https:\\\/\\\/zosradio.ba\\\/index.php\\\/2026\\\/08\\\/30\\\/nova-pravila-eu-stizu-i-u-bih-izvoznici-ce-morati-mijenjati-ambalazu-ili-rizikuju-gubitak-evropskog-trzista\\\/\"},\"author\":{\"name\":\"Redakcija\",\"@id\":\"https:\\\/\\\/zosradio.ba\\\/#\\\/schema\\\/person\\\/969b476cc96d10b46964da86b3987f7e\"},\"headline\":\"Nova pravila EU sti\u017eu i u BiH: Izvoznici \u0107e morati mijenjati ambala\u017eu ili rizikuju gubitak evropskog tr\u017ei\u0161ta\",\"datePublished\":\"2026-08-30T06:47:55+00:00\",\"mainEntityOfPage\":{\"@id\":\"https:\\\/\\\/zosradio.ba\\\/index.php\\\/2026\\\/08\\\/30\\\/nova-pravila-eu-stizu-i-u-bih-izvoznici-ce-morati-mijenjati-ambalazu-ili-rizikuju-gubitak-evropskog-trzista\\\/\"},\"wordCount\":608,\"image\":{\"@id\":\"https:\\\/\\\/zosradio.ba\\\/index.php\\\/2026\\\/08\\\/30\\\/nova-pravila-eu-stizu-i-u-bih-izvoznici-ce-morati-mijenjati-ambalazu-ili-rizikuju-gubitak-evropskog-trzista\\\/#primaryimage\"},\"thumbnailUrl\":\"https:\\\/\\\/zosradio.ba\\\/wp-content\\\/uploads\\\/2023\\\/11\\\/20231114192054_799978.jpg\",\"articleSection\":[\"Bosna i Hercegovina\"],\"inLanguage\":\"bs-BA\"},{\"@type\":\"WebPage\",\"@id\":\"https:\\\/\\\/zosradio.ba\\\/index.php\\\/2026\\\/08\\\/30\\\/nova-pravila-eu-stizu-i-u-bih-izvoznici-ce-morati-mijenjati-ambalazu-ili-rizikuju-gubitak-evropskog-trzista\\\/\",\"url\":\"https:\\\/\\\/zosradio.ba\\\/index.php\\\/2026\\\/08\\\/30\\\/nova-pravila-eu-stizu-i-u-bih-izvoznici-ce-morati-mijenjati-ambalazu-ili-rizikuju-gubitak-evropskog-trzista\\\/\",\"name\":\"Nova pravila EU sti\u017eu i u BiH: Izvoznici \u0107e morati mijenjati ambala\u017eu ili rizikuju gubitak evropskog tr\u017ei\u0161ta\",\"isPartOf\":{\"@id\":\"https:\\\/\\\/zosradio.ba\\\/#website\"},\"primaryImageOfPage\":{\"@id\":\"https:\\\/\\\/zosradio.ba\\\/index.php\\\/2026\\\/08\\\/30\\\/nova-pravila-eu-stizu-i-u-bih-izvoznici-ce-morati-mijenjati-ambalazu-ili-rizikuju-gubitak-evropskog-trzista\\\/#primaryimage\"},\"image\":{\"@id\":\"https:\\\/\\\/zosradio.ba\\\/index.php\\\/2026\\\/08\\\/30\\\/nova-pravila-eu-stizu-i-u-bih-izvoznici-ce-morati-mijenjati-ambalazu-ili-rizikuju-gubitak-evropskog-trzista\\\/#primaryimage\"},\"thumbnailUrl\":\"https:\\\/\\\/zosradio.ba\\\/wp-content\\\/uploads\\\/2023\\\/11\\\/20231114192054_799978.jpg\",\"datePublished\":\"2026-08-30T06:47:55+00:00\",\"author\":{\"@id\":\"https:\\\/\\\/zosradio.ba\\\/#\\\/schema\\\/person\\\/969b476cc96d10b46964da86b3987f7e\"},\"description\":\"Nova pravila Evropske unije o ambala\u017ei i ambala\u017enom otpadu ve\u0107 direktno uti\u010du na kompanije iz Bosne i Hercegovine koje svoje proizvode plasiraju na\",\"breadcrumb\":{\"@id\":\"https:\\\/\\\/zosradio.ba\\\/index.php\\\/2026\\\/08\\\/30\\\/nova-pravila-eu-stizu-i-u-bih-izvoznici-ce-morati-mijenjati-ambalazu-ili-rizikuju-gubitak-evropskog-trzista\\\/#breadcrumb\"},\"inLanguage\":\"bs-BA\",\"potentialAction\":[{\"@type\":\"ReadAction\",\"target\":[\"https:\\\/\\\/zosradio.ba\\\/index.php\\\/2026\\\/08\\\/30\\\/nova-pravila-eu-stizu-i-u-bih-izvoznici-ce-morati-mijenjati-ambalazu-ili-rizikuju-gubitak-evropskog-trzista\\\/\"]}]},{\"@type\":\"ImageObject\",\"inLanguage\":\"bs-BA\",\"@id\":\"https:\\\/\\\/zosradio.ba\\\/index.php\\\/2026\\\/08\\\/30\\\/nova-pravila-eu-stizu-i-u-bih-izvoznici-ce-morati-mijenjati-ambalazu-ili-rizikuju-gubitak-evropskog-trzista\\\/#primaryimage\",\"url\":\"https:\\\/\\\/zosradio.ba\\\/wp-content\\\/uploads\\\/2023\\\/11\\\/20231114192054_799978.jpg\",\"contentUrl\":\"https:\\\/\\\/zosradio.ba\\\/wp-content\\\/uploads\\\/2023\\\/11\\\/20231114192054_799978.jpg\",\"width\":1200,\"height\":800,\"caption\":\"Foto: N.N.\"},{\"@type\":\"BreadcrumbList\",\"@id\":\"https:\\\/\\\/zosradio.ba\\\/index.php\\\/2026\\\/08\\\/30\\\/nova-pravila-eu-stizu-i-u-bih-izvoznici-ce-morati-mijenjati-ambalazu-ili-rizikuju-gubitak-evropskog-trzista\\\/#breadcrumb\",\"itemListElement\":[{\"@type\":\"ListItem\",\"position\":1,\"name\":\"Home\",\"item\":\"https:\\\/\\\/zosradio.ba\\\/\"},{\"@type\":\"ListItem\",\"position\":2,\"name\":\"Nova pravila EU sti\u017eu i u BiH: Izvoznici \u0107e morati mijenjati ambala\u017eu ili rizikuju gubitak evropskog tr\u017ei\u0161ta\"}]},{\"@type\":\"WebSite\",\"@id\":\"https:\\\/\\\/zosradio.ba\\\/#website\",\"url\":\"https:\\\/\\\/zosradio.ba\\\/\",\"name\":\"ZOS radio\",\"description\":\"Mjesto provjerenih informacija\",\"potentialAction\":[{\"@type\":\"SearchAction\",\"target\":{\"@type\":\"EntryPoint\",\"urlTemplate\":\"https:\\\/\\\/zosradio.ba\\\/?s={search_term_string}\"},\"query-input\":{\"@type\":\"PropertyValueSpecification\",\"valueRequired\":true,\"valueName\":\"search_term_string\"}}],\"inLanguage\":\"bs-BA\"},{\"@type\":\"Person\",\"@id\":\"https:\\\/\\\/zosradio.ba\\\/#\\\/schema\\\/person\\\/969b476cc96d10b46964da86b3987f7e\",\"name\":\"Redakcija\",\"image\":{\"@type\":\"ImageObject\",\"inLanguage\":\"bs-BA\",\"@id\":\"https:\\\/\\\/secure.gravatar.com\\\/avatar\\\/b6dcae4aefbd26fbbf5cd5f24d98b246488432fc47a791123ad8639c99f9a13a?s=96&d=mm&r=g\",\"url\":\"https:\\\/\\\/secure.gravatar.com\\\/avatar\\\/b6dcae4aefbd26fbbf5cd5f24d98b246488432fc47a791123ad8639c99f9a13a?s=96&d=mm&r=g\",\"contentUrl\":\"https:\\\/\\\/secure.gravatar.com\\\/avatar\\\/b6dcae4aefbd26fbbf5cd5f24d98b246488432fc47a791123ad8639c99f9a13a?s=96&d=mm&r=g\",\"caption\":\"Redakcija\"},\"url\":\"https:\\\/\\\/zosradio.ba\\\/index.php\\\/author\\\/rifavhotmail-com\\\/\"}]}<\/script>\n<!-- \/ Yoast SEO Premium plugin. -->","yoast_head_json":{"title":"Nova pravila EU sti\u017eu i u BiH: Izvoznici \u0107e morati mijenjati ambala\u017eu ili rizikuju gubitak evropskog tr\u017ei\u0161ta","description":"Nova pravila Evropske unije o ambala\u017ei i ambala\u017enom otpadu ve\u0107 direktno uti\u010du na kompanije iz Bosne i Hercegovine koje svoje proizvode plasiraju na","robots":{"index":"index","follow":"follow","max-snippet":"max-snippet:-1","max-image-preview":"max-image-preview:large","max-video-preview":"max-video-preview:-1"},"canonical":"https:\/\/zosradio.ba\/index.php\/2026\/08\/30\/nova-pravila-eu-stizu-i-u-bih-izvoznici-ce-morati-mijenjati-ambalazu-ili-rizikuju-gubitak-evropskog-trzista\/","og_locale":"bs_BA","og_type":"article","og_title":"Nova pravila EU sti\u017eu i u BiH: Izvoznici \u0107e morati mijenjati ambala\u017eu ili rizikuju gubitak evropskog tr\u017ei\u0161ta","og_description":"Nova pravila Evropske unije o ambala\u017ei i ambala\u017enom otpadu ve\u0107 direktno uti\u010du na kompanije iz Bosne i Hercegovine koje svoje proizvode plasiraju na","og_url":"https:\/\/zosradio.ba\/index.php\/2026\/08\/30\/nova-pravila-eu-stizu-i-u-bih-izvoznici-ce-morati-mijenjati-ambalazu-ili-rizikuju-gubitak-evropskog-trzista\/","og_site_name":"ZOS radio","article_publisher":"https:\/\/www.facebook.com\/zosradio","article_published_time":"2026-08-30T06:47:55+00:00","og_image":[{"width":1200,"height":800,"url":"https:\/\/zosradio.ba\/wp-content\/uploads\/2023\/11\/20231114192054_799978.jpg","type":"image\/jpeg"}],"author":"Redakcija","twitter_card":"summary_large_image","twitter_misc":{"Written by":"Redakcija","Est. reading time":"3 minute"},"schema":{"@context":"https:\/\/schema.org","@graph":[{"@type":"Article","@id":"https:\/\/zosradio.ba\/index.php\/2026\/08\/30\/nova-pravila-eu-stizu-i-u-bih-izvoznici-ce-morati-mijenjati-ambalazu-ili-rizikuju-gubitak-evropskog-trzista\/#article","isPartOf":{"@id":"https:\/\/zosradio.ba\/index.php\/2026\/08\/30\/nova-pravila-eu-stizu-i-u-bih-izvoznici-ce-morati-mijenjati-ambalazu-ili-rizikuju-gubitak-evropskog-trzista\/"},"author":{"name":"Redakcija","@id":"https:\/\/zosradio.ba\/#\/schema\/person\/969b476cc96d10b46964da86b3987f7e"},"headline":"Nova pravila EU sti\u017eu i u BiH: Izvoznici \u0107e morati mijenjati ambala\u017eu ili rizikuju gubitak evropskog tr\u017ei\u0161ta","datePublished":"2026-08-30T06:47:55+00:00","mainEntityOfPage":{"@id":"https:\/\/zosradio.ba\/index.php\/2026\/08\/30\/nova-pravila-eu-stizu-i-u-bih-izvoznici-ce-morati-mijenjati-ambalazu-ili-rizikuju-gubitak-evropskog-trzista\/"},"wordCount":608,"image":{"@id":"https:\/\/zosradio.ba\/index.php\/2026\/08\/30\/nova-pravila-eu-stizu-i-u-bih-izvoznici-ce-morati-mijenjati-ambalazu-ili-rizikuju-gubitak-evropskog-trzista\/#primaryimage"},"thumbnailUrl":"https:\/\/zosradio.ba\/wp-content\/uploads\/2023\/11\/20231114192054_799978.jpg","articleSection":["Bosna i Hercegovina"],"inLanguage":"bs-BA"},{"@type":"WebPage","@id":"https:\/\/zosradio.ba\/index.php\/2026\/08\/30\/nova-pravila-eu-stizu-i-u-bih-izvoznici-ce-morati-mijenjati-ambalazu-ili-rizikuju-gubitak-evropskog-trzista\/","url":"https:\/\/zosradio.ba\/index.php\/2026\/08\/30\/nova-pravila-eu-stizu-i-u-bih-izvoznici-ce-morati-mijenjati-ambalazu-ili-rizikuju-gubitak-evropskog-trzista\/","name":"Nova pravila EU sti\u017eu i u BiH: Izvoznici \u0107e morati mijenjati ambala\u017eu ili rizikuju gubitak evropskog tr\u017ei\u0161ta","isPartOf":{"@id":"https:\/\/zosradio.ba\/#website"},"primaryImageOfPage":{"@id":"https:\/\/zosradio.ba\/index.php\/2026\/08\/30\/nova-pravila-eu-stizu-i-u-bih-izvoznici-ce-morati-mijenjati-ambalazu-ili-rizikuju-gubitak-evropskog-trzista\/#primaryimage"},"image":{"@id":"https:\/\/zosradio.ba\/index.php\/2026\/08\/30\/nova-pravila-eu-stizu-i-u-bih-izvoznici-ce-morati-mijenjati-ambalazu-ili-rizikuju-gubitak-evropskog-trzista\/#primaryimage"},"thumbnailUrl":"https:\/\/zosradio.ba\/wp-content\/uploads\/2023\/11\/20231114192054_799978.jpg","datePublished":"2026-08-30T06:47:55+00:00","author":{"@id":"https:\/\/zosradio.ba\/#\/schema\/person\/969b476cc96d10b46964da86b3987f7e"},"description":"Nova pravila Evropske unije o ambala\u017ei i ambala\u017enom otpadu ve\u0107 direktno uti\u010du na kompanije iz Bosne i Hercegovine koje svoje proizvode plasiraju na","breadcrumb":{"@id":"https:\/\/zosradio.ba\/index.php\/2026\/08\/30\/nova-pravila-eu-stizu-i-u-bih-izvoznici-ce-morati-mijenjati-ambalazu-ili-rizikuju-gubitak-evropskog-trzista\/#breadcrumb"},"inLanguage":"bs-BA","potentialAction":[{"@type":"ReadAction","target":["https:\/\/zosradio.ba\/index.php\/2026\/08\/30\/nova-pravila-eu-stizu-i-u-bih-izvoznici-ce-morati-mijenjati-ambalazu-ili-rizikuju-gubitak-evropskog-trzista\/"]}]},{"@type":"ImageObject","inLanguage":"bs-BA","@id":"https:\/\/zosradio.ba\/index.php\/2026\/08\/30\/nova-pravila-eu-stizu-i-u-bih-izvoznici-ce-morati-mijenjati-ambalazu-ili-rizikuju-gubitak-evropskog-trzista\/#primaryimage","url":"https:\/\/zosradio.ba\/wp-content\/uploads\/2023\/11\/20231114192054_799978.jpg","contentUrl":"https:\/\/zosradio.ba\/wp-content\/uploads\/2023\/11\/20231114192054_799978.jpg","width":1200,"height":800,"caption":"Foto: N.N."},{"@type":"BreadcrumbList","@id":"https:\/\/zosradio.ba\/index.php\/2026\/08\/30\/nova-pravila-eu-stizu-i-u-bih-izvoznici-ce-morati-mijenjati-ambalazu-ili-rizikuju-gubitak-evropskog-trzista\/#breadcrumb","itemListElement":[{"@type":"ListItem","position":1,"name":"Home","item":"https:\/\/zosradio.ba\/"},{"@type":"ListItem","position":2,"name":"Nova pravila EU sti\u017eu i u BiH: Izvoznici \u0107e morati mijenjati ambala\u017eu ili rizikuju gubitak evropskog tr\u017ei\u0161ta"}]},{"@type":"WebSite","@id":"https:\/\/zosradio.ba\/#website","url":"https:\/\/zosradio.ba\/","name":"ZOS radio","description":"Mjesto provjerenih informacija","potentialAction":[{"@type":"SearchAction","target":{"@type":"EntryPoint","urlTemplate":"https:\/\/zosradio.ba\/?s={search_term_string}"},"query-input":{"@type":"PropertyValueSpecification","valueRequired":true,"valueName":"search_term_string"}}],"inLanguage":"bs-BA"},{"@type":"Person","@id":"https:\/\/zosradio.ba\/#\/schema\/person\/969b476cc96d10b46964da86b3987f7e","name":"Redakcija","image":{"@type":"ImageObject","inLanguage":"bs-BA","@id":"https:\/\/secure.gravatar.com\/avatar\/b6dcae4aefbd26fbbf5cd5f24d98b246488432fc47a791123ad8639c99f9a13a?s=96&d=mm&r=g","url":"https:\/\/secure.gravatar.com\/avatar\/b6dcae4aefbd26fbbf5cd5f24d98b246488432fc47a791123ad8639c99f9a13a?s=96&d=mm&r=g","contentUrl":"https:\/\/secure.gravatar.com\/avatar\/b6dcae4aefbd26fbbf5cd5f24d98b246488432fc47a791123ad8639c99f9a13a?s=96&d=mm&r=g","caption":"Redakcija"},"url":"https:\/\/zosradio.ba\/index.php\/author\/rifavhotmail-com\/"}]}},"_links":{"self":[{"href":"https:\/\/zosradio.ba\/index.php\/wp-json\/wp\/v2\/posts\/196409","targetHints":{"allow":["GET"]}}],"collection":[{"href":"https:\/\/zosradio.ba\/index.php\/wp-json\/wp\/v2\/posts"}],"about":[{"href":"https:\/\/zosradio.ba\/index.php\/wp-json\/wp\/v2\/types\/post"}],"author":[{"embeddable":true,"href":"https:\/\/zosradio.ba\/index.php\/wp-json\/wp\/v2\/users\/3"}],"replies":[{"embeddable":true,"href":"https:\/\/zosradio.ba\/index.php\/wp-json\/wp\/v2\/comments?post=196409"}],"version-history":[{"count":1,"href":"https:\/\/zosradio.ba\/index.php\/wp-json\/wp\/v2\/posts\/196409\/revisions"}],"predecessor-version":[{"id":196410,"href":"https:\/\/zosradio.ba\/index.php\/wp-json\/wp\/v2\/posts\/196409\/revisions\/196410"}],"wp:featuredmedia":[{"embeddable":true,"href":"https:\/\/zosradio.ba\/index.php\/wp-json\/wp\/v2\/media\/147260"}],"wp:attachment":[{"href":"https:\/\/zosradio.ba\/index.php\/wp-json\/wp\/v2\/media?parent=196409"}],"wp:term":[{"taxonomy":"category","embeddable":true,"href":"https:\/\/zosradio.ba\/index.php\/wp-json\/wp\/v2\/categories?post=196409"},{"taxonomy":"post_tag","embeddable":true,"href":"https:\/\/zosradio.ba\/index.php\/wp-json\/wp\/v2\/tags?post=196409"}],"curies":[{"name":"wp","href":"https:\/\/api.w.org\/{rel}","templated":true}]}}