{"id":196430,"date":"2026-09-05T07:24:51","date_gmt":"2026-09-05T05:24:51","guid":{"rendered":"https:\/\/zosradio.ba\/?p=196430"},"modified":"2026-09-05T07:24:51","modified_gmt":"2026-09-05T05:24:51","slug":"opsezna-studija-povezala-vrijeme-dorucka-s-duzinom-zivota","status":"publish","type":"post","link":"https:\/\/zosradio.ba\/index.php\/2026\/09\/05\/opsezna-studija-povezala-vrijeme-dorucka-s-duzinom-zivota\/","title":{"rendered":"Opse\u017ena studija povezala vrijeme doru\u010dka s du\u017einom \u017eivota"},"content":{"rendered":"<p><strong>Ljudi koji su prvi obrok jeli poslije podneva imali su, u odnosu na one koji su jeli izme\u0111u sedam i osam ujutro, 46 posto ve\u0107i rizik od smrti od bolesti srca i krvnih sudova.<\/strong><\/p>\n<p>Rizik od smrti iz bilo kojeg uzroka bio je ve\u0107i 29 posto. Autori istra\u017eivanja, me\u0111utim, izri\u010dito upozoravaju da to ne zna\u010di da kasniji doru\u010dak skra\u0107uje \u017eivot.<\/p>\n<p>Istra\u017eivanje je objavljeno u European Journal of Clinical Nutrition.<\/p>\n<p>Analizirani su podaci 31.044 osobe starije od \u010detrdeset godina, prikupljeni u Sjedinjenim Dr\u017eavama izme\u0111u 1999. i 2018.<\/p>\n<p>Ispitanici su navodili sve \u0161to su pojeli i popili u prethodna 24 sata, uz vrijeme svakog obroka. Ti podaci su zatim povezani s evidencijom smrtnih slu\u010dajeva do kraja 2019.<\/p>\n<p>Tokom pra\u0107enja, koje je u prosjeku trajalo 8,6 godina, umrlo je 7.129 ispitanika, od toga 2.259 od bolesti srca.<\/p>\n<h4>Rizik raste sa svakim satom<\/h4>\n<p>Obrazac se pojavio kako se vrijeme prvog obroka pomjeralo kasnije.<\/p>\n<p>U odnosu na one koji su jeli izme\u0111u sedam i osam ujutro, kod onih koji su jeli izme\u0111u osam i deset rizik od smrti bio je ve\u0107i deset posto.<\/p>\n<p>Kod onih koji su jeli izme\u0111u deset i podneva razlika je bila devetnaest posto, a kod onih poslije podneva dvadeset devet posto.<\/p>\n<p>Za osobu od pedeset godina, procjena je bila da skupina koja jede kasnije ima u prosjeku 2,46 godina kra\u0107i o\u010dekivani \u017eivotni vijek.<\/p>\n<h4>Posljednji obrok ne prati istu logiku<\/h4>\n<p>Kod posljednjeg obroka rezultat je bio druga\u010diji od o\u010dekivanog.<\/p>\n<p>Rizik nije rastao sa svakim kasnijim satom, nego je bio najni\u017ei negdje u sredini.<\/p>\n<p>U odnosu na one koji su zavr\u0161avali izme\u0111u sedam i osam nave\u010der, oni koji su jeli prije sedam imali su trinaest posto ve\u0107i rizik, a oni koji su jeli poslije pono\u0107i dvadeset sedam posto ve\u0107i.<\/p>\n<p>Najni\u017ei procijenjeni rizik bio je oko osam nave\u010der.<\/p>\n<p>Autor istra\u017eivanja Zhilei Shan izri\u010dito napominje da to ne zna\u010di da je vrijeme izme\u0111u sedam i osam nave\u010der najbolje za svakoga.<\/p>\n<p>Vrlo rani posljednji obrok, obja\u0161njava, mo\u017ee odra\u017eavati raspored obaveza, bolest ili manji unos hrane, a ne sam sat.<\/p>\n<h4>Za\u0161to brojke ne zna\u010de ono \u0161to izgleda<\/h4>\n<p>Ovdje je dio bez kojeg su gornji podaci pogre\u0161no shva\u0107eni.<\/p>\n<p>Rije\u010d je o povezanosti, a ne o dokazu da promjena sata mijenja i\u0161ta.<\/p>\n<p>Jednako je mogu\u0107e i obrnuto obja\u0161njenje. Kasnije jedenje mo\u017ee biti\u00a0posljedica\u00a0lo\u0161ijeg zdravlja, lo\u0161ijeg sna, rada u smjenama ili \u017eivotnih okolnosti, a ne uzrok.<\/p>\n<p>Sami podaci to potkrepljuju. Oni koji su jeli ranije bili su u prosjeku stariji, jeli su rje\u0111e i imali vi\u0161e postoje\u0107ih oboljenja. Ranije istra\u017eivanje na starijim osobama pokazalo je i da se doru\u010dak pomjerao kasnije kako su se zdravstveni problemi nakupljali.<\/p>\n<p>Uz to, vrijeme obroka je uglavnom zabilje\u017eeno jednim jedinim prisje\u0107anjem na prethodna 24 sata, \u0161to ne mora odra\u017eavati navike kroz godine.<\/p>\n<p>&#8220;Kasnije jedenje treba tuma\u010diti kao mogu\u0107i pokazatelj rizika, a ne kao dokaz izravnog uzro\u010dnog djelovanja&#8221;, navodi Shan.<\/p>\n<h4>\u0160ta bi mogao biti mehanizam<\/h4>\n<p>Obja\u0161njenje koje se razmatra ti\u010de se unutra\u0161njeg ritma.<\/p>\n<p>Vrijeme obroka je jedan od signala kojima tijelo uskla\u0111uje svoj dnevni ritam, i to ne samo u mozgu nego i u organima.<\/p>\n<p>Prema Shanovim rije\u010dima, kasniji prvi obrok ili jedenje kasno u no\u0107 mogu poremetiti to uskla\u0111ivanje, a time i obradu masti i \u0161e\u0107era.<\/p>\n<p>Istra\u017eivanja na \u017eivotinjama upu\u0107uju na mogu\u0107e puteve, me\u0111u njima nakupljanje masti u jetri i promijenjenu apsorpciju masti. Da li ta obja\u0161njenja vrijede i za ljude, nije poznato.<\/p>\n<h4>\u0160ta autori izri\u010dito poru\u010duju<\/h4>\n<p>Zaklju\u010dak koji sami navode je jednozna\u010dan.<\/p>\n<p>&#8220;Na osnovu samo ovih nalaza ljudi ne bi trebali praviti krajnje izmjene u svom rasporedu ishrane&#8221;, rekao je Shan.<\/p>\n<p>Nalaz se ne odnosi ni na du\u017einu prozora u kojem se jede. Kada se uzme u obzir vrijeme prvog obroka, sama du\u017eina tog prozora nije pokazala dosljednu povezanost sa smrtno\u0161\u0107u.<\/p>\n<p>To zna\u010di da brojanje sati posta, koje je posljednjih godina postalo popularno, mo\u017eda proma\u0161uje dio slike.<\/p>\n<p>Ako imate dijabetes, radite u smjenama ili vam je ljekar propisao odre\u0111eni raspored obroka, dr\u017eite se njegove preporuke, pi\u0161e <a href=\"https:\/\/n1info.ba\/zdravlje\/opsezna-studija-povezala-vrijeme-dorucka-s-duzinom-zivota\/\">N1 BiH.<\/a><\/p>\n","protected":false},"excerpt":{"rendered":"<p>Ljudi koji su prvi obrok jeli poslije podneva imali su, u odnosu na one koji su jeli izme\u0111u sedam i osam ujutro, 46 posto ve\u0107i rizik od smrti od bolesti srca i krvnih sudova. Rizik od smrti iz bilo kojeg uzroka bio je ve\u0107i 29 posto. Autori istra\u017eivanja, me\u0111utim, izri\u010dito upozoravaju da to ne zna\u010di [&hellip;]<\/p>\n","protected":false},"author":3,"featured_media":171736,"comment_status":"closed","ping_status":"closed","sticky":false,"template":"","format":"standard","meta":{"_acf_changed":false,"footnotes":""},"categories":[86],"tags":[125],"class_list":["post-196430","post","type-post","status-publish","format-standard","has-post-thumbnail","category-magazin","tag-zdravlje"],"acf":[],"yoast_head":"<!-- This site is optimized with the Yoast SEO Premium plugin v28.3 (Yoast SEO v28.3) - https:\/\/yoast.com\/product\/yoast-seo-premium-wordpress\/ -->\n<title>Opse\u017ena studija povezala vrijeme doru\u010dka s du\u017einom \u017eivota<\/title>\n<meta name=\"description\" content=\"Ljudi koji su prvi obrok jeli poslije podneva imali su, u odnosu na one koji su jeli izme\u0111u sedam i osam ujutro, 46 posto ve\u0107i rizik od smrti od bolesti\" \/>\n<meta name=\"robots\" content=\"index, follow, max-snippet:-1, max-image-preview:large, max-video-preview:-1\" \/>\n<link rel=\"canonical\" href=\"https:\/\/zosradio.ba\/index.php\/2026\/09\/05\/opsezna-studija-povezala-vrijeme-dorucka-s-duzinom-zivota\/\" \/>\n<meta property=\"og:locale\" content=\"bs_BA\" \/>\n<meta property=\"og:type\" content=\"article\" \/>\n<meta property=\"og:title\" content=\"Opse\u017ena studija povezala vrijeme doru\u010dka s du\u017einom \u017eivota\" \/>\n<meta property=\"og:description\" content=\"Ljudi koji su prvi obrok jeli poslije podneva imali su, u odnosu na one koji su jeli izme\u0111u sedam i osam ujutro, 46 posto ve\u0107i rizik od smrti od bolesti\" \/>\n<meta property=\"og:url\" content=\"https:\/\/zosradio.ba\/index.php\/2026\/09\/05\/opsezna-studija-povezala-vrijeme-dorucka-s-duzinom-zivota\/\" \/>\n<meta property=\"og:site_name\" content=\"ZOS radio\" \/>\n<meta property=\"article:publisher\" content=\"https:\/\/www.facebook.com\/zosradio\" \/>\n<meta property=\"article:published_time\" content=\"2026-09-05T05:24:51+00:00\" \/>\n<meta property=\"og:image\" content=\"https:\/\/zosradio.ba\/wp-content\/uploads\/2025\/03\/food-2569257_1280.jpg\" \/>\n\t<meta property=\"og:image:width\" content=\"1280\" \/>\n\t<meta property=\"og:image:height\" content=\"853\" \/>\n\t<meta property=\"og:image:type\" content=\"image\/jpeg\" \/>\n<meta name=\"author\" content=\"Redakcija\" \/>\n<meta name=\"twitter:card\" content=\"summary_large_image\" \/>\n<meta name=\"twitter:label1\" content=\"Written by\" \/>\n\t<meta name=\"twitter:data1\" content=\"Redakcija\" \/>\n\t<meta name=\"twitter:label2\" content=\"Est. reading time\" \/>\n\t<meta name=\"twitter:data2\" content=\"4 minute\" \/>\n<script type=\"application\/ld+json\" class=\"yoast-schema-graph\">{\"@context\":\"https:\\\/\\\/schema.org\",\"@graph\":[{\"@type\":\"Article\",\"@id\":\"https:\\\/\\\/zosradio.ba\\\/index.php\\\/2026\\\/09\\\/05\\\/opsezna-studija-povezala-vrijeme-dorucka-s-duzinom-zivota\\\/#article\",\"isPartOf\":{\"@id\":\"https:\\\/\\\/zosradio.ba\\\/index.php\\\/2026\\\/09\\\/05\\\/opsezna-studija-povezala-vrijeme-dorucka-s-duzinom-zivota\\\/\"},\"author\":{\"name\":\"Redakcija\",\"@id\":\"https:\\\/\\\/zosradio.ba\\\/#\\\/schema\\\/person\\\/969b476cc96d10b46964da86b3987f7e\"},\"headline\":\"Opse\u017ena studija povezala vrijeme doru\u010dka s du\u017einom \u017eivota\",\"datePublished\":\"2026-09-05T05:24:51+00:00\",\"mainEntityOfPage\":{\"@id\":\"https:\\\/\\\/zosradio.ba\\\/index.php\\\/2026\\\/09\\\/05\\\/opsezna-studija-povezala-vrijeme-dorucka-s-duzinom-zivota\\\/\"},\"wordCount\":730,\"image\":{\"@id\":\"https:\\\/\\\/zosradio.ba\\\/index.php\\\/2026\\\/09\\\/05\\\/opsezna-studija-povezala-vrijeme-dorucka-s-duzinom-zivota\\\/#primaryimage\"},\"thumbnailUrl\":\"https:\\\/\\\/zosradio.ba\\\/wp-content\\\/uploads\\\/2025\\\/03\\\/food-2569257_1280.jpg\",\"keywords\":[\"zdravlje\"],\"articleSection\":[\"Magazin\"],\"inLanguage\":\"bs-BA\"},{\"@type\":\"WebPage\",\"@id\":\"https:\\\/\\\/zosradio.ba\\\/index.php\\\/2026\\\/09\\\/05\\\/opsezna-studija-povezala-vrijeme-dorucka-s-duzinom-zivota\\\/\",\"url\":\"https:\\\/\\\/zosradio.ba\\\/index.php\\\/2026\\\/09\\\/05\\\/opsezna-studija-povezala-vrijeme-dorucka-s-duzinom-zivota\\\/\",\"name\":\"Opse\u017ena studija povezala vrijeme doru\u010dka s du\u017einom \u017eivota\",\"isPartOf\":{\"@id\":\"https:\\\/\\\/zosradio.ba\\\/#website\"},\"primaryImageOfPage\":{\"@id\":\"https:\\\/\\\/zosradio.ba\\\/index.php\\\/2026\\\/09\\\/05\\\/opsezna-studija-povezala-vrijeme-dorucka-s-duzinom-zivota\\\/#primaryimage\"},\"image\":{\"@id\":\"https:\\\/\\\/zosradio.ba\\\/index.php\\\/2026\\\/09\\\/05\\\/opsezna-studija-povezala-vrijeme-dorucka-s-duzinom-zivota\\\/#primaryimage\"},\"thumbnailUrl\":\"https:\\\/\\\/zosradio.ba\\\/wp-content\\\/uploads\\\/2025\\\/03\\\/food-2569257_1280.jpg\",\"datePublished\":\"2026-09-05T05:24:51+00:00\",\"author\":{\"@id\":\"https:\\\/\\\/zosradio.ba\\\/#\\\/schema\\\/person\\\/969b476cc96d10b46964da86b3987f7e\"},\"description\":\"Ljudi koji su prvi obrok jeli poslije podneva imali su, u odnosu na one koji su jeli izme\u0111u sedam i osam ujutro, 46 posto ve\u0107i rizik od smrti od bolesti\",\"breadcrumb\":{\"@id\":\"https:\\\/\\\/zosradio.ba\\\/index.php\\\/2026\\\/09\\\/05\\\/opsezna-studija-povezala-vrijeme-dorucka-s-duzinom-zivota\\\/#breadcrumb\"},\"inLanguage\":\"bs-BA\",\"potentialAction\":[{\"@type\":\"ReadAction\",\"target\":[\"https:\\\/\\\/zosradio.ba\\\/index.php\\\/2026\\\/09\\\/05\\\/opsezna-studija-povezala-vrijeme-dorucka-s-duzinom-zivota\\\/\"]}]},{\"@type\":\"ImageObject\",\"inLanguage\":\"bs-BA\",\"@id\":\"https:\\\/\\\/zosradio.ba\\\/index.php\\\/2026\\\/09\\\/05\\\/opsezna-studija-povezala-vrijeme-dorucka-s-duzinom-zivota\\\/#primaryimage\",\"url\":\"https:\\\/\\\/zosradio.ba\\\/wp-content\\\/uploads\\\/2025\\\/03\\\/food-2569257_1280.jpg\",\"contentUrl\":\"https:\\\/\\\/zosradio.ba\\\/wp-content\\\/uploads\\\/2025\\\/03\\\/food-2569257_1280.jpg\",\"width\":1280,\"height\":853,\"caption\":\"Ilustracija (Foto: Pixabay)\"},{\"@type\":\"BreadcrumbList\",\"@id\":\"https:\\\/\\\/zosradio.ba\\\/index.php\\\/2026\\\/09\\\/05\\\/opsezna-studija-povezala-vrijeme-dorucka-s-duzinom-zivota\\\/#breadcrumb\",\"itemListElement\":[{\"@type\":\"ListItem\",\"position\":1,\"name\":\"Home\",\"item\":\"https:\\\/\\\/zosradio.ba\\\/\"},{\"@type\":\"ListItem\",\"position\":2,\"name\":\"Opse\u017ena studija povezala vrijeme doru\u010dka s du\u017einom \u017eivota\"}]},{\"@type\":\"WebSite\",\"@id\":\"https:\\\/\\\/zosradio.ba\\\/#website\",\"url\":\"https:\\\/\\\/zosradio.ba\\\/\",\"name\":\"ZOS radio\",\"description\":\"Mjesto provjerenih informacija\",\"potentialAction\":[{\"@type\":\"SearchAction\",\"target\":{\"@type\":\"EntryPoint\",\"urlTemplate\":\"https:\\\/\\\/zosradio.ba\\\/?s={search_term_string}\"},\"query-input\":{\"@type\":\"PropertyValueSpecification\",\"valueRequired\":true,\"valueName\":\"search_term_string\"}}],\"inLanguage\":\"bs-BA\"},{\"@type\":\"Person\",\"@id\":\"https:\\\/\\\/zosradio.ba\\\/#\\\/schema\\\/person\\\/969b476cc96d10b46964da86b3987f7e\",\"name\":\"Redakcija\",\"image\":{\"@type\":\"ImageObject\",\"inLanguage\":\"bs-BA\",\"@id\":\"https:\\\/\\\/secure.gravatar.com\\\/avatar\\\/b6dcae4aefbd26fbbf5cd5f24d98b246488432fc47a791123ad8639c99f9a13a?s=96&d=mm&r=g\",\"url\":\"https:\\\/\\\/secure.gravatar.com\\\/avatar\\\/b6dcae4aefbd26fbbf5cd5f24d98b246488432fc47a791123ad8639c99f9a13a?s=96&d=mm&r=g\",\"contentUrl\":\"https:\\\/\\\/secure.gravatar.com\\\/avatar\\\/b6dcae4aefbd26fbbf5cd5f24d98b246488432fc47a791123ad8639c99f9a13a?s=96&d=mm&r=g\",\"caption\":\"Redakcija\"},\"url\":\"https:\\\/\\\/zosradio.ba\\\/index.php\\\/author\\\/rifavhotmail-com\\\/\"}]}<\/script>\n<!-- \/ Yoast SEO Premium plugin. -->","yoast_head_json":{"title":"Opse\u017ena studija povezala vrijeme doru\u010dka s du\u017einom \u017eivota","description":"Ljudi koji su prvi obrok jeli poslije podneva imali su, u odnosu na one koji su jeli izme\u0111u sedam i osam ujutro, 46 posto ve\u0107i rizik od smrti od bolesti","robots":{"index":"index","follow":"follow","max-snippet":"max-snippet:-1","max-image-preview":"max-image-preview:large","max-video-preview":"max-video-preview:-1"},"canonical":"https:\/\/zosradio.ba\/index.php\/2026\/09\/05\/opsezna-studija-povezala-vrijeme-dorucka-s-duzinom-zivota\/","og_locale":"bs_BA","og_type":"article","og_title":"Opse\u017ena studija povezala vrijeme doru\u010dka s du\u017einom \u017eivota","og_description":"Ljudi koji su prvi obrok jeli poslije podneva imali su, u odnosu na one koji su jeli izme\u0111u sedam i osam ujutro, 46 posto ve\u0107i rizik od smrti od bolesti","og_url":"https:\/\/zosradio.ba\/index.php\/2026\/09\/05\/opsezna-studija-povezala-vrijeme-dorucka-s-duzinom-zivota\/","og_site_name":"ZOS radio","article_publisher":"https:\/\/www.facebook.com\/zosradio","article_published_time":"2026-09-05T05:24:51+00:00","og_image":[{"width":1280,"height":853,"url":"https:\/\/zosradio.ba\/wp-content\/uploads\/2025\/03\/food-2569257_1280.jpg","type":"image\/jpeg"}],"author":"Redakcija","twitter_card":"summary_large_image","twitter_misc":{"Written by":"Redakcija","Est. reading time":"4 minute"},"schema":{"@context":"https:\/\/schema.org","@graph":[{"@type":"Article","@id":"https:\/\/zosradio.ba\/index.php\/2026\/09\/05\/opsezna-studija-povezala-vrijeme-dorucka-s-duzinom-zivota\/#article","isPartOf":{"@id":"https:\/\/zosradio.ba\/index.php\/2026\/09\/05\/opsezna-studija-povezala-vrijeme-dorucka-s-duzinom-zivota\/"},"author":{"name":"Redakcija","@id":"https:\/\/zosradio.ba\/#\/schema\/person\/969b476cc96d10b46964da86b3987f7e"},"headline":"Opse\u017ena studija povezala vrijeme doru\u010dka s du\u017einom \u017eivota","datePublished":"2026-09-05T05:24:51+00:00","mainEntityOfPage":{"@id":"https:\/\/zosradio.ba\/index.php\/2026\/09\/05\/opsezna-studija-povezala-vrijeme-dorucka-s-duzinom-zivota\/"},"wordCount":730,"image":{"@id":"https:\/\/zosradio.ba\/index.php\/2026\/09\/05\/opsezna-studija-povezala-vrijeme-dorucka-s-duzinom-zivota\/#primaryimage"},"thumbnailUrl":"https:\/\/zosradio.ba\/wp-content\/uploads\/2025\/03\/food-2569257_1280.jpg","keywords":["zdravlje"],"articleSection":["Magazin"],"inLanguage":"bs-BA"},{"@type":"WebPage","@id":"https:\/\/zosradio.ba\/index.php\/2026\/09\/05\/opsezna-studija-povezala-vrijeme-dorucka-s-duzinom-zivota\/","url":"https:\/\/zosradio.ba\/index.php\/2026\/09\/05\/opsezna-studija-povezala-vrijeme-dorucka-s-duzinom-zivota\/","name":"Opse\u017ena studija povezala vrijeme doru\u010dka s du\u017einom \u017eivota","isPartOf":{"@id":"https:\/\/zosradio.ba\/#website"},"primaryImageOfPage":{"@id":"https:\/\/zosradio.ba\/index.php\/2026\/09\/05\/opsezna-studija-povezala-vrijeme-dorucka-s-duzinom-zivota\/#primaryimage"},"image":{"@id":"https:\/\/zosradio.ba\/index.php\/2026\/09\/05\/opsezna-studija-povezala-vrijeme-dorucka-s-duzinom-zivota\/#primaryimage"},"thumbnailUrl":"https:\/\/zosradio.ba\/wp-content\/uploads\/2025\/03\/food-2569257_1280.jpg","datePublished":"2026-09-05T05:24:51+00:00","author":{"@id":"https:\/\/zosradio.ba\/#\/schema\/person\/969b476cc96d10b46964da86b3987f7e"},"description":"Ljudi koji su prvi obrok jeli poslije podneva imali su, u odnosu na one koji su jeli izme\u0111u sedam i osam ujutro, 46 posto ve\u0107i rizik od smrti od bolesti","breadcrumb":{"@id":"https:\/\/zosradio.ba\/index.php\/2026\/09\/05\/opsezna-studija-povezala-vrijeme-dorucka-s-duzinom-zivota\/#breadcrumb"},"inLanguage":"bs-BA","potentialAction":[{"@type":"ReadAction","target":["https:\/\/zosradio.ba\/index.php\/2026\/09\/05\/opsezna-studija-povezala-vrijeme-dorucka-s-duzinom-zivota\/"]}]},{"@type":"ImageObject","inLanguage":"bs-BA","@id":"https:\/\/zosradio.ba\/index.php\/2026\/09\/05\/opsezna-studija-povezala-vrijeme-dorucka-s-duzinom-zivota\/#primaryimage","url":"https:\/\/zosradio.ba\/wp-content\/uploads\/2025\/03\/food-2569257_1280.jpg","contentUrl":"https:\/\/zosradio.ba\/wp-content\/uploads\/2025\/03\/food-2569257_1280.jpg","width":1280,"height":853,"caption":"Ilustracija (Foto: Pixabay)"},{"@type":"BreadcrumbList","@id":"https:\/\/zosradio.ba\/index.php\/2026\/09\/05\/opsezna-studija-povezala-vrijeme-dorucka-s-duzinom-zivota\/#breadcrumb","itemListElement":[{"@type":"ListItem","position":1,"name":"Home","item":"https:\/\/zosradio.ba\/"},{"@type":"ListItem","position":2,"name":"Opse\u017ena studija povezala vrijeme doru\u010dka s du\u017einom \u017eivota"}]},{"@type":"WebSite","@id":"https:\/\/zosradio.ba\/#website","url":"https:\/\/zosradio.ba\/","name":"ZOS radio","description":"Mjesto provjerenih informacija","potentialAction":[{"@type":"SearchAction","target":{"@type":"EntryPoint","urlTemplate":"https:\/\/zosradio.ba\/?s={search_term_string}"},"query-input":{"@type":"PropertyValueSpecification","valueRequired":true,"valueName":"search_term_string"}}],"inLanguage":"bs-BA"},{"@type":"Person","@id":"https:\/\/zosradio.ba\/#\/schema\/person\/969b476cc96d10b46964da86b3987f7e","name":"Redakcija","image":{"@type":"ImageObject","inLanguage":"bs-BA","@id":"https:\/\/secure.gravatar.com\/avatar\/b6dcae4aefbd26fbbf5cd5f24d98b246488432fc47a791123ad8639c99f9a13a?s=96&d=mm&r=g","url":"https:\/\/secure.gravatar.com\/avatar\/b6dcae4aefbd26fbbf5cd5f24d98b246488432fc47a791123ad8639c99f9a13a?s=96&d=mm&r=g","contentUrl":"https:\/\/secure.gravatar.com\/avatar\/b6dcae4aefbd26fbbf5cd5f24d98b246488432fc47a791123ad8639c99f9a13a?s=96&d=mm&r=g","caption":"Redakcija"},"url":"https:\/\/zosradio.ba\/index.php\/author\/rifavhotmail-com\/"}]}},"_links":{"self":[{"href":"https:\/\/zosradio.ba\/index.php\/wp-json\/wp\/v2\/posts\/196430","targetHints":{"allow":["GET"]}}],"collection":[{"href":"https:\/\/zosradio.ba\/index.php\/wp-json\/wp\/v2\/posts"}],"about":[{"href":"https:\/\/zosradio.ba\/index.php\/wp-json\/wp\/v2\/types\/post"}],"author":[{"embeddable":true,"href":"https:\/\/zosradio.ba\/index.php\/wp-json\/wp\/v2\/users\/3"}],"replies":[{"embeddable":true,"href":"https:\/\/zosradio.ba\/index.php\/wp-json\/wp\/v2\/comments?post=196430"}],"version-history":[{"count":1,"href":"https:\/\/zosradio.ba\/index.php\/wp-json\/wp\/v2\/posts\/196430\/revisions"}],"predecessor-version":[{"id":196433,"href":"https:\/\/zosradio.ba\/index.php\/wp-json\/wp\/v2\/posts\/196430\/revisions\/196433"}],"wp:featuredmedia":[{"embeddable":true,"href":"https:\/\/zosradio.ba\/index.php\/wp-json\/wp\/v2\/media\/171736"}],"wp:attachment":[{"href":"https:\/\/zosradio.ba\/index.php\/wp-json\/wp\/v2\/media?parent=196430"}],"wp:term":[{"taxonomy":"category","embeddable":true,"href":"https:\/\/zosradio.ba\/index.php\/wp-json\/wp\/v2\/categories?post=196430"},{"taxonomy":"post_tag","embeddable":true,"href":"https:\/\/zosradio.ba\/index.php\/wp-json\/wp\/v2\/tags?post=196430"}],"curies":[{"name":"wp","href":"https:\/\/api.w.org\/{rel}","templated":true}]}}