{"id":196522,"date":"2026-08-30T08:46:33","date_gmt":"2026-08-30T06:46:33","guid":{"rendered":"https:\/\/zosradio.ba\/?p=196522"},"modified":"2026-08-30T08:46:33","modified_gmt":"2026-08-30T06:46:33","slug":"prvi-tesanjski-sajam-knjige-od-31-augusta-do-3-septembra","status":"publish","type":"post","link":"https:\/\/zosradio.ba\/index.php\/2026\/08\/30\/prvi-tesanjski-sajam-knjige-od-31-augusta-do-3-septembra\/","title":{"rendered":"Prvi Te\u0161anjski sajam knjige od 31. augusta do 3. septembra"},"content":{"rendered":"<p class=\"isSelectedEnd\">JU Op\u0107a biblioteka <a href=\"https:\/\/zosradio.ba\/index.php\/2026\/01\/20\/tesanj-u-opcoj-bolnici-rodjeno-pet-beba-3\/\">Te\u0161anj<\/a> organizuje <strong>Prvi Te\u0161anjski sajam knjige<\/strong>, koji \u0107e biti odr\u017ean od 31. augusta do 3. septembra 2026. godine pod motom <strong>\u201eSvijet u knjizi, knjiga u Te\u0161nju\u201c<\/strong>.<\/p>\n<p class=\"isSelectedEnd\">Sajam se organizuje povodom 80 godina postojanja i rada JU Op\u0107a biblioteka Te\u0161anj, a posjetiteljima \u0107e, osim ponude brojnih knji\u017eevnih naslova razli\u010ditih \u017eanrova, ponuditi i bogat prate\u0107i kulturni program.<\/p>\n<p class=\"isSelectedEnd\">Sve\u010dano otvorenje sajma zakazano je za ponedjeljak, 31. augusta, u 11 sati. Program \u0107e po\u010deti nastupom u\u010denika Osnovne muzi\u010dke \u0161kole \u201eRe\u0161ad Kadi\u0107\u201c Te\u0161anj, nakon \u010dega su planirana obra\u0107anja direktora JU Op\u0107a biblioteka Te\u0161anj Osme Huri\u0107a i na\u010delnika Op\u0107ine Te\u0161anj Suada Huski\u0107a, koji \u0107e sajam zvani\u010dno proglasiti otvorenim.<\/p>\n<p class=\"isSelectedEnd\">Nakon sve\u010danog otvaranja, od 12 sati uslijedit \u0107e kulturni program uz recitacije te\u0161anjskih srednjo\u0161kolaca.<\/p>\n<p class=\"isSelectedEnd\">Tokom \u010detiri dana sajma bit \u0107e predstavljene brojne knjige i autori. Prvog dana posjetitelji \u0107e imati priliku prisustvovati promocijama knjiga <strong>\u201eZdravolov sa Istoka\u201c<\/strong> prof. dr. D\u017eemaludina Lati\u0107a, <strong>\u201eElektrotehnika 1 \u2013 Ud\u017ebenik i priru\u010dnik\u201c<\/strong> Envera Kotori\u0107a, te <strong>\u201eStarostavne legende i pri\u010de novopazarskog kraja\u201c<\/strong> Elijasa Rebronje.<\/p>\n<p class=\"isSelectedEnd\">Program se nastavlja u utorak, 1. septembra, promocijama knjiga <strong>\u201eZa\u017emiril! Po\u017eeli! Wow!\u201c<\/strong> Sanje Seferovi\u0107 Drnov\u0161ek, <strong>\u201eBoje dje\u010dijstva\u201c<\/strong> grupe autora okupljenih oko \u201ePlanjaksovog pera\u201c, <strong>\u201eMjera stvari\u201c<\/strong> Amara Li\u010dine i <strong>\u201eOrijentalno blago Srbije\u201c<\/strong> Mensura Zukorli\u0107a.<\/p>\n<p class=\"isSelectedEnd\">U srijedu, 2. septembra, bit \u0107e predstavljene knjige <strong>\u201eDruga ku\u0107a\u201c<\/strong> Ilijasa Dudi\u0107a i <strong>\u201ePri\u010de kroz slikovnice\u201c<\/strong>, djelo Bajruzina Hajre Planjca sastavljeno od \u010detiri knjige. U ve\u010dernjem terminu slijedi promocija knjige <strong>\u201eSje\u0107anja koja ne blijede\u201c<\/strong> Muhameda Ibrahimovi\u0107a.<\/p>\n<p class=\"isSelectedEnd\">Zavr\u0161nog dana, u \u010detvrtak, 3. septembra, na programu su promocije knjiga <strong>\u201eIzgubljene generacije\u201c<\/strong> Nusreta Mujagi\u0107a, <strong>\u201eRevolucija Jake\u0161a\u201c<\/strong> Nurije Deli\u0107a, <strong>\u201eTe\u0161anjski nekrolozi\u201c<\/strong> mr. sc. Sakiba Kurti\u0107a i <strong>\u201eKnjiga o knjigama\u201c<\/strong> Halida Duhovi\u0107a.<\/p>\n<p class=\"isSelectedEnd\">Sajam \u0107e biti zatvoren istog dana u 15 sati, kada je planirana dodjela zahvalnica izdava\u010dima i izlaga\u010dima.<\/p>\n<p class=\"isSelectedEnd\">Iz JU Op\u0107a biblioteka Te\u0161anj pozivaju gra\u0111ane, goste i sve ljubitelje knjige i pisane rije\u010di da posjete prvi Te\u0161anjski sajam knjige i budu dio ovog kulturnog doga\u0111aja.<\/p>\n<p><strong>\u201eDobro nam do\u0161li. Bi\u0107e nam zadovoljstvo ugostiti vas.\u201c<\/strong><\/p>\n<p><img loading=\"lazy\" decoding=\"async\" class=\"aligncenter wp-image-196523 size-large\" src=\"https:\/\/zosradio.ba\/wp-content\/uploads\/2026\/08\/bib-722x1024.jpg\" alt=\"\" width=\"696\" height=\"987\" \/><\/p>\n","protected":false},"excerpt":{"rendered":"<p>JU Op\u0107a biblioteka Te\u0161anj organizuje Prvi Te\u0161anjski sajam knjige, koji \u0107e biti odr\u017ean od 31. augusta do 3. septembra 2026. godine pod motom \u201eSvijet u knjizi, knjiga u Te\u0161nju\u201c. Sajam se organizuje povodom 80 godina postojanja i rada JU Op\u0107a biblioteka Te\u0161anj, a posjetiteljima \u0107e, osim ponude brojnih knji\u017eevnih naslova razli\u010ditih \u017eanrova, ponuditi i bogat [&hellip;]<\/p>\n","protected":false},"author":3,"featured_media":196523,"comment_status":"closed","ping_status":"closed","sticky":false,"template":"","format":"standard","meta":{"_acf_changed":false,"footnotes":""},"categories":[13],"tags":[149],"class_list":["post-196522","post","type-post","status-publish","format-standard","has-post-thumbnail","category-bosna-i-hercegovina","tag-tesanj"],"acf":[],"yoast_head":"<!-- This site is optimized with the Yoast SEO Premium plugin v28.3 (Yoast SEO v28.3) - https:\/\/yoast.com\/product\/yoast-seo-premium-wordpress\/ -->\n<title>Prvi Te\u0161anjski sajam knjige od 31. augusta do 3. septembra<\/title>\n<meta name=\"description\" content=\"JU Op\u0107a biblioteka Te\u0161anj organizuje Prvi Te\u0161anjski sajam knjige, koji \u0107e biti odr\u017ean od 31. augusta do 3. septembra 2026. godine pod motom \u201eSvijet u\" \/>\n<meta name=\"robots\" content=\"index, follow, max-snippet:-1, max-image-preview:large, max-video-preview:-1\" \/>\n<link rel=\"canonical\" href=\"https:\/\/zosradio.ba\/index.php\/2026\/08\/30\/prvi-tesanjski-sajam-knjige-od-31-augusta-do-3-septembra\/\" \/>\n<meta property=\"og:locale\" content=\"bs_BA\" \/>\n<meta property=\"og:type\" content=\"article\" \/>\n<meta property=\"og:title\" content=\"Prvi Te\u0161anjski sajam knjige od 31. augusta do 3. septembra\" \/>\n<meta property=\"og:description\" content=\"JU Op\u0107a biblioteka Te\u0161anj organizuje Prvi Te\u0161anjski sajam knjige, koji \u0107e biti odr\u017ean od 31. augusta do 3. septembra 2026. godine pod motom \u201eSvijet u\" \/>\n<meta property=\"og:url\" content=\"https:\/\/zosradio.ba\/index.php\/2026\/08\/30\/prvi-tesanjski-sajam-knjige-od-31-augusta-do-3-septembra\/\" \/>\n<meta property=\"og:site_name\" content=\"ZOS radio\" \/>\n<meta property=\"article:publisher\" content=\"https:\/\/www.facebook.com\/zosradio\" \/>\n<meta property=\"article:published_time\" content=\"2026-08-30T06:46:33+00:00\" \/>\n<meta property=\"og:image\" content=\"https:\/\/zosradio.ba\/wp-content\/uploads\/2026\/08\/bib-e1787725688661.jpg\" \/>\n\t<meta property=\"og:image:width\" content=\"945\" \/>\n\t<meta property=\"og:image:height\" content=\"376\" \/>\n\t<meta property=\"og:image:type\" content=\"image\/jpeg\" \/>\n<meta name=\"author\" content=\"Redakcija\" \/>\n<meta name=\"twitter:card\" content=\"summary_large_image\" \/>\n<meta name=\"twitter:label1\" content=\"Written by\" \/>\n\t<meta name=\"twitter:data1\" content=\"Redakcija\" \/>\n\t<meta name=\"twitter:label2\" content=\"Est. reading time\" \/>\n\t<meta name=\"twitter:data2\" content=\"3 minute\" \/>\n<script type=\"application\/ld+json\" class=\"yoast-schema-graph\">{\"@context\":\"https:\\\/\\\/schema.org\",\"@graph\":[{\"@type\":\"Article\",\"@id\":\"https:\\\/\\\/zosradio.ba\\\/index.php\\\/2026\\\/08\\\/30\\\/prvi-tesanjski-sajam-knjige-od-31-augusta-do-3-septembra\\\/#article\",\"isPartOf\":{\"@id\":\"https:\\\/\\\/zosradio.ba\\\/index.php\\\/2026\\\/08\\\/30\\\/prvi-tesanjski-sajam-knjige-od-31-augusta-do-3-septembra\\\/\"},\"author\":{\"name\":\"Redakcija\",\"@id\":\"https:\\\/\\\/zosradio.ba\\\/#\\\/schema\\\/person\\\/969b476cc96d10b46964da86b3987f7e\"},\"headline\":\"Prvi Te\u0161anjski sajam knjige od 31. augusta do 3. septembra\",\"datePublished\":\"2026-08-30T06:46:33+00:00\",\"mainEntityOfPage\":{\"@id\":\"https:\\\/\\\/zosradio.ba\\\/index.php\\\/2026\\\/08\\\/30\\\/prvi-tesanjski-sajam-knjige-od-31-augusta-do-3-septembra\\\/\"},\"wordCount\":374,\"image\":{\"@id\":\"https:\\\/\\\/zosradio.ba\\\/index.php\\\/2026\\\/08\\\/30\\\/prvi-tesanjski-sajam-knjige-od-31-augusta-do-3-septembra\\\/#primaryimage\"},\"thumbnailUrl\":\"https:\\\/\\\/zosradio.ba\\\/wp-content\\\/uploads\\\/2026\\\/08\\\/bib-e1787725688661.jpg\",\"keywords\":[\"Te\u0161anj\"],\"articleSection\":[\"Bosna i Hercegovina\"],\"inLanguage\":\"bs-BA\"},{\"@type\":\"WebPage\",\"@id\":\"https:\\\/\\\/zosradio.ba\\\/index.php\\\/2026\\\/08\\\/30\\\/prvi-tesanjski-sajam-knjige-od-31-augusta-do-3-septembra\\\/\",\"url\":\"https:\\\/\\\/zosradio.ba\\\/index.php\\\/2026\\\/08\\\/30\\\/prvi-tesanjski-sajam-knjige-od-31-augusta-do-3-septembra\\\/\",\"name\":\"Prvi Te\u0161anjski sajam knjige od 31. augusta do 3. septembra\",\"isPartOf\":{\"@id\":\"https:\\\/\\\/zosradio.ba\\\/#website\"},\"primaryImageOfPage\":{\"@id\":\"https:\\\/\\\/zosradio.ba\\\/index.php\\\/2026\\\/08\\\/30\\\/prvi-tesanjski-sajam-knjige-od-31-augusta-do-3-septembra\\\/#primaryimage\"},\"image\":{\"@id\":\"https:\\\/\\\/zosradio.ba\\\/index.php\\\/2026\\\/08\\\/30\\\/prvi-tesanjski-sajam-knjige-od-31-augusta-do-3-septembra\\\/#primaryimage\"},\"thumbnailUrl\":\"https:\\\/\\\/zosradio.ba\\\/wp-content\\\/uploads\\\/2026\\\/08\\\/bib-e1787725688661.jpg\",\"datePublished\":\"2026-08-30T06:46:33+00:00\",\"author\":{\"@id\":\"https:\\\/\\\/zosradio.ba\\\/#\\\/schema\\\/person\\\/969b476cc96d10b46964da86b3987f7e\"},\"description\":\"JU Op\u0107a biblioteka Te\u0161anj organizuje Prvi Te\u0161anjski sajam knjige, koji \u0107e biti odr\u017ean od 31. augusta do 3. septembra 2026. godine pod motom \u201eSvijet u\",\"breadcrumb\":{\"@id\":\"https:\\\/\\\/zosradio.ba\\\/index.php\\\/2026\\\/08\\\/30\\\/prvi-tesanjski-sajam-knjige-od-31-augusta-do-3-septembra\\\/#breadcrumb\"},\"inLanguage\":\"bs-BA\",\"potentialAction\":[{\"@type\":\"ReadAction\",\"target\":[\"https:\\\/\\\/zosradio.ba\\\/index.php\\\/2026\\\/08\\\/30\\\/prvi-tesanjski-sajam-knjige-od-31-augusta-do-3-septembra\\\/\"]}]},{\"@type\":\"ImageObject\",\"inLanguage\":\"bs-BA\",\"@id\":\"https:\\\/\\\/zosradio.ba\\\/index.php\\\/2026\\\/08\\\/30\\\/prvi-tesanjski-sajam-knjige-od-31-augusta-do-3-septembra\\\/#primaryimage\",\"url\":\"https:\\\/\\\/zosradio.ba\\\/wp-content\\\/uploads\\\/2026\\\/08\\\/bib-e1787725688661.jpg\",\"contentUrl\":\"https:\\\/\\\/zosradio.ba\\\/wp-content\\\/uploads\\\/2026\\\/08\\\/bib-e1787725688661.jpg\",\"width\":945,\"height\":376},{\"@type\":\"BreadcrumbList\",\"@id\":\"https:\\\/\\\/zosradio.ba\\\/index.php\\\/2026\\\/08\\\/30\\\/prvi-tesanjski-sajam-knjige-od-31-augusta-do-3-septembra\\\/#breadcrumb\",\"itemListElement\":[{\"@type\":\"ListItem\",\"position\":1,\"name\":\"Home\",\"item\":\"https:\\\/\\\/zosradio.ba\\\/\"},{\"@type\":\"ListItem\",\"position\":2,\"name\":\"Prvi Te\u0161anjski sajam knjige od 31. augusta do 3. septembra\"}]},{\"@type\":\"WebSite\",\"@id\":\"https:\\\/\\\/zosradio.ba\\\/#website\",\"url\":\"https:\\\/\\\/zosradio.ba\\\/\",\"name\":\"ZOS radio\",\"description\":\"Mjesto provjerenih informacija\",\"potentialAction\":[{\"@type\":\"SearchAction\",\"target\":{\"@type\":\"EntryPoint\",\"urlTemplate\":\"https:\\\/\\\/zosradio.ba\\\/?s={search_term_string}\"},\"query-input\":{\"@type\":\"PropertyValueSpecification\",\"valueRequired\":true,\"valueName\":\"search_term_string\"}}],\"inLanguage\":\"bs-BA\"},{\"@type\":\"Person\",\"@id\":\"https:\\\/\\\/zosradio.ba\\\/#\\\/schema\\\/person\\\/969b476cc96d10b46964da86b3987f7e\",\"name\":\"Redakcija\",\"image\":{\"@type\":\"ImageObject\",\"inLanguage\":\"bs-BA\",\"@id\":\"https:\\\/\\\/secure.gravatar.com\\\/avatar\\\/b6dcae4aefbd26fbbf5cd5f24d98b246488432fc47a791123ad8639c99f9a13a?s=96&d=mm&r=g\",\"url\":\"https:\\\/\\\/secure.gravatar.com\\\/avatar\\\/b6dcae4aefbd26fbbf5cd5f24d98b246488432fc47a791123ad8639c99f9a13a?s=96&d=mm&r=g\",\"contentUrl\":\"https:\\\/\\\/secure.gravatar.com\\\/avatar\\\/b6dcae4aefbd26fbbf5cd5f24d98b246488432fc47a791123ad8639c99f9a13a?s=96&d=mm&r=g\",\"caption\":\"Redakcija\"},\"url\":\"https:\\\/\\\/zosradio.ba\\\/index.php\\\/author\\\/rifavhotmail-com\\\/\"}]}<\/script>\n<!-- \/ Yoast SEO Premium plugin. -->","yoast_head_json":{"title":"Prvi Te\u0161anjski sajam knjige od 31. augusta do 3. septembra","description":"JU Op\u0107a biblioteka Te\u0161anj organizuje Prvi Te\u0161anjski sajam knjige, koji \u0107e biti odr\u017ean od 31. augusta do 3. septembra 2026. godine pod motom \u201eSvijet u","robots":{"index":"index","follow":"follow","max-snippet":"max-snippet:-1","max-image-preview":"max-image-preview:large","max-video-preview":"max-video-preview:-1"},"canonical":"https:\/\/zosradio.ba\/index.php\/2026\/08\/30\/prvi-tesanjski-sajam-knjige-od-31-augusta-do-3-septembra\/","og_locale":"bs_BA","og_type":"article","og_title":"Prvi Te\u0161anjski sajam knjige od 31. augusta do 3. septembra","og_description":"JU Op\u0107a biblioteka Te\u0161anj organizuje Prvi Te\u0161anjski sajam knjige, koji \u0107e biti odr\u017ean od 31. augusta do 3. septembra 2026. godine pod motom \u201eSvijet u","og_url":"https:\/\/zosradio.ba\/index.php\/2026\/08\/30\/prvi-tesanjski-sajam-knjige-od-31-augusta-do-3-septembra\/","og_site_name":"ZOS radio","article_publisher":"https:\/\/www.facebook.com\/zosradio","article_published_time":"2026-08-30T06:46:33+00:00","og_image":[{"width":945,"height":376,"url":"https:\/\/zosradio.ba\/wp-content\/uploads\/2026\/08\/bib-e1787725688661.jpg","type":"image\/jpeg"}],"author":"Redakcija","twitter_card":"summary_large_image","twitter_misc":{"Written by":"Redakcija","Est. reading time":"3 minute"},"schema":{"@context":"https:\/\/schema.org","@graph":[{"@type":"Article","@id":"https:\/\/zosradio.ba\/index.php\/2026\/08\/30\/prvi-tesanjski-sajam-knjige-od-31-augusta-do-3-septembra\/#article","isPartOf":{"@id":"https:\/\/zosradio.ba\/index.php\/2026\/08\/30\/prvi-tesanjski-sajam-knjige-od-31-augusta-do-3-septembra\/"},"author":{"name":"Redakcija","@id":"https:\/\/zosradio.ba\/#\/schema\/person\/969b476cc96d10b46964da86b3987f7e"},"headline":"Prvi Te\u0161anjski sajam knjige od 31. augusta do 3. septembra","datePublished":"2026-08-30T06:46:33+00:00","mainEntityOfPage":{"@id":"https:\/\/zosradio.ba\/index.php\/2026\/08\/30\/prvi-tesanjski-sajam-knjige-od-31-augusta-do-3-septembra\/"},"wordCount":374,"image":{"@id":"https:\/\/zosradio.ba\/index.php\/2026\/08\/30\/prvi-tesanjski-sajam-knjige-od-31-augusta-do-3-septembra\/#primaryimage"},"thumbnailUrl":"https:\/\/zosradio.ba\/wp-content\/uploads\/2026\/08\/bib-e1787725688661.jpg","keywords":["Te\u0161anj"],"articleSection":["Bosna i Hercegovina"],"inLanguage":"bs-BA"},{"@type":"WebPage","@id":"https:\/\/zosradio.ba\/index.php\/2026\/08\/30\/prvi-tesanjski-sajam-knjige-od-31-augusta-do-3-septembra\/","url":"https:\/\/zosradio.ba\/index.php\/2026\/08\/30\/prvi-tesanjski-sajam-knjige-od-31-augusta-do-3-septembra\/","name":"Prvi Te\u0161anjski sajam knjige od 31. augusta do 3. septembra","isPartOf":{"@id":"https:\/\/zosradio.ba\/#website"},"primaryImageOfPage":{"@id":"https:\/\/zosradio.ba\/index.php\/2026\/08\/30\/prvi-tesanjski-sajam-knjige-od-31-augusta-do-3-septembra\/#primaryimage"},"image":{"@id":"https:\/\/zosradio.ba\/index.php\/2026\/08\/30\/prvi-tesanjski-sajam-knjige-od-31-augusta-do-3-septembra\/#primaryimage"},"thumbnailUrl":"https:\/\/zosradio.ba\/wp-content\/uploads\/2026\/08\/bib-e1787725688661.jpg","datePublished":"2026-08-30T06:46:33+00:00","author":{"@id":"https:\/\/zosradio.ba\/#\/schema\/person\/969b476cc96d10b46964da86b3987f7e"},"description":"JU Op\u0107a biblioteka Te\u0161anj organizuje Prvi Te\u0161anjski sajam knjige, koji \u0107e biti odr\u017ean od 31. augusta do 3. septembra 2026. godine pod motom \u201eSvijet u","breadcrumb":{"@id":"https:\/\/zosradio.ba\/index.php\/2026\/08\/30\/prvi-tesanjski-sajam-knjige-od-31-augusta-do-3-septembra\/#breadcrumb"},"inLanguage":"bs-BA","potentialAction":[{"@type":"ReadAction","target":["https:\/\/zosradio.ba\/index.php\/2026\/08\/30\/prvi-tesanjski-sajam-knjige-od-31-augusta-do-3-septembra\/"]}]},{"@type":"ImageObject","inLanguage":"bs-BA","@id":"https:\/\/zosradio.ba\/index.php\/2026\/08\/30\/prvi-tesanjski-sajam-knjige-od-31-augusta-do-3-septembra\/#primaryimage","url":"https:\/\/zosradio.ba\/wp-content\/uploads\/2026\/08\/bib-e1787725688661.jpg","contentUrl":"https:\/\/zosradio.ba\/wp-content\/uploads\/2026\/08\/bib-e1787725688661.jpg","width":945,"height":376},{"@type":"BreadcrumbList","@id":"https:\/\/zosradio.ba\/index.php\/2026\/08\/30\/prvi-tesanjski-sajam-knjige-od-31-augusta-do-3-septembra\/#breadcrumb","itemListElement":[{"@type":"ListItem","position":1,"name":"Home","item":"https:\/\/zosradio.ba\/"},{"@type":"ListItem","position":2,"name":"Prvi Te\u0161anjski sajam knjige od 31. augusta do 3. septembra"}]},{"@type":"WebSite","@id":"https:\/\/zosradio.ba\/#website","url":"https:\/\/zosradio.ba\/","name":"ZOS radio","description":"Mjesto provjerenih informacija","potentialAction":[{"@type":"SearchAction","target":{"@type":"EntryPoint","urlTemplate":"https:\/\/zosradio.ba\/?s={search_term_string}"},"query-input":{"@type":"PropertyValueSpecification","valueRequired":true,"valueName":"search_term_string"}}],"inLanguage":"bs-BA"},{"@type":"Person","@id":"https:\/\/zosradio.ba\/#\/schema\/person\/969b476cc96d10b46964da86b3987f7e","name":"Redakcija","image":{"@type":"ImageObject","inLanguage":"bs-BA","@id":"https:\/\/secure.gravatar.com\/avatar\/b6dcae4aefbd26fbbf5cd5f24d98b246488432fc47a791123ad8639c99f9a13a?s=96&d=mm&r=g","url":"https:\/\/secure.gravatar.com\/avatar\/b6dcae4aefbd26fbbf5cd5f24d98b246488432fc47a791123ad8639c99f9a13a?s=96&d=mm&r=g","contentUrl":"https:\/\/secure.gravatar.com\/avatar\/b6dcae4aefbd26fbbf5cd5f24d98b246488432fc47a791123ad8639c99f9a13a?s=96&d=mm&r=g","caption":"Redakcija"},"url":"https:\/\/zosradio.ba\/index.php\/author\/rifavhotmail-com\/"}]}},"_links":{"self":[{"href":"https:\/\/zosradio.ba\/index.php\/wp-json\/wp\/v2\/posts\/196522","targetHints":{"allow":["GET"]}}],"collection":[{"href":"https:\/\/zosradio.ba\/index.php\/wp-json\/wp\/v2\/posts"}],"about":[{"href":"https:\/\/zosradio.ba\/index.php\/wp-json\/wp\/v2\/types\/post"}],"author":[{"embeddable":true,"href":"https:\/\/zosradio.ba\/index.php\/wp-json\/wp\/v2\/users\/3"}],"replies":[{"embeddable":true,"href":"https:\/\/zosradio.ba\/index.php\/wp-json\/wp\/v2\/comments?post=196522"}],"version-history":[{"count":1,"href":"https:\/\/zosradio.ba\/index.php\/wp-json\/wp\/v2\/posts\/196522\/revisions"}],"predecessor-version":[{"id":196524,"href":"https:\/\/zosradio.ba\/index.php\/wp-json\/wp\/v2\/posts\/196522\/revisions\/196524"}],"wp:featuredmedia":[{"embeddable":true,"href":"https:\/\/zosradio.ba\/index.php\/wp-json\/wp\/v2\/media\/196523"}],"wp:attachment":[{"href":"https:\/\/zosradio.ba\/index.php\/wp-json\/wp\/v2\/media?parent=196522"}],"wp:term":[{"taxonomy":"category","embeddable":true,"href":"https:\/\/zosradio.ba\/index.php\/wp-json\/wp\/v2\/categories?post=196522"},{"taxonomy":"post_tag","embeddable":true,"href":"https:\/\/zosradio.ba\/index.php\/wp-json\/wp\/v2\/tags?post=196522"}],"curies":[{"name":"wp","href":"https:\/\/api.w.org\/{rel}","templated":true}]}}