{"id":196636,"date":"2026-08-31T14:53:09","date_gmt":"2026-08-31T12:53:09","guid":{"rendered":"https:\/\/zosradio.ba\/?p=196636"},"modified":"2026-08-31T18:55:50","modified_gmt":"2026-08-31T16:55:50","slug":"maglaj-slavi-618-rodjendan-bogat-program-za-sve-generacije-koncerti-folklor-sadrzaji-za-djecu-i-porodicni-dani","status":"publish","type":"post","link":"https:\/\/zosradio.ba\/index.php\/2026\/08\/31\/maglaj-slavi-618-rodjendan-bogat-program-za-sve-generacije-koncerti-folklor-sadrzaji-za-djecu-i-porodicni-dani\/","title":{"rendered":"Maglaj slavi 618. ro\u0111endan: Bogat program za sve generacije, koncerti, folklor, sadr\u017eaji za djecu i porodi\u010dni dani"},"content":{"rendered":"<p class=\"PDq2pG_selectionAnchorContainer\" data-start=\"622\" data-end=\"959\"><strong data-start=\"622\" data-end=\"729\"><a href=\"https:\/\/zosradio.ba\/index.php\/2026\/01\/21\/planska-iskljucenja-elektricne-energije-u-maglaju-u-cetvrtak-22-januara\/\">Maglaj<\/a> \u0107e i ove godine septembar obilje\u017eiti u znaku tradicije, zajedni\u0161tva, kulture, muzike i dru\u017eenja.<\/strong> Povodom Dana op\u0107ine Maglaj 2026. godine pripremljen je bogat program pod sloganom <strong data-start=\"812\" data-end=\"869\">\u201e618 godina Maglaja \u2013 grad koji \u017eivi kroz generacije\u201c<\/strong>, koji \u0107e od 11. do 19. septembra ponuditi sadr\u017eaje namijenjene gra\u0111anima svih generacija.<\/p>\n<p data-start=\"961\" data-end=\"1170\">Program obuhvata doga\u0111aje za najmla\u0111e, porodi\u010dna dru\u017eenja, kulturne i folklorne sadr\u017eaje, aktivnosti posve\u0107ene zdravlju, susrete sa mladima, promociju slu\u017ebi sigurnosti, sve\u010dane programe, ali i veliki koncert.<\/p>\n<h3 data-section-id=\"1t9u0cw\" data-start=\"1172\" data-end=\"1214\">Program po\u010dinje uz najmla\u0111e Maglajlije<\/h3>\n<p data-start=\"1216\" data-end=\"1301\">Prvi dan programa, <strong data-start=\"1235\" data-end=\"1252\">11. septembar<\/strong>, bit \u0107e posve\u0107en najmla\u0111im stanovnicima Maglaja.<\/p>\n<p data-start=\"1303\" data-end=\"1459\">Na Trgu Op\u0107ine Maglaj od <strong data-start=\"1328\" data-end=\"1339\">10 sati<\/strong> bit \u0107e odr\u017ean program <strong data-start=\"1362\" data-end=\"1401\">\u201e618 razloga za\u0161to volim svoj grad\u201c<\/strong>, u kojem \u0107e u\u010destvovati vrti\u0107i sa podru\u010dja op\u0107ine Maglaj.<\/p>\n<p data-start=\"1461\" data-end=\"1582\">Istog dana, u <strong data-start=\"1475\" data-end=\"1486\">19 sati<\/strong>, u JU Dom kulture \u201eEdhem Mulabdi\u0107\u201c bit \u0107e odr\u017eano <strong data-start=\"1537\" data-end=\"1581\">motivaciono predavanje Had\u017eere Beganovi\u0107<\/strong>.<\/p>\n<h3 data-section-id=\"1m3pzx5\" data-start=\"1584\" data-end=\"1612\">Porodi\u010dni dan i Puzijada<\/h3>\n<p data-start=\"1614\" data-end=\"1679\">Subota, <strong data-start=\"1622\" data-end=\"1639\">12. septembar<\/strong>, rezervisana je za dru\u017eenje i porodicu.<\/p>\n<p data-start=\"1681\" data-end=\"1844\">Program <strong data-start=\"1689\" data-end=\"1748\">\u201ePorodi\u010dni dan za sve generacije uz kafu sa na\u010delnikom\u201c<\/strong> bit \u0107e organizovan u saradnji sa X-GMY, a najmla\u0111i \u0107e imati priliku u\u010destvovati u <strong data-start=\"1831\" data-end=\"1843\">Puzijadi<\/strong>.<\/p>\n<p data-start=\"1846\" data-end=\"1940\">Puzijada po\u010dinje u <strong data-start=\"1865\" data-end=\"1876\">15 sati<\/strong>, a mjesto odr\u017eavanja je <strong data-start=\"1901\" data-end=\"1939\">pomo\u0107ni stadion NK \u201eNatron\u201c Maglaj<\/strong>.<\/p>\n<p data-start=\"1942\" data-end=\"2016\">Nedjelja, <strong data-start=\"1952\" data-end=\"1969\">13. septembar<\/strong>, donosi program posve\u0107en tradiciji i folkloru.<\/p>\n<p data-start=\"2018\" data-end=\"2221\">U okviru programa <strong data-start=\"2036\" data-end=\"2087\">\u201eVe\u010de narodne du\u0161e \u2013 folklorom kroz generacije\u201c<\/strong>, koji JU Dom kulture \u201eEdhem Mulabdi\u0107\u201c organizuje u saradnji sa KUD \u201eSedef\u201c, u\u010desnici \u0107e se okupiti u <strong data-start=\"2189\" data-end=\"2220\">17:30 sati u Parku ljiljana<\/strong>.<\/p>\n<p data-start=\"2223\" data-end=\"2346\">Defile prema Trgu Alije Izetbegovi\u0107a po\u010dinje u <strong data-start=\"2270\" data-end=\"2281\">18 sati<\/strong>, dok \u0107e centralni program na trgu biti odr\u017ean od <strong data-start=\"2331\" data-end=\"2345\">18:30 sati<\/strong>.<\/p>\n<h3 data-section-id=\"1fl4zm5\" data-start=\"2348\" data-end=\"2411\">Zdravlje, kreativnost i izbor najljep\u0161eg dvori\u0161ta i balkona<\/h3>\n<p data-start=\"2413\" data-end=\"2481\">Ponedjeljak, <strong data-start=\"2426\" data-end=\"2443\">14. septembar<\/strong>, donosi nekoliko razli\u010ditih sadr\u017eaja.<\/p>\n<p data-start=\"2483\" data-end=\"2699\">U JU Dom zdravlja Maglaj od <strong data-start=\"2511\" data-end=\"2528\">10 do 13 sati<\/strong> bit \u0107e odr\u017ean program <strong data-start=\"2551\" data-end=\"2578\">\u201eOtvori vrata zdravlju\u201c<\/strong>. Gra\u0111ani \u0107e mo\u0107i obaviti mjerenje krvnog pritiska i \u0161e\u0107era u krvi, dobiti savjete ljekara i preporuke o zdravoj ishrani.<\/p>\n<p data-start=\"2701\" data-end=\"2757\">Bit \u0107e postavljen i pano <strong data-start=\"2726\" data-end=\"2756\">\u201eMoja zdrava navika je&#8230;\u201c<\/strong>.<\/p>\n<p data-start=\"2759\" data-end=\"2865\">Istog dana u <strong data-start=\"2772\" data-end=\"2783\">11 sati<\/strong>, JU Biblioteka Maglaj organizuje <strong data-start=\"2817\" data-end=\"2864\">foto i video konkurs \u201eMoja pri\u010da o Maglaju\u201c<\/strong>.<\/p>\n<p data-start=\"2867\" data-end=\"2946\">U <strong data-start=\"2869\" data-end=\"2880\">13 sati<\/strong> predvi\u0111ena je <strong data-start=\"2895\" data-end=\"2945\">dodjela nagrada za najljep\u0161e dvori\u0161te i balkon<\/strong>.<\/p>\n<p data-start=\"2948\" data-end=\"3024\">U utorak, <strong data-start=\"2958\" data-end=\"2975\">15. septembra<\/strong>, planiran je <strong data-start=\"2989\" data-end=\"3023\">obilazak najstarijih sugra\u0111ana<\/strong>.<\/p>\n<h3 data-section-id=\"wm92ey\" data-start=\"3026\" data-end=\"3056\">Mladi i sigurnost u fokusu<\/h3>\n<p data-start=\"3058\" data-end=\"3110\">Srijeda, <strong data-start=\"3067\" data-end=\"3084\">16. septembar<\/strong>, rezervisana je za mlade.<\/p>\n<p data-start=\"3112\" data-end=\"3334\">Kroz program <strong data-start=\"3125\" data-end=\"3167\">\u201eMladi za Maglaj \u2013 ideje koje pokre\u0107u\u201c<\/strong>, u saradnji sa Omladinskim resursnim centrom, bit \u0107e odr\u017ean susret na\u010delnika sa mladima, srednjo\u0161kolcima, studentima, mladim poduzetnicima, sportistima i aktivistima.<\/p>\n<p data-start=\"3336\" data-end=\"3449\">Cilj susreta je otvoriti prostor za razgovor o idejama mladih, njihovim potrebama i budu\u0107nosti lokalne zajednice.<\/p>\n<p data-start=\"3451\" data-end=\"3508\">\u010cetvrtak, <strong data-start=\"3461\" data-end=\"3478\">17. septembar<\/strong>, donosi dva posebna programa.<\/p>\n<p data-start=\"3510\" data-end=\"3706\">U <strong data-start=\"3512\" data-end=\"3525\">9:30 sati<\/strong>, u Sali na\u010delnika Op\u0107ine Maglaj, bit \u0107e uprili\u010den program <strong data-start=\"3584\" data-end=\"3608\">\u201eRo\u0111eni na svoj dan\u201c<\/strong>, tokom kojeg \u0107e biti odr\u017ean susret i darivanje najmla\u0111ih Maglajlija ro\u0111enih na Dan op\u0107ine Maglaj.<\/p>\n<p data-start=\"3708\" data-end=\"3874\">Od <strong data-start=\"3711\" data-end=\"3739\">14 sati u Parku ljiljana<\/strong> slijedi program <strong data-start=\"3756\" data-end=\"3812\">\u201eSigurnost na djelu \u2013 heroji koji su uvijek spremni\u201c<\/strong>, kroz koji \u0107e biti predstavljeni <strong data-start=\"3846\" data-end=\"3873\">PVJ Maglaj i GSS Maglaj<\/strong>.<\/p>\n<h3 data-section-id=\"1vwu1b8\" data-start=\"3876\" data-end=\"3919\">Dan op\u0107ine uz sve\u010dani program<\/h3>\n<p data-start=\"3921\" data-end=\"4012\">Centralni dio obilje\u017eavanja bit \u0107e odr\u017ean u petak, <strong data-start=\"3972\" data-end=\"3989\">18. septembra<\/strong>, na Dan op\u0107ine Maglaj.<\/p>\n<p data-start=\"4014\" data-end=\"4197\">Program <strong data-start=\"4022\" data-end=\"4079\">\u201eMaglaj u srcu \u2013 sve\u010dani program povodom Dana op\u0107ine\u201c<\/strong> obuhvatit \u0107e <strong data-start=\"4093\" data-end=\"4196\">sve\u010danu sjednicu Op\u0107inskog vije\u0107a Maglaj, polaganje cvije\u0107a na spomen-obilje\u017eja i sve\u010danu akademiju<\/strong>.<\/p>\n<h3 data-section-id=\"1yorlrq\" data-start=\"4379\" data-end=\"4435\">Zavr\u0161nica u Novom \u0160eheru uz Porodi\u010dni dan i Puzijadu<\/h3>\n<p data-start=\"4437\" data-end=\"4524\">Program povodom Dana op\u0107ine bit \u0107e zavr\u0161en u subotu, <strong data-start=\"4490\" data-end=\"4507\">19. septembra<\/strong>, u Novom \u0160eheru.<\/p>\n<p data-start=\"4526\" data-end=\"4693\">Od <strong data-start=\"4529\" data-end=\"4568\">16 sati na stadionu NK \u201eNovi \u0160eher\u201c<\/strong> bit \u0107e odr\u017ean <strong data-start=\"4583\" data-end=\"4642\">\u201ePorodi\u010dni dan za sve generacije uz kafu sa na\u010delnikom\u201c<\/strong>, a u okviru programa predvi\u0111ena je i <strong data-start=\"4680\" data-end=\"4692\">Puzijada<\/strong>.<\/p>\n<p data-start=\"4695\" data-end=\"4834\">Time \u0107e ovogodi\u0161nje obilje\u017eavanje Dana op\u0107ine biti zavr\u0161eno sadr\u017eajem namijenjenim prvenstveno porodicama i najmla\u0111im stanovnicima Maglaja.<\/p>\n<h3 data-section-id=\"5lhn4x\" data-start=\"4836\" data-end=\"4869\">Devet dana posve\u0107enih Maglaju<\/h3>\n<p data-start=\"4871\" data-end=\"5064\">Ovogodi\u0161nji program povezuje razli\u010dite generacije i kroz razli\u010dite sadr\u017eaje predstavlja Maglaj kao grad bogate pro\u0161losti, ali i mjesto koje posebnu pa\u017enju posve\u0107uje mladima, djeci i budu\u0107nosti.<\/p>\n<p data-start=\"5066\" data-end=\"5317\">Od programa za vrti\u0107ku djecu i dvije Puzijade, preko folklora, zdravstvenih i edukativnih aktivnosti, susreta sa mladima i promocije PVJ Maglaj i GSS Maglaj, do sve\u010dane akademije \u2013 gra\u0111ane o\u010dekuje sadr\u017eajan period obilje\u017eavanja Dana op\u0107ine.<\/p>\n<p data-start=\"5319\" data-end=\"5487\">Pod sloganom <strong data-start=\"5332\" data-end=\"5389\">\u201e618 godina Maglaja \u2013 grad koji \u017eivi kroz generacije\u201c<\/strong>, septembar \u0107e biti prilika da se proslavi historija grada, ali i zajedni\u0161tvo njegovih stanovnika.<\/p>\n<p data-start=\"5489\" data-end=\"5518\"><strong data-start=\"5489\" data-end=\"5518\">Sretan Dan op\u0107ine Maglaj! &#8211;\u00a0<\/strong><strong data-start=\"5520\" data-end=\"5538\" data-is-last-node=\"\">Maglaj u srcu!<\/strong><\/p>\n<p data-start=\"5489\" data-end=\"5518\"><img loading=\"lazy\" decoding=\"async\" class=\"aligncenter wp-image-196760 size-large\" src=\"https:\/\/zosradio.ba\/wp-content\/uploads\/2026\/08\/viber_image_2026-08-31_18-04-36-432-683x1024.jpg\" alt=\"\" width=\"683\" height=\"1024\" srcset=\"https:\/\/zosradio.ba\/wp-content\/uploads\/2026\/08\/viber_image_2026-08-31_18-04-36-432-683x1024.jpg 683w, https:\/\/zosradio.ba\/wp-content\/uploads\/2026\/08\/viber_image_2026-08-31_18-04-36-432-200x300.jpg 200w, https:\/\/zosradio.ba\/wp-content\/uploads\/2026\/08\/viber_image_2026-08-31_18-04-36-432-100x150.jpg 100w, https:\/\/zosradio.ba\/wp-content\/uploads\/2026\/08\/viber_image_2026-08-31_18-04-36-432-768x1152.jpg 768w, https:\/\/zosradio.ba\/wp-content\/uploads\/2026\/08\/viber_image_2026-08-31_18-04-36-432-1024x1536.jpg 1024w, https:\/\/zosradio.ba\/wp-content\/uploads\/2026\/08\/viber_image_2026-08-31_18-04-36-432-150x225.jpg 150w, https:\/\/zosradio.ba\/wp-content\/uploads\/2026\/08\/viber_image_2026-08-31_18-04-36-432-300x450.jpg 300w, https:\/\/zosradio.ba\/wp-content\/uploads\/2026\/08\/viber_image_2026-08-31_18-04-36-432-696x1044.jpg 696w, https:\/\/zosradio.ba\/wp-content\/uploads\/2026\/08\/viber_image_2026-08-31_18-04-36-432-1068x1602.jpg 1068w, https:\/\/zosradio.ba\/wp-content\/uploads\/2026\/08\/viber_image_2026-08-31_18-04-36-432.jpg 1200w\" sizes=\"auto, (max-width: 683px) 100vw, 683px\" \/><\/p>\n","protected":false},"excerpt":{"rendered":"<p>Maglaj \u0107e i ove godine septembar obilje\u017eiti u znaku tradicije, zajedni\u0161tva, kulture, muzike i dru\u017eenja. Povodom Dana op\u0107ine Maglaj 2026. godine pripremljen je bogat program pod sloganom \u201e618 godina Maglaja \u2013 grad koji \u017eivi kroz generacije\u201c, koji \u0107e od 11. do 19. septembra ponuditi sadr\u017eaje namijenjene gra\u0111anima svih generacija. Program obuhvata doga\u0111aje za najmla\u0111e, porodi\u010dna [&hellip;]<\/p>\n","protected":false},"author":3,"featured_media":107296,"comment_status":"closed","ping_status":"closed","sticky":false,"template":"","format":"standard","meta":{"_acf_changed":false,"footnotes":""},"categories":[13],"tags":[514],"class_list":["post-196636","post","type-post","status-publish","format-standard","has-post-thumbnail","category-bosna-i-hercegovina","tag-maglaj"],"acf":[],"yoast_head":"<!-- This site is optimized with the Yoast SEO Premium plugin v28.3 (Yoast SEO v28.3) - https:\/\/yoast.com\/product\/yoast-seo-premium-wordpress\/ -->\n<title>Maglaj slavi 618. ro\u0111endan: Bogat program za sve generacije, koncerti, folklor, sadr\u017eaji za djecu i porodi\u010dni dani<\/title>\n<meta name=\"description\" content=\"Maglaj \u0107e i ove godine septembar obilje\u017eiti u znaku tradicije, zajedni\u0161tva, kulture, muzike i dru\u017eenja. Povodom Dana op\u0107ine Maglaj 2026. godine\" \/>\n<meta name=\"robots\" content=\"index, follow, max-snippet:-1, max-image-preview:large, max-video-preview:-1\" \/>\n<link rel=\"canonical\" href=\"https:\/\/zosradio.ba\/index.php\/2026\/08\/31\/maglaj-slavi-618-rodjendan-bogat-program-za-sve-generacije-koncerti-folklor-sadrzaji-za-djecu-i-porodicni-dani\/\" \/>\n<meta property=\"og:locale\" content=\"bs_BA\" \/>\n<meta property=\"og:type\" content=\"article\" \/>\n<meta property=\"og:title\" content=\"Maglaj slavi 618. ro\u0111endan: Bogat program za sve generacije, koncerti, folklor, sadr\u017eaji za djecu i porodi\u010dni dani\" \/>\n<meta property=\"og:description\" content=\"Maglaj \u0107e i ove godine septembar obilje\u017eiti u znaku tradicije, zajedni\u0161tva, kulture, muzike i dru\u017eenja. Povodom Dana op\u0107ine Maglaj 2026. godine\" \/>\n<meta property=\"og:url\" content=\"https:\/\/zosradio.ba\/index.php\/2026\/08\/31\/maglaj-slavi-618-rodjendan-bogat-program-za-sve-generacije-koncerti-folklor-sadrzaji-za-djecu-i-porodicni-dani\/\" \/>\n<meta property=\"og:site_name\" content=\"ZOS radio\" \/>\n<meta property=\"article:publisher\" content=\"https:\/\/www.facebook.com\/zosradio\" \/>\n<meta property=\"article:published_time\" content=\"2026-08-31T12:53:09+00:00\" \/>\n<meta property=\"article:modified_time\" content=\"2026-08-31T16:55:50+00:00\" \/>\n<meta property=\"og:image\" content=\"https:\/\/zosradio.ba\/wp-content\/uploads\/2022\/06\/maglaj-ljeto2022-e1787904926697.jpg\" \/>\n\t<meta property=\"og:image:width\" content=\"1198\" \/>\n\t<meta property=\"og:image:height\" content=\"630\" \/>\n\t<meta property=\"og:image:type\" content=\"image\/jpeg\" \/>\n<meta name=\"author\" content=\"Redakcija\" \/>\n<meta name=\"twitter:card\" content=\"summary_large_image\" \/>\n<meta name=\"twitter:label1\" content=\"Written by\" \/>\n\t<meta name=\"twitter:data1\" content=\"Redakcija\" \/>\n\t<meta name=\"twitter:label2\" content=\"Est. reading time\" \/>\n\t<meta name=\"twitter:data2\" content=\"5 minuta\" \/>\n<script type=\"application\/ld+json\" class=\"yoast-schema-graph\">{\"@context\":\"https:\\\/\\\/schema.org\",\"@graph\":[{\"@type\":\"Article\",\"@id\":\"https:\\\/\\\/zosradio.ba\\\/index.php\\\/2026\\\/08\\\/31\\\/maglaj-slavi-618-rodjendan-bogat-program-za-sve-generacije-koncerti-folklor-sadrzaji-za-djecu-i-porodicni-dani\\\/#article\",\"isPartOf\":{\"@id\":\"https:\\\/\\\/zosradio.ba\\\/index.php\\\/2026\\\/08\\\/31\\\/maglaj-slavi-618-rodjendan-bogat-program-za-sve-generacije-koncerti-folklor-sadrzaji-za-djecu-i-porodicni-dani\\\/\"},\"author\":{\"name\":\"Redakcija\",\"@id\":\"https:\\\/\\\/zosradio.ba\\\/#\\\/schema\\\/person\\\/969b476cc96d10b46964da86b3987f7e\"},\"headline\":\"Maglaj slavi 618. ro\u0111endan: Bogat program za sve generacije, koncerti, folklor, sadr\u017eaji za djecu i porodi\u010dni dani\",\"datePublished\":\"2026-08-31T12:53:09+00:00\",\"dateModified\":\"2026-08-31T16:55:50+00:00\",\"mainEntityOfPage\":{\"@id\":\"https:\\\/\\\/zosradio.ba\\\/index.php\\\/2026\\\/08\\\/31\\\/maglaj-slavi-618-rodjendan-bogat-program-za-sve-generacije-koncerti-folklor-sadrzaji-za-djecu-i-porodicni-dani\\\/\"},\"wordCount\":774,\"image\":{\"@id\":\"https:\\\/\\\/zosradio.ba\\\/index.php\\\/2026\\\/08\\\/31\\\/maglaj-slavi-618-rodjendan-bogat-program-za-sve-generacije-koncerti-folklor-sadrzaji-za-djecu-i-porodicni-dani\\\/#primaryimage\"},\"thumbnailUrl\":\"https:\\\/\\\/zosradio.ba\\\/wp-content\\\/uploads\\\/2022\\\/06\\\/maglaj-ljeto2022-e1787904926697.jpg\",\"keywords\":[\"Maglaj\"],\"articleSection\":[\"Bosna i Hercegovina\"],\"inLanguage\":\"bs-BA\"},{\"@type\":\"WebPage\",\"@id\":\"https:\\\/\\\/zosradio.ba\\\/index.php\\\/2026\\\/08\\\/31\\\/maglaj-slavi-618-rodjendan-bogat-program-za-sve-generacije-koncerti-folklor-sadrzaji-za-djecu-i-porodicni-dani\\\/\",\"url\":\"https:\\\/\\\/zosradio.ba\\\/index.php\\\/2026\\\/08\\\/31\\\/maglaj-slavi-618-rodjendan-bogat-program-za-sve-generacije-koncerti-folklor-sadrzaji-za-djecu-i-porodicni-dani\\\/\",\"name\":\"Maglaj slavi 618. ro\u0111endan: Bogat program za sve generacije, koncerti, folklor, sadr\u017eaji za djecu i porodi\u010dni dani\",\"isPartOf\":{\"@id\":\"https:\\\/\\\/zosradio.ba\\\/#website\"},\"primaryImageOfPage\":{\"@id\":\"https:\\\/\\\/zosradio.ba\\\/index.php\\\/2026\\\/08\\\/31\\\/maglaj-slavi-618-rodjendan-bogat-program-za-sve-generacije-koncerti-folklor-sadrzaji-za-djecu-i-porodicni-dani\\\/#primaryimage\"},\"image\":{\"@id\":\"https:\\\/\\\/zosradio.ba\\\/index.php\\\/2026\\\/08\\\/31\\\/maglaj-slavi-618-rodjendan-bogat-program-za-sve-generacije-koncerti-folklor-sadrzaji-za-djecu-i-porodicni-dani\\\/#primaryimage\"},\"thumbnailUrl\":\"https:\\\/\\\/zosradio.ba\\\/wp-content\\\/uploads\\\/2022\\\/06\\\/maglaj-ljeto2022-e1787904926697.jpg\",\"datePublished\":\"2026-08-31T12:53:09+00:00\",\"dateModified\":\"2026-08-31T16:55:50+00:00\",\"author\":{\"@id\":\"https:\\\/\\\/zosradio.ba\\\/#\\\/schema\\\/person\\\/969b476cc96d10b46964da86b3987f7e\"},\"description\":\"Maglaj \u0107e i ove godine septembar obilje\u017eiti u znaku tradicije, zajedni\u0161tva, kulture, muzike i dru\u017eenja. Povodom Dana op\u0107ine Maglaj 2026. godine\",\"breadcrumb\":{\"@id\":\"https:\\\/\\\/zosradio.ba\\\/index.php\\\/2026\\\/08\\\/31\\\/maglaj-slavi-618-rodjendan-bogat-program-za-sve-generacije-koncerti-folklor-sadrzaji-za-djecu-i-porodicni-dani\\\/#breadcrumb\"},\"inLanguage\":\"bs-BA\",\"potentialAction\":[{\"@type\":\"ReadAction\",\"target\":[\"https:\\\/\\\/zosradio.ba\\\/index.php\\\/2026\\\/08\\\/31\\\/maglaj-slavi-618-rodjendan-bogat-program-za-sve-generacije-koncerti-folklor-sadrzaji-za-djecu-i-porodicni-dani\\\/\"]}]},{\"@type\":\"ImageObject\",\"inLanguage\":\"bs-BA\",\"@id\":\"https:\\\/\\\/zosradio.ba\\\/index.php\\\/2026\\\/08\\\/31\\\/maglaj-slavi-618-rodjendan-bogat-program-za-sve-generacije-koncerti-folklor-sadrzaji-za-djecu-i-porodicni-dani\\\/#primaryimage\",\"url\":\"https:\\\/\\\/zosradio.ba\\\/wp-content\\\/uploads\\\/2022\\\/06\\\/maglaj-ljeto2022-e1787904926697.jpg\",\"contentUrl\":\"https:\\\/\\\/zosradio.ba\\\/wp-content\\\/uploads\\\/2022\\\/06\\\/maglaj-ljeto2022-e1787904926697.jpg\",\"width\":1198,\"height\":630,\"caption\":\"Foto: ZOS radio\"},{\"@type\":\"BreadcrumbList\",\"@id\":\"https:\\\/\\\/zosradio.ba\\\/index.php\\\/2026\\\/08\\\/31\\\/maglaj-slavi-618-rodjendan-bogat-program-za-sve-generacije-koncerti-folklor-sadrzaji-za-djecu-i-porodicni-dani\\\/#breadcrumb\",\"itemListElement\":[{\"@type\":\"ListItem\",\"position\":1,\"name\":\"Home\",\"item\":\"https:\\\/\\\/zosradio.ba\\\/\"},{\"@type\":\"ListItem\",\"position\":2,\"name\":\"Maglaj slavi 618. ro\u0111endan: Bogat program za sve generacije, koncerti, folklor, sadr\u017eaji za djecu i porodi\u010dni dani\"}]},{\"@type\":\"WebSite\",\"@id\":\"https:\\\/\\\/zosradio.ba\\\/#website\",\"url\":\"https:\\\/\\\/zosradio.ba\\\/\",\"name\":\"ZOS radio\",\"description\":\"Mjesto provjerenih informacija\",\"potentialAction\":[{\"@type\":\"SearchAction\",\"target\":{\"@type\":\"EntryPoint\",\"urlTemplate\":\"https:\\\/\\\/zosradio.ba\\\/?s={search_term_string}\"},\"query-input\":{\"@type\":\"PropertyValueSpecification\",\"valueRequired\":true,\"valueName\":\"search_term_string\"}}],\"inLanguage\":\"bs-BA\"},{\"@type\":\"Person\",\"@id\":\"https:\\\/\\\/zosradio.ba\\\/#\\\/schema\\\/person\\\/969b476cc96d10b46964da86b3987f7e\",\"name\":\"Redakcija\",\"image\":{\"@type\":\"ImageObject\",\"inLanguage\":\"bs-BA\",\"@id\":\"https:\\\/\\\/secure.gravatar.com\\\/avatar\\\/b6dcae4aefbd26fbbf5cd5f24d98b246488432fc47a791123ad8639c99f9a13a?s=96&d=mm&r=g\",\"url\":\"https:\\\/\\\/secure.gravatar.com\\\/avatar\\\/b6dcae4aefbd26fbbf5cd5f24d98b246488432fc47a791123ad8639c99f9a13a?s=96&d=mm&r=g\",\"contentUrl\":\"https:\\\/\\\/secure.gravatar.com\\\/avatar\\\/b6dcae4aefbd26fbbf5cd5f24d98b246488432fc47a791123ad8639c99f9a13a?s=96&d=mm&r=g\",\"caption\":\"Redakcija\"},\"url\":\"https:\\\/\\\/zosradio.ba\\\/index.php\\\/author\\\/rifavhotmail-com\\\/\"}]}<\/script>\n<!-- \/ Yoast SEO Premium plugin. -->","yoast_head_json":{"title":"Maglaj slavi 618. ro\u0111endan: Bogat program za sve generacije, koncerti, folklor, sadr\u017eaji za djecu i porodi\u010dni dani","description":"Maglaj \u0107e i ove godine septembar obilje\u017eiti u znaku tradicije, zajedni\u0161tva, kulture, muzike i dru\u017eenja. Povodom Dana op\u0107ine Maglaj 2026. godine","robots":{"index":"index","follow":"follow","max-snippet":"max-snippet:-1","max-image-preview":"max-image-preview:large","max-video-preview":"max-video-preview:-1"},"canonical":"https:\/\/zosradio.ba\/index.php\/2026\/08\/31\/maglaj-slavi-618-rodjendan-bogat-program-za-sve-generacije-koncerti-folklor-sadrzaji-za-djecu-i-porodicni-dani\/","og_locale":"bs_BA","og_type":"article","og_title":"Maglaj slavi 618. ro\u0111endan: Bogat program za sve generacije, koncerti, folklor, sadr\u017eaji za djecu i porodi\u010dni dani","og_description":"Maglaj \u0107e i ove godine septembar obilje\u017eiti u znaku tradicije, zajedni\u0161tva, kulture, muzike i dru\u017eenja. Povodom Dana op\u0107ine Maglaj 2026. godine","og_url":"https:\/\/zosradio.ba\/index.php\/2026\/08\/31\/maglaj-slavi-618-rodjendan-bogat-program-za-sve-generacije-koncerti-folklor-sadrzaji-za-djecu-i-porodicni-dani\/","og_site_name":"ZOS radio","article_publisher":"https:\/\/www.facebook.com\/zosradio","article_published_time":"2026-08-31T12:53:09+00:00","article_modified_time":"2026-08-31T16:55:50+00:00","og_image":[{"width":1198,"height":630,"url":"https:\/\/zosradio.ba\/wp-content\/uploads\/2022\/06\/maglaj-ljeto2022-e1787904926697.jpg","type":"image\/jpeg"}],"author":"Redakcija","twitter_card":"summary_large_image","twitter_misc":{"Written by":"Redakcija","Est. reading time":"5 minuta"},"schema":{"@context":"https:\/\/schema.org","@graph":[{"@type":"Article","@id":"https:\/\/zosradio.ba\/index.php\/2026\/08\/31\/maglaj-slavi-618-rodjendan-bogat-program-za-sve-generacije-koncerti-folklor-sadrzaji-za-djecu-i-porodicni-dani\/#article","isPartOf":{"@id":"https:\/\/zosradio.ba\/index.php\/2026\/08\/31\/maglaj-slavi-618-rodjendan-bogat-program-za-sve-generacije-koncerti-folklor-sadrzaji-za-djecu-i-porodicni-dani\/"},"author":{"name":"Redakcija","@id":"https:\/\/zosradio.ba\/#\/schema\/person\/969b476cc96d10b46964da86b3987f7e"},"headline":"Maglaj slavi 618. ro\u0111endan: Bogat program za sve generacije, koncerti, folklor, sadr\u017eaji za djecu i porodi\u010dni dani","datePublished":"2026-08-31T12:53:09+00:00","dateModified":"2026-08-31T16:55:50+00:00","mainEntityOfPage":{"@id":"https:\/\/zosradio.ba\/index.php\/2026\/08\/31\/maglaj-slavi-618-rodjendan-bogat-program-za-sve-generacije-koncerti-folklor-sadrzaji-za-djecu-i-porodicni-dani\/"},"wordCount":774,"image":{"@id":"https:\/\/zosradio.ba\/index.php\/2026\/08\/31\/maglaj-slavi-618-rodjendan-bogat-program-za-sve-generacije-koncerti-folklor-sadrzaji-za-djecu-i-porodicni-dani\/#primaryimage"},"thumbnailUrl":"https:\/\/zosradio.ba\/wp-content\/uploads\/2022\/06\/maglaj-ljeto2022-e1787904926697.jpg","keywords":["Maglaj"],"articleSection":["Bosna i Hercegovina"],"inLanguage":"bs-BA"},{"@type":"WebPage","@id":"https:\/\/zosradio.ba\/index.php\/2026\/08\/31\/maglaj-slavi-618-rodjendan-bogat-program-za-sve-generacije-koncerti-folklor-sadrzaji-za-djecu-i-porodicni-dani\/","url":"https:\/\/zosradio.ba\/index.php\/2026\/08\/31\/maglaj-slavi-618-rodjendan-bogat-program-za-sve-generacije-koncerti-folklor-sadrzaji-za-djecu-i-porodicni-dani\/","name":"Maglaj slavi 618. ro\u0111endan: Bogat program za sve generacije, koncerti, folklor, sadr\u017eaji za djecu i porodi\u010dni dani","isPartOf":{"@id":"https:\/\/zosradio.ba\/#website"},"primaryImageOfPage":{"@id":"https:\/\/zosradio.ba\/index.php\/2026\/08\/31\/maglaj-slavi-618-rodjendan-bogat-program-za-sve-generacije-koncerti-folklor-sadrzaji-za-djecu-i-porodicni-dani\/#primaryimage"},"image":{"@id":"https:\/\/zosradio.ba\/index.php\/2026\/08\/31\/maglaj-slavi-618-rodjendan-bogat-program-za-sve-generacije-koncerti-folklor-sadrzaji-za-djecu-i-porodicni-dani\/#primaryimage"},"thumbnailUrl":"https:\/\/zosradio.ba\/wp-content\/uploads\/2022\/06\/maglaj-ljeto2022-e1787904926697.jpg","datePublished":"2026-08-31T12:53:09+00:00","dateModified":"2026-08-31T16:55:50+00:00","author":{"@id":"https:\/\/zosradio.ba\/#\/schema\/person\/969b476cc96d10b46964da86b3987f7e"},"description":"Maglaj \u0107e i ove godine septembar obilje\u017eiti u znaku tradicije, zajedni\u0161tva, kulture, muzike i dru\u017eenja. Povodom Dana op\u0107ine Maglaj 2026. godine","breadcrumb":{"@id":"https:\/\/zosradio.ba\/index.php\/2026\/08\/31\/maglaj-slavi-618-rodjendan-bogat-program-za-sve-generacije-koncerti-folklor-sadrzaji-za-djecu-i-porodicni-dani\/#breadcrumb"},"inLanguage":"bs-BA","potentialAction":[{"@type":"ReadAction","target":["https:\/\/zosradio.ba\/index.php\/2026\/08\/31\/maglaj-slavi-618-rodjendan-bogat-program-za-sve-generacije-koncerti-folklor-sadrzaji-za-djecu-i-porodicni-dani\/"]}]},{"@type":"ImageObject","inLanguage":"bs-BA","@id":"https:\/\/zosradio.ba\/index.php\/2026\/08\/31\/maglaj-slavi-618-rodjendan-bogat-program-za-sve-generacije-koncerti-folklor-sadrzaji-za-djecu-i-porodicni-dani\/#primaryimage","url":"https:\/\/zosradio.ba\/wp-content\/uploads\/2022\/06\/maglaj-ljeto2022-e1787904926697.jpg","contentUrl":"https:\/\/zosradio.ba\/wp-content\/uploads\/2022\/06\/maglaj-ljeto2022-e1787904926697.jpg","width":1198,"height":630,"caption":"Foto: ZOS radio"},{"@type":"BreadcrumbList","@id":"https:\/\/zosradio.ba\/index.php\/2026\/08\/31\/maglaj-slavi-618-rodjendan-bogat-program-za-sve-generacije-koncerti-folklor-sadrzaji-za-djecu-i-porodicni-dani\/#breadcrumb","itemListElement":[{"@type":"ListItem","position":1,"name":"Home","item":"https:\/\/zosradio.ba\/"},{"@type":"ListItem","position":2,"name":"Maglaj slavi 618. ro\u0111endan: Bogat program za sve generacije, koncerti, folklor, sadr\u017eaji za djecu i porodi\u010dni dani"}]},{"@type":"WebSite","@id":"https:\/\/zosradio.ba\/#website","url":"https:\/\/zosradio.ba\/","name":"ZOS radio","description":"Mjesto provjerenih informacija","potentialAction":[{"@type":"SearchAction","target":{"@type":"EntryPoint","urlTemplate":"https:\/\/zosradio.ba\/?s={search_term_string}"},"query-input":{"@type":"PropertyValueSpecification","valueRequired":true,"valueName":"search_term_string"}}],"inLanguage":"bs-BA"},{"@type":"Person","@id":"https:\/\/zosradio.ba\/#\/schema\/person\/969b476cc96d10b46964da86b3987f7e","name":"Redakcija","image":{"@type":"ImageObject","inLanguage":"bs-BA","@id":"https:\/\/secure.gravatar.com\/avatar\/b6dcae4aefbd26fbbf5cd5f24d98b246488432fc47a791123ad8639c99f9a13a?s=96&d=mm&r=g","url":"https:\/\/secure.gravatar.com\/avatar\/b6dcae4aefbd26fbbf5cd5f24d98b246488432fc47a791123ad8639c99f9a13a?s=96&d=mm&r=g","contentUrl":"https:\/\/secure.gravatar.com\/avatar\/b6dcae4aefbd26fbbf5cd5f24d98b246488432fc47a791123ad8639c99f9a13a?s=96&d=mm&r=g","caption":"Redakcija"},"url":"https:\/\/zosradio.ba\/index.php\/author\/rifavhotmail-com\/"}]}},"_links":{"self":[{"href":"https:\/\/zosradio.ba\/index.php\/wp-json\/wp\/v2\/posts\/196636","targetHints":{"allow":["GET"]}}],"collection":[{"href":"https:\/\/zosradio.ba\/index.php\/wp-json\/wp\/v2\/posts"}],"about":[{"href":"https:\/\/zosradio.ba\/index.php\/wp-json\/wp\/v2\/types\/post"}],"author":[{"embeddable":true,"href":"https:\/\/zosradio.ba\/index.php\/wp-json\/wp\/v2\/users\/3"}],"replies":[{"embeddable":true,"href":"https:\/\/zosradio.ba\/index.php\/wp-json\/wp\/v2\/comments?post=196636"}],"version-history":[{"count":5,"href":"https:\/\/zosradio.ba\/index.php\/wp-json\/wp\/v2\/posts\/196636\/revisions"}],"predecessor-version":[{"id":196761,"href":"https:\/\/zosradio.ba\/index.php\/wp-json\/wp\/v2\/posts\/196636\/revisions\/196761"}],"wp:featuredmedia":[{"embeddable":true,"href":"https:\/\/zosradio.ba\/index.php\/wp-json\/wp\/v2\/media\/107296"}],"wp:attachment":[{"href":"https:\/\/zosradio.ba\/index.php\/wp-json\/wp\/v2\/media?parent=196636"}],"wp:term":[{"taxonomy":"category","embeddable":true,"href":"https:\/\/zosradio.ba\/index.php\/wp-json\/wp\/v2\/categories?post=196636"},{"taxonomy":"post_tag","embeddable":true,"href":"https:\/\/zosradio.ba\/index.php\/wp-json\/wp\/v2\/tags?post=196636"}],"curies":[{"name":"wp","href":"https:\/\/api.w.org\/{rel}","templated":true}]}}