{"id":196750,"date":"2026-08-31T13:41:16","date_gmt":"2026-08-31T11:41:16","guid":{"rendered":"https:\/\/zosradio.ba\/?p=196750"},"modified":"2026-08-31T13:41:16","modified_gmt":"2026-08-31T11:41:16","slug":"porodica-uputila-apel-nestao-erduan-gemic-iz-gracanice","status":"publish","type":"post","link":"https:\/\/zosradio.ba\/index.php\/2026\/08\/31\/porodica-uputila-apel-nestao-erduan-gemic-iz-gracanice\/","title":{"rendered":"Porodica uputila apel: Nestao Erduan Gemi\u0107 iz Gra\u010danice"},"content":{"rendered":"<p>Porodica iz Gra\u010danice uputila je apel gra\u0111anima za pomo\u0107 nakon \u0161to je njihov sin Erduan Gemi\u0107 nestao, a od utorka, 25. augusta, nave\u010der mu se gubi svaki trag.<\/p>\n<p>Prema informacijama porodice,\u00a0njegova posljednja poznata lokacija bila je Ilid\u017ea u Sarajevu, dok je nestanak prijavljen policiji.<\/p>\n<p>&#8220;Dana 27. augusta 2026. godine u slu\u017ebene prostorije Policijske uprave Ilid\u017ea\u00a0pristupio je \u010dlan porodice i prijavio nestanak punoljetne mu\u0161ke osobe&#8221;, potvrdila je za portal\u00a0<a href=\"https:\/\/radiosarajevo.ba\/vijesti\/bosna-i-hercegovina\/porodica-uputila-apel-nestao-erduan-gemic-iz-gracanice\/651063?fbclid=IwY2xjawUCRGlwZG9mBWV4dG4DYWVtAjExAHNydGMGYXBwX2lkEDIyMjAzOTE3ODgyMDA4OTIAAR76ohBoq6gO711QQ3yJ6WuJXvhmdcB3OjjAT6o0rMzbNsfYrJIDGqdxn-fsTw_aem_UkXYWbgVWOZB7IYfMx6o7g\">Radiosarajevo.ba<\/a>\u00a0Mersiha Novali\u0107, glasnogovornica Ministarstva unutra\u0161njih poslova Kantona Sarajevo.<\/p>\n<p>Danas je ve\u0107\u00a0\u0161esti dan kako porodica nema nikakve informacije o Erduanu, zbog \u010dega mole gra\u0111ane da obrate pa\u017enju i jave ukoliko su ga vidjeli ili imaju bilo kakvu informaciju koja bi mogla pomo\u0107i u njegovom pronalasku.<\/p>\n<p>Sve informacije mogu se prijaviti porodici na broj telefona 063\/980-251.<\/p>\n<p>Porodica apeluje na gra\u0111ane da podijele objavu, isti\u010du\u0107i da bi\u00a0svaka informacija mogla biti od velike pomo\u0107i u pronalasku Erduana Gemi\u0107a.<\/p>\n","protected":false},"excerpt":{"rendered":"<p>Porodica iz Gra\u010danice uputila je apel gra\u0111anima za pomo\u0107 nakon \u0161to je njihov sin Erduan Gemi\u0107 nestao, a od utorka, 25. augusta, nave\u010der mu se gubi svaki trag. Prema informacijama porodice,\u00a0njegova posljednja poznata lokacija bila je Ilid\u017ea u Sarajevu, dok je nestanak prijavljen policiji. &#8220;Dana 27. augusta 2026. godine u slu\u017ebene prostorije Policijske uprave Ilid\u017ea\u00a0pristupio [&hellip;]<\/p>\n","protected":false},"author":3,"featured_media":196752,"comment_status":"closed","ping_status":"closed","sticky":false,"template":"","format":"standard","meta":{"_acf_changed":false,"footnotes":""},"categories":[13],"tags":[],"class_list":["post-196750","post","type-post","status-publish","format-standard","has-post-thumbnail","category-bosna-i-hercegovina"],"acf":[],"yoast_head":"<!-- This site is optimized with the Yoast SEO Premium plugin v28.3 (Yoast SEO v28.3) - https:\/\/yoast.com\/product\/yoast-seo-premium-wordpress\/ -->\n<title>Porodica uputila apel: Nestao Erduan Gemi\u0107 iz Gra\u010danice<\/title>\n<meta name=\"description\" content=\"Porodica iz Gra\u010danice uputila je apel gra\u0111anima za pomo\u0107 nakon \u0161to je njihov sin Erduan Gemi\u0107 nestao, a od utorka, 25. augusta, nave\u010der mu se gubi svaki\" \/>\n<meta name=\"robots\" content=\"index, follow, max-snippet:-1, max-image-preview:large, max-video-preview:-1\" \/>\n<link rel=\"canonical\" href=\"https:\/\/zosradio.ba\/index.php\/2026\/08\/31\/porodica-uputila-apel-nestao-erduan-gemic-iz-gracanice\/\" \/>\n<meta property=\"og:locale\" content=\"bs_BA\" \/>\n<meta property=\"og:type\" content=\"article\" \/>\n<meta property=\"og:title\" content=\"Porodica uputila apel: Nestao Erduan Gemi\u0107 iz Gra\u010danice\" \/>\n<meta property=\"og:description\" content=\"Porodica iz Gra\u010danice uputila je apel gra\u0111anima za pomo\u0107 nakon \u0161to je njihov sin Erduan Gemi\u0107 nestao, a od utorka, 25. augusta, nave\u010der mu se gubi svaki\" \/>\n<meta property=\"og:url\" content=\"https:\/\/zosradio.ba\/index.php\/2026\/08\/31\/porodica-uputila-apel-nestao-erduan-gemic-iz-gracanice\/\" \/>\n<meta property=\"og:site_name\" content=\"ZOS radio\" \/>\n<meta property=\"article:publisher\" content=\"https:\/\/www.facebook.com\/zosradio\" \/>\n<meta property=\"article:published_time\" content=\"2026-08-31T11:41:16+00:00\" \/>\n<meta property=\"og:image\" content=\"https:\/\/zosradio.ba\/wp-content\/uploads\/2026\/08\/erduan-gemic-facebook.webp\" \/>\n\t<meta property=\"og:image:width\" content=\"871\" \/>\n\t<meta property=\"og:image:height\" content=\"540\" \/>\n\t<meta property=\"og:image:type\" content=\"image\/webp\" \/>\n<meta name=\"author\" content=\"Redakcija\" \/>\n<meta name=\"twitter:card\" content=\"summary_large_image\" \/>\n<meta name=\"twitter:label1\" content=\"Written by\" \/>\n\t<meta name=\"twitter:data1\" content=\"Redakcija\" \/>\n\t<meta name=\"twitter:label2\" content=\"Est. reading time\" \/>\n\t<meta name=\"twitter:data2\" content=\"2 minute\" \/>\n<script type=\"application\/ld+json\" class=\"yoast-schema-graph\">{\"@context\":\"https:\\\/\\\/schema.org\",\"@graph\":[{\"@type\":\"Article\",\"@id\":\"https:\\\/\\\/zosradio.ba\\\/index.php\\\/2026\\\/08\\\/31\\\/porodica-uputila-apel-nestao-erduan-gemic-iz-gracanice\\\/#article\",\"isPartOf\":{\"@id\":\"https:\\\/\\\/zosradio.ba\\\/index.php\\\/2026\\\/08\\\/31\\\/porodica-uputila-apel-nestao-erduan-gemic-iz-gracanice\\\/\"},\"author\":{\"name\":\"Redakcija\",\"@id\":\"https:\\\/\\\/zosradio.ba\\\/#\\\/schema\\\/person\\\/969b476cc96d10b46964da86b3987f7e\"},\"headline\":\"Porodica uputila apel: Nestao Erduan Gemi\u0107 iz Gra\u010danice\",\"datePublished\":\"2026-08-31T11:41:16+00:00\",\"mainEntityOfPage\":{\"@id\":\"https:\\\/\\\/zosradio.ba\\\/index.php\\\/2026\\\/08\\\/31\\\/porodica-uputila-apel-nestao-erduan-gemic-iz-gracanice\\\/\"},\"wordCount\":170,\"image\":{\"@id\":\"https:\\\/\\\/zosradio.ba\\\/index.php\\\/2026\\\/08\\\/31\\\/porodica-uputila-apel-nestao-erduan-gemic-iz-gracanice\\\/#primaryimage\"},\"thumbnailUrl\":\"https:\\\/\\\/zosradio.ba\\\/wp-content\\\/uploads\\\/2026\\\/08\\\/erduan-gemic-facebook.webp\",\"articleSection\":[\"Bosna i Hercegovina\"],\"inLanguage\":\"bs-BA\"},{\"@type\":\"WebPage\",\"@id\":\"https:\\\/\\\/zosradio.ba\\\/index.php\\\/2026\\\/08\\\/31\\\/porodica-uputila-apel-nestao-erduan-gemic-iz-gracanice\\\/\",\"url\":\"https:\\\/\\\/zosradio.ba\\\/index.php\\\/2026\\\/08\\\/31\\\/porodica-uputila-apel-nestao-erduan-gemic-iz-gracanice\\\/\",\"name\":\"Porodica uputila apel: Nestao Erduan Gemi\u0107 iz Gra\u010danice\",\"isPartOf\":{\"@id\":\"https:\\\/\\\/zosradio.ba\\\/#website\"},\"primaryImageOfPage\":{\"@id\":\"https:\\\/\\\/zosradio.ba\\\/index.php\\\/2026\\\/08\\\/31\\\/porodica-uputila-apel-nestao-erduan-gemic-iz-gracanice\\\/#primaryimage\"},\"image\":{\"@id\":\"https:\\\/\\\/zosradio.ba\\\/index.php\\\/2026\\\/08\\\/31\\\/porodica-uputila-apel-nestao-erduan-gemic-iz-gracanice\\\/#primaryimage\"},\"thumbnailUrl\":\"https:\\\/\\\/zosradio.ba\\\/wp-content\\\/uploads\\\/2026\\\/08\\\/erduan-gemic-facebook.webp\",\"datePublished\":\"2026-08-31T11:41:16+00:00\",\"author\":{\"@id\":\"https:\\\/\\\/zosradio.ba\\\/#\\\/schema\\\/person\\\/969b476cc96d10b46964da86b3987f7e\"},\"description\":\"Porodica iz Gra\u010danice uputila je apel gra\u0111anima za pomo\u0107 nakon \u0161to je njihov sin Erduan Gemi\u0107 nestao, a od utorka, 25. augusta, nave\u010der mu se gubi svaki\",\"breadcrumb\":{\"@id\":\"https:\\\/\\\/zosradio.ba\\\/index.php\\\/2026\\\/08\\\/31\\\/porodica-uputila-apel-nestao-erduan-gemic-iz-gracanice\\\/#breadcrumb\"},\"inLanguage\":\"bs-BA\",\"potentialAction\":[{\"@type\":\"ReadAction\",\"target\":[\"https:\\\/\\\/zosradio.ba\\\/index.php\\\/2026\\\/08\\\/31\\\/porodica-uputila-apel-nestao-erduan-gemic-iz-gracanice\\\/\"]}]},{\"@type\":\"ImageObject\",\"inLanguage\":\"bs-BA\",\"@id\":\"https:\\\/\\\/zosradio.ba\\\/index.php\\\/2026\\\/08\\\/31\\\/porodica-uputila-apel-nestao-erduan-gemic-iz-gracanice\\\/#primaryimage\",\"url\":\"https:\\\/\\\/zosradio.ba\\\/wp-content\\\/uploads\\\/2026\\\/08\\\/erduan-gemic-facebook.webp\",\"contentUrl\":\"https:\\\/\\\/zosradio.ba\\\/wp-content\\\/uploads\\\/2026\\\/08\\\/erduan-gemic-facebook.webp\",\"width\":871,\"height\":540},{\"@type\":\"BreadcrumbList\",\"@id\":\"https:\\\/\\\/zosradio.ba\\\/index.php\\\/2026\\\/08\\\/31\\\/porodica-uputila-apel-nestao-erduan-gemic-iz-gracanice\\\/#breadcrumb\",\"itemListElement\":[{\"@type\":\"ListItem\",\"position\":1,\"name\":\"Home\",\"item\":\"https:\\\/\\\/zosradio.ba\\\/\"},{\"@type\":\"ListItem\",\"position\":2,\"name\":\"Porodica uputila apel: Nestao Erduan Gemi\u0107 iz Gra\u010danice\"}]},{\"@type\":\"WebSite\",\"@id\":\"https:\\\/\\\/zosradio.ba\\\/#website\",\"url\":\"https:\\\/\\\/zosradio.ba\\\/\",\"name\":\"ZOS radio\",\"description\":\"Mjesto provjerenih informacija\",\"potentialAction\":[{\"@type\":\"SearchAction\",\"target\":{\"@type\":\"EntryPoint\",\"urlTemplate\":\"https:\\\/\\\/zosradio.ba\\\/?s={search_term_string}\"},\"query-input\":{\"@type\":\"PropertyValueSpecification\",\"valueRequired\":true,\"valueName\":\"search_term_string\"}}],\"inLanguage\":\"bs-BA\"},{\"@type\":\"Person\",\"@id\":\"https:\\\/\\\/zosradio.ba\\\/#\\\/schema\\\/person\\\/969b476cc96d10b46964da86b3987f7e\",\"name\":\"Redakcija\",\"image\":{\"@type\":\"ImageObject\",\"inLanguage\":\"bs-BA\",\"@id\":\"https:\\\/\\\/secure.gravatar.com\\\/avatar\\\/b6dcae4aefbd26fbbf5cd5f24d98b246488432fc47a791123ad8639c99f9a13a?s=96&d=mm&r=g\",\"url\":\"https:\\\/\\\/secure.gravatar.com\\\/avatar\\\/b6dcae4aefbd26fbbf5cd5f24d98b246488432fc47a791123ad8639c99f9a13a?s=96&d=mm&r=g\",\"contentUrl\":\"https:\\\/\\\/secure.gravatar.com\\\/avatar\\\/b6dcae4aefbd26fbbf5cd5f24d98b246488432fc47a791123ad8639c99f9a13a?s=96&d=mm&r=g\",\"caption\":\"Redakcija\"},\"url\":\"https:\\\/\\\/zosradio.ba\\\/index.php\\\/author\\\/rifavhotmail-com\\\/\"}]}<\/script>\n<!-- \/ Yoast SEO Premium plugin. -->","yoast_head_json":{"title":"Porodica uputila apel: Nestao Erduan Gemi\u0107 iz Gra\u010danice","description":"Porodica iz Gra\u010danice uputila je apel gra\u0111anima za pomo\u0107 nakon \u0161to je njihov sin Erduan Gemi\u0107 nestao, a od utorka, 25. augusta, nave\u010der mu se gubi svaki","robots":{"index":"index","follow":"follow","max-snippet":"max-snippet:-1","max-image-preview":"max-image-preview:large","max-video-preview":"max-video-preview:-1"},"canonical":"https:\/\/zosradio.ba\/index.php\/2026\/08\/31\/porodica-uputila-apel-nestao-erduan-gemic-iz-gracanice\/","og_locale":"bs_BA","og_type":"article","og_title":"Porodica uputila apel: Nestao Erduan Gemi\u0107 iz Gra\u010danice","og_description":"Porodica iz Gra\u010danice uputila je apel gra\u0111anima za pomo\u0107 nakon \u0161to je njihov sin Erduan Gemi\u0107 nestao, a od utorka, 25. augusta, nave\u010der mu se gubi svaki","og_url":"https:\/\/zosradio.ba\/index.php\/2026\/08\/31\/porodica-uputila-apel-nestao-erduan-gemic-iz-gracanice\/","og_site_name":"ZOS radio","article_publisher":"https:\/\/www.facebook.com\/zosradio","article_published_time":"2026-08-31T11:41:16+00:00","og_image":[{"width":871,"height":540,"url":"https:\/\/zosradio.ba\/wp-content\/uploads\/2026\/08\/erduan-gemic-facebook.webp","type":"image\/webp"}],"author":"Redakcija","twitter_card":"summary_large_image","twitter_misc":{"Written by":"Redakcija","Est. reading time":"2 minute"},"schema":{"@context":"https:\/\/schema.org","@graph":[{"@type":"Article","@id":"https:\/\/zosradio.ba\/index.php\/2026\/08\/31\/porodica-uputila-apel-nestao-erduan-gemic-iz-gracanice\/#article","isPartOf":{"@id":"https:\/\/zosradio.ba\/index.php\/2026\/08\/31\/porodica-uputila-apel-nestao-erduan-gemic-iz-gracanice\/"},"author":{"name":"Redakcija","@id":"https:\/\/zosradio.ba\/#\/schema\/person\/969b476cc96d10b46964da86b3987f7e"},"headline":"Porodica uputila apel: Nestao Erduan Gemi\u0107 iz Gra\u010danice","datePublished":"2026-08-31T11:41:16+00:00","mainEntityOfPage":{"@id":"https:\/\/zosradio.ba\/index.php\/2026\/08\/31\/porodica-uputila-apel-nestao-erduan-gemic-iz-gracanice\/"},"wordCount":170,"image":{"@id":"https:\/\/zosradio.ba\/index.php\/2026\/08\/31\/porodica-uputila-apel-nestao-erduan-gemic-iz-gracanice\/#primaryimage"},"thumbnailUrl":"https:\/\/zosradio.ba\/wp-content\/uploads\/2026\/08\/erduan-gemic-facebook.webp","articleSection":["Bosna i Hercegovina"],"inLanguage":"bs-BA"},{"@type":"WebPage","@id":"https:\/\/zosradio.ba\/index.php\/2026\/08\/31\/porodica-uputila-apel-nestao-erduan-gemic-iz-gracanice\/","url":"https:\/\/zosradio.ba\/index.php\/2026\/08\/31\/porodica-uputila-apel-nestao-erduan-gemic-iz-gracanice\/","name":"Porodica uputila apel: Nestao Erduan Gemi\u0107 iz Gra\u010danice","isPartOf":{"@id":"https:\/\/zosradio.ba\/#website"},"primaryImageOfPage":{"@id":"https:\/\/zosradio.ba\/index.php\/2026\/08\/31\/porodica-uputila-apel-nestao-erduan-gemic-iz-gracanice\/#primaryimage"},"image":{"@id":"https:\/\/zosradio.ba\/index.php\/2026\/08\/31\/porodica-uputila-apel-nestao-erduan-gemic-iz-gracanice\/#primaryimage"},"thumbnailUrl":"https:\/\/zosradio.ba\/wp-content\/uploads\/2026\/08\/erduan-gemic-facebook.webp","datePublished":"2026-08-31T11:41:16+00:00","author":{"@id":"https:\/\/zosradio.ba\/#\/schema\/person\/969b476cc96d10b46964da86b3987f7e"},"description":"Porodica iz Gra\u010danice uputila je apel gra\u0111anima za pomo\u0107 nakon \u0161to je njihov sin Erduan Gemi\u0107 nestao, a od utorka, 25. augusta, nave\u010der mu se gubi svaki","breadcrumb":{"@id":"https:\/\/zosradio.ba\/index.php\/2026\/08\/31\/porodica-uputila-apel-nestao-erduan-gemic-iz-gracanice\/#breadcrumb"},"inLanguage":"bs-BA","potentialAction":[{"@type":"ReadAction","target":["https:\/\/zosradio.ba\/index.php\/2026\/08\/31\/porodica-uputila-apel-nestao-erduan-gemic-iz-gracanice\/"]}]},{"@type":"ImageObject","inLanguage":"bs-BA","@id":"https:\/\/zosradio.ba\/index.php\/2026\/08\/31\/porodica-uputila-apel-nestao-erduan-gemic-iz-gracanice\/#primaryimage","url":"https:\/\/zosradio.ba\/wp-content\/uploads\/2026\/08\/erduan-gemic-facebook.webp","contentUrl":"https:\/\/zosradio.ba\/wp-content\/uploads\/2026\/08\/erduan-gemic-facebook.webp","width":871,"height":540},{"@type":"BreadcrumbList","@id":"https:\/\/zosradio.ba\/index.php\/2026\/08\/31\/porodica-uputila-apel-nestao-erduan-gemic-iz-gracanice\/#breadcrumb","itemListElement":[{"@type":"ListItem","position":1,"name":"Home","item":"https:\/\/zosradio.ba\/"},{"@type":"ListItem","position":2,"name":"Porodica uputila apel: Nestao Erduan Gemi\u0107 iz Gra\u010danice"}]},{"@type":"WebSite","@id":"https:\/\/zosradio.ba\/#website","url":"https:\/\/zosradio.ba\/","name":"ZOS radio","description":"Mjesto provjerenih informacija","potentialAction":[{"@type":"SearchAction","target":{"@type":"EntryPoint","urlTemplate":"https:\/\/zosradio.ba\/?s={search_term_string}"},"query-input":{"@type":"PropertyValueSpecification","valueRequired":true,"valueName":"search_term_string"}}],"inLanguage":"bs-BA"},{"@type":"Person","@id":"https:\/\/zosradio.ba\/#\/schema\/person\/969b476cc96d10b46964da86b3987f7e","name":"Redakcija","image":{"@type":"ImageObject","inLanguage":"bs-BA","@id":"https:\/\/secure.gravatar.com\/avatar\/b6dcae4aefbd26fbbf5cd5f24d98b246488432fc47a791123ad8639c99f9a13a?s=96&d=mm&r=g","url":"https:\/\/secure.gravatar.com\/avatar\/b6dcae4aefbd26fbbf5cd5f24d98b246488432fc47a791123ad8639c99f9a13a?s=96&d=mm&r=g","contentUrl":"https:\/\/secure.gravatar.com\/avatar\/b6dcae4aefbd26fbbf5cd5f24d98b246488432fc47a791123ad8639c99f9a13a?s=96&d=mm&r=g","caption":"Redakcija"},"url":"https:\/\/zosradio.ba\/index.php\/author\/rifavhotmail-com\/"}]}},"_links":{"self":[{"href":"https:\/\/zosradio.ba\/index.php\/wp-json\/wp\/v2\/posts\/196750","targetHints":{"allow":["GET"]}}],"collection":[{"href":"https:\/\/zosradio.ba\/index.php\/wp-json\/wp\/v2\/posts"}],"about":[{"href":"https:\/\/zosradio.ba\/index.php\/wp-json\/wp\/v2\/types\/post"}],"author":[{"embeddable":true,"href":"https:\/\/zosradio.ba\/index.php\/wp-json\/wp\/v2\/users\/3"}],"replies":[{"embeddable":true,"href":"https:\/\/zosradio.ba\/index.php\/wp-json\/wp\/v2\/comments?post=196750"}],"version-history":[{"count":1,"href":"https:\/\/zosradio.ba\/index.php\/wp-json\/wp\/v2\/posts\/196750\/revisions"}],"predecessor-version":[{"id":196751,"href":"https:\/\/zosradio.ba\/index.php\/wp-json\/wp\/v2\/posts\/196750\/revisions\/196751"}],"wp:featuredmedia":[{"embeddable":true,"href":"https:\/\/zosradio.ba\/index.php\/wp-json\/wp\/v2\/media\/196752"}],"wp:attachment":[{"href":"https:\/\/zosradio.ba\/index.php\/wp-json\/wp\/v2\/media?parent=196750"}],"wp:term":[{"taxonomy":"category","embeddable":true,"href":"https:\/\/zosradio.ba\/index.php\/wp-json\/wp\/v2\/categories?post=196750"},{"taxonomy":"post_tag","embeddable":true,"href":"https:\/\/zosradio.ba\/index.php\/wp-json\/wp\/v2\/tags?post=196750"}],"curies":[{"name":"wp","href":"https:\/\/api.w.org\/{rel}","templated":true}]}}