{"id":196814,"date":"2026-09-01T14:12:22","date_gmt":"2026-09-01T12:12:22","guid":{"rendered":"https:\/\/zosradio.ba\/?p=196814"},"modified":"2026-09-01T14:12:22","modified_gmt":"2026-09-01T12:12:22","slug":"prva-gimnazija-zasjala-u-novom-ruhu-u-tenderskoj-proceduri-u-zenici-projekti-vrijedni-5-miliona-km","status":"publish","type":"post","link":"https:\/\/zosradio.ba\/index.php\/2026\/09\/01\/prva-gimnazija-zasjala-u-novom-ruhu-u-tenderskoj-proceduri-u-zenici-projekti-vrijedni-5-miliona-km\/","title":{"rendered":"Prva gimnazija zasjala u novom ruhu &#8211; u tenderskoj proceduri u Zenici projekti vrijedni 5 miliona KM"},"content":{"rendered":"<p>Zgrada Prve gimnazije u Zenici zasjala je u novom ruhu &#8211; ljep\u0161a, toplija i ugodnija za boravak u\u010denika i nastavnika, zahvaljuju\u0107i investiciji Vlade Zeni\u010dko-dobojskog kantona od pola miliona KM. Prva gimnazija je dobila novu fasadu i vanjsku stolariju, u toku su radovi na sanaciji krova i stropa pasarele, a ove sedmice je planirano potpisivanje ugovora za ure\u0111enje vanjskog i unutra\u0161njeg dvori\u0161ta.<\/p>\n<p>&#8211; Prva gimnazija je inkubator znanja u kojem decenijama stasavaju generacije koje su obilje\u017eile nauku, kulturu, obrazovanje i javni \u017eivot, ne samo u Zenici nego i \u0161irom BiH, ali i izvan granica. Ona je i jedan od simbola Zenice, kojem smo vratili sjaj koji zaslu\u017euje &#8211; rekao je premijer Nezir Pivi\u0107 obra\u0107aju\u0107i se u\u010desnicima priredbe organizovane povodom Dana Zeni\u010dko-dobojskog kantona.<\/p>\n<p>Istakao je da je Vlada koju predvodi posve\u0107ena velikim razvojnim projektima, navode\u0107i kao primjer rekonstrukciju bazena Industrijske \u0161kole u Zenici, koji \u0107e ovog mjeseca primiti prve pliva\u010de deceniju nakon zatvaranja, ali i projekt izgradnje Nacionalnog stadiona na Bilinom polju, u kojem Vlada ima zna\u010dajno u\u010de\u0161\u0107e.<\/p>\n<p>Naveo je da su u tenderskoj proceduri projekti u Zenici vrijedni preko 5 miliona maraka.<\/p>\n<figure id=\"attachment_196822\" aria-describedby=\"caption-attachment-196822\" style=\"width: 696px\" class=\"wp-caption aligncenter\"><img loading=\"lazy\" decoding=\"async\" class=\"wp-image-196822 size-large\" src=\"https:\/\/zosradio.ba\/wp-content\/uploads\/2026\/09\/pgz-vlada-5-1024x683.jpg\" alt=\"\" width=\"696\" height=\"464\" srcset=\"https:\/\/zosradio.ba\/wp-content\/uploads\/2026\/09\/pgz-vlada-5-1024x683.jpg 1024w, https:\/\/zosradio.ba\/wp-content\/uploads\/2026\/09\/pgz-vlada-5-300x200.jpg 300w, https:\/\/zosradio.ba\/wp-content\/uploads\/2026\/09\/pgz-vlada-5-150x100.jpg 150w, https:\/\/zosradio.ba\/wp-content\/uploads\/2026\/09\/pgz-vlada-5-768x512.jpg 768w, https:\/\/zosradio.ba\/wp-content\/uploads\/2026\/09\/pgz-vlada-5-1536x1024.jpg 1536w, https:\/\/zosradio.ba\/wp-content\/uploads\/2026\/09\/pgz-vlada-5-696x464.jpg 696w, https:\/\/zosradio.ba\/wp-content\/uploads\/2026\/09\/pgz-vlada-5-1068x712.jpg 1068w, https:\/\/zosradio.ba\/wp-content\/uploads\/2026\/09\/pgz-vlada-5.jpg 1920w\" sizes=\"auto, (max-width: 696px) 100vw, 696px\" \/><figcaption id=\"caption-attachment-196822\" class=\"wp-caption-text\">zdk.ba<\/figcaption><\/figure>\n<p>Ministar za obrazovanje, nauku, kulturu i sport Mirza Mu\u0161ija rekao je da je ponosan \u0161to je dio tima koji se posvetio razvojnim projektima u oblasti obrazovanja, sporta i kulture, ali i zna\u010dajnom unapre\u0111enju materijalnog polo\u017eaja prosvjetnih radnika kroz pove\u0107anje plata i naknada, po \u010demu je ovaj kanton u samom vrhu u Federaciji BiH.<\/p>\n<p>&nbsp;<\/p>\n<p>Direktorica Prve gimnazije Melisa Begovi\u0107 zahvalila se Vladi i resornom ministarstvu za razumijevanje potreba i podr\u0161ku razvoju ove \u0161kole, koja je pro\u0161le godine proslavila 80 godina postojanja.<\/p>\n","protected":false},"excerpt":{"rendered":"<p>Zgrada Prve gimnazije u Zenici zasjala je u novom ruhu &#8211; ljep\u0161a, toplija i ugodnija za boravak u\u010denika i nastavnika, zahvaljuju\u0107i investiciji Vlade Zeni\u010dko-dobojskog kantona od pola miliona KM. Prva gimnazija je dobila novu fasadu i vanjsku stolariju, u toku su radovi na sanaciji krova i stropa pasarele, a ove sedmice je planirano potpisivanje ugovora [&hellip;]<\/p>\n","protected":false},"author":3,"featured_media":196821,"comment_status":"closed","ping_status":"closed","sticky":false,"template":"","format":"standard","meta":{"_acf_changed":false,"footnotes":""},"categories":[13],"tags":[],"class_list":["post-196814","post","type-post","status-publish","format-standard","has-post-thumbnail","category-bosna-i-hercegovina"],"acf":[],"yoast_head":"<!-- This site is optimized with the Yoast SEO Premium plugin v28.3 (Yoast SEO v28.3) - https:\/\/yoast.com\/product\/yoast-seo-premium-wordpress\/ -->\n<title>Prva gimnazija zasjala u novom ruhu - u tenderskoj proceduri u Zenici projekti vrijedni 5 miliona KM<\/title>\n<meta name=\"description\" content=\"Zgrada Prve gimnazije u Zenici zasjala je u novom ruhu - ljep\u0161a, toplija i ugodnija za boravak u\u010denika i nastavnika, zahvaljuju\u0107i investiciji Vlade\" \/>\n<meta name=\"robots\" content=\"index, follow, max-snippet:-1, max-image-preview:large, max-video-preview:-1\" \/>\n<link rel=\"canonical\" href=\"https:\/\/zosradio.ba\/index.php\/2026\/09\/01\/prva-gimnazija-zasjala-u-novom-ruhu-u-tenderskoj-proceduri-u-zenici-projekti-vrijedni-5-miliona-km\/\" \/>\n<meta property=\"og:locale\" content=\"bs_BA\" \/>\n<meta property=\"og:type\" content=\"article\" \/>\n<meta property=\"og:title\" content=\"Prva gimnazija zasjala u novom ruhu - u tenderskoj proceduri u Zenici projekti vrijedni 5 miliona KM\" \/>\n<meta property=\"og:description\" content=\"Zgrada Prve gimnazije u Zenici zasjala je u novom ruhu - ljep\u0161a, toplija i ugodnija za boravak u\u010denika i nastavnika, zahvaljuju\u0107i investiciji Vlade\" \/>\n<meta property=\"og:url\" content=\"https:\/\/zosradio.ba\/index.php\/2026\/09\/01\/prva-gimnazija-zasjala-u-novom-ruhu-u-tenderskoj-proceduri-u-zenici-projekti-vrijedni-5-miliona-km\/\" \/>\n<meta property=\"og:site_name\" content=\"ZOS radio\" \/>\n<meta property=\"article:publisher\" content=\"https:\/\/www.facebook.com\/zosradio\" \/>\n<meta property=\"article:published_time\" content=\"2026-09-01T12:12:22+00:00\" \/>\n<meta property=\"og:image\" content=\"https:\/\/zosradio.ba\/wp-content\/uploads\/2026\/09\/pgz-vlada-7.jpg\" \/>\n\t<meta property=\"og:image:width\" content=\"1920\" \/>\n\t<meta property=\"og:image:height\" content=\"1280\" \/>\n\t<meta property=\"og:image:type\" content=\"image\/jpeg\" \/>\n<meta name=\"author\" content=\"Redakcija\" \/>\n<meta name=\"twitter:card\" content=\"summary_large_image\" \/>\n<meta name=\"twitter:label1\" content=\"Written by\" \/>\n\t<meta name=\"twitter:data1\" content=\"Redakcija\" \/>\n\t<meta name=\"twitter:label2\" content=\"Est. reading time\" \/>\n\t<meta name=\"twitter:data2\" content=\"2 minute\" \/>\n<script type=\"application\/ld+json\" class=\"yoast-schema-graph\">{\"@context\":\"https:\\\/\\\/schema.org\",\"@graph\":[{\"@type\":\"Article\",\"@id\":\"https:\\\/\\\/zosradio.ba\\\/index.php\\\/2026\\\/09\\\/01\\\/prva-gimnazija-zasjala-u-novom-ruhu-u-tenderskoj-proceduri-u-zenici-projekti-vrijedni-5-miliona-km\\\/#article\",\"isPartOf\":{\"@id\":\"https:\\\/\\\/zosradio.ba\\\/index.php\\\/2026\\\/09\\\/01\\\/prva-gimnazija-zasjala-u-novom-ruhu-u-tenderskoj-proceduri-u-zenici-projekti-vrijedni-5-miliona-km\\\/\"},\"author\":{\"name\":\"Redakcija\",\"@id\":\"https:\\\/\\\/zosradio.ba\\\/#\\\/schema\\\/person\\\/969b476cc96d10b46964da86b3987f7e\"},\"headline\":\"Prva gimnazija zasjala u novom ruhu &#8211; u tenderskoj proceduri u Zenici projekti vrijedni 5 miliona KM\",\"datePublished\":\"2026-09-01T12:12:22+00:00\",\"mainEntityOfPage\":{\"@id\":\"https:\\\/\\\/zosradio.ba\\\/index.php\\\/2026\\\/09\\\/01\\\/prva-gimnazija-zasjala-u-novom-ruhu-u-tenderskoj-proceduri-u-zenici-projekti-vrijedni-5-miliona-km\\\/\"},\"wordCount\":311,\"image\":{\"@id\":\"https:\\\/\\\/zosradio.ba\\\/index.php\\\/2026\\\/09\\\/01\\\/prva-gimnazija-zasjala-u-novom-ruhu-u-tenderskoj-proceduri-u-zenici-projekti-vrijedni-5-miliona-km\\\/#primaryimage\"},\"thumbnailUrl\":\"https:\\\/\\\/zosradio.ba\\\/wp-content\\\/uploads\\\/2026\\\/09\\\/pgz-vlada-7.jpg\",\"articleSection\":[\"Bosna i Hercegovina\"],\"inLanguage\":\"bs-BA\"},{\"@type\":\"WebPage\",\"@id\":\"https:\\\/\\\/zosradio.ba\\\/index.php\\\/2026\\\/09\\\/01\\\/prva-gimnazija-zasjala-u-novom-ruhu-u-tenderskoj-proceduri-u-zenici-projekti-vrijedni-5-miliona-km\\\/\",\"url\":\"https:\\\/\\\/zosradio.ba\\\/index.php\\\/2026\\\/09\\\/01\\\/prva-gimnazija-zasjala-u-novom-ruhu-u-tenderskoj-proceduri-u-zenici-projekti-vrijedni-5-miliona-km\\\/\",\"name\":\"Prva gimnazija zasjala u novom ruhu - u tenderskoj proceduri u Zenici projekti vrijedni 5 miliona KM\",\"isPartOf\":{\"@id\":\"https:\\\/\\\/zosradio.ba\\\/#website\"},\"primaryImageOfPage\":{\"@id\":\"https:\\\/\\\/zosradio.ba\\\/index.php\\\/2026\\\/09\\\/01\\\/prva-gimnazija-zasjala-u-novom-ruhu-u-tenderskoj-proceduri-u-zenici-projekti-vrijedni-5-miliona-km\\\/#primaryimage\"},\"image\":{\"@id\":\"https:\\\/\\\/zosradio.ba\\\/index.php\\\/2026\\\/09\\\/01\\\/prva-gimnazija-zasjala-u-novom-ruhu-u-tenderskoj-proceduri-u-zenici-projekti-vrijedni-5-miliona-km\\\/#primaryimage\"},\"thumbnailUrl\":\"https:\\\/\\\/zosradio.ba\\\/wp-content\\\/uploads\\\/2026\\\/09\\\/pgz-vlada-7.jpg\",\"datePublished\":\"2026-09-01T12:12:22+00:00\",\"author\":{\"@id\":\"https:\\\/\\\/zosradio.ba\\\/#\\\/schema\\\/person\\\/969b476cc96d10b46964da86b3987f7e\"},\"description\":\"Zgrada Prve gimnazije u Zenici zasjala je u novom ruhu - ljep\u0161a, toplija i ugodnija za boravak u\u010denika i nastavnika, zahvaljuju\u0107i investiciji Vlade\",\"breadcrumb\":{\"@id\":\"https:\\\/\\\/zosradio.ba\\\/index.php\\\/2026\\\/09\\\/01\\\/prva-gimnazija-zasjala-u-novom-ruhu-u-tenderskoj-proceduri-u-zenici-projekti-vrijedni-5-miliona-km\\\/#breadcrumb\"},\"inLanguage\":\"bs-BA\",\"potentialAction\":[{\"@type\":\"ReadAction\",\"target\":[\"https:\\\/\\\/zosradio.ba\\\/index.php\\\/2026\\\/09\\\/01\\\/prva-gimnazija-zasjala-u-novom-ruhu-u-tenderskoj-proceduri-u-zenici-projekti-vrijedni-5-miliona-km\\\/\"]}]},{\"@type\":\"ImageObject\",\"inLanguage\":\"bs-BA\",\"@id\":\"https:\\\/\\\/zosradio.ba\\\/index.php\\\/2026\\\/09\\\/01\\\/prva-gimnazija-zasjala-u-novom-ruhu-u-tenderskoj-proceduri-u-zenici-projekti-vrijedni-5-miliona-km\\\/#primaryimage\",\"url\":\"https:\\\/\\\/zosradio.ba\\\/wp-content\\\/uploads\\\/2026\\\/09\\\/pgz-vlada-7.jpg\",\"contentUrl\":\"https:\\\/\\\/zosradio.ba\\\/wp-content\\\/uploads\\\/2026\\\/09\\\/pgz-vlada-7.jpg\",\"width\":1920,\"height\":1280,\"caption\":\"zdk.ba\"},{\"@type\":\"BreadcrumbList\",\"@id\":\"https:\\\/\\\/zosradio.ba\\\/index.php\\\/2026\\\/09\\\/01\\\/prva-gimnazija-zasjala-u-novom-ruhu-u-tenderskoj-proceduri-u-zenici-projekti-vrijedni-5-miliona-km\\\/#breadcrumb\",\"itemListElement\":[{\"@type\":\"ListItem\",\"position\":1,\"name\":\"Home\",\"item\":\"https:\\\/\\\/zosradio.ba\\\/\"},{\"@type\":\"ListItem\",\"position\":2,\"name\":\"Prva gimnazija zasjala u novom ruhu &#8211; u tenderskoj proceduri u Zenici projekti vrijedni 5 miliona KM\"}]},{\"@type\":\"WebSite\",\"@id\":\"https:\\\/\\\/zosradio.ba\\\/#website\",\"url\":\"https:\\\/\\\/zosradio.ba\\\/\",\"name\":\"ZOS radio\",\"description\":\"Mjesto provjerenih informacija\",\"potentialAction\":[{\"@type\":\"SearchAction\",\"target\":{\"@type\":\"EntryPoint\",\"urlTemplate\":\"https:\\\/\\\/zosradio.ba\\\/?s={search_term_string}\"},\"query-input\":{\"@type\":\"PropertyValueSpecification\",\"valueRequired\":true,\"valueName\":\"search_term_string\"}}],\"inLanguage\":\"bs-BA\"},{\"@type\":\"Person\",\"@id\":\"https:\\\/\\\/zosradio.ba\\\/#\\\/schema\\\/person\\\/969b476cc96d10b46964da86b3987f7e\",\"name\":\"Redakcija\",\"image\":{\"@type\":\"ImageObject\",\"inLanguage\":\"bs-BA\",\"@id\":\"https:\\\/\\\/secure.gravatar.com\\\/avatar\\\/b6dcae4aefbd26fbbf5cd5f24d98b246488432fc47a791123ad8639c99f9a13a?s=96&d=mm&r=g\",\"url\":\"https:\\\/\\\/secure.gravatar.com\\\/avatar\\\/b6dcae4aefbd26fbbf5cd5f24d98b246488432fc47a791123ad8639c99f9a13a?s=96&d=mm&r=g\",\"contentUrl\":\"https:\\\/\\\/secure.gravatar.com\\\/avatar\\\/b6dcae4aefbd26fbbf5cd5f24d98b246488432fc47a791123ad8639c99f9a13a?s=96&d=mm&r=g\",\"caption\":\"Redakcija\"},\"url\":\"https:\\\/\\\/zosradio.ba\\\/index.php\\\/author\\\/rifavhotmail-com\\\/\"}]}<\/script>\n<!-- \/ Yoast SEO Premium plugin. -->","yoast_head_json":{"title":"Prva gimnazija zasjala u novom ruhu - u tenderskoj proceduri u Zenici projekti vrijedni 5 miliona KM","description":"Zgrada Prve gimnazije u Zenici zasjala je u novom ruhu - ljep\u0161a, toplija i ugodnija za boravak u\u010denika i nastavnika, zahvaljuju\u0107i investiciji Vlade","robots":{"index":"index","follow":"follow","max-snippet":"max-snippet:-1","max-image-preview":"max-image-preview:large","max-video-preview":"max-video-preview:-1"},"canonical":"https:\/\/zosradio.ba\/index.php\/2026\/09\/01\/prva-gimnazija-zasjala-u-novom-ruhu-u-tenderskoj-proceduri-u-zenici-projekti-vrijedni-5-miliona-km\/","og_locale":"bs_BA","og_type":"article","og_title":"Prva gimnazija zasjala u novom ruhu - u tenderskoj proceduri u Zenici projekti vrijedni 5 miliona KM","og_description":"Zgrada Prve gimnazije u Zenici zasjala je u novom ruhu - ljep\u0161a, toplija i ugodnija za boravak u\u010denika i nastavnika, zahvaljuju\u0107i investiciji Vlade","og_url":"https:\/\/zosradio.ba\/index.php\/2026\/09\/01\/prva-gimnazija-zasjala-u-novom-ruhu-u-tenderskoj-proceduri-u-zenici-projekti-vrijedni-5-miliona-km\/","og_site_name":"ZOS radio","article_publisher":"https:\/\/www.facebook.com\/zosradio","article_published_time":"2026-09-01T12:12:22+00:00","og_image":[{"width":1920,"height":1280,"url":"https:\/\/zosradio.ba\/wp-content\/uploads\/2026\/09\/pgz-vlada-7.jpg","type":"image\/jpeg"}],"author":"Redakcija","twitter_card":"summary_large_image","twitter_misc":{"Written by":"Redakcija","Est. reading time":"2 minute"},"schema":{"@context":"https:\/\/schema.org","@graph":[{"@type":"Article","@id":"https:\/\/zosradio.ba\/index.php\/2026\/09\/01\/prva-gimnazija-zasjala-u-novom-ruhu-u-tenderskoj-proceduri-u-zenici-projekti-vrijedni-5-miliona-km\/#article","isPartOf":{"@id":"https:\/\/zosradio.ba\/index.php\/2026\/09\/01\/prva-gimnazija-zasjala-u-novom-ruhu-u-tenderskoj-proceduri-u-zenici-projekti-vrijedni-5-miliona-km\/"},"author":{"name":"Redakcija","@id":"https:\/\/zosradio.ba\/#\/schema\/person\/969b476cc96d10b46964da86b3987f7e"},"headline":"Prva gimnazija zasjala u novom ruhu &#8211; u tenderskoj proceduri u Zenici projekti vrijedni 5 miliona KM","datePublished":"2026-09-01T12:12:22+00:00","mainEntityOfPage":{"@id":"https:\/\/zosradio.ba\/index.php\/2026\/09\/01\/prva-gimnazija-zasjala-u-novom-ruhu-u-tenderskoj-proceduri-u-zenici-projekti-vrijedni-5-miliona-km\/"},"wordCount":311,"image":{"@id":"https:\/\/zosradio.ba\/index.php\/2026\/09\/01\/prva-gimnazija-zasjala-u-novom-ruhu-u-tenderskoj-proceduri-u-zenici-projekti-vrijedni-5-miliona-km\/#primaryimage"},"thumbnailUrl":"https:\/\/zosradio.ba\/wp-content\/uploads\/2026\/09\/pgz-vlada-7.jpg","articleSection":["Bosna i Hercegovina"],"inLanguage":"bs-BA"},{"@type":"WebPage","@id":"https:\/\/zosradio.ba\/index.php\/2026\/09\/01\/prva-gimnazija-zasjala-u-novom-ruhu-u-tenderskoj-proceduri-u-zenici-projekti-vrijedni-5-miliona-km\/","url":"https:\/\/zosradio.ba\/index.php\/2026\/09\/01\/prva-gimnazija-zasjala-u-novom-ruhu-u-tenderskoj-proceduri-u-zenici-projekti-vrijedni-5-miliona-km\/","name":"Prva gimnazija zasjala u novom ruhu - u tenderskoj proceduri u Zenici projekti vrijedni 5 miliona KM","isPartOf":{"@id":"https:\/\/zosradio.ba\/#website"},"primaryImageOfPage":{"@id":"https:\/\/zosradio.ba\/index.php\/2026\/09\/01\/prva-gimnazija-zasjala-u-novom-ruhu-u-tenderskoj-proceduri-u-zenici-projekti-vrijedni-5-miliona-km\/#primaryimage"},"image":{"@id":"https:\/\/zosradio.ba\/index.php\/2026\/09\/01\/prva-gimnazija-zasjala-u-novom-ruhu-u-tenderskoj-proceduri-u-zenici-projekti-vrijedni-5-miliona-km\/#primaryimage"},"thumbnailUrl":"https:\/\/zosradio.ba\/wp-content\/uploads\/2026\/09\/pgz-vlada-7.jpg","datePublished":"2026-09-01T12:12:22+00:00","author":{"@id":"https:\/\/zosradio.ba\/#\/schema\/person\/969b476cc96d10b46964da86b3987f7e"},"description":"Zgrada Prve gimnazije u Zenici zasjala je u novom ruhu - ljep\u0161a, toplija i ugodnija za boravak u\u010denika i nastavnika, zahvaljuju\u0107i investiciji Vlade","breadcrumb":{"@id":"https:\/\/zosradio.ba\/index.php\/2026\/09\/01\/prva-gimnazija-zasjala-u-novom-ruhu-u-tenderskoj-proceduri-u-zenici-projekti-vrijedni-5-miliona-km\/#breadcrumb"},"inLanguage":"bs-BA","potentialAction":[{"@type":"ReadAction","target":["https:\/\/zosradio.ba\/index.php\/2026\/09\/01\/prva-gimnazija-zasjala-u-novom-ruhu-u-tenderskoj-proceduri-u-zenici-projekti-vrijedni-5-miliona-km\/"]}]},{"@type":"ImageObject","inLanguage":"bs-BA","@id":"https:\/\/zosradio.ba\/index.php\/2026\/09\/01\/prva-gimnazija-zasjala-u-novom-ruhu-u-tenderskoj-proceduri-u-zenici-projekti-vrijedni-5-miliona-km\/#primaryimage","url":"https:\/\/zosradio.ba\/wp-content\/uploads\/2026\/09\/pgz-vlada-7.jpg","contentUrl":"https:\/\/zosradio.ba\/wp-content\/uploads\/2026\/09\/pgz-vlada-7.jpg","width":1920,"height":1280,"caption":"zdk.ba"},{"@type":"BreadcrumbList","@id":"https:\/\/zosradio.ba\/index.php\/2026\/09\/01\/prva-gimnazija-zasjala-u-novom-ruhu-u-tenderskoj-proceduri-u-zenici-projekti-vrijedni-5-miliona-km\/#breadcrumb","itemListElement":[{"@type":"ListItem","position":1,"name":"Home","item":"https:\/\/zosradio.ba\/"},{"@type":"ListItem","position":2,"name":"Prva gimnazija zasjala u novom ruhu &#8211; u tenderskoj proceduri u Zenici projekti vrijedni 5 miliona KM"}]},{"@type":"WebSite","@id":"https:\/\/zosradio.ba\/#website","url":"https:\/\/zosradio.ba\/","name":"ZOS radio","description":"Mjesto provjerenih informacija","potentialAction":[{"@type":"SearchAction","target":{"@type":"EntryPoint","urlTemplate":"https:\/\/zosradio.ba\/?s={search_term_string}"},"query-input":{"@type":"PropertyValueSpecification","valueRequired":true,"valueName":"search_term_string"}}],"inLanguage":"bs-BA"},{"@type":"Person","@id":"https:\/\/zosradio.ba\/#\/schema\/person\/969b476cc96d10b46964da86b3987f7e","name":"Redakcija","image":{"@type":"ImageObject","inLanguage":"bs-BA","@id":"https:\/\/secure.gravatar.com\/avatar\/b6dcae4aefbd26fbbf5cd5f24d98b246488432fc47a791123ad8639c99f9a13a?s=96&d=mm&r=g","url":"https:\/\/secure.gravatar.com\/avatar\/b6dcae4aefbd26fbbf5cd5f24d98b246488432fc47a791123ad8639c99f9a13a?s=96&d=mm&r=g","contentUrl":"https:\/\/secure.gravatar.com\/avatar\/b6dcae4aefbd26fbbf5cd5f24d98b246488432fc47a791123ad8639c99f9a13a?s=96&d=mm&r=g","caption":"Redakcija"},"url":"https:\/\/zosradio.ba\/index.php\/author\/rifavhotmail-com\/"}]}},"_links":{"self":[{"href":"https:\/\/zosradio.ba\/index.php\/wp-json\/wp\/v2\/posts\/196814","targetHints":{"allow":["GET"]}}],"collection":[{"href":"https:\/\/zosradio.ba\/index.php\/wp-json\/wp\/v2\/posts"}],"about":[{"href":"https:\/\/zosradio.ba\/index.php\/wp-json\/wp\/v2\/types\/post"}],"author":[{"embeddable":true,"href":"https:\/\/zosradio.ba\/index.php\/wp-json\/wp\/v2\/users\/3"}],"replies":[{"embeddable":true,"href":"https:\/\/zosradio.ba\/index.php\/wp-json\/wp\/v2\/comments?post=196814"}],"version-history":[{"count":1,"href":"https:\/\/zosradio.ba\/index.php\/wp-json\/wp\/v2\/posts\/196814\/revisions"}],"predecessor-version":[{"id":196823,"href":"https:\/\/zosradio.ba\/index.php\/wp-json\/wp\/v2\/posts\/196814\/revisions\/196823"}],"wp:featuredmedia":[{"embeddable":true,"href":"https:\/\/zosradio.ba\/index.php\/wp-json\/wp\/v2\/media\/196821"}],"wp:attachment":[{"href":"https:\/\/zosradio.ba\/index.php\/wp-json\/wp\/v2\/media?parent=196814"}],"wp:term":[{"taxonomy":"category","embeddable":true,"href":"https:\/\/zosradio.ba\/index.php\/wp-json\/wp\/v2\/categories?post=196814"},{"taxonomy":"post_tag","embeddable":true,"href":"https:\/\/zosradio.ba\/index.php\/wp-json\/wp\/v2\/tags?post=196814"}],"curies":[{"name":"wp","href":"https:\/\/api.w.org\/{rel}","templated":true}]}}