{"id":196825,"date":"2026-09-02T07:39:56","date_gmt":"2026-09-02T05:39:56","guid":{"rendered":"https:\/\/zosradio.ba\/?p=196825"},"modified":"2026-09-02T07:39:56","modified_gmt":"2026-09-02T05:39:56","slug":"suncano-uz-malu-do-umjerenu-oblacnost-temperature-do-36-stepeni","status":"publish","type":"post","link":"https:\/\/zosradio.ba\/index.php\/2026\/09\/02\/suncano-uz-malu-do-umjerenu-oblacnost-temperature-do-36-stepeni\/","title":{"rendered":"Sun\u010dano uz malu do umjerenu obla\u010dnost, temperature do 36 stepeni"},"content":{"rendered":"<p>Danas \u0107e preovladavati sun\u010dano uz malu do umjerenu obla\u010dnost, ali nije posve stabilno vrijeme. U drugoj polovini dana slabi lokalni pljuskovi su najizgledniji u zapadnim, centralnim i isto\u010dnim podru\u010djima Bosne. Vjetar je slab do umjerene ja\u010dine, u Bosni ve\u0107inom isto\u010dnog i sjeveroisto\u010dnog smjera, dok je u Hercegovini i jugozapadu Bosne vjetar jugozapadnog smjera. Najni\u017ea jutarnja temperatura zraka ve\u0107inom izme\u0111u 13 i 18\u00b0C, na jugu od 20 do 25\u00b0C. Najvi\u0161a dnevna temperatura zraka uglavnom izme\u0111u 27 i 32\u00b0C, na jugu zemlje do 36\u00b0C.<\/p>\n<h4>Prognoza vremena za naredne dane<\/h4>\n<p>U \u010detvrtak 3.9.2026. u Bosni i Hercegovini sun\u010dano uz malu do umjerenu obla\u010dnost. Vjetar je slab do umjerene ja\u010dine sjevernog i sjeveroisto\u010dnog smjera. Najni\u017ea jutarnja temperatura zraka ve\u0107inom izme\u0111u 12 i 17\u00b0C, na jugu od 19 do 24\u00b0C. Najvi\u0161a dnevna temperatura zraka uglavnom izme\u0111u 27 i 32\u00b0C, na jugu do 36\u00b0C.<\/p>\n<p>U petak 4.9.2026. u Bosni i Hercegovini sun\u010dano uz malu do umjerenu obla\u010dnost. Vjetar je slab do umjerene ja\u010dine sjevernog smjera. Najni\u017ea jutarnja temperatura zraka ve\u0107inom izme\u0111u 11 i 16\u00b0C, na jugu od 18 do 22\u00b0C. Najvi\u0161a dnevna temperatura zraka uglavnom izme\u0111u 27 i 32\u00b0C, na jugu zemlje do 35\u00b0C.<\/p>\n<p>U subotu 5.9.2026. u Bosni i Hercegovini sun\u010dano uz malu do umjerenu obla\u010dnost. Vjetar je slab do umjerene ja\u010dine zapadnog i jugozapadnog smjera. Najni\u017ea jutarnja temperatura zraka ve\u0107inom izme\u0111u 12 i 17\u00b0C, na jugu od 18 do 22\u00b0C. Najvi\u0161a dnevna temperatura zraka uglavnom izme\u0111u 30 i 36\u00b0C.<\/p>\n<h4>Biometeorolo\u0161ka prognoza<\/h4>\n<p>Biometeorolo\u0161ke prilike su relativno povoljne. Jutarnji i prijepodnevni sati bi\u0107e ugodniji u ve\u0107em dijelu zemlje, dok bi u drugom dijelu dana porast naoblake i omorina, izra\u017eenije u unutra\u0161njosti, kod hroni\u010dnih bolesnika mogle uzrokovati ja\u010danje tegoba. Preporu\u010dljivo je reducirati boravak na otvorenom, te izbjegavati du\u017ee izlaganje suncu, s obzirom na o\u010dekivane visoke vrijednosti UV indeksa.<\/p>\n","protected":false},"excerpt":{"rendered":"<p>Danas \u0107e preovladavati sun\u010dano uz malu do umjerenu obla\u010dnost, ali nije posve stabilno vrijeme. U drugoj polovini dana slabi lokalni pljuskovi su najizgledniji u zapadnim, centralnim i isto\u010dnim podru\u010djima Bosne. Vjetar je slab do umjerene ja\u010dine, u Bosni ve\u0107inom isto\u010dnog i sjeveroisto\u010dnog smjera, dok je u Hercegovini i jugozapadu Bosne vjetar jugozapadnog smjera. Najni\u017ea jutarnja [&hellip;]<\/p>\n","protected":false},"author":3,"featured_media":104891,"comment_status":"closed","ping_status":"closed","sticky":false,"template":"","format":"standard","meta":{"_acf_changed":false,"footnotes":""},"categories":[13],"tags":[246],"class_list":["post-196825","post","type-post","status-publish","format-standard","has-post-thumbnail","category-bosna-i-hercegovina","tag-vremenska-prognoza"],"acf":[],"yoast_head":"<!-- This site is optimized with the Yoast SEO Premium plugin v28.3 (Yoast SEO v28.3) - https:\/\/yoast.com\/product\/yoast-seo-premium-wordpress\/ -->\n<title>Sun\u010dano uz malu do umjerenu obla\u010dnost, temperature do 36 stepeni<\/title>\n<meta name=\"description\" content=\"Danas \u0107e preovladavati sun\u010dano uz malu do umjerenu obla\u010dnost, ali nije posve stabilno vrijeme. U drugoj polovini dana slabi lokalni pljuskovi su\" \/>\n<meta name=\"robots\" content=\"index, follow, max-snippet:-1, max-image-preview:large, max-video-preview:-1\" \/>\n<link rel=\"canonical\" href=\"https:\/\/zosradio.ba\/index.php\/2026\/09\/02\/suncano-uz-malu-do-umjerenu-oblacnost-temperature-do-36-stepeni\/\" \/>\n<meta property=\"og:locale\" content=\"bs_BA\" \/>\n<meta property=\"og:type\" content=\"article\" \/>\n<meta property=\"og:title\" content=\"Sun\u010dano uz malu do umjerenu obla\u010dnost, temperature do 36 stepeni\" \/>\n<meta property=\"og:description\" content=\"Danas \u0107e preovladavati sun\u010dano uz malu do umjerenu obla\u010dnost, ali nije posve stabilno vrijeme. U drugoj polovini dana slabi lokalni pljuskovi su\" \/>\n<meta property=\"og:url\" content=\"https:\/\/zosradio.ba\/index.php\/2026\/09\/02\/suncano-uz-malu-do-umjerenu-oblacnost-temperature-do-36-stepeni\/\" \/>\n<meta property=\"og:site_name\" content=\"ZOS radio\" \/>\n<meta property=\"article:publisher\" content=\"https:\/\/www.facebook.com\/zosradio\" \/>\n<meta property=\"article:published_time\" content=\"2026-09-02T05:39:56+00:00\" \/>\n<meta property=\"og:image\" content=\"https:\/\/zosradio.ba\/wp-content\/uploads\/2022\/06\/20220615_171713_PerfectlyClear-e1784031084498.jpg\" \/>\n\t<meta property=\"og:image:width\" content=\"1198\" \/>\n\t<meta property=\"og:image:height\" content=\"632\" \/>\n\t<meta property=\"og:image:type\" content=\"image\/jpeg\" \/>\n<meta name=\"author\" content=\"Redakcija\" \/>\n<meta name=\"twitter:card\" content=\"summary_large_image\" \/>\n<meta name=\"twitter:label1\" content=\"Written by\" \/>\n\t<meta name=\"twitter:data1\" content=\"Redakcija\" \/>\n\t<meta name=\"twitter:label2\" content=\"Est. reading time\" \/>\n\t<meta name=\"twitter:data2\" content=\"2 minute\" \/>\n<script type=\"application\/ld+json\" class=\"yoast-schema-graph\">{\"@context\":\"https:\\\/\\\/schema.org\",\"@graph\":[{\"@type\":\"Article\",\"@id\":\"https:\\\/\\\/zosradio.ba\\\/index.php\\\/2026\\\/09\\\/02\\\/suncano-uz-malu-do-umjerenu-oblacnost-temperature-do-36-stepeni\\\/#article\",\"isPartOf\":{\"@id\":\"https:\\\/\\\/zosradio.ba\\\/index.php\\\/2026\\\/09\\\/02\\\/suncano-uz-malu-do-umjerenu-oblacnost-temperature-do-36-stepeni\\\/\"},\"author\":{\"name\":\"Redakcija\",\"@id\":\"https:\\\/\\\/zosradio.ba\\\/#\\\/schema\\\/person\\\/969b476cc96d10b46964da86b3987f7e\"},\"headline\":\"Sun\u010dano uz malu do umjerenu obla\u010dnost, temperature do 36 stepeni\",\"datePublished\":\"2026-09-02T05:39:56+00:00\",\"mainEntityOfPage\":{\"@id\":\"https:\\\/\\\/zosradio.ba\\\/index.php\\\/2026\\\/09\\\/02\\\/suncano-uz-malu-do-umjerenu-oblacnost-temperature-do-36-stepeni\\\/\"},\"wordCount\":336,\"image\":{\"@id\":\"https:\\\/\\\/zosradio.ba\\\/index.php\\\/2026\\\/09\\\/02\\\/suncano-uz-malu-do-umjerenu-oblacnost-temperature-do-36-stepeni\\\/#primaryimage\"},\"thumbnailUrl\":\"https:\\\/\\\/zosradio.ba\\\/wp-content\\\/uploads\\\/2022\\\/06\\\/20220615_171713_PerfectlyClear-e1784031084498.jpg\",\"keywords\":[\"vremenska prognoza\"],\"articleSection\":[\"Bosna i Hercegovina\"],\"inLanguage\":\"bs-BA\"},{\"@type\":\"WebPage\",\"@id\":\"https:\\\/\\\/zosradio.ba\\\/index.php\\\/2026\\\/09\\\/02\\\/suncano-uz-malu-do-umjerenu-oblacnost-temperature-do-36-stepeni\\\/\",\"url\":\"https:\\\/\\\/zosradio.ba\\\/index.php\\\/2026\\\/09\\\/02\\\/suncano-uz-malu-do-umjerenu-oblacnost-temperature-do-36-stepeni\\\/\",\"name\":\"Sun\u010dano uz malu do umjerenu obla\u010dnost, temperature do 36 stepeni\",\"isPartOf\":{\"@id\":\"https:\\\/\\\/zosradio.ba\\\/#website\"},\"primaryImageOfPage\":{\"@id\":\"https:\\\/\\\/zosradio.ba\\\/index.php\\\/2026\\\/09\\\/02\\\/suncano-uz-malu-do-umjerenu-oblacnost-temperature-do-36-stepeni\\\/#primaryimage\"},\"image\":{\"@id\":\"https:\\\/\\\/zosradio.ba\\\/index.php\\\/2026\\\/09\\\/02\\\/suncano-uz-malu-do-umjerenu-oblacnost-temperature-do-36-stepeni\\\/#primaryimage\"},\"thumbnailUrl\":\"https:\\\/\\\/zosradio.ba\\\/wp-content\\\/uploads\\\/2022\\\/06\\\/20220615_171713_PerfectlyClear-e1784031084498.jpg\",\"datePublished\":\"2026-09-02T05:39:56+00:00\",\"author\":{\"@id\":\"https:\\\/\\\/zosradio.ba\\\/#\\\/schema\\\/person\\\/969b476cc96d10b46964da86b3987f7e\"},\"description\":\"Danas \u0107e preovladavati sun\u010dano uz malu do umjerenu obla\u010dnost, ali nije posve stabilno vrijeme. U drugoj polovini dana slabi lokalni pljuskovi su\",\"breadcrumb\":{\"@id\":\"https:\\\/\\\/zosradio.ba\\\/index.php\\\/2026\\\/09\\\/02\\\/suncano-uz-malu-do-umjerenu-oblacnost-temperature-do-36-stepeni\\\/#breadcrumb\"},\"inLanguage\":\"bs-BA\",\"potentialAction\":[{\"@type\":\"ReadAction\",\"target\":[\"https:\\\/\\\/zosradio.ba\\\/index.php\\\/2026\\\/09\\\/02\\\/suncano-uz-malu-do-umjerenu-oblacnost-temperature-do-36-stepeni\\\/\"]}]},{\"@type\":\"ImageObject\",\"inLanguage\":\"bs-BA\",\"@id\":\"https:\\\/\\\/zosradio.ba\\\/index.php\\\/2026\\\/09\\\/02\\\/suncano-uz-malu-do-umjerenu-oblacnost-temperature-do-36-stepeni\\\/#primaryimage\",\"url\":\"https:\\\/\\\/zosradio.ba\\\/wp-content\\\/uploads\\\/2022\\\/06\\\/20220615_171713_PerfectlyClear-e1784031084498.jpg\",\"contentUrl\":\"https:\\\/\\\/zosradio.ba\\\/wp-content\\\/uploads\\\/2022\\\/06\\\/20220615_171713_PerfectlyClear-e1784031084498.jpg\",\"width\":1198,\"height\":632,\"caption\":\"Te\u0161anj (Foto: R.V.\\\/zosradio.ba)\"},{\"@type\":\"BreadcrumbList\",\"@id\":\"https:\\\/\\\/zosradio.ba\\\/index.php\\\/2026\\\/09\\\/02\\\/suncano-uz-malu-do-umjerenu-oblacnost-temperature-do-36-stepeni\\\/#breadcrumb\",\"itemListElement\":[{\"@type\":\"ListItem\",\"position\":1,\"name\":\"Home\",\"item\":\"https:\\\/\\\/zosradio.ba\\\/\"},{\"@type\":\"ListItem\",\"position\":2,\"name\":\"Sun\u010dano uz malu do umjerenu obla\u010dnost, temperature do 36 stepeni\"}]},{\"@type\":\"WebSite\",\"@id\":\"https:\\\/\\\/zosradio.ba\\\/#website\",\"url\":\"https:\\\/\\\/zosradio.ba\\\/\",\"name\":\"ZOS radio\",\"description\":\"Mjesto provjerenih informacija\",\"potentialAction\":[{\"@type\":\"SearchAction\",\"target\":{\"@type\":\"EntryPoint\",\"urlTemplate\":\"https:\\\/\\\/zosradio.ba\\\/?s={search_term_string}\"},\"query-input\":{\"@type\":\"PropertyValueSpecification\",\"valueRequired\":true,\"valueName\":\"search_term_string\"}}],\"inLanguage\":\"bs-BA\"},{\"@type\":\"Person\",\"@id\":\"https:\\\/\\\/zosradio.ba\\\/#\\\/schema\\\/person\\\/969b476cc96d10b46964da86b3987f7e\",\"name\":\"Redakcija\",\"image\":{\"@type\":\"ImageObject\",\"inLanguage\":\"bs-BA\",\"@id\":\"https:\\\/\\\/secure.gravatar.com\\\/avatar\\\/b6dcae4aefbd26fbbf5cd5f24d98b246488432fc47a791123ad8639c99f9a13a?s=96&d=mm&r=g\",\"url\":\"https:\\\/\\\/secure.gravatar.com\\\/avatar\\\/b6dcae4aefbd26fbbf5cd5f24d98b246488432fc47a791123ad8639c99f9a13a?s=96&d=mm&r=g\",\"contentUrl\":\"https:\\\/\\\/secure.gravatar.com\\\/avatar\\\/b6dcae4aefbd26fbbf5cd5f24d98b246488432fc47a791123ad8639c99f9a13a?s=96&d=mm&r=g\",\"caption\":\"Redakcija\"},\"url\":\"https:\\\/\\\/zosradio.ba\\\/index.php\\\/author\\\/rifavhotmail-com\\\/\"}]}<\/script>\n<!-- \/ Yoast SEO Premium plugin. -->","yoast_head_json":{"title":"Sun\u010dano uz malu do umjerenu obla\u010dnost, temperature do 36 stepeni","description":"Danas \u0107e preovladavati sun\u010dano uz malu do umjerenu obla\u010dnost, ali nije posve stabilno vrijeme. U drugoj polovini dana slabi lokalni pljuskovi su","robots":{"index":"index","follow":"follow","max-snippet":"max-snippet:-1","max-image-preview":"max-image-preview:large","max-video-preview":"max-video-preview:-1"},"canonical":"https:\/\/zosradio.ba\/index.php\/2026\/09\/02\/suncano-uz-malu-do-umjerenu-oblacnost-temperature-do-36-stepeni\/","og_locale":"bs_BA","og_type":"article","og_title":"Sun\u010dano uz malu do umjerenu obla\u010dnost, temperature do 36 stepeni","og_description":"Danas \u0107e preovladavati sun\u010dano uz malu do umjerenu obla\u010dnost, ali nije posve stabilno vrijeme. U drugoj polovini dana slabi lokalni pljuskovi su","og_url":"https:\/\/zosradio.ba\/index.php\/2026\/09\/02\/suncano-uz-malu-do-umjerenu-oblacnost-temperature-do-36-stepeni\/","og_site_name":"ZOS radio","article_publisher":"https:\/\/www.facebook.com\/zosradio","article_published_time":"2026-09-02T05:39:56+00:00","og_image":[{"width":1198,"height":632,"url":"https:\/\/zosradio.ba\/wp-content\/uploads\/2022\/06\/20220615_171713_PerfectlyClear-e1784031084498.jpg","type":"image\/jpeg"}],"author":"Redakcija","twitter_card":"summary_large_image","twitter_misc":{"Written by":"Redakcija","Est. reading time":"2 minute"},"schema":{"@context":"https:\/\/schema.org","@graph":[{"@type":"Article","@id":"https:\/\/zosradio.ba\/index.php\/2026\/09\/02\/suncano-uz-malu-do-umjerenu-oblacnost-temperature-do-36-stepeni\/#article","isPartOf":{"@id":"https:\/\/zosradio.ba\/index.php\/2026\/09\/02\/suncano-uz-malu-do-umjerenu-oblacnost-temperature-do-36-stepeni\/"},"author":{"name":"Redakcija","@id":"https:\/\/zosradio.ba\/#\/schema\/person\/969b476cc96d10b46964da86b3987f7e"},"headline":"Sun\u010dano uz malu do umjerenu obla\u010dnost, temperature do 36 stepeni","datePublished":"2026-09-02T05:39:56+00:00","mainEntityOfPage":{"@id":"https:\/\/zosradio.ba\/index.php\/2026\/09\/02\/suncano-uz-malu-do-umjerenu-oblacnost-temperature-do-36-stepeni\/"},"wordCount":336,"image":{"@id":"https:\/\/zosradio.ba\/index.php\/2026\/09\/02\/suncano-uz-malu-do-umjerenu-oblacnost-temperature-do-36-stepeni\/#primaryimage"},"thumbnailUrl":"https:\/\/zosradio.ba\/wp-content\/uploads\/2022\/06\/20220615_171713_PerfectlyClear-e1784031084498.jpg","keywords":["vremenska prognoza"],"articleSection":["Bosna i Hercegovina"],"inLanguage":"bs-BA"},{"@type":"WebPage","@id":"https:\/\/zosradio.ba\/index.php\/2026\/09\/02\/suncano-uz-malu-do-umjerenu-oblacnost-temperature-do-36-stepeni\/","url":"https:\/\/zosradio.ba\/index.php\/2026\/09\/02\/suncano-uz-malu-do-umjerenu-oblacnost-temperature-do-36-stepeni\/","name":"Sun\u010dano uz malu do umjerenu obla\u010dnost, temperature do 36 stepeni","isPartOf":{"@id":"https:\/\/zosradio.ba\/#website"},"primaryImageOfPage":{"@id":"https:\/\/zosradio.ba\/index.php\/2026\/09\/02\/suncano-uz-malu-do-umjerenu-oblacnost-temperature-do-36-stepeni\/#primaryimage"},"image":{"@id":"https:\/\/zosradio.ba\/index.php\/2026\/09\/02\/suncano-uz-malu-do-umjerenu-oblacnost-temperature-do-36-stepeni\/#primaryimage"},"thumbnailUrl":"https:\/\/zosradio.ba\/wp-content\/uploads\/2022\/06\/20220615_171713_PerfectlyClear-e1784031084498.jpg","datePublished":"2026-09-02T05:39:56+00:00","author":{"@id":"https:\/\/zosradio.ba\/#\/schema\/person\/969b476cc96d10b46964da86b3987f7e"},"description":"Danas \u0107e preovladavati sun\u010dano uz malu do umjerenu obla\u010dnost, ali nije posve stabilno vrijeme. U drugoj polovini dana slabi lokalni pljuskovi su","breadcrumb":{"@id":"https:\/\/zosradio.ba\/index.php\/2026\/09\/02\/suncano-uz-malu-do-umjerenu-oblacnost-temperature-do-36-stepeni\/#breadcrumb"},"inLanguage":"bs-BA","potentialAction":[{"@type":"ReadAction","target":["https:\/\/zosradio.ba\/index.php\/2026\/09\/02\/suncano-uz-malu-do-umjerenu-oblacnost-temperature-do-36-stepeni\/"]}]},{"@type":"ImageObject","inLanguage":"bs-BA","@id":"https:\/\/zosradio.ba\/index.php\/2026\/09\/02\/suncano-uz-malu-do-umjerenu-oblacnost-temperature-do-36-stepeni\/#primaryimage","url":"https:\/\/zosradio.ba\/wp-content\/uploads\/2022\/06\/20220615_171713_PerfectlyClear-e1784031084498.jpg","contentUrl":"https:\/\/zosradio.ba\/wp-content\/uploads\/2022\/06\/20220615_171713_PerfectlyClear-e1784031084498.jpg","width":1198,"height":632,"caption":"Te\u0161anj (Foto: R.V.\/zosradio.ba)"},{"@type":"BreadcrumbList","@id":"https:\/\/zosradio.ba\/index.php\/2026\/09\/02\/suncano-uz-malu-do-umjerenu-oblacnost-temperature-do-36-stepeni\/#breadcrumb","itemListElement":[{"@type":"ListItem","position":1,"name":"Home","item":"https:\/\/zosradio.ba\/"},{"@type":"ListItem","position":2,"name":"Sun\u010dano uz malu do umjerenu obla\u010dnost, temperature do 36 stepeni"}]},{"@type":"WebSite","@id":"https:\/\/zosradio.ba\/#website","url":"https:\/\/zosradio.ba\/","name":"ZOS radio","description":"Mjesto provjerenih informacija","potentialAction":[{"@type":"SearchAction","target":{"@type":"EntryPoint","urlTemplate":"https:\/\/zosradio.ba\/?s={search_term_string}"},"query-input":{"@type":"PropertyValueSpecification","valueRequired":true,"valueName":"search_term_string"}}],"inLanguage":"bs-BA"},{"@type":"Person","@id":"https:\/\/zosradio.ba\/#\/schema\/person\/969b476cc96d10b46964da86b3987f7e","name":"Redakcija","image":{"@type":"ImageObject","inLanguage":"bs-BA","@id":"https:\/\/secure.gravatar.com\/avatar\/b6dcae4aefbd26fbbf5cd5f24d98b246488432fc47a791123ad8639c99f9a13a?s=96&d=mm&r=g","url":"https:\/\/secure.gravatar.com\/avatar\/b6dcae4aefbd26fbbf5cd5f24d98b246488432fc47a791123ad8639c99f9a13a?s=96&d=mm&r=g","contentUrl":"https:\/\/secure.gravatar.com\/avatar\/b6dcae4aefbd26fbbf5cd5f24d98b246488432fc47a791123ad8639c99f9a13a?s=96&d=mm&r=g","caption":"Redakcija"},"url":"https:\/\/zosradio.ba\/index.php\/author\/rifavhotmail-com\/"}]}},"_links":{"self":[{"href":"https:\/\/zosradio.ba\/index.php\/wp-json\/wp\/v2\/posts\/196825","targetHints":{"allow":["GET"]}}],"collection":[{"href":"https:\/\/zosradio.ba\/index.php\/wp-json\/wp\/v2\/posts"}],"about":[{"href":"https:\/\/zosradio.ba\/index.php\/wp-json\/wp\/v2\/types\/post"}],"author":[{"embeddable":true,"href":"https:\/\/zosradio.ba\/index.php\/wp-json\/wp\/v2\/users\/3"}],"replies":[{"embeddable":true,"href":"https:\/\/zosradio.ba\/index.php\/wp-json\/wp\/v2\/comments?post=196825"}],"version-history":[{"count":1,"href":"https:\/\/zosradio.ba\/index.php\/wp-json\/wp\/v2\/posts\/196825\/revisions"}],"predecessor-version":[{"id":196826,"href":"https:\/\/zosradio.ba\/index.php\/wp-json\/wp\/v2\/posts\/196825\/revisions\/196826"}],"wp:featuredmedia":[{"embeddable":true,"href":"https:\/\/zosradio.ba\/index.php\/wp-json\/wp\/v2\/media\/104891"}],"wp:attachment":[{"href":"https:\/\/zosradio.ba\/index.php\/wp-json\/wp\/v2\/media?parent=196825"}],"wp:term":[{"taxonomy":"category","embeddable":true,"href":"https:\/\/zosradio.ba\/index.php\/wp-json\/wp\/v2\/categories?post=196825"},{"taxonomy":"post_tag","embeddable":true,"href":"https:\/\/zosradio.ba\/index.php\/wp-json\/wp\/v2\/tags?post=196825"}],"curies":[{"name":"wp","href":"https:\/\/api.w.org\/{rel}","templated":true}]}}