{"id":196869,"date":"2026-09-02T14:17:20","date_gmt":"2026-09-02T12:17:20","guid":{"rendered":"https:\/\/zosradio.ba\/?p=196869"},"modified":"2026-09-02T14:17:20","modified_gmt":"2026-09-02T12:17:20","slug":"jp-rad-tesanj-pozvao-gradjane-da-prijave-curenja-vode-sacuvajmo-zajedno-svaku-kap","status":"publish","type":"post","link":"https:\/\/zosradio.ba\/index.php\/2026\/09\/02\/jp-rad-tesanj-pozvao-gradjane-da-prijave-curenja-vode-sacuvajmo-zajedno-svaku-kap\/","title":{"rendered":"JP \u201eRAD\u201c Te\u0161anj pozvao gra\u0111ane da prijave curenja vode: \u201eSa\u010duvajmo zajedno svaku kap\u201c"},"content":{"rendered":"<p class=\"isSelectedEnd\"><strong>Zbog produ\u017eenog su\u0161nog perioda i ubrzanog opadanja nivoa vode, JP \u201eRAD\u201c d.d. Te\u0161anj uputio je apel gra\u0111anima da prijave svako uo\u010deno curenje na vodovodnoj mre\u017ei.<\/strong><\/p>\n<p class=\"isSelectedEnd\">Iz ovog javnog preduze\u0107a podsje\u0107aju da upravljaju vodovodnom mre\u017eom dugom oko 470 kilometara. Ekipe svakodnevno prate stanje sistema i rade na otklanjanju kvarova, ali zbog velike du\u017eine mre\u017ee nije mogu\u0107e u svakom trenutku uo\u010diti svako curenje.<\/p>\n<p class=\"isSelectedEnd\">Gra\u0111ani se pozivaju da prijave ukoliko primijete vodu koja du\u017ee vrijeme izbija na cestu, trotoar ili zemlji\u0161te, neuobi\u010dajeno vla\u017ene povr\u0161ine tokom su\u0161nog perioda, stalno oticanje vode u kanal ili odvod, iznenadan pad pritiska, kao i mogu\u0107i kvar na vodovodnoj mre\u017ei ili priklju\u010dku.<\/p>\n<p class=\"isSelectedEnd\">Prijave se mogu dostaviti putem <strong>Viber broja 062 993 084<\/strong>, isklju\u010divo porukom. Prilikom prijave potrebno je navesti \u0161to precizniju lokaciju i kratak opis problema, a ukoliko je mogu\u0107e, dostaviti i fotografiju.<\/p>\n<p class=\"isSelectedEnd\">U JP \u201eRAD\u201c isti\u010du da svaka pravovremena prijava omogu\u0107ava ekipama br\u017eu reakciju, smanjenje gubitaka vode i doprinos stabilnosti vodosnabdijevanja.<\/p>\n<p>\u201eNa\u0161e ekipe prate sistem \u2013 ali uz pomo\u0107 gra\u0111ana mo\u017eemo reagovati jo\u0161 br\u017ee\u201c, poru\u010dili su iz JP \u201eRAD\u201c Te\u0161anj, uz poziv gra\u0111anima: <strong>Prijavite curenje. Sa\u010duvajmo zajedno svaku kap vode.<\/strong><\/p>\n","protected":false},"excerpt":{"rendered":"<p>Zbog produ\u017eenog su\u0161nog perioda i ubrzanog opadanja nivoa vode, JP \u201eRAD\u201c d.d. Te\u0161anj uputio je apel gra\u0111anima da prijave svako uo\u010deno curenje na vodovodnoj mre\u017ei. Iz ovog javnog preduze\u0107a podsje\u0107aju da upravljaju vodovodnom mre\u017eom dugom oko 470 kilometara. Ekipe svakodnevno prate stanje sistema i rade na otklanjanju kvarova, ali zbog velike du\u017eine mre\u017ee nije mogu\u0107e [&hellip;]<\/p>\n","protected":false},"author":3,"featured_media":193996,"comment_status":"closed","ping_status":"closed","sticky":false,"template":"","format":"standard","meta":{"_acf_changed":false,"footnotes":""},"categories":[13],"tags":[149],"class_list":["post-196869","post","type-post","status-publish","format-standard","has-post-thumbnail","category-bosna-i-hercegovina","tag-tesanj"],"acf":[],"yoast_head":"<!-- This site is optimized with the Yoast SEO Premium plugin v28.3 (Yoast SEO v28.3) - https:\/\/yoast.com\/product\/yoast-seo-premium-wordpress\/ -->\n<title>JP \u201eRAD\u201c Te\u0161anj pozvao gra\u0111ane da prijave curenja vode: \u201eSa\u010duvajmo zajedno svaku kap\u201c<\/title>\n<meta name=\"description\" content=\"Zbog produ\u017eenog su\u0161nog perioda i ubrzanog opadanja nivoa vode, JP \u201eRAD\u201c d.d. Te\u0161anj uputio je apel gra\u0111anima da prijave svako uo\u010deno curenje na vodovodnoj\" \/>\n<meta name=\"robots\" content=\"index, follow, max-snippet:-1, max-image-preview:large, max-video-preview:-1\" \/>\n<link rel=\"canonical\" href=\"https:\/\/zosradio.ba\/index.php\/2026\/09\/02\/jp-rad-tesanj-pozvao-gradjane-da-prijave-curenja-vode-sacuvajmo-zajedno-svaku-kap\/\" \/>\n<meta property=\"og:locale\" content=\"bs_BA\" \/>\n<meta property=\"og:type\" content=\"article\" \/>\n<meta property=\"og:title\" content=\"JP \u201eRAD\u201c Te\u0161anj pozvao gra\u0111ane da prijave curenja vode: \u201eSa\u010duvajmo zajedno svaku kap\u201c\" \/>\n<meta property=\"og:description\" content=\"Zbog produ\u017eenog su\u0161nog perioda i ubrzanog opadanja nivoa vode, JP \u201eRAD\u201c d.d. Te\u0161anj uputio je apel gra\u0111anima da prijave svako uo\u010deno curenje na vodovodnoj\" \/>\n<meta property=\"og:url\" content=\"https:\/\/zosradio.ba\/index.php\/2026\/09\/02\/jp-rad-tesanj-pozvao-gradjane-da-prijave-curenja-vode-sacuvajmo-zajedno-svaku-kap\/\" \/>\n<meta property=\"og:site_name\" content=\"ZOS radio\" \/>\n<meta property=\"article:publisher\" content=\"https:\/\/www.facebook.com\/zosradio\" \/>\n<meta property=\"article:published_time\" content=\"2026-09-02T12:17:20+00:00\" \/>\n<meta property=\"og:image\" content=\"https:\/\/zosradio.ba\/wp-content\/uploads\/2026\/06\/729919560_1358283226406766_7988278965979525196_n-e1782539924539.jpg\" \/>\n\t<meta property=\"og:image:width\" content=\"1198\" \/>\n\t<meta property=\"og:image:height\" content=\"630\" \/>\n\t<meta property=\"og:image:type\" content=\"image\/jpeg\" \/>\n<meta name=\"author\" content=\"Redakcija\" \/>\n<meta name=\"twitter:card\" content=\"summary_large_image\" \/>\n<meta name=\"twitter:label1\" content=\"Written by\" \/>\n\t<meta name=\"twitter:data1\" content=\"Redakcija\" \/>\n\t<meta name=\"twitter:label2\" content=\"Est. reading time\" \/>\n\t<meta name=\"twitter:data2\" content=\"2 minute\" \/>\n<script type=\"application\/ld+json\" class=\"yoast-schema-graph\">{\"@context\":\"https:\\\/\\\/schema.org\",\"@graph\":[{\"@type\":\"Article\",\"@id\":\"https:\\\/\\\/zosradio.ba\\\/index.php\\\/2026\\\/09\\\/02\\\/jp-rad-tesanj-pozvao-gradjane-da-prijave-curenja-vode-sacuvajmo-zajedno-svaku-kap\\\/#article\",\"isPartOf\":{\"@id\":\"https:\\\/\\\/zosradio.ba\\\/index.php\\\/2026\\\/09\\\/02\\\/jp-rad-tesanj-pozvao-gradjane-da-prijave-curenja-vode-sacuvajmo-zajedno-svaku-kap\\\/\"},\"author\":{\"name\":\"Redakcija\",\"@id\":\"https:\\\/\\\/zosradio.ba\\\/#\\\/schema\\\/person\\\/969b476cc96d10b46964da86b3987f7e\"},\"headline\":\"JP \u201eRAD\u201c Te\u0161anj pozvao gra\u0111ane da prijave curenja vode: \u201eSa\u010duvajmo zajedno svaku kap\u201c\",\"datePublished\":\"2026-09-02T12:17:20+00:00\",\"mainEntityOfPage\":{\"@id\":\"https:\\\/\\\/zosradio.ba\\\/index.php\\\/2026\\\/09\\\/02\\\/jp-rad-tesanj-pozvao-gradjane-da-prijave-curenja-vode-sacuvajmo-zajedno-svaku-kap\\\/\"},\"wordCount\":230,\"image\":{\"@id\":\"https:\\\/\\\/zosradio.ba\\\/index.php\\\/2026\\\/09\\\/02\\\/jp-rad-tesanj-pozvao-gradjane-da-prijave-curenja-vode-sacuvajmo-zajedno-svaku-kap\\\/#primaryimage\"},\"thumbnailUrl\":\"https:\\\/\\\/zosradio.ba\\\/wp-content\\\/uploads\\\/2026\\\/06\\\/729919560_1358283226406766_7988278965979525196_n-e1782539924539.jpg\",\"keywords\":[\"Te\u0161anj\"],\"articleSection\":[\"Bosna i Hercegovina\"],\"inLanguage\":\"bs-BA\"},{\"@type\":\"WebPage\",\"@id\":\"https:\\\/\\\/zosradio.ba\\\/index.php\\\/2026\\\/09\\\/02\\\/jp-rad-tesanj-pozvao-gradjane-da-prijave-curenja-vode-sacuvajmo-zajedno-svaku-kap\\\/\",\"url\":\"https:\\\/\\\/zosradio.ba\\\/index.php\\\/2026\\\/09\\\/02\\\/jp-rad-tesanj-pozvao-gradjane-da-prijave-curenja-vode-sacuvajmo-zajedno-svaku-kap\\\/\",\"name\":\"JP \u201eRAD\u201c Te\u0161anj pozvao gra\u0111ane da prijave curenja vode: \u201eSa\u010duvajmo zajedno svaku kap\u201c\",\"isPartOf\":{\"@id\":\"https:\\\/\\\/zosradio.ba\\\/#website\"},\"primaryImageOfPage\":{\"@id\":\"https:\\\/\\\/zosradio.ba\\\/index.php\\\/2026\\\/09\\\/02\\\/jp-rad-tesanj-pozvao-gradjane-da-prijave-curenja-vode-sacuvajmo-zajedno-svaku-kap\\\/#primaryimage\"},\"image\":{\"@id\":\"https:\\\/\\\/zosradio.ba\\\/index.php\\\/2026\\\/09\\\/02\\\/jp-rad-tesanj-pozvao-gradjane-da-prijave-curenja-vode-sacuvajmo-zajedno-svaku-kap\\\/#primaryimage\"},\"thumbnailUrl\":\"https:\\\/\\\/zosradio.ba\\\/wp-content\\\/uploads\\\/2026\\\/06\\\/729919560_1358283226406766_7988278965979525196_n-e1782539924539.jpg\",\"datePublished\":\"2026-09-02T12:17:20+00:00\",\"author\":{\"@id\":\"https:\\\/\\\/zosradio.ba\\\/#\\\/schema\\\/person\\\/969b476cc96d10b46964da86b3987f7e\"},\"description\":\"Zbog produ\u017eenog su\u0161nog perioda i ubrzanog opadanja nivoa vode, JP \u201eRAD\u201c d.d. Te\u0161anj uputio je apel gra\u0111anima da prijave svako uo\u010deno curenje na vodovodnoj\",\"breadcrumb\":{\"@id\":\"https:\\\/\\\/zosradio.ba\\\/index.php\\\/2026\\\/09\\\/02\\\/jp-rad-tesanj-pozvao-gradjane-da-prijave-curenja-vode-sacuvajmo-zajedno-svaku-kap\\\/#breadcrumb\"},\"inLanguage\":\"bs-BA\",\"potentialAction\":[{\"@type\":\"ReadAction\",\"target\":[\"https:\\\/\\\/zosradio.ba\\\/index.php\\\/2026\\\/09\\\/02\\\/jp-rad-tesanj-pozvao-gradjane-da-prijave-curenja-vode-sacuvajmo-zajedno-svaku-kap\\\/\"]}]},{\"@type\":\"ImageObject\",\"inLanguage\":\"bs-BA\",\"@id\":\"https:\\\/\\\/zosradio.ba\\\/index.php\\\/2026\\\/09\\\/02\\\/jp-rad-tesanj-pozvao-gradjane-da-prijave-curenja-vode-sacuvajmo-zajedno-svaku-kap\\\/#primaryimage\",\"url\":\"https:\\\/\\\/zosradio.ba\\\/wp-content\\\/uploads\\\/2026\\\/06\\\/729919560_1358283226406766_7988278965979525196_n-e1782539924539.jpg\",\"contentUrl\":\"https:\\\/\\\/zosradio.ba\\\/wp-content\\\/uploads\\\/2026\\\/06\\\/729919560_1358283226406766_7988278965979525196_n-e1782539924539.jpg\",\"width\":1198,\"height\":630,\"caption\":\"Foto: JP Rad Te\u0161anj\"},{\"@type\":\"BreadcrumbList\",\"@id\":\"https:\\\/\\\/zosradio.ba\\\/index.php\\\/2026\\\/09\\\/02\\\/jp-rad-tesanj-pozvao-gradjane-da-prijave-curenja-vode-sacuvajmo-zajedno-svaku-kap\\\/#breadcrumb\",\"itemListElement\":[{\"@type\":\"ListItem\",\"position\":1,\"name\":\"Home\",\"item\":\"https:\\\/\\\/zosradio.ba\\\/\"},{\"@type\":\"ListItem\",\"position\":2,\"name\":\"JP \u201eRAD\u201c Te\u0161anj pozvao gra\u0111ane da prijave curenja vode: \u201eSa\u010duvajmo zajedno svaku kap\u201c\"}]},{\"@type\":\"WebSite\",\"@id\":\"https:\\\/\\\/zosradio.ba\\\/#website\",\"url\":\"https:\\\/\\\/zosradio.ba\\\/\",\"name\":\"ZOS radio\",\"description\":\"Mjesto provjerenih informacija\",\"potentialAction\":[{\"@type\":\"SearchAction\",\"target\":{\"@type\":\"EntryPoint\",\"urlTemplate\":\"https:\\\/\\\/zosradio.ba\\\/?s={search_term_string}\"},\"query-input\":{\"@type\":\"PropertyValueSpecification\",\"valueRequired\":true,\"valueName\":\"search_term_string\"}}],\"inLanguage\":\"bs-BA\"},{\"@type\":\"Person\",\"@id\":\"https:\\\/\\\/zosradio.ba\\\/#\\\/schema\\\/person\\\/969b476cc96d10b46964da86b3987f7e\",\"name\":\"Redakcija\",\"image\":{\"@type\":\"ImageObject\",\"inLanguage\":\"bs-BA\",\"@id\":\"https:\\\/\\\/secure.gravatar.com\\\/avatar\\\/b6dcae4aefbd26fbbf5cd5f24d98b246488432fc47a791123ad8639c99f9a13a?s=96&d=mm&r=g\",\"url\":\"https:\\\/\\\/secure.gravatar.com\\\/avatar\\\/b6dcae4aefbd26fbbf5cd5f24d98b246488432fc47a791123ad8639c99f9a13a?s=96&d=mm&r=g\",\"contentUrl\":\"https:\\\/\\\/secure.gravatar.com\\\/avatar\\\/b6dcae4aefbd26fbbf5cd5f24d98b246488432fc47a791123ad8639c99f9a13a?s=96&d=mm&r=g\",\"caption\":\"Redakcija\"},\"url\":\"https:\\\/\\\/zosradio.ba\\\/index.php\\\/author\\\/rifavhotmail-com\\\/\"}]}<\/script>\n<!-- \/ Yoast SEO Premium plugin. -->","yoast_head_json":{"title":"JP \u201eRAD\u201c Te\u0161anj pozvao gra\u0111ane da prijave curenja vode: \u201eSa\u010duvajmo zajedno svaku kap\u201c","description":"Zbog produ\u017eenog su\u0161nog perioda i ubrzanog opadanja nivoa vode, JP \u201eRAD\u201c d.d. Te\u0161anj uputio je apel gra\u0111anima da prijave svako uo\u010deno curenje na vodovodnoj","robots":{"index":"index","follow":"follow","max-snippet":"max-snippet:-1","max-image-preview":"max-image-preview:large","max-video-preview":"max-video-preview:-1"},"canonical":"https:\/\/zosradio.ba\/index.php\/2026\/09\/02\/jp-rad-tesanj-pozvao-gradjane-da-prijave-curenja-vode-sacuvajmo-zajedno-svaku-kap\/","og_locale":"bs_BA","og_type":"article","og_title":"JP \u201eRAD\u201c Te\u0161anj pozvao gra\u0111ane da prijave curenja vode: \u201eSa\u010duvajmo zajedno svaku kap\u201c","og_description":"Zbog produ\u017eenog su\u0161nog perioda i ubrzanog opadanja nivoa vode, JP \u201eRAD\u201c d.d. Te\u0161anj uputio je apel gra\u0111anima da prijave svako uo\u010deno curenje na vodovodnoj","og_url":"https:\/\/zosradio.ba\/index.php\/2026\/09\/02\/jp-rad-tesanj-pozvao-gradjane-da-prijave-curenja-vode-sacuvajmo-zajedno-svaku-kap\/","og_site_name":"ZOS radio","article_publisher":"https:\/\/www.facebook.com\/zosradio","article_published_time":"2026-09-02T12:17:20+00:00","og_image":[{"width":1198,"height":630,"url":"https:\/\/zosradio.ba\/wp-content\/uploads\/2026\/06\/729919560_1358283226406766_7988278965979525196_n-e1782539924539.jpg","type":"image\/jpeg"}],"author":"Redakcija","twitter_card":"summary_large_image","twitter_misc":{"Written by":"Redakcija","Est. reading time":"2 minute"},"schema":{"@context":"https:\/\/schema.org","@graph":[{"@type":"Article","@id":"https:\/\/zosradio.ba\/index.php\/2026\/09\/02\/jp-rad-tesanj-pozvao-gradjane-da-prijave-curenja-vode-sacuvajmo-zajedno-svaku-kap\/#article","isPartOf":{"@id":"https:\/\/zosradio.ba\/index.php\/2026\/09\/02\/jp-rad-tesanj-pozvao-gradjane-da-prijave-curenja-vode-sacuvajmo-zajedno-svaku-kap\/"},"author":{"name":"Redakcija","@id":"https:\/\/zosradio.ba\/#\/schema\/person\/969b476cc96d10b46964da86b3987f7e"},"headline":"JP \u201eRAD\u201c Te\u0161anj pozvao gra\u0111ane da prijave curenja vode: \u201eSa\u010duvajmo zajedno svaku kap\u201c","datePublished":"2026-09-02T12:17:20+00:00","mainEntityOfPage":{"@id":"https:\/\/zosradio.ba\/index.php\/2026\/09\/02\/jp-rad-tesanj-pozvao-gradjane-da-prijave-curenja-vode-sacuvajmo-zajedno-svaku-kap\/"},"wordCount":230,"image":{"@id":"https:\/\/zosradio.ba\/index.php\/2026\/09\/02\/jp-rad-tesanj-pozvao-gradjane-da-prijave-curenja-vode-sacuvajmo-zajedno-svaku-kap\/#primaryimage"},"thumbnailUrl":"https:\/\/zosradio.ba\/wp-content\/uploads\/2026\/06\/729919560_1358283226406766_7988278965979525196_n-e1782539924539.jpg","keywords":["Te\u0161anj"],"articleSection":["Bosna i Hercegovina"],"inLanguage":"bs-BA"},{"@type":"WebPage","@id":"https:\/\/zosradio.ba\/index.php\/2026\/09\/02\/jp-rad-tesanj-pozvao-gradjane-da-prijave-curenja-vode-sacuvajmo-zajedno-svaku-kap\/","url":"https:\/\/zosradio.ba\/index.php\/2026\/09\/02\/jp-rad-tesanj-pozvao-gradjane-da-prijave-curenja-vode-sacuvajmo-zajedno-svaku-kap\/","name":"JP \u201eRAD\u201c Te\u0161anj pozvao gra\u0111ane da prijave curenja vode: \u201eSa\u010duvajmo zajedno svaku kap\u201c","isPartOf":{"@id":"https:\/\/zosradio.ba\/#website"},"primaryImageOfPage":{"@id":"https:\/\/zosradio.ba\/index.php\/2026\/09\/02\/jp-rad-tesanj-pozvao-gradjane-da-prijave-curenja-vode-sacuvajmo-zajedno-svaku-kap\/#primaryimage"},"image":{"@id":"https:\/\/zosradio.ba\/index.php\/2026\/09\/02\/jp-rad-tesanj-pozvao-gradjane-da-prijave-curenja-vode-sacuvajmo-zajedno-svaku-kap\/#primaryimage"},"thumbnailUrl":"https:\/\/zosradio.ba\/wp-content\/uploads\/2026\/06\/729919560_1358283226406766_7988278965979525196_n-e1782539924539.jpg","datePublished":"2026-09-02T12:17:20+00:00","author":{"@id":"https:\/\/zosradio.ba\/#\/schema\/person\/969b476cc96d10b46964da86b3987f7e"},"description":"Zbog produ\u017eenog su\u0161nog perioda i ubrzanog opadanja nivoa vode, JP \u201eRAD\u201c d.d. Te\u0161anj uputio je apel gra\u0111anima da prijave svako uo\u010deno curenje na vodovodnoj","breadcrumb":{"@id":"https:\/\/zosradio.ba\/index.php\/2026\/09\/02\/jp-rad-tesanj-pozvao-gradjane-da-prijave-curenja-vode-sacuvajmo-zajedno-svaku-kap\/#breadcrumb"},"inLanguage":"bs-BA","potentialAction":[{"@type":"ReadAction","target":["https:\/\/zosradio.ba\/index.php\/2026\/09\/02\/jp-rad-tesanj-pozvao-gradjane-da-prijave-curenja-vode-sacuvajmo-zajedno-svaku-kap\/"]}]},{"@type":"ImageObject","inLanguage":"bs-BA","@id":"https:\/\/zosradio.ba\/index.php\/2026\/09\/02\/jp-rad-tesanj-pozvao-gradjane-da-prijave-curenja-vode-sacuvajmo-zajedno-svaku-kap\/#primaryimage","url":"https:\/\/zosradio.ba\/wp-content\/uploads\/2026\/06\/729919560_1358283226406766_7988278965979525196_n-e1782539924539.jpg","contentUrl":"https:\/\/zosradio.ba\/wp-content\/uploads\/2026\/06\/729919560_1358283226406766_7988278965979525196_n-e1782539924539.jpg","width":1198,"height":630,"caption":"Foto: JP Rad Te\u0161anj"},{"@type":"BreadcrumbList","@id":"https:\/\/zosradio.ba\/index.php\/2026\/09\/02\/jp-rad-tesanj-pozvao-gradjane-da-prijave-curenja-vode-sacuvajmo-zajedno-svaku-kap\/#breadcrumb","itemListElement":[{"@type":"ListItem","position":1,"name":"Home","item":"https:\/\/zosradio.ba\/"},{"@type":"ListItem","position":2,"name":"JP \u201eRAD\u201c Te\u0161anj pozvao gra\u0111ane da prijave curenja vode: \u201eSa\u010duvajmo zajedno svaku kap\u201c"}]},{"@type":"WebSite","@id":"https:\/\/zosradio.ba\/#website","url":"https:\/\/zosradio.ba\/","name":"ZOS radio","description":"Mjesto provjerenih informacija","potentialAction":[{"@type":"SearchAction","target":{"@type":"EntryPoint","urlTemplate":"https:\/\/zosradio.ba\/?s={search_term_string}"},"query-input":{"@type":"PropertyValueSpecification","valueRequired":true,"valueName":"search_term_string"}}],"inLanguage":"bs-BA"},{"@type":"Person","@id":"https:\/\/zosradio.ba\/#\/schema\/person\/969b476cc96d10b46964da86b3987f7e","name":"Redakcija","image":{"@type":"ImageObject","inLanguage":"bs-BA","@id":"https:\/\/secure.gravatar.com\/avatar\/b6dcae4aefbd26fbbf5cd5f24d98b246488432fc47a791123ad8639c99f9a13a?s=96&d=mm&r=g","url":"https:\/\/secure.gravatar.com\/avatar\/b6dcae4aefbd26fbbf5cd5f24d98b246488432fc47a791123ad8639c99f9a13a?s=96&d=mm&r=g","contentUrl":"https:\/\/secure.gravatar.com\/avatar\/b6dcae4aefbd26fbbf5cd5f24d98b246488432fc47a791123ad8639c99f9a13a?s=96&d=mm&r=g","caption":"Redakcija"},"url":"https:\/\/zosradio.ba\/index.php\/author\/rifavhotmail-com\/"}]}},"_links":{"self":[{"href":"https:\/\/zosradio.ba\/index.php\/wp-json\/wp\/v2\/posts\/196869","targetHints":{"allow":["GET"]}}],"collection":[{"href":"https:\/\/zosradio.ba\/index.php\/wp-json\/wp\/v2\/posts"}],"about":[{"href":"https:\/\/zosradio.ba\/index.php\/wp-json\/wp\/v2\/types\/post"}],"author":[{"embeddable":true,"href":"https:\/\/zosradio.ba\/index.php\/wp-json\/wp\/v2\/users\/3"}],"replies":[{"embeddable":true,"href":"https:\/\/zosradio.ba\/index.php\/wp-json\/wp\/v2\/comments?post=196869"}],"version-history":[{"count":1,"href":"https:\/\/zosradio.ba\/index.php\/wp-json\/wp\/v2\/posts\/196869\/revisions"}],"predecessor-version":[{"id":196870,"href":"https:\/\/zosradio.ba\/index.php\/wp-json\/wp\/v2\/posts\/196869\/revisions\/196870"}],"wp:featuredmedia":[{"embeddable":true,"href":"https:\/\/zosradio.ba\/index.php\/wp-json\/wp\/v2\/media\/193996"}],"wp:attachment":[{"href":"https:\/\/zosradio.ba\/index.php\/wp-json\/wp\/v2\/media?parent=196869"}],"wp:term":[{"taxonomy":"category","embeddable":true,"href":"https:\/\/zosradio.ba\/index.php\/wp-json\/wp\/v2\/categories?post=196869"},{"taxonomy":"post_tag","embeddable":true,"href":"https:\/\/zosradio.ba\/index.php\/wp-json\/wp\/v2\/tags?post=196869"}],"curies":[{"name":"wp","href":"https:\/\/api.w.org\/{rel}","templated":true}]}}