{"id":196874,"date":"2026-09-02T14:48:29","date_gmt":"2026-09-02T12:48:29","guid":{"rendered":"https:\/\/zosradio.ba\/?p=196874"},"modified":"2026-09-02T14:48:29","modified_gmt":"2026-09-02T12:48:29","slug":"premijer-pivic-na-otvaranju-sajma-zeps-2026-vlada-zdk-od-prvog-dana-prepoznala-znacaj-ozivljavanja-zeps-a","status":"publish","type":"post","link":"https:\/\/zosradio.ba\/index.php\/2026\/09\/02\/premijer-pivic-na-otvaranju-sajma-zeps-2026-vlada-zdk-od-prvog-dana-prepoznala-znacaj-ozivljavanja-zeps-a\/","title":{"rendered":"Premijer Pivi\u0107 na otvaranju sajma ZEPS 2026: Vlada ZDK od prvog dana prepoznala zna\u010daj o\u017eivljavanja ZEPS-a"},"content":{"rendered":"<p>U Zenici je sve\u010dano otvoren Generalni BH sajam ZEPS 2026 koji je okupio kompanije, privrednike, investitore, poslovne delegacije i goste iz Bosne i Hercegovine, regiona i inostranstva. Sajam se odr\u017eava pod sloganom &#8220;Business first&#8221;, a program je ispunjen poslovnim susretima, prezentacijama, panel-diskusijama, promocijama kompanija, novih tehnologija, investicija i razvojnih potencijala.<\/p>\n<p>Premijer Zeni\u010dko-dobojskog kantona Nezir Pivi\u0107 naglasio je da je Vlada ZDK od prvog dana prepoznala zna\u010daj o\u017eivljavanja ZEPS-a, koji je za tri godine ponovo izrastao u vode\u0107i privredni sajam ovakve vrste u BiH. Posebnu dobrodo\u0161licu po\u017eelio je izlaga\u010dima iz Gra\u010danice, Cazina, Srednjobosanskog kantona i svih krajeva Bosne i Hercegovine te naglasio odli\u010dnu organizaciju Istanbulske komore koja iz godine u godinu poja\u010dava svoj anga\u017eman na ZEPS-u, ali i izlaga\u010de iz Italije, Libije, Austrije i drugih zemalja.<\/p>\n<p>&#8211; Niko ne\u0107e ponovo do\u0107i, a kamoli poja\u010dati svoj nastup, ako nije bio zadovoljan rezultatima koje je postigao na sajmu pro\u0161le godine. I to je potvrda kvaliteta ZEPS-a. Vlada Zeni\u010dko-dobojskog kantona prepoznala je zna\u010daj povratka ovog sajma od prvog dana. Zato smo bili i ostali njegov sna\u017ean partner. U finansijskom smislu, ovo je najve\u0107a podr\u0161ka koju je Vlada ZDK ikada pru\u017eila ZEPS-u, jer smo znali da ne ula\u017eemo samo u jedan sajam. Ula\u017eemo u privredu, u poslovne kontakte, investicije, nova tr\u017ei\u0161ta i budu\u0107nost na\u0161eg kantona &#8211; rekao je premijer Pivi\u0107.<\/p>\n<p>Dodao je da Vlada ZDK-a pridaje veliki zna\u010daj privredi, koja stvara nova radna mjesta, puni bud\u017eete, otvara vrata novim investicijama i povezuje na\u0161u zemlju sa svijetom.<\/p>\n<p>&#8211; I upravo zato sa ponosom govorimo o rezultatima koje smo zajedno ostvarili u Zeni\u010dko-dobojskom kantonu. Raste na\u0161 izvoz, raste industrijska proizvodnja, raste pokrivenost uvoza izvozom. Po najva\u017enijim ekonomskim parametrima Zeni\u010dko-dobojski kanton je danas lider u Bosni i Hercegovini. Drago mi je \u0161to je i ZEPS dio te uspje\u0161ne pri\u010de &#8211; rekao je premijer ZDK te dodao da Vlada ima jasne planove za dalji razvoj ZEPS-a.<\/p>\n<p>Ministar za privredu Samir \u0160ibonji\u0107 istakao je da se ZEPS vratio na velika vrata i da je sajam &#8211; na 30. godi\u0161njicu postojanja, ve\u0107i i po izlo\u017ebenoj povr\u0161ini i broju izlaga\u010da kojih je ove godine oko 500. Naglasio je da su rezultati sajma ve\u0107 vidljivi, jer je ve\u0107 potpisan veliki broj sporazuma i predugovora.<\/p>\n<p>&#8211; Robna razmjena sa Republikom Turskom, koja je bila partner prvom sajmu, porasla je za tri godine sa 800 miliona na 1,2 milijarde dolara. To su o\u010dekivani rezultati i siguran sam da je tome svakako doprinio i sajam ZEPS &#8211; rekao je \u0160ibonji\u0107.<\/p>\n","protected":false},"excerpt":{"rendered":"<p>U Zenici je sve\u010dano otvoren Generalni BH sajam ZEPS 2026 koji je okupio kompanije, privrednike, investitore, poslovne delegacije i goste iz Bosne i Hercegovine, regiona i inostranstva. Sajam se odr\u017eava pod sloganom &#8220;Business first&#8221;, a program je ispunjen poslovnim susretima, prezentacijama, panel-diskusijama, promocijama kompanija, novih tehnologija, investicija i razvojnih potencijala. Premijer Zeni\u010dko-dobojskog kantona Nezir Pivi\u0107 [&hellip;]<\/p>\n","protected":false},"author":3,"featured_media":196875,"comment_status":"closed","ping_status":"closed","sticky":false,"template":"","format":"standard","meta":{"_acf_changed":false,"footnotes":""},"categories":[13],"tags":[276],"class_list":["post-196874","post","type-post","status-publish","format-standard","has-post-thumbnail","category-bosna-i-hercegovina","tag-vlada-zdk"],"acf":[],"yoast_head":"<!-- This site is optimized with the Yoast SEO Premium plugin v28.3 (Yoast SEO v28.3) - https:\/\/yoast.com\/product\/yoast-seo-premium-wordpress\/ -->\n<title>Premijer Pivi\u0107 na otvaranju sajma ZEPS 2026: Vlada ZDK od prvog dana prepoznala zna\u010daj o\u017eivljavanja ZEPS-a<\/title>\n<meta name=\"description\" content=\"U Zenici je sve\u010dano otvoren Generalni BH sajam ZEPS 2026 koji je okupio kompanije, privrednike, investitore, poslovne delegacije i goste iz Bosne i\" \/>\n<meta name=\"robots\" content=\"index, follow, max-snippet:-1, max-image-preview:large, max-video-preview:-1\" \/>\n<link rel=\"canonical\" href=\"https:\/\/zosradio.ba\/index.php\/2026\/09\/02\/premijer-pivic-na-otvaranju-sajma-zeps-2026-vlada-zdk-od-prvog-dana-prepoznala-znacaj-ozivljavanja-zeps-a\/\" \/>\n<meta property=\"og:locale\" content=\"bs_BA\" \/>\n<meta property=\"og:type\" content=\"article\" \/>\n<meta property=\"og:title\" content=\"Premijer Pivi\u0107 na otvaranju sajma ZEPS 2026: Vlada ZDK od prvog dana prepoznala zna\u010daj o\u017eivljavanja ZEPS-a\" \/>\n<meta property=\"og:description\" content=\"U Zenici je sve\u010dano otvoren Generalni BH sajam ZEPS 2026 koji je okupio kompanije, privrednike, investitore, poslovne delegacije i goste iz Bosne i\" \/>\n<meta property=\"og:url\" content=\"https:\/\/zosradio.ba\/index.php\/2026\/09\/02\/premijer-pivic-na-otvaranju-sajma-zeps-2026-vlada-zdk-od-prvog-dana-prepoznala-znacaj-ozivljavanja-zeps-a\/\" \/>\n<meta property=\"og:site_name\" content=\"ZOS radio\" \/>\n<meta property=\"article:publisher\" content=\"https:\/\/www.facebook.com\/zosradio\" \/>\n<meta property=\"article:published_time\" content=\"2026-09-02T12:48:29+00:00\" \/>\n<meta property=\"og:image\" content=\"https:\/\/zosradio.ba\/wp-content\/uploads\/2026\/09\/vlada-zeps2026-4-e1788353298550.jpg\" \/>\n\t<meta property=\"og:image:width\" content=\"1200\" \/>\n\t<meta property=\"og:image:height\" content=\"628\" \/>\n\t<meta property=\"og:image:type\" content=\"image\/jpeg\" \/>\n<meta name=\"author\" content=\"Redakcija\" \/>\n<meta name=\"twitter:card\" content=\"summary_large_image\" \/>\n<meta name=\"twitter:label1\" content=\"Written by\" \/>\n\t<meta name=\"twitter:data1\" content=\"Redakcija\" \/>\n\t<meta name=\"twitter:label2\" content=\"Est. reading time\" \/>\n\t<meta name=\"twitter:data2\" content=\"3 minute\" \/>\n<script type=\"application\/ld+json\" class=\"yoast-schema-graph\">{\"@context\":\"https:\\\/\\\/schema.org\",\"@graph\":[{\"@type\":\"Article\",\"@id\":\"https:\\\/\\\/zosradio.ba\\\/index.php\\\/2026\\\/09\\\/02\\\/premijer-pivic-na-otvaranju-sajma-zeps-2026-vlada-zdk-od-prvog-dana-prepoznala-znacaj-ozivljavanja-zeps-a\\\/#article\",\"isPartOf\":{\"@id\":\"https:\\\/\\\/zosradio.ba\\\/index.php\\\/2026\\\/09\\\/02\\\/premijer-pivic-na-otvaranju-sajma-zeps-2026-vlada-zdk-od-prvog-dana-prepoznala-znacaj-ozivljavanja-zeps-a\\\/\"},\"author\":{\"name\":\"Redakcija\",\"@id\":\"https:\\\/\\\/zosradio.ba\\\/#\\\/schema\\\/person\\\/969b476cc96d10b46964da86b3987f7e\"},\"headline\":\"Premijer Pivi\u0107 na otvaranju sajma ZEPS 2026: Vlada ZDK od prvog dana prepoznala zna\u010daj o\u017eivljavanja ZEPS-a\",\"datePublished\":\"2026-09-02T12:48:29+00:00\",\"mainEntityOfPage\":{\"@id\":\"https:\\\/\\\/zosradio.ba\\\/index.php\\\/2026\\\/09\\\/02\\\/premijer-pivic-na-otvaranju-sajma-zeps-2026-vlada-zdk-od-prvog-dana-prepoznala-znacaj-ozivljavanja-zeps-a\\\/\"},\"wordCount\":460,\"image\":{\"@id\":\"https:\\\/\\\/zosradio.ba\\\/index.php\\\/2026\\\/09\\\/02\\\/premijer-pivic-na-otvaranju-sajma-zeps-2026-vlada-zdk-od-prvog-dana-prepoznala-znacaj-ozivljavanja-zeps-a\\\/#primaryimage\"},\"thumbnailUrl\":\"https:\\\/\\\/zosradio.ba\\\/wp-content\\\/uploads\\\/2026\\\/09\\\/vlada-zeps2026-4-e1788353298550.jpg\",\"keywords\":[\"Vlada ZDK\"],\"articleSection\":[\"Bosna i Hercegovina\"],\"inLanguage\":\"bs-BA\"},{\"@type\":\"WebPage\",\"@id\":\"https:\\\/\\\/zosradio.ba\\\/index.php\\\/2026\\\/09\\\/02\\\/premijer-pivic-na-otvaranju-sajma-zeps-2026-vlada-zdk-od-prvog-dana-prepoznala-znacaj-ozivljavanja-zeps-a\\\/\",\"url\":\"https:\\\/\\\/zosradio.ba\\\/index.php\\\/2026\\\/09\\\/02\\\/premijer-pivic-na-otvaranju-sajma-zeps-2026-vlada-zdk-od-prvog-dana-prepoznala-znacaj-ozivljavanja-zeps-a\\\/\",\"name\":\"Premijer Pivi\u0107 na otvaranju sajma ZEPS 2026: Vlada ZDK od prvog dana prepoznala zna\u010daj o\u017eivljavanja ZEPS-a\",\"isPartOf\":{\"@id\":\"https:\\\/\\\/zosradio.ba\\\/#website\"},\"primaryImageOfPage\":{\"@id\":\"https:\\\/\\\/zosradio.ba\\\/index.php\\\/2026\\\/09\\\/02\\\/premijer-pivic-na-otvaranju-sajma-zeps-2026-vlada-zdk-od-prvog-dana-prepoznala-znacaj-ozivljavanja-zeps-a\\\/#primaryimage\"},\"image\":{\"@id\":\"https:\\\/\\\/zosradio.ba\\\/index.php\\\/2026\\\/09\\\/02\\\/premijer-pivic-na-otvaranju-sajma-zeps-2026-vlada-zdk-od-prvog-dana-prepoznala-znacaj-ozivljavanja-zeps-a\\\/#primaryimage\"},\"thumbnailUrl\":\"https:\\\/\\\/zosradio.ba\\\/wp-content\\\/uploads\\\/2026\\\/09\\\/vlada-zeps2026-4-e1788353298550.jpg\",\"datePublished\":\"2026-09-02T12:48:29+00:00\",\"author\":{\"@id\":\"https:\\\/\\\/zosradio.ba\\\/#\\\/schema\\\/person\\\/969b476cc96d10b46964da86b3987f7e\"},\"description\":\"U Zenici je sve\u010dano otvoren Generalni BH sajam ZEPS 2026 koji je okupio kompanije, privrednike, investitore, poslovne delegacije i goste iz Bosne i\",\"breadcrumb\":{\"@id\":\"https:\\\/\\\/zosradio.ba\\\/index.php\\\/2026\\\/09\\\/02\\\/premijer-pivic-na-otvaranju-sajma-zeps-2026-vlada-zdk-od-prvog-dana-prepoznala-znacaj-ozivljavanja-zeps-a\\\/#breadcrumb\"},\"inLanguage\":\"bs-BA\",\"potentialAction\":[{\"@type\":\"ReadAction\",\"target\":[\"https:\\\/\\\/zosradio.ba\\\/index.php\\\/2026\\\/09\\\/02\\\/premijer-pivic-na-otvaranju-sajma-zeps-2026-vlada-zdk-od-prvog-dana-prepoznala-znacaj-ozivljavanja-zeps-a\\\/\"]}]},{\"@type\":\"ImageObject\",\"inLanguage\":\"bs-BA\",\"@id\":\"https:\\\/\\\/zosradio.ba\\\/index.php\\\/2026\\\/09\\\/02\\\/premijer-pivic-na-otvaranju-sajma-zeps-2026-vlada-zdk-od-prvog-dana-prepoznala-znacaj-ozivljavanja-zeps-a\\\/#primaryimage\",\"url\":\"https:\\\/\\\/zosradio.ba\\\/wp-content\\\/uploads\\\/2026\\\/09\\\/vlada-zeps2026-4-e1788353298550.jpg\",\"contentUrl\":\"https:\\\/\\\/zosradio.ba\\\/wp-content\\\/uploads\\\/2026\\\/09\\\/vlada-zeps2026-4-e1788353298550.jpg\",\"width\":1200,\"height\":628,\"caption\":\"zdk.ba\"},{\"@type\":\"BreadcrumbList\",\"@id\":\"https:\\\/\\\/zosradio.ba\\\/index.php\\\/2026\\\/09\\\/02\\\/premijer-pivic-na-otvaranju-sajma-zeps-2026-vlada-zdk-od-prvog-dana-prepoznala-znacaj-ozivljavanja-zeps-a\\\/#breadcrumb\",\"itemListElement\":[{\"@type\":\"ListItem\",\"position\":1,\"name\":\"Home\",\"item\":\"https:\\\/\\\/zosradio.ba\\\/\"},{\"@type\":\"ListItem\",\"position\":2,\"name\":\"Premijer Pivi\u0107 na otvaranju sajma ZEPS 2026: Vlada ZDK od prvog dana prepoznala zna\u010daj o\u017eivljavanja ZEPS-a\"}]},{\"@type\":\"WebSite\",\"@id\":\"https:\\\/\\\/zosradio.ba\\\/#website\",\"url\":\"https:\\\/\\\/zosradio.ba\\\/\",\"name\":\"ZOS radio\",\"description\":\"Mjesto provjerenih informacija\",\"potentialAction\":[{\"@type\":\"SearchAction\",\"target\":{\"@type\":\"EntryPoint\",\"urlTemplate\":\"https:\\\/\\\/zosradio.ba\\\/?s={search_term_string}\"},\"query-input\":{\"@type\":\"PropertyValueSpecification\",\"valueRequired\":true,\"valueName\":\"search_term_string\"}}],\"inLanguage\":\"bs-BA\"},{\"@type\":\"Person\",\"@id\":\"https:\\\/\\\/zosradio.ba\\\/#\\\/schema\\\/person\\\/969b476cc96d10b46964da86b3987f7e\",\"name\":\"Redakcija\",\"image\":{\"@type\":\"ImageObject\",\"inLanguage\":\"bs-BA\",\"@id\":\"https:\\\/\\\/secure.gravatar.com\\\/avatar\\\/b6dcae4aefbd26fbbf5cd5f24d98b246488432fc47a791123ad8639c99f9a13a?s=96&d=mm&r=g\",\"url\":\"https:\\\/\\\/secure.gravatar.com\\\/avatar\\\/b6dcae4aefbd26fbbf5cd5f24d98b246488432fc47a791123ad8639c99f9a13a?s=96&d=mm&r=g\",\"contentUrl\":\"https:\\\/\\\/secure.gravatar.com\\\/avatar\\\/b6dcae4aefbd26fbbf5cd5f24d98b246488432fc47a791123ad8639c99f9a13a?s=96&d=mm&r=g\",\"caption\":\"Redakcija\"},\"url\":\"https:\\\/\\\/zosradio.ba\\\/index.php\\\/author\\\/rifavhotmail-com\\\/\"}]}<\/script>\n<!-- \/ Yoast SEO Premium plugin. -->","yoast_head_json":{"title":"Premijer Pivi\u0107 na otvaranju sajma ZEPS 2026: Vlada ZDK od prvog dana prepoznala zna\u010daj o\u017eivljavanja ZEPS-a","description":"U Zenici je sve\u010dano otvoren Generalni BH sajam ZEPS 2026 koji je okupio kompanije, privrednike, investitore, poslovne delegacije i goste iz Bosne i","robots":{"index":"index","follow":"follow","max-snippet":"max-snippet:-1","max-image-preview":"max-image-preview:large","max-video-preview":"max-video-preview:-1"},"canonical":"https:\/\/zosradio.ba\/index.php\/2026\/09\/02\/premijer-pivic-na-otvaranju-sajma-zeps-2026-vlada-zdk-od-prvog-dana-prepoznala-znacaj-ozivljavanja-zeps-a\/","og_locale":"bs_BA","og_type":"article","og_title":"Premijer Pivi\u0107 na otvaranju sajma ZEPS 2026: Vlada ZDK od prvog dana prepoznala zna\u010daj o\u017eivljavanja ZEPS-a","og_description":"U Zenici je sve\u010dano otvoren Generalni BH sajam ZEPS 2026 koji je okupio kompanije, privrednike, investitore, poslovne delegacije i goste iz Bosne i","og_url":"https:\/\/zosradio.ba\/index.php\/2026\/09\/02\/premijer-pivic-na-otvaranju-sajma-zeps-2026-vlada-zdk-od-prvog-dana-prepoznala-znacaj-ozivljavanja-zeps-a\/","og_site_name":"ZOS radio","article_publisher":"https:\/\/www.facebook.com\/zosradio","article_published_time":"2026-09-02T12:48:29+00:00","og_image":[{"width":1200,"height":628,"url":"https:\/\/zosradio.ba\/wp-content\/uploads\/2026\/09\/vlada-zeps2026-4-e1788353298550.jpg","type":"image\/jpeg"}],"author":"Redakcija","twitter_card":"summary_large_image","twitter_misc":{"Written by":"Redakcija","Est. reading time":"3 minute"},"schema":{"@context":"https:\/\/schema.org","@graph":[{"@type":"Article","@id":"https:\/\/zosradio.ba\/index.php\/2026\/09\/02\/premijer-pivic-na-otvaranju-sajma-zeps-2026-vlada-zdk-od-prvog-dana-prepoznala-znacaj-ozivljavanja-zeps-a\/#article","isPartOf":{"@id":"https:\/\/zosradio.ba\/index.php\/2026\/09\/02\/premijer-pivic-na-otvaranju-sajma-zeps-2026-vlada-zdk-od-prvog-dana-prepoznala-znacaj-ozivljavanja-zeps-a\/"},"author":{"name":"Redakcija","@id":"https:\/\/zosradio.ba\/#\/schema\/person\/969b476cc96d10b46964da86b3987f7e"},"headline":"Premijer Pivi\u0107 na otvaranju sajma ZEPS 2026: Vlada ZDK od prvog dana prepoznala zna\u010daj o\u017eivljavanja ZEPS-a","datePublished":"2026-09-02T12:48:29+00:00","mainEntityOfPage":{"@id":"https:\/\/zosradio.ba\/index.php\/2026\/09\/02\/premijer-pivic-na-otvaranju-sajma-zeps-2026-vlada-zdk-od-prvog-dana-prepoznala-znacaj-ozivljavanja-zeps-a\/"},"wordCount":460,"image":{"@id":"https:\/\/zosradio.ba\/index.php\/2026\/09\/02\/premijer-pivic-na-otvaranju-sajma-zeps-2026-vlada-zdk-od-prvog-dana-prepoznala-znacaj-ozivljavanja-zeps-a\/#primaryimage"},"thumbnailUrl":"https:\/\/zosradio.ba\/wp-content\/uploads\/2026\/09\/vlada-zeps2026-4-e1788353298550.jpg","keywords":["Vlada ZDK"],"articleSection":["Bosna i Hercegovina"],"inLanguage":"bs-BA"},{"@type":"WebPage","@id":"https:\/\/zosradio.ba\/index.php\/2026\/09\/02\/premijer-pivic-na-otvaranju-sajma-zeps-2026-vlada-zdk-od-prvog-dana-prepoznala-znacaj-ozivljavanja-zeps-a\/","url":"https:\/\/zosradio.ba\/index.php\/2026\/09\/02\/premijer-pivic-na-otvaranju-sajma-zeps-2026-vlada-zdk-od-prvog-dana-prepoznala-znacaj-ozivljavanja-zeps-a\/","name":"Premijer Pivi\u0107 na otvaranju sajma ZEPS 2026: Vlada ZDK od prvog dana prepoznala zna\u010daj o\u017eivljavanja ZEPS-a","isPartOf":{"@id":"https:\/\/zosradio.ba\/#website"},"primaryImageOfPage":{"@id":"https:\/\/zosradio.ba\/index.php\/2026\/09\/02\/premijer-pivic-na-otvaranju-sajma-zeps-2026-vlada-zdk-od-prvog-dana-prepoznala-znacaj-ozivljavanja-zeps-a\/#primaryimage"},"image":{"@id":"https:\/\/zosradio.ba\/index.php\/2026\/09\/02\/premijer-pivic-na-otvaranju-sajma-zeps-2026-vlada-zdk-od-prvog-dana-prepoznala-znacaj-ozivljavanja-zeps-a\/#primaryimage"},"thumbnailUrl":"https:\/\/zosradio.ba\/wp-content\/uploads\/2026\/09\/vlada-zeps2026-4-e1788353298550.jpg","datePublished":"2026-09-02T12:48:29+00:00","author":{"@id":"https:\/\/zosradio.ba\/#\/schema\/person\/969b476cc96d10b46964da86b3987f7e"},"description":"U Zenici je sve\u010dano otvoren Generalni BH sajam ZEPS 2026 koji je okupio kompanije, privrednike, investitore, poslovne delegacije i goste iz Bosne i","breadcrumb":{"@id":"https:\/\/zosradio.ba\/index.php\/2026\/09\/02\/premijer-pivic-na-otvaranju-sajma-zeps-2026-vlada-zdk-od-prvog-dana-prepoznala-znacaj-ozivljavanja-zeps-a\/#breadcrumb"},"inLanguage":"bs-BA","potentialAction":[{"@type":"ReadAction","target":["https:\/\/zosradio.ba\/index.php\/2026\/09\/02\/premijer-pivic-na-otvaranju-sajma-zeps-2026-vlada-zdk-od-prvog-dana-prepoznala-znacaj-ozivljavanja-zeps-a\/"]}]},{"@type":"ImageObject","inLanguage":"bs-BA","@id":"https:\/\/zosradio.ba\/index.php\/2026\/09\/02\/premijer-pivic-na-otvaranju-sajma-zeps-2026-vlada-zdk-od-prvog-dana-prepoznala-znacaj-ozivljavanja-zeps-a\/#primaryimage","url":"https:\/\/zosradio.ba\/wp-content\/uploads\/2026\/09\/vlada-zeps2026-4-e1788353298550.jpg","contentUrl":"https:\/\/zosradio.ba\/wp-content\/uploads\/2026\/09\/vlada-zeps2026-4-e1788353298550.jpg","width":1200,"height":628,"caption":"zdk.ba"},{"@type":"BreadcrumbList","@id":"https:\/\/zosradio.ba\/index.php\/2026\/09\/02\/premijer-pivic-na-otvaranju-sajma-zeps-2026-vlada-zdk-od-prvog-dana-prepoznala-znacaj-ozivljavanja-zeps-a\/#breadcrumb","itemListElement":[{"@type":"ListItem","position":1,"name":"Home","item":"https:\/\/zosradio.ba\/"},{"@type":"ListItem","position":2,"name":"Premijer Pivi\u0107 na otvaranju sajma ZEPS 2026: Vlada ZDK od prvog dana prepoznala zna\u010daj o\u017eivljavanja ZEPS-a"}]},{"@type":"WebSite","@id":"https:\/\/zosradio.ba\/#website","url":"https:\/\/zosradio.ba\/","name":"ZOS radio","description":"Mjesto provjerenih informacija","potentialAction":[{"@type":"SearchAction","target":{"@type":"EntryPoint","urlTemplate":"https:\/\/zosradio.ba\/?s={search_term_string}"},"query-input":{"@type":"PropertyValueSpecification","valueRequired":true,"valueName":"search_term_string"}}],"inLanguage":"bs-BA"},{"@type":"Person","@id":"https:\/\/zosradio.ba\/#\/schema\/person\/969b476cc96d10b46964da86b3987f7e","name":"Redakcija","image":{"@type":"ImageObject","inLanguage":"bs-BA","@id":"https:\/\/secure.gravatar.com\/avatar\/b6dcae4aefbd26fbbf5cd5f24d98b246488432fc47a791123ad8639c99f9a13a?s=96&d=mm&r=g","url":"https:\/\/secure.gravatar.com\/avatar\/b6dcae4aefbd26fbbf5cd5f24d98b246488432fc47a791123ad8639c99f9a13a?s=96&d=mm&r=g","contentUrl":"https:\/\/secure.gravatar.com\/avatar\/b6dcae4aefbd26fbbf5cd5f24d98b246488432fc47a791123ad8639c99f9a13a?s=96&d=mm&r=g","caption":"Redakcija"},"url":"https:\/\/zosradio.ba\/index.php\/author\/rifavhotmail-com\/"}]}},"_links":{"self":[{"href":"https:\/\/zosradio.ba\/index.php\/wp-json\/wp\/v2\/posts\/196874","targetHints":{"allow":["GET"]}}],"collection":[{"href":"https:\/\/zosradio.ba\/index.php\/wp-json\/wp\/v2\/posts"}],"about":[{"href":"https:\/\/zosradio.ba\/index.php\/wp-json\/wp\/v2\/types\/post"}],"author":[{"embeddable":true,"href":"https:\/\/zosradio.ba\/index.php\/wp-json\/wp\/v2\/users\/3"}],"replies":[{"embeddable":true,"href":"https:\/\/zosradio.ba\/index.php\/wp-json\/wp\/v2\/comments?post=196874"}],"version-history":[{"count":1,"href":"https:\/\/zosradio.ba\/index.php\/wp-json\/wp\/v2\/posts\/196874\/revisions"}],"predecessor-version":[{"id":196876,"href":"https:\/\/zosradio.ba\/index.php\/wp-json\/wp\/v2\/posts\/196874\/revisions\/196876"}],"wp:featuredmedia":[{"embeddable":true,"href":"https:\/\/zosradio.ba\/index.php\/wp-json\/wp\/v2\/media\/196875"}],"wp:attachment":[{"href":"https:\/\/zosradio.ba\/index.php\/wp-json\/wp\/v2\/media?parent=196874"}],"wp:term":[{"taxonomy":"category","embeddable":true,"href":"https:\/\/zosradio.ba\/index.php\/wp-json\/wp\/v2\/categories?post=196874"},{"taxonomy":"post_tag","embeddable":true,"href":"https:\/\/zosradio.ba\/index.php\/wp-json\/wp\/v2\/tags?post=196874"}],"curies":[{"name":"wp","href":"https:\/\/api.w.org\/{rel}","templated":true}]}}