{"id":196879,"date":"2026-09-02T15:10:51","date_gmt":"2026-09-02T13:10:51","guid":{"rendered":"https:\/\/zosradio.ba\/?p=196879"},"modified":"2026-09-02T15:10:51","modified_gmt":"2026-09-02T13:10:51","slug":"obiljezena-realizacija-projekta-poddionice-doboj-jug-medakovo-jos-jedan-vazan-korak-u-izgradnji-koridora-vc","status":"publish","type":"post","link":"https:\/\/zosradio.ba\/index.php\/2026\/09\/02\/obiljezena-realizacija-projekta-poddionice-doboj-jug-medakovo-jos-jedan-vazan-korak-u-izgradnji-koridora-vc\/","title":{"rendered":"Obilje\u017eena realizacija projekta poddionice Doboj jug \u2013 Medakovo: Jo\u0161 jedan va\u017ean korak u izgradnji Koridora Vc"},"content":{"rendered":"<p class=\"PDq2pG_selectionAnchorContainer\" data-start=\"84\" data-end=\"354\">JP Autoceste Federacije BiH danas su obilje\u017eile zavr\u0161etak i pu\u0161tanje u funkciju poddionice <strong data-start=\"175\" data-end=\"199\"><a href=\"https:\/\/zosradio.ba\/index.php\/2026\/01\/23\/poziv-privrednicima-za-clanstvo-u-privrednom-savjetu-opcine-doboj-jug\/\">Doboj jug<\/a> \u2013 Medakovo<\/strong>, \u010dime je napravljen jo\u0161 jedan va\u017ean korak u izgradnji Koridora Vc i boljem povezivanju sjevernog dijela Bosne i Hercegovine s ostatkom autocestovne mre\u017ee.<\/p>\n<p data-start=\"356\" data-end=\"617\">Poddionica je duga oko sedam kilometara i povezuje podru\u010dje <strong data-start=\"416\" data-end=\"446\">Doboj Juga, Usore i Te\u0161nja<\/strong> s autocestom na Koridoru Vc. Na trasi je izgra\u0111eno pet mostova, tunel Hrastik, petlje Usora i Medakovo, \u010deono naplatno mjesto Doboj jug te bo\u010dno naplatno mjesto Medakovo.<\/p>\n<p data-start=\"619\" data-end=\"743\">Uz glavnu trasu autoceste u upotrebu je pu\u0161teno i <strong data-start=\"669\" data-end=\"722\">3,5 kilometara novoizgra\u0111ene magistralne ceste M4<\/strong>, sa tri kru\u017ena toka.<\/p>\n<p data-start=\"745\" data-end=\"1070\">Obilje\u017eavanju su prisustvovali predstavnici JP Autoceste FBiH, Vlade Federacije BiH, Evropske unije, evropskih partnera i lokalnih zajednica. Direktor JP Autoceste FBiH Denis Lasi\u0107 istakao je da novih sedam kilometara donosi bolje povezivanje ovog dijela zemlje, ali i nove mogu\u0107nosti za razvoj privrede i lokalnih zajednica.<\/p>\n<p data-start=\"1072\" data-end=\"1253\">Premijer Federacije BiH Nermin Nik\u0161i\u0107 poru\u010dio je da svaki novi kilometar Koridora Vc zna\u010di bolju povezanost gradova, ljudi i privrede, sigurniji saobra\u0107aj i kra\u0107e vrijeme putovanja.<\/p>\n<p data-start=\"1255\" data-end=\"1436\">Izvo\u0111a\u010d radova bio je <strong data-start=\"1277\" data-end=\"1308\">Euro-Asfalt d.o.o. Sarajevo<\/strong>, dok je nadzor vr\u0161io <strong data-start=\"1330\" data-end=\"1360\">IRD Engineering iz Italije<\/strong>. Ukupna vrijednost radova iznosila je blizu <strong data-start=\"1405\" data-end=\"1435\">159 miliona eura bez PDV-a<\/strong>.<\/p>\n<figure id=\"attachment_196881\" aria-describedby=\"caption-attachment-196881\" style=\"width: 1200px\" class=\"wp-caption aligncenter\"><img loading=\"lazy\" decoding=\"async\" class=\"wp-image-196881 size-full\" src=\"https:\/\/zosradio.ba\/wp-content\/uploads\/2026\/09\/TIO_2623-scaled-1-e1788354609380.jpg\" alt=\"Doboj Jug - Medakovo\" width=\"1200\" height=\"630\" srcset=\"https:\/\/zosradio.ba\/wp-content\/uploads\/2026\/09\/TIO_2623-scaled-1-e1788354609380.jpg 1200w, https:\/\/zosradio.ba\/wp-content\/uploads\/2026\/09\/TIO_2623-scaled-1-e1788354609380-300x158.jpg 300w, https:\/\/zosradio.ba\/wp-content\/uploads\/2026\/09\/TIO_2623-scaled-1-e1788354609380-1024x538.jpg 1024w, https:\/\/zosradio.ba\/wp-content\/uploads\/2026\/09\/TIO_2623-scaled-1-e1788354609380-150x79.jpg 150w, https:\/\/zosradio.ba\/wp-content\/uploads\/2026\/09\/TIO_2623-scaled-1-e1788354609380-768x403.jpg 768w, https:\/\/zosradio.ba\/wp-content\/uploads\/2026\/09\/TIO_2623-scaled-1-e1788354609380-696x365.jpg 696w, https:\/\/zosradio.ba\/wp-content\/uploads\/2026\/09\/TIO_2623-scaled-1-e1788354609380-1068x561.jpg 1068w\" sizes=\"auto, (max-width: 1200px) 100vw, 1200px\" \/><figcaption id=\"caption-attachment-196881\" class=\"wp-caption-text\">Doboj Jug &#8211; Medakovo<\/figcaption><\/figure>\n<p data-start=\"1438\" data-end=\"1595\">Projekat je finansiran kreditom Evropske banke za obnovu i razvoj (EBRD) i bespovratnim sredstvima Evropske unije kroz Investicijski okvir za Zapadni Balkan.<\/p>\n<p data-start=\"1597\" data-end=\"1835\">Iz Delegacije Evropske unije u BiH saop\u0107eno je da je zavr\u0161etak ove dionice jo\u0161 jedan korak prema zavr\u0161etku Koridora Vc, dok je posebno istaknuto da je Evropska unija za ovaj projekat osigurala <strong data-start=\"1790\" data-end=\"1834\">15,9 miliona eura bespovratnih sredstava<\/strong>.<\/p>\n<p data-start=\"1837\" data-end=\"1967\" data-is-last-node=\"\" data-is-only-node=\"\"><strong data-start=\"1837\" data-end=\"1936\">Besplatno kori\u0161tenje poddionice Doboj jug \u2013 Medakovo produ\u017eeno je do 20. septembra 2026. godine<\/strong>, odlukom Vlade Federacije BiH.<\/p>\n","protected":false},"excerpt":{"rendered":"<p>JP Autoceste Federacije BiH danas su obilje\u017eile zavr\u0161etak i pu\u0161tanje u funkciju poddionice Doboj jug \u2013 Medakovo, \u010dime je napravljen jo\u0161 jedan va\u017ean korak u izgradnji Koridora Vc i boljem povezivanju sjevernog dijela Bosne i Hercegovine s ostatkom autocestovne mre\u017ee. Poddionica je duga oko sedam kilometara i povezuje podru\u010dje Doboj Juga, Usore i Te\u0161nja s [&hellip;]<\/p>\n","protected":false},"author":3,"featured_media":196880,"comment_status":"closed","ping_status":"closed","sticky":false,"template":"","format":"standard","meta":{"_acf_changed":false,"footnotes":""},"categories":[13],"tags":[321],"class_list":["post-196879","post","type-post","status-publish","format-standard","has-post-thumbnail","category-bosna-i-hercegovina","tag-koridor-vc"],"acf":[],"yoast_head":"<!-- This site is optimized with the Yoast SEO Premium plugin v28.3 (Yoast SEO v28.3) - https:\/\/yoast.com\/product\/yoast-seo-premium-wordpress\/ -->\n<title>Obilje\u017eena realizacija projekta poddionice Doboj jug \u2013 Medakovo: Jo\u0161 jedan va\u017ean korak u izgradnji Koridora Vc<\/title>\n<meta name=\"description\" content=\"JP Autoceste Federacije BiH danas su obilje\u017eile zavr\u0161etak i pu\u0161tanje u funkciju poddionice Doboj jug \u2013 Medakovo, \u010dime je napravljen jo\u0161 jedan va\u017ean korak\" \/>\n<meta name=\"robots\" content=\"index, follow, max-snippet:-1, max-image-preview:large, max-video-preview:-1\" \/>\n<link rel=\"canonical\" href=\"https:\/\/zosradio.ba\/index.php\/2026\/09\/02\/obiljezena-realizacija-projekta-poddionice-doboj-jug-medakovo-jos-jedan-vazan-korak-u-izgradnji-koridora-vc\/\" \/>\n<meta property=\"og:locale\" content=\"bs_BA\" \/>\n<meta property=\"og:type\" content=\"article\" \/>\n<meta property=\"og:title\" content=\"Obilje\u017eena realizacija projekta poddionice Doboj jug \u2013 Medakovo: Jo\u0161 jedan va\u017ean korak u izgradnji Koridora Vc\" \/>\n<meta property=\"og:description\" content=\"JP Autoceste Federacije BiH danas su obilje\u017eile zavr\u0161etak i pu\u0161tanje u funkciju poddionice Doboj jug \u2013 Medakovo, \u010dime je napravljen jo\u0161 jedan va\u017ean korak\" \/>\n<meta property=\"og:url\" content=\"https:\/\/zosradio.ba\/index.php\/2026\/09\/02\/obiljezena-realizacija-projekta-poddionice-doboj-jug-medakovo-jos-jedan-vazan-korak-u-izgradnji-koridora-vc\/\" \/>\n<meta property=\"og:site_name\" content=\"ZOS radio\" \/>\n<meta property=\"article:publisher\" content=\"https:\/\/www.facebook.com\/zosradio\" \/>\n<meta property=\"article:published_time\" content=\"2026-09-02T13:10:51+00:00\" \/>\n<meta property=\"og:image\" content=\"https:\/\/zosradio.ba\/wp-content\/uploads\/2026\/09\/TIO_2630-scaled-1-e1788354529158.jpg\" \/>\n\t<meta property=\"og:image:width\" content=\"1200\" \/>\n\t<meta property=\"og:image:height\" content=\"630\" \/>\n\t<meta property=\"og:image:type\" content=\"image\/jpeg\" \/>\n<meta name=\"author\" content=\"Redakcija\" \/>\n<meta name=\"twitter:card\" content=\"summary_large_image\" \/>\n<meta name=\"twitter:label1\" content=\"Written by\" \/>\n\t<meta name=\"twitter:data1\" content=\"Redakcija\" \/>\n\t<meta name=\"twitter:label2\" content=\"Est. reading time\" \/>\n\t<meta name=\"twitter:data2\" content=\"2 minute\" \/>\n<script type=\"application\/ld+json\" class=\"yoast-schema-graph\">{\"@context\":\"https:\\\/\\\/schema.org\",\"@graph\":[{\"@type\":\"Article\",\"@id\":\"https:\\\/\\\/zosradio.ba\\\/index.php\\\/2026\\\/09\\\/02\\\/obiljezena-realizacija-projekta-poddionice-doboj-jug-medakovo-jos-jedan-vazan-korak-u-izgradnji-koridora-vc\\\/#article\",\"isPartOf\":{\"@id\":\"https:\\\/\\\/zosradio.ba\\\/index.php\\\/2026\\\/09\\\/02\\\/obiljezena-realizacija-projekta-poddionice-doboj-jug-medakovo-jos-jedan-vazan-korak-u-izgradnji-koridora-vc\\\/\"},\"author\":{\"name\":\"Redakcija\",\"@id\":\"https:\\\/\\\/zosradio.ba\\\/#\\\/schema\\\/person\\\/969b476cc96d10b46964da86b3987f7e\"},\"headline\":\"Obilje\u017eena realizacija projekta poddionice Doboj jug \u2013 Medakovo: Jo\u0161 jedan va\u017ean korak u izgradnji Koridora Vc\",\"datePublished\":\"2026-09-02T13:10:51+00:00\",\"mainEntityOfPage\":{\"@id\":\"https:\\\/\\\/zosradio.ba\\\/index.php\\\/2026\\\/09\\\/02\\\/obiljezena-realizacija-projekta-poddionice-doboj-jug-medakovo-jos-jedan-vazan-korak-u-izgradnji-koridora-vc\\\/\"},\"wordCount\":323,\"image\":{\"@id\":\"https:\\\/\\\/zosradio.ba\\\/index.php\\\/2026\\\/09\\\/02\\\/obiljezena-realizacija-projekta-poddionice-doboj-jug-medakovo-jos-jedan-vazan-korak-u-izgradnji-koridora-vc\\\/#primaryimage\"},\"thumbnailUrl\":\"https:\\\/\\\/zosradio.ba\\\/wp-content\\\/uploads\\\/2026\\\/09\\\/TIO_2630-scaled-1-e1788354529158.jpg\",\"keywords\":[\"Koridor Vc\"],\"articleSection\":[\"Bosna i Hercegovina\"],\"inLanguage\":\"bs-BA\"},{\"@type\":\"WebPage\",\"@id\":\"https:\\\/\\\/zosradio.ba\\\/index.php\\\/2026\\\/09\\\/02\\\/obiljezena-realizacija-projekta-poddionice-doboj-jug-medakovo-jos-jedan-vazan-korak-u-izgradnji-koridora-vc\\\/\",\"url\":\"https:\\\/\\\/zosradio.ba\\\/index.php\\\/2026\\\/09\\\/02\\\/obiljezena-realizacija-projekta-poddionice-doboj-jug-medakovo-jos-jedan-vazan-korak-u-izgradnji-koridora-vc\\\/\",\"name\":\"Obilje\u017eena realizacija projekta poddionice Doboj jug \u2013 Medakovo: Jo\u0161 jedan va\u017ean korak u izgradnji Koridora Vc\",\"isPartOf\":{\"@id\":\"https:\\\/\\\/zosradio.ba\\\/#website\"},\"primaryImageOfPage\":{\"@id\":\"https:\\\/\\\/zosradio.ba\\\/index.php\\\/2026\\\/09\\\/02\\\/obiljezena-realizacija-projekta-poddionice-doboj-jug-medakovo-jos-jedan-vazan-korak-u-izgradnji-koridora-vc\\\/#primaryimage\"},\"image\":{\"@id\":\"https:\\\/\\\/zosradio.ba\\\/index.php\\\/2026\\\/09\\\/02\\\/obiljezena-realizacija-projekta-poddionice-doboj-jug-medakovo-jos-jedan-vazan-korak-u-izgradnji-koridora-vc\\\/#primaryimage\"},\"thumbnailUrl\":\"https:\\\/\\\/zosradio.ba\\\/wp-content\\\/uploads\\\/2026\\\/09\\\/TIO_2630-scaled-1-e1788354529158.jpg\",\"datePublished\":\"2026-09-02T13:10:51+00:00\",\"author\":{\"@id\":\"https:\\\/\\\/zosradio.ba\\\/#\\\/schema\\\/person\\\/969b476cc96d10b46964da86b3987f7e\"},\"description\":\"JP Autoceste Federacije BiH danas su obilje\u017eile zavr\u0161etak i pu\u0161tanje u funkciju poddionice Doboj jug \u2013 Medakovo, \u010dime je napravljen jo\u0161 jedan va\u017ean korak\",\"breadcrumb\":{\"@id\":\"https:\\\/\\\/zosradio.ba\\\/index.php\\\/2026\\\/09\\\/02\\\/obiljezena-realizacija-projekta-poddionice-doboj-jug-medakovo-jos-jedan-vazan-korak-u-izgradnji-koridora-vc\\\/#breadcrumb\"},\"inLanguage\":\"bs-BA\",\"potentialAction\":[{\"@type\":\"ReadAction\",\"target\":[\"https:\\\/\\\/zosradio.ba\\\/index.php\\\/2026\\\/09\\\/02\\\/obiljezena-realizacija-projekta-poddionice-doboj-jug-medakovo-jos-jedan-vazan-korak-u-izgradnji-koridora-vc\\\/\"]}]},{\"@type\":\"ImageObject\",\"inLanguage\":\"bs-BA\",\"@id\":\"https:\\\/\\\/zosradio.ba\\\/index.php\\\/2026\\\/09\\\/02\\\/obiljezena-realizacija-projekta-poddionice-doboj-jug-medakovo-jos-jedan-vazan-korak-u-izgradnji-koridora-vc\\\/#primaryimage\",\"url\":\"https:\\\/\\\/zosradio.ba\\\/wp-content\\\/uploads\\\/2026\\\/09\\\/TIO_2630-scaled-1-e1788354529158.jpg\",\"contentUrl\":\"https:\\\/\\\/zosradio.ba\\\/wp-content\\\/uploads\\\/2026\\\/09\\\/TIO_2630-scaled-1-e1788354529158.jpg\",\"width\":1200,\"height\":630,\"caption\":\"Foto: JP Autoceste FBiH\"},{\"@type\":\"BreadcrumbList\",\"@id\":\"https:\\\/\\\/zosradio.ba\\\/index.php\\\/2026\\\/09\\\/02\\\/obiljezena-realizacija-projekta-poddionice-doboj-jug-medakovo-jos-jedan-vazan-korak-u-izgradnji-koridora-vc\\\/#breadcrumb\",\"itemListElement\":[{\"@type\":\"ListItem\",\"position\":1,\"name\":\"Home\",\"item\":\"https:\\\/\\\/zosradio.ba\\\/\"},{\"@type\":\"ListItem\",\"position\":2,\"name\":\"Obilje\u017eena realizacija projekta poddionice Doboj jug \u2013 Medakovo: Jo\u0161 jedan va\u017ean korak u izgradnji Koridora Vc\"}]},{\"@type\":\"WebSite\",\"@id\":\"https:\\\/\\\/zosradio.ba\\\/#website\",\"url\":\"https:\\\/\\\/zosradio.ba\\\/\",\"name\":\"ZOS radio\",\"description\":\"Mjesto provjerenih informacija\",\"potentialAction\":[{\"@type\":\"SearchAction\",\"target\":{\"@type\":\"EntryPoint\",\"urlTemplate\":\"https:\\\/\\\/zosradio.ba\\\/?s={search_term_string}\"},\"query-input\":{\"@type\":\"PropertyValueSpecification\",\"valueRequired\":true,\"valueName\":\"search_term_string\"}}],\"inLanguage\":\"bs-BA\"},{\"@type\":\"Person\",\"@id\":\"https:\\\/\\\/zosradio.ba\\\/#\\\/schema\\\/person\\\/969b476cc96d10b46964da86b3987f7e\",\"name\":\"Redakcija\",\"image\":{\"@type\":\"ImageObject\",\"inLanguage\":\"bs-BA\",\"@id\":\"https:\\\/\\\/secure.gravatar.com\\\/avatar\\\/b6dcae4aefbd26fbbf5cd5f24d98b246488432fc47a791123ad8639c99f9a13a?s=96&d=mm&r=g\",\"url\":\"https:\\\/\\\/secure.gravatar.com\\\/avatar\\\/b6dcae4aefbd26fbbf5cd5f24d98b246488432fc47a791123ad8639c99f9a13a?s=96&d=mm&r=g\",\"contentUrl\":\"https:\\\/\\\/secure.gravatar.com\\\/avatar\\\/b6dcae4aefbd26fbbf5cd5f24d98b246488432fc47a791123ad8639c99f9a13a?s=96&d=mm&r=g\",\"caption\":\"Redakcija\"},\"url\":\"https:\\\/\\\/zosradio.ba\\\/index.php\\\/author\\\/rifavhotmail-com\\\/\"}]}<\/script>\n<!-- \/ Yoast SEO Premium plugin. -->","yoast_head_json":{"title":"Obilje\u017eena realizacija projekta poddionice Doboj jug \u2013 Medakovo: Jo\u0161 jedan va\u017ean korak u izgradnji Koridora Vc","description":"JP Autoceste Federacije BiH danas su obilje\u017eile zavr\u0161etak i pu\u0161tanje u funkciju poddionice Doboj jug \u2013 Medakovo, \u010dime je napravljen jo\u0161 jedan va\u017ean korak","robots":{"index":"index","follow":"follow","max-snippet":"max-snippet:-1","max-image-preview":"max-image-preview:large","max-video-preview":"max-video-preview:-1"},"canonical":"https:\/\/zosradio.ba\/index.php\/2026\/09\/02\/obiljezena-realizacija-projekta-poddionice-doboj-jug-medakovo-jos-jedan-vazan-korak-u-izgradnji-koridora-vc\/","og_locale":"bs_BA","og_type":"article","og_title":"Obilje\u017eena realizacija projekta poddionice Doboj jug \u2013 Medakovo: Jo\u0161 jedan va\u017ean korak u izgradnji Koridora Vc","og_description":"JP Autoceste Federacije BiH danas su obilje\u017eile zavr\u0161etak i pu\u0161tanje u funkciju poddionice Doboj jug \u2013 Medakovo, \u010dime je napravljen jo\u0161 jedan va\u017ean korak","og_url":"https:\/\/zosradio.ba\/index.php\/2026\/09\/02\/obiljezena-realizacija-projekta-poddionice-doboj-jug-medakovo-jos-jedan-vazan-korak-u-izgradnji-koridora-vc\/","og_site_name":"ZOS radio","article_publisher":"https:\/\/www.facebook.com\/zosradio","article_published_time":"2026-09-02T13:10:51+00:00","og_image":[{"width":1200,"height":630,"url":"https:\/\/zosradio.ba\/wp-content\/uploads\/2026\/09\/TIO_2630-scaled-1-e1788354529158.jpg","type":"image\/jpeg"}],"author":"Redakcija","twitter_card":"summary_large_image","twitter_misc":{"Written by":"Redakcija","Est. reading time":"2 minute"},"schema":{"@context":"https:\/\/schema.org","@graph":[{"@type":"Article","@id":"https:\/\/zosradio.ba\/index.php\/2026\/09\/02\/obiljezena-realizacija-projekta-poddionice-doboj-jug-medakovo-jos-jedan-vazan-korak-u-izgradnji-koridora-vc\/#article","isPartOf":{"@id":"https:\/\/zosradio.ba\/index.php\/2026\/09\/02\/obiljezena-realizacija-projekta-poddionice-doboj-jug-medakovo-jos-jedan-vazan-korak-u-izgradnji-koridora-vc\/"},"author":{"name":"Redakcija","@id":"https:\/\/zosradio.ba\/#\/schema\/person\/969b476cc96d10b46964da86b3987f7e"},"headline":"Obilje\u017eena realizacija projekta poddionice Doboj jug \u2013 Medakovo: Jo\u0161 jedan va\u017ean korak u izgradnji Koridora Vc","datePublished":"2026-09-02T13:10:51+00:00","mainEntityOfPage":{"@id":"https:\/\/zosradio.ba\/index.php\/2026\/09\/02\/obiljezena-realizacija-projekta-poddionice-doboj-jug-medakovo-jos-jedan-vazan-korak-u-izgradnji-koridora-vc\/"},"wordCount":323,"image":{"@id":"https:\/\/zosradio.ba\/index.php\/2026\/09\/02\/obiljezena-realizacija-projekta-poddionice-doboj-jug-medakovo-jos-jedan-vazan-korak-u-izgradnji-koridora-vc\/#primaryimage"},"thumbnailUrl":"https:\/\/zosradio.ba\/wp-content\/uploads\/2026\/09\/TIO_2630-scaled-1-e1788354529158.jpg","keywords":["Koridor Vc"],"articleSection":["Bosna i Hercegovina"],"inLanguage":"bs-BA"},{"@type":"WebPage","@id":"https:\/\/zosradio.ba\/index.php\/2026\/09\/02\/obiljezena-realizacija-projekta-poddionice-doboj-jug-medakovo-jos-jedan-vazan-korak-u-izgradnji-koridora-vc\/","url":"https:\/\/zosradio.ba\/index.php\/2026\/09\/02\/obiljezena-realizacija-projekta-poddionice-doboj-jug-medakovo-jos-jedan-vazan-korak-u-izgradnji-koridora-vc\/","name":"Obilje\u017eena realizacija projekta poddionice Doboj jug \u2013 Medakovo: Jo\u0161 jedan va\u017ean korak u izgradnji Koridora Vc","isPartOf":{"@id":"https:\/\/zosradio.ba\/#website"},"primaryImageOfPage":{"@id":"https:\/\/zosradio.ba\/index.php\/2026\/09\/02\/obiljezena-realizacija-projekta-poddionice-doboj-jug-medakovo-jos-jedan-vazan-korak-u-izgradnji-koridora-vc\/#primaryimage"},"image":{"@id":"https:\/\/zosradio.ba\/index.php\/2026\/09\/02\/obiljezena-realizacija-projekta-poddionice-doboj-jug-medakovo-jos-jedan-vazan-korak-u-izgradnji-koridora-vc\/#primaryimage"},"thumbnailUrl":"https:\/\/zosradio.ba\/wp-content\/uploads\/2026\/09\/TIO_2630-scaled-1-e1788354529158.jpg","datePublished":"2026-09-02T13:10:51+00:00","author":{"@id":"https:\/\/zosradio.ba\/#\/schema\/person\/969b476cc96d10b46964da86b3987f7e"},"description":"JP Autoceste Federacije BiH danas su obilje\u017eile zavr\u0161etak i pu\u0161tanje u funkciju poddionice Doboj jug \u2013 Medakovo, \u010dime je napravljen jo\u0161 jedan va\u017ean korak","breadcrumb":{"@id":"https:\/\/zosradio.ba\/index.php\/2026\/09\/02\/obiljezena-realizacija-projekta-poddionice-doboj-jug-medakovo-jos-jedan-vazan-korak-u-izgradnji-koridora-vc\/#breadcrumb"},"inLanguage":"bs-BA","potentialAction":[{"@type":"ReadAction","target":["https:\/\/zosradio.ba\/index.php\/2026\/09\/02\/obiljezena-realizacija-projekta-poddionice-doboj-jug-medakovo-jos-jedan-vazan-korak-u-izgradnji-koridora-vc\/"]}]},{"@type":"ImageObject","inLanguage":"bs-BA","@id":"https:\/\/zosradio.ba\/index.php\/2026\/09\/02\/obiljezena-realizacija-projekta-poddionice-doboj-jug-medakovo-jos-jedan-vazan-korak-u-izgradnji-koridora-vc\/#primaryimage","url":"https:\/\/zosradio.ba\/wp-content\/uploads\/2026\/09\/TIO_2630-scaled-1-e1788354529158.jpg","contentUrl":"https:\/\/zosradio.ba\/wp-content\/uploads\/2026\/09\/TIO_2630-scaled-1-e1788354529158.jpg","width":1200,"height":630,"caption":"Foto: JP Autoceste FBiH"},{"@type":"BreadcrumbList","@id":"https:\/\/zosradio.ba\/index.php\/2026\/09\/02\/obiljezena-realizacija-projekta-poddionice-doboj-jug-medakovo-jos-jedan-vazan-korak-u-izgradnji-koridora-vc\/#breadcrumb","itemListElement":[{"@type":"ListItem","position":1,"name":"Home","item":"https:\/\/zosradio.ba\/"},{"@type":"ListItem","position":2,"name":"Obilje\u017eena realizacija projekta poddionice Doboj jug \u2013 Medakovo: Jo\u0161 jedan va\u017ean korak u izgradnji Koridora Vc"}]},{"@type":"WebSite","@id":"https:\/\/zosradio.ba\/#website","url":"https:\/\/zosradio.ba\/","name":"ZOS radio","description":"Mjesto provjerenih informacija","potentialAction":[{"@type":"SearchAction","target":{"@type":"EntryPoint","urlTemplate":"https:\/\/zosradio.ba\/?s={search_term_string}"},"query-input":{"@type":"PropertyValueSpecification","valueRequired":true,"valueName":"search_term_string"}}],"inLanguage":"bs-BA"},{"@type":"Person","@id":"https:\/\/zosradio.ba\/#\/schema\/person\/969b476cc96d10b46964da86b3987f7e","name":"Redakcija","image":{"@type":"ImageObject","inLanguage":"bs-BA","@id":"https:\/\/secure.gravatar.com\/avatar\/b6dcae4aefbd26fbbf5cd5f24d98b246488432fc47a791123ad8639c99f9a13a?s=96&d=mm&r=g","url":"https:\/\/secure.gravatar.com\/avatar\/b6dcae4aefbd26fbbf5cd5f24d98b246488432fc47a791123ad8639c99f9a13a?s=96&d=mm&r=g","contentUrl":"https:\/\/secure.gravatar.com\/avatar\/b6dcae4aefbd26fbbf5cd5f24d98b246488432fc47a791123ad8639c99f9a13a?s=96&d=mm&r=g","caption":"Redakcija"},"url":"https:\/\/zosradio.ba\/index.php\/author\/rifavhotmail-com\/"}]}},"_links":{"self":[{"href":"https:\/\/zosradio.ba\/index.php\/wp-json\/wp\/v2\/posts\/196879","targetHints":{"allow":["GET"]}}],"collection":[{"href":"https:\/\/zosradio.ba\/index.php\/wp-json\/wp\/v2\/posts"}],"about":[{"href":"https:\/\/zosradio.ba\/index.php\/wp-json\/wp\/v2\/types\/post"}],"author":[{"embeddable":true,"href":"https:\/\/zosradio.ba\/index.php\/wp-json\/wp\/v2\/users\/3"}],"replies":[{"embeddable":true,"href":"https:\/\/zosradio.ba\/index.php\/wp-json\/wp\/v2\/comments?post=196879"}],"version-history":[{"count":1,"href":"https:\/\/zosradio.ba\/index.php\/wp-json\/wp\/v2\/posts\/196879\/revisions"}],"predecessor-version":[{"id":196882,"href":"https:\/\/zosradio.ba\/index.php\/wp-json\/wp\/v2\/posts\/196879\/revisions\/196882"}],"wp:featuredmedia":[{"embeddable":true,"href":"https:\/\/zosradio.ba\/index.php\/wp-json\/wp\/v2\/media\/196880"}],"wp:attachment":[{"href":"https:\/\/zosradio.ba\/index.php\/wp-json\/wp\/v2\/media?parent=196879"}],"wp:term":[{"taxonomy":"category","embeddable":true,"href":"https:\/\/zosradio.ba\/index.php\/wp-json\/wp\/v2\/categories?post=196879"},{"taxonomy":"post_tag","embeddable":true,"href":"https:\/\/zosradio.ba\/index.php\/wp-json\/wp\/v2\/tags?post=196879"}],"curies":[{"name":"wp","href":"https:\/\/api.w.org\/{rel}","templated":true}]}}