{"id":196914,"date":"2026-09-03T15:30:59","date_gmt":"2026-09-03T13:30:59","guid":{"rendered":"https:\/\/zosradio.ba\/?p=196914"},"modified":"2026-09-03T15:30:59","modified_gmt":"2026-09-03T13:30:59","slug":"povecan-broj-prituzbi-protiv-sudija-i-tuzilaca-prednjace-prijave-za-duzinu-trajanja-postupka","status":"publish","type":"post","link":"https:\/\/zosradio.ba\/index.php\/2026\/09\/03\/povecan-broj-prituzbi-protiv-sudija-i-tuzilaca-prednjace-prijave-za-duzinu-trajanja-postupka\/","title":{"rendered":"Pove\u0107an broj pritu\u017ebi protiv sudija i tu\u017eilaca, prednja\u010de prijave za du\u017einu trajanja postupka"},"content":{"rendered":"<p><strong>Broj prijava Uredu disciplinskog tu\u017eioca u prvih \u0161est mjeseci teku\u0107e godine pove\u0107an je za 30,5 posto u odnosu na isti period pro\u0161le godine, dok je broj pritu\u017ebi koje su trenutno u radu porastao za 43 posto.<\/strong><\/p>\n<p>Prema podacima koje je na sjednici Visokog sudskog i tu\u017eila\u010dkog vije\u0107a (VSTV) BiH prezentirala glavna disciplinska tu\u017eiteljica Alena Kurspahi\u0107 Nadarevi\u0107, Ured je od po\u010detka godine zaprimio 525 prijava, a trenutno postupa po 923 pritu\u017ebe, javlja Detektor.<\/p>\n<p>Me\u0111u pritu\u017ebama je pove\u0107an broj onih koje se odnose na du\u017einu trajanja postupaka, dok se dio prijava odnosi i na navode o neprijavljenoj imovini nosilaca pravosudnih funkcija. Od po\u010detka godine Ured je po slu\u017ebenoj du\u017enosti otvorio 32 predmeta\u00a0 koji se uglavnom odnose na zastaru, dok su 39 pritu\u017ebi podnijele profesionalno anga\u017eovane osobe u pravosu\u0111u.<\/p>\n<p>Kurspahi\u0107 Nadarevi\u0107 je navela da je prosje\u010dno vrijeme rje\u0161avanja pritu\u017ebi smanjeno u odnosu na prethodne godine, \u0161to, kako je ocijenila, ukazuje na pove\u0107anu efikasnost rada Ureda disciplinskog tu\u017eioca.<\/p>\n<p>Okon\u010dano je 16 disciplinskih postupaka, dok je pravomo\u0107no izre\u010deno 11 disciplinskih mjera protiv jednog tu\u017eioca i deset sudija. Dva postupka su obustavljena zbog odlaska nosilaca pravosudnih funkcija u penziju. Naj\u010de\u0161\u0107a pravomo\u0107no izre\u010dena disciplinska mjera bilo je smanjenje plate, koja sankcija je izre\u010deno u \u0161est slu\u010dajeva. U \u010detiri slu\u010daja izre\u010dena je javna opomena, a u jednom slu\u010daju pismena opomena.<\/p>\n<p>Zbog ranije izre\u010denih mjera udaljenja od vr\u0161enja du\u017enosti, trenutno je osam nosilaca pravosudnih funkcija suspendovano.<\/p>\n<p>Vije\u0107e je prvog dana sjednice jednoglasno usvojilo i zaklju\u010dak kojim \u0107e se Odjelu za provo\u0111enje postupka po izvje\u0161tajima omogu\u0107iti direktan pristup podacima u CMS-u, odnosno Sistemu za upravljanje predmetima u sudovima.<\/p>\n<p>Kako je poja\u0161njeno, direktan pristup trebalo bi omogu\u0107iti efikasniju provjeru podataka i ubrzati postupanje po izvje\u0161tajima. Ova ta\u010dka sjednice bila je zatvorena za javnost zbog osjetljivosti pitanja pristupa CMS-u i TCMS-u.<\/p>\n<p>Predsjednik Vije\u0107a Sanin Boguni\u0107 pojasnio je da \u0107e pristup biti omogu\u0107en uz stroga ograni\u010denja, odnosno za dva zaposlena koja \u0107e Odjel kandidirati. Kao jedan od razloga za uvo\u0111enje direktnog pristupa navedeni su problemi koji se u praksi javljaju prilikom provjere podataka.<\/p>\n<p>Predstavnica Vije\u0107a Evrope Sad\u017eida Tuli\u0107 predstavila je na sjednici VSTV-a BiH aktivnosti druge faze projekta\u00a0 o \u201cpodr\u0161ki koherentnoj nacionalnoj primjeni Evropske konvencije o ljudskim pravima i olak\u0161avanje izvr\u0161enja presuda Evropskog suda za ljudska prava u BiH\u201c. Prva faza projekta zavr\u0161ena je 31. decembra 2025., a podr\u0161ka pravosu\u0111u u tom periodu realizovana je kroz niz edukacija za nosioce pravosudnih funkcija, kao i kroz razvoj razli\u010ditih alata i mehanizama za pravosudne institucije.<\/p>\n<p>Druga faza projekta po\u010dela je u januaru i trajat \u0107e do decembra 2027. godine. U tom periodu Vije\u0107e Evrope planira nastaviti podr\u0161ku pravosu\u0111u.<\/p>\n<p>Odjel za unapre\u0111enje u\u010dinkovitosti i kvalitete rada u sudovima podnio je izvje\u0161taj o rje\u0161avanju predmeta pred sudovima u prvom polugodi\u0161tu ove godine. U izvje\u0161taju je, izme\u0111u ostalog, navedeno da je Okru\u017eni privredni sud u Bijeljini ispunio propisanu normu, ali je navedeno da je rije\u010d o sudu sa relativno malim brojem predmeta.<\/p>\n<p>Me\u0111u sudovima koji nisu ostvarili normu je Osnovni sud u Prnjavoru, koji se, kako je navedeno, ve\u0107 du\u017ee vrijeme nalazi pri donjoj granici realizacije. Normu nisu ostvarili ni op\u0107inski sudovi u \u0160irokom Brijegu i Ljubu\u0161kom, a na njihovu realizaciju predmeta uticali su \u0161trajkovi koji su se odr\u017eavali u tim sudovima.<\/p>\n<p>Apelacioni sud Br\u010dko distrikta BiH drugi put zaredom bilje\u017ei veoma nisku realizaciju predmeta. Zbog toga su predstavnici Odjela za unapre\u0111enje u\u010dinkovitosti i kvalitete rada u sudovima odr\u017eali sastanke s predsjednikom ovog suda. Kako je navedeno na sjednici, predsjednik Apelacionog suda Br\u010dko distrikta dao je uvjeravanja da \u0107e rezultati biti pobolj\u0161ani tokom tre\u0107eg i \u010detvrtog kvartala ove godine.<\/p>\n<p>Kada je rije\u010d o starosnoj strukturi predmeta, 62 posto rije\u0161enih predmeta odnosi se na predmete iz 2025. godine, dok vi\u0161e od 80 posto predmeta nije starije od dvije godine. To je ocijenjeno kao pozitivan pokazatelj.<\/p>\n<p>Vije\u0107e je prvi dan sjednice razmatralo poziv Ministarstva pravde BiH za imenovanje predstavnika VSTV-a u radnu skupinu za razmatranje inicijative za reformu \u017ealbenog parni\u010dnog postupka. Donesena je odluka da se imenuju dopredsjednik Vije\u0107a Velimir Ninkovi\u0107 i \u0161ef Kabineta predsjednika VSTV-a Demirel Deli\u0107.<\/p>\n<p>Na sjednici su podsjetili da je inicijativa pokrenuta izme\u0111u 2021. i 2022. godine, a \u010dlan Vije\u0107a Davor Martinovi\u0107 istakao je da je Ministarstvu trebalo do danas da odgovore na njihovu inicijativu, te da se proces nepotrebno odugovla\u010di.<\/p>\n<p>Martinovi\u0107 je kazao da je Stalna komisija za legislativu jednoglasno predlo\u017eila da se postoje\u0107i materijali oblikuju u gotov prijedlog zakonskog rje\u0161enja, koji bi bio upu\u0107en nadle\u017enim ministarstvima, nakon \u010dega bi ga ona, u okviru svojih nadle\u017enosti, mogla proslijediti parlamentima.<\/p>\n<p>Sjednica \u0107e biti nastavljena danas, pi\u0161e <a href=\"https:\/\/n1info.ba\/vijesti\/povecan-broj-prituzbi-protiv-sudija-i-tuzilaca-prednjace-prijave-za-duzinu-trajanja-postupka\/\">N1 BiH.<\/a><\/p>\n","protected":false},"excerpt":{"rendered":"<p>Broj prijava Uredu disciplinskog tu\u017eioca u prvih \u0161est mjeseci teku\u0107e godine pove\u0107an je za 30,5 posto u odnosu na isti period pro\u0161le godine, dok je broj pritu\u017ebi koje su trenutno u radu porastao za 43 posto. Prema podacima koje je na sjednici Visokog sudskog i tu\u017eila\u010dkog vije\u0107a (VSTV) BiH prezentirala glavna disciplinska tu\u017eiteljica Alena Kurspahi\u0107 [&hellip;]<\/p>\n","protected":false},"author":3,"featured_media":134602,"comment_status":"closed","ping_status":"closed","sticky":false,"template":"","format":"standard","meta":{"_acf_changed":false,"footnotes":""},"categories":[13],"tags":[],"class_list":["post-196914","post","type-post","status-publish","format-standard","has-post-thumbnail","category-bosna-i-hercegovina"],"acf":[],"yoast_head":"<!-- This site is optimized with the Yoast SEO Premium plugin v28.3 (Yoast SEO v28.3) - https:\/\/yoast.com\/product\/yoast-seo-premium-wordpress\/ -->\n<title>Pove\u0107an broj pritu\u017ebi protiv sudija i tu\u017eilaca, prednja\u010de prijave za du\u017einu trajanja postupka<\/title>\n<meta name=\"description\" content=\"Broj prijava Uredu disciplinskog tu\u017eioca u prvih \u0161est mjeseci teku\u0107e godine pove\u0107an je za 30,5 posto u odnosu na isti period pro\u0161le godine, dok je broj\" \/>\n<meta name=\"robots\" content=\"index, follow, max-snippet:-1, max-image-preview:large, max-video-preview:-1\" \/>\n<link rel=\"canonical\" href=\"https:\/\/zosradio.ba\/index.php\/2026\/09\/03\/povecan-broj-prituzbi-protiv-sudija-i-tuzilaca-prednjace-prijave-za-duzinu-trajanja-postupka\/\" \/>\n<meta property=\"og:locale\" content=\"bs_BA\" \/>\n<meta property=\"og:type\" content=\"article\" \/>\n<meta property=\"og:title\" content=\"Pove\u0107an broj pritu\u017ebi protiv sudija i tu\u017eilaca, prednja\u010de prijave za du\u017einu trajanja postupka\" \/>\n<meta property=\"og:description\" content=\"Broj prijava Uredu disciplinskog tu\u017eioca u prvih \u0161est mjeseci teku\u0107e godine pove\u0107an je za 30,5 posto u odnosu na isti period pro\u0161le godine, dok je broj\" \/>\n<meta property=\"og:url\" content=\"https:\/\/zosradio.ba\/index.php\/2026\/09\/03\/povecan-broj-prituzbi-protiv-sudija-i-tuzilaca-prednjace-prijave-za-duzinu-trajanja-postupka\/\" \/>\n<meta property=\"og:site_name\" content=\"ZOS radio\" \/>\n<meta property=\"article:publisher\" content=\"https:\/\/www.facebook.com\/zosradio\" \/>\n<meta property=\"article:published_time\" content=\"2026-09-03T13:30:59+00:00\" \/>\n<meta property=\"og:image\" content=\"https:\/\/zosradio.ba\/wp-content\/uploads\/2023\/01\/sud-tingey-injury-law-firm-veNb0DDegzE-unsplash-scaled.jpg\" \/>\n\t<meta property=\"og:image:width\" content=\"2560\" \/>\n\t<meta property=\"og:image:height\" content=\"1707\" \/>\n\t<meta property=\"og:image:type\" content=\"image\/jpeg\" \/>\n<meta name=\"author\" content=\"Redakcija\" \/>\n<meta name=\"twitter:card\" content=\"summary_large_image\" \/>\n<meta name=\"twitter:label1\" content=\"Written by\" \/>\n\t<meta name=\"twitter:data1\" content=\"Redakcija\" \/>\n\t<meta name=\"twitter:label2\" content=\"Est. reading time\" \/>\n\t<meta name=\"twitter:data2\" content=\"5 minuta\" \/>\n<script type=\"application\/ld+json\" class=\"yoast-schema-graph\">{\"@context\":\"https:\\\/\\\/schema.org\",\"@graph\":[{\"@type\":\"Article\",\"@id\":\"https:\\\/\\\/zosradio.ba\\\/index.php\\\/2026\\\/09\\\/03\\\/povecan-broj-prituzbi-protiv-sudija-i-tuzilaca-prednjace-prijave-za-duzinu-trajanja-postupka\\\/#article\",\"isPartOf\":{\"@id\":\"https:\\\/\\\/zosradio.ba\\\/index.php\\\/2026\\\/09\\\/03\\\/povecan-broj-prituzbi-protiv-sudija-i-tuzilaca-prednjace-prijave-za-duzinu-trajanja-postupka\\\/\"},\"author\":{\"name\":\"Redakcija\",\"@id\":\"https:\\\/\\\/zosradio.ba\\\/#\\\/schema\\\/person\\\/969b476cc96d10b46964da86b3987f7e\"},\"headline\":\"Pove\u0107an broj pritu\u017ebi protiv sudija i tu\u017eilaca, prednja\u010de prijave za du\u017einu trajanja postupka\",\"datePublished\":\"2026-09-03T13:30:59+00:00\",\"mainEntityOfPage\":{\"@id\":\"https:\\\/\\\/zosradio.ba\\\/index.php\\\/2026\\\/09\\\/03\\\/povecan-broj-prituzbi-protiv-sudija-i-tuzilaca-prednjace-prijave-za-duzinu-trajanja-postupka\\\/\"},\"wordCount\":848,\"image\":{\"@id\":\"https:\\\/\\\/zosradio.ba\\\/index.php\\\/2026\\\/09\\\/03\\\/povecan-broj-prituzbi-protiv-sudija-i-tuzilaca-prednjace-prijave-za-duzinu-trajanja-postupka\\\/#primaryimage\"},\"thumbnailUrl\":\"https:\\\/\\\/zosradio.ba\\\/wp-content\\\/uploads\\\/2023\\\/01\\\/sud-tingey-injury-law-firm-veNb0DDegzE-unsplash-scaled.jpg\",\"articleSection\":[\"Bosna i Hercegovina\"],\"inLanguage\":\"bs-BA\"},{\"@type\":\"WebPage\",\"@id\":\"https:\\\/\\\/zosradio.ba\\\/index.php\\\/2026\\\/09\\\/03\\\/povecan-broj-prituzbi-protiv-sudija-i-tuzilaca-prednjace-prijave-za-duzinu-trajanja-postupka\\\/\",\"url\":\"https:\\\/\\\/zosradio.ba\\\/index.php\\\/2026\\\/09\\\/03\\\/povecan-broj-prituzbi-protiv-sudija-i-tuzilaca-prednjace-prijave-za-duzinu-trajanja-postupka\\\/\",\"name\":\"Pove\u0107an broj pritu\u017ebi protiv sudija i tu\u017eilaca, prednja\u010de prijave za du\u017einu trajanja postupka\",\"isPartOf\":{\"@id\":\"https:\\\/\\\/zosradio.ba\\\/#website\"},\"primaryImageOfPage\":{\"@id\":\"https:\\\/\\\/zosradio.ba\\\/index.php\\\/2026\\\/09\\\/03\\\/povecan-broj-prituzbi-protiv-sudija-i-tuzilaca-prednjace-prijave-za-duzinu-trajanja-postupka\\\/#primaryimage\"},\"image\":{\"@id\":\"https:\\\/\\\/zosradio.ba\\\/index.php\\\/2026\\\/09\\\/03\\\/povecan-broj-prituzbi-protiv-sudija-i-tuzilaca-prednjace-prijave-za-duzinu-trajanja-postupka\\\/#primaryimage\"},\"thumbnailUrl\":\"https:\\\/\\\/zosradio.ba\\\/wp-content\\\/uploads\\\/2023\\\/01\\\/sud-tingey-injury-law-firm-veNb0DDegzE-unsplash-scaled.jpg\",\"datePublished\":\"2026-09-03T13:30:59+00:00\",\"author\":{\"@id\":\"https:\\\/\\\/zosradio.ba\\\/#\\\/schema\\\/person\\\/969b476cc96d10b46964da86b3987f7e\"},\"description\":\"Broj prijava Uredu disciplinskog tu\u017eioca u prvih \u0161est mjeseci teku\u0107e godine pove\u0107an je za 30,5 posto u odnosu na isti period pro\u0161le godine, dok je broj\",\"breadcrumb\":{\"@id\":\"https:\\\/\\\/zosradio.ba\\\/index.php\\\/2026\\\/09\\\/03\\\/povecan-broj-prituzbi-protiv-sudija-i-tuzilaca-prednjace-prijave-za-duzinu-trajanja-postupka\\\/#breadcrumb\"},\"inLanguage\":\"bs-BA\",\"potentialAction\":[{\"@type\":\"ReadAction\",\"target\":[\"https:\\\/\\\/zosradio.ba\\\/index.php\\\/2026\\\/09\\\/03\\\/povecan-broj-prituzbi-protiv-sudija-i-tuzilaca-prednjace-prijave-za-duzinu-trajanja-postupka\\\/\"]}]},{\"@type\":\"ImageObject\",\"inLanguage\":\"bs-BA\",\"@id\":\"https:\\\/\\\/zosradio.ba\\\/index.php\\\/2026\\\/09\\\/03\\\/povecan-broj-prituzbi-protiv-sudija-i-tuzilaca-prednjace-prijave-za-duzinu-trajanja-postupka\\\/#primaryimage\",\"url\":\"https:\\\/\\\/zosradio.ba\\\/wp-content\\\/uploads\\\/2023\\\/01\\\/sud-tingey-injury-law-firm-veNb0DDegzE-unsplash-scaled.jpg\",\"contentUrl\":\"https:\\\/\\\/zosradio.ba\\\/wp-content\\\/uploads\\\/2023\\\/01\\\/sud-tingey-injury-law-firm-veNb0DDegzE-unsplash-scaled.jpg\",\"width\":2560,\"height\":1707,\"caption\":\"Foto: Unsplash\"},{\"@type\":\"BreadcrumbList\",\"@id\":\"https:\\\/\\\/zosradio.ba\\\/index.php\\\/2026\\\/09\\\/03\\\/povecan-broj-prituzbi-protiv-sudija-i-tuzilaca-prednjace-prijave-za-duzinu-trajanja-postupka\\\/#breadcrumb\",\"itemListElement\":[{\"@type\":\"ListItem\",\"position\":1,\"name\":\"Home\",\"item\":\"https:\\\/\\\/zosradio.ba\\\/\"},{\"@type\":\"ListItem\",\"position\":2,\"name\":\"Pove\u0107an broj pritu\u017ebi protiv sudija i tu\u017eilaca, prednja\u010de prijave za du\u017einu trajanja postupka\"}]},{\"@type\":\"WebSite\",\"@id\":\"https:\\\/\\\/zosradio.ba\\\/#website\",\"url\":\"https:\\\/\\\/zosradio.ba\\\/\",\"name\":\"ZOS radio\",\"description\":\"Mjesto provjerenih informacija\",\"potentialAction\":[{\"@type\":\"SearchAction\",\"target\":{\"@type\":\"EntryPoint\",\"urlTemplate\":\"https:\\\/\\\/zosradio.ba\\\/?s={search_term_string}\"},\"query-input\":{\"@type\":\"PropertyValueSpecification\",\"valueRequired\":true,\"valueName\":\"search_term_string\"}}],\"inLanguage\":\"bs-BA\"},{\"@type\":\"Person\",\"@id\":\"https:\\\/\\\/zosradio.ba\\\/#\\\/schema\\\/person\\\/969b476cc96d10b46964da86b3987f7e\",\"name\":\"Redakcija\",\"image\":{\"@type\":\"ImageObject\",\"inLanguage\":\"bs-BA\",\"@id\":\"https:\\\/\\\/secure.gravatar.com\\\/avatar\\\/b6dcae4aefbd26fbbf5cd5f24d98b246488432fc47a791123ad8639c99f9a13a?s=96&d=mm&r=g\",\"url\":\"https:\\\/\\\/secure.gravatar.com\\\/avatar\\\/b6dcae4aefbd26fbbf5cd5f24d98b246488432fc47a791123ad8639c99f9a13a?s=96&d=mm&r=g\",\"contentUrl\":\"https:\\\/\\\/secure.gravatar.com\\\/avatar\\\/b6dcae4aefbd26fbbf5cd5f24d98b246488432fc47a791123ad8639c99f9a13a?s=96&d=mm&r=g\",\"caption\":\"Redakcija\"},\"url\":\"https:\\\/\\\/zosradio.ba\\\/index.php\\\/author\\\/rifavhotmail-com\\\/\"}]}<\/script>\n<!-- \/ Yoast SEO Premium plugin. -->","yoast_head_json":{"title":"Pove\u0107an broj pritu\u017ebi protiv sudija i tu\u017eilaca, prednja\u010de prijave za du\u017einu trajanja postupka","description":"Broj prijava Uredu disciplinskog tu\u017eioca u prvih \u0161est mjeseci teku\u0107e godine pove\u0107an je za 30,5 posto u odnosu na isti period pro\u0161le godine, dok je broj","robots":{"index":"index","follow":"follow","max-snippet":"max-snippet:-1","max-image-preview":"max-image-preview:large","max-video-preview":"max-video-preview:-1"},"canonical":"https:\/\/zosradio.ba\/index.php\/2026\/09\/03\/povecan-broj-prituzbi-protiv-sudija-i-tuzilaca-prednjace-prijave-za-duzinu-trajanja-postupka\/","og_locale":"bs_BA","og_type":"article","og_title":"Pove\u0107an broj pritu\u017ebi protiv sudija i tu\u017eilaca, prednja\u010de prijave za du\u017einu trajanja postupka","og_description":"Broj prijava Uredu disciplinskog tu\u017eioca u prvih \u0161est mjeseci teku\u0107e godine pove\u0107an je za 30,5 posto u odnosu na isti period pro\u0161le godine, dok je broj","og_url":"https:\/\/zosradio.ba\/index.php\/2026\/09\/03\/povecan-broj-prituzbi-protiv-sudija-i-tuzilaca-prednjace-prijave-za-duzinu-trajanja-postupka\/","og_site_name":"ZOS radio","article_publisher":"https:\/\/www.facebook.com\/zosradio","article_published_time":"2026-09-03T13:30:59+00:00","og_image":[{"width":2560,"height":1707,"url":"https:\/\/zosradio.ba\/wp-content\/uploads\/2023\/01\/sud-tingey-injury-law-firm-veNb0DDegzE-unsplash-scaled.jpg","type":"image\/jpeg"}],"author":"Redakcija","twitter_card":"summary_large_image","twitter_misc":{"Written by":"Redakcija","Est. reading time":"5 minuta"},"schema":{"@context":"https:\/\/schema.org","@graph":[{"@type":"Article","@id":"https:\/\/zosradio.ba\/index.php\/2026\/09\/03\/povecan-broj-prituzbi-protiv-sudija-i-tuzilaca-prednjace-prijave-za-duzinu-trajanja-postupka\/#article","isPartOf":{"@id":"https:\/\/zosradio.ba\/index.php\/2026\/09\/03\/povecan-broj-prituzbi-protiv-sudija-i-tuzilaca-prednjace-prijave-za-duzinu-trajanja-postupka\/"},"author":{"name":"Redakcija","@id":"https:\/\/zosradio.ba\/#\/schema\/person\/969b476cc96d10b46964da86b3987f7e"},"headline":"Pove\u0107an broj pritu\u017ebi protiv sudija i tu\u017eilaca, prednja\u010de prijave za du\u017einu trajanja postupka","datePublished":"2026-09-03T13:30:59+00:00","mainEntityOfPage":{"@id":"https:\/\/zosradio.ba\/index.php\/2026\/09\/03\/povecan-broj-prituzbi-protiv-sudija-i-tuzilaca-prednjace-prijave-za-duzinu-trajanja-postupka\/"},"wordCount":848,"image":{"@id":"https:\/\/zosradio.ba\/index.php\/2026\/09\/03\/povecan-broj-prituzbi-protiv-sudija-i-tuzilaca-prednjace-prijave-za-duzinu-trajanja-postupka\/#primaryimage"},"thumbnailUrl":"https:\/\/zosradio.ba\/wp-content\/uploads\/2023\/01\/sud-tingey-injury-law-firm-veNb0DDegzE-unsplash-scaled.jpg","articleSection":["Bosna i Hercegovina"],"inLanguage":"bs-BA"},{"@type":"WebPage","@id":"https:\/\/zosradio.ba\/index.php\/2026\/09\/03\/povecan-broj-prituzbi-protiv-sudija-i-tuzilaca-prednjace-prijave-za-duzinu-trajanja-postupka\/","url":"https:\/\/zosradio.ba\/index.php\/2026\/09\/03\/povecan-broj-prituzbi-protiv-sudija-i-tuzilaca-prednjace-prijave-za-duzinu-trajanja-postupka\/","name":"Pove\u0107an broj pritu\u017ebi protiv sudija i tu\u017eilaca, prednja\u010de prijave za du\u017einu trajanja postupka","isPartOf":{"@id":"https:\/\/zosradio.ba\/#website"},"primaryImageOfPage":{"@id":"https:\/\/zosradio.ba\/index.php\/2026\/09\/03\/povecan-broj-prituzbi-protiv-sudija-i-tuzilaca-prednjace-prijave-za-duzinu-trajanja-postupka\/#primaryimage"},"image":{"@id":"https:\/\/zosradio.ba\/index.php\/2026\/09\/03\/povecan-broj-prituzbi-protiv-sudija-i-tuzilaca-prednjace-prijave-za-duzinu-trajanja-postupka\/#primaryimage"},"thumbnailUrl":"https:\/\/zosradio.ba\/wp-content\/uploads\/2023\/01\/sud-tingey-injury-law-firm-veNb0DDegzE-unsplash-scaled.jpg","datePublished":"2026-09-03T13:30:59+00:00","author":{"@id":"https:\/\/zosradio.ba\/#\/schema\/person\/969b476cc96d10b46964da86b3987f7e"},"description":"Broj prijava Uredu disciplinskog tu\u017eioca u prvih \u0161est mjeseci teku\u0107e godine pove\u0107an je za 30,5 posto u odnosu na isti period pro\u0161le godine, dok je broj","breadcrumb":{"@id":"https:\/\/zosradio.ba\/index.php\/2026\/09\/03\/povecan-broj-prituzbi-protiv-sudija-i-tuzilaca-prednjace-prijave-za-duzinu-trajanja-postupka\/#breadcrumb"},"inLanguage":"bs-BA","potentialAction":[{"@type":"ReadAction","target":["https:\/\/zosradio.ba\/index.php\/2026\/09\/03\/povecan-broj-prituzbi-protiv-sudija-i-tuzilaca-prednjace-prijave-za-duzinu-trajanja-postupka\/"]}]},{"@type":"ImageObject","inLanguage":"bs-BA","@id":"https:\/\/zosradio.ba\/index.php\/2026\/09\/03\/povecan-broj-prituzbi-protiv-sudija-i-tuzilaca-prednjace-prijave-za-duzinu-trajanja-postupka\/#primaryimage","url":"https:\/\/zosradio.ba\/wp-content\/uploads\/2023\/01\/sud-tingey-injury-law-firm-veNb0DDegzE-unsplash-scaled.jpg","contentUrl":"https:\/\/zosradio.ba\/wp-content\/uploads\/2023\/01\/sud-tingey-injury-law-firm-veNb0DDegzE-unsplash-scaled.jpg","width":2560,"height":1707,"caption":"Foto: Unsplash"},{"@type":"BreadcrumbList","@id":"https:\/\/zosradio.ba\/index.php\/2026\/09\/03\/povecan-broj-prituzbi-protiv-sudija-i-tuzilaca-prednjace-prijave-za-duzinu-trajanja-postupka\/#breadcrumb","itemListElement":[{"@type":"ListItem","position":1,"name":"Home","item":"https:\/\/zosradio.ba\/"},{"@type":"ListItem","position":2,"name":"Pove\u0107an broj pritu\u017ebi protiv sudija i tu\u017eilaca, prednja\u010de prijave za du\u017einu trajanja postupka"}]},{"@type":"WebSite","@id":"https:\/\/zosradio.ba\/#website","url":"https:\/\/zosradio.ba\/","name":"ZOS radio","description":"Mjesto provjerenih informacija","potentialAction":[{"@type":"SearchAction","target":{"@type":"EntryPoint","urlTemplate":"https:\/\/zosradio.ba\/?s={search_term_string}"},"query-input":{"@type":"PropertyValueSpecification","valueRequired":true,"valueName":"search_term_string"}}],"inLanguage":"bs-BA"},{"@type":"Person","@id":"https:\/\/zosradio.ba\/#\/schema\/person\/969b476cc96d10b46964da86b3987f7e","name":"Redakcija","image":{"@type":"ImageObject","inLanguage":"bs-BA","@id":"https:\/\/secure.gravatar.com\/avatar\/b6dcae4aefbd26fbbf5cd5f24d98b246488432fc47a791123ad8639c99f9a13a?s=96&d=mm&r=g","url":"https:\/\/secure.gravatar.com\/avatar\/b6dcae4aefbd26fbbf5cd5f24d98b246488432fc47a791123ad8639c99f9a13a?s=96&d=mm&r=g","contentUrl":"https:\/\/secure.gravatar.com\/avatar\/b6dcae4aefbd26fbbf5cd5f24d98b246488432fc47a791123ad8639c99f9a13a?s=96&d=mm&r=g","caption":"Redakcija"},"url":"https:\/\/zosradio.ba\/index.php\/author\/rifavhotmail-com\/"}]}},"_links":{"self":[{"href":"https:\/\/zosradio.ba\/index.php\/wp-json\/wp\/v2\/posts\/196914","targetHints":{"allow":["GET"]}}],"collection":[{"href":"https:\/\/zosradio.ba\/index.php\/wp-json\/wp\/v2\/posts"}],"about":[{"href":"https:\/\/zosradio.ba\/index.php\/wp-json\/wp\/v2\/types\/post"}],"author":[{"embeddable":true,"href":"https:\/\/zosradio.ba\/index.php\/wp-json\/wp\/v2\/users\/3"}],"replies":[{"embeddable":true,"href":"https:\/\/zosradio.ba\/index.php\/wp-json\/wp\/v2\/comments?post=196914"}],"version-history":[{"count":1,"href":"https:\/\/zosradio.ba\/index.php\/wp-json\/wp\/v2\/posts\/196914\/revisions"}],"predecessor-version":[{"id":196915,"href":"https:\/\/zosradio.ba\/index.php\/wp-json\/wp\/v2\/posts\/196914\/revisions\/196915"}],"wp:featuredmedia":[{"embeddable":true,"href":"https:\/\/zosradio.ba\/index.php\/wp-json\/wp\/v2\/media\/134602"}],"wp:attachment":[{"href":"https:\/\/zosradio.ba\/index.php\/wp-json\/wp\/v2\/media?parent=196914"}],"wp:term":[{"taxonomy":"category","embeddable":true,"href":"https:\/\/zosradio.ba\/index.php\/wp-json\/wp\/v2\/categories?post=196914"},{"taxonomy":"post_tag","embeddable":true,"href":"https:\/\/zosradio.ba\/index.php\/wp-json\/wp\/v2\/tags?post=196914"}],"curies":[{"name":"wp","href":"https:\/\/api.w.org\/{rel}","templated":true}]}}