{"id":196977,"date":"2026-09-05T07:35:29","date_gmt":"2026-09-05T05:35:29","guid":{"rendered":"https:\/\/zosradio.ba\/?p=196977"},"modified":"2026-09-05T07:35:29","modified_gmt":"2026-09-05T05:35:29","slug":"tesanj-domacin-18-sajma-meda-pekmeza-vocnih-delicija-eko-bilja-i-etno-stvaralastva","status":"publish","type":"post","link":"https:\/\/zosradio.ba\/index.php\/2026\/09\/05\/tesanj-domacin-18-sajma-meda-pekmeza-vocnih-delicija-eko-bilja-i-etno-stvaralastva\/","title":{"rendered":"Te\u0161anj doma\u0107in 18. Sajma meda, pekmeza, vo\u0107nih delicija, eko bilja i etno stvarala\u0161tva"},"content":{"rendered":"<p class=\"PDq2pG_selectionAnchorContainer\" data-start=\"134\" data-end=\"411\">Udru\u017eenje p\u010delara \u201eP\u010dela\u201c <a href=\"https:\/\/zosradio.ba\/index.php\/2026\/01\/20\/tesanj-u-opcoj-bolnici-rodjeno-pet-beba-3\/\">Te\u0161anj<\/a> i Udru\u017eenje \u017eena \u201eRuka\u201c Kalo\u0161evi\u0107 organizuju <strong data-start=\"212\" data-end=\"287\">18. Sajam meda, pekmeza, vo\u0107nih delicija, eko bilja i etno stvarala\u0161tva<\/strong>, koji \u0107e biti odr\u017ean u petak i subotu, <strong data-start=\"327\" data-end=\"363\">11. i 12. septembra 2026. godine<\/strong>, na Gradskom trgu ispred Doma kulture u Te\u0161nju.<\/p>\n<p data-start=\"413\" data-end=\"607\">Sajam \u0107e biti otvoren u petak u 10 sati, nakon \u010dega je planiran kulturno-umjetni\u010dki program KUD-a. Tokom prvog dana bit \u0107e organizovano i uzimanje uzoraka meda i vo\u0107nih delicija po kategorijama.<\/p>\n<p data-start=\"609\" data-end=\"807\">U kategoriji meda ocjenjivat \u0107e se <strong data-start=\"644\" data-end=\"704\">lipov, livadski, bagremov, \u0161umski, kestenov i \u0161areni med<\/strong>, dok \u0107e u kategoriji vo\u0107nih delicija biti predstavljeni pekmezi, d\u017eemovi, sokovi, sir\u0107e i su\u0161eno vo\u0107e.<\/p>\n<p data-start=\"809\" data-end=\"1066\">Poseban dio programa prvog dana je <strong data-start=\"844\" data-end=\"860\">\u201eBurek reli\u201c<\/strong>, koji po\u010dinje u 11 sati. Sajam \u0107e u petak trajati do 23 sata, uz muziku u\u017eivo. Posjetiocima \u0107e tokom prvog dana biti podijeljene ulaznice, a na osnovu njih \u0107e drugog dana biti dodijeljene prigodne nagrade.<\/p>\n<p data-start=\"1068\" data-end=\"1233\">Drugog dana sajma, u subotu, program po\u010dinje u 8 sati. Od 10 sati bit \u0107e odr\u017eana sjednica Kantonalnog saveza p\u010delara, dok je u 11:30 planirano predavanje za p\u010delare.<\/p>\n<p data-start=\"1235\" data-end=\"1428\"><strong data-start=\"1235\" data-end=\"1266\">Ceremonija zatvaranja sajma<\/strong> predvi\u0111ena je od 14 sati, uz Te\u0161anjsku sofru i muzi\u010dki program posve\u0107en sevdahu. Tom prilikom bit \u0107e dodijeljena priznanja, diplome i medalje pobjednicima sajma.<\/p>\n<p data-start=\"1430\" data-end=\"1552\">Od 15 sati bit \u0107e uprili\u010dena i podjela meda bolesnicima u Op\u0107oj bolnici Te\u0161anj, dok je zavr\u0161etak sajma planiran u 19 sati.<\/p>\n<p data-start=\"1554\" data-end=\"1822\" data-is-last-node=\"\" data-is-only-node=\"\">Organizatori pozivaju <strong data-start=\"1576\" data-end=\"1648\">p\u010delare, proizvo\u0111a\u010de vo\u0107nih delicija i proizvo\u0111a\u010de etno-stvarala\u0161tva<\/strong> da se uklju\u010de kao izlaga\u010di, dok se gra\u0111ani Te\u0161nja i okolnih mjesta pozivaju da posjete sajam, degustiraju doma\u0107e proizvode i u\u017eivaju u bogatom kulturnom i muzi\u010dkom programu.<\/p>\n<p data-start=\"1554\" data-end=\"1822\" data-is-last-node=\"\" data-is-only-node=\"\"><img loading=\"lazy\" decoding=\"async\" class=\"aligncenter wp-image-196978 size-full\" src=\"https:\/\/zosradio.ba\/wp-content\/uploads\/2026\/09\/793028073_1617406326416716_1039648865677771006_n.jpg\" alt=\"\" width=\"734\" height=\"1035\" srcset=\"https:\/\/zosradio.ba\/wp-content\/uploads\/2026\/09\/793028073_1617406326416716_1039648865677771006_n.jpg 734w, https:\/\/zosradio.ba\/wp-content\/uploads\/2026\/09\/793028073_1617406326416716_1039648865677771006_n-213x300.jpg 213w, https:\/\/zosradio.ba\/wp-content\/uploads\/2026\/09\/793028073_1617406326416716_1039648865677771006_n-726x1024.jpg 726w, https:\/\/zosradio.ba\/wp-content\/uploads\/2026\/09\/793028073_1617406326416716_1039648865677771006_n-106x150.jpg 106w, https:\/\/zosradio.ba\/wp-content\/uploads\/2026\/09\/793028073_1617406326416716_1039648865677771006_n-150x212.jpg 150w, https:\/\/zosradio.ba\/wp-content\/uploads\/2026\/09\/793028073_1617406326416716_1039648865677771006_n-300x423.jpg 300w, https:\/\/zosradio.ba\/wp-content\/uploads\/2026\/09\/793028073_1617406326416716_1039648865677771006_n-696x981.jpg 696w\" sizes=\"auto, (max-width: 734px) 100vw, 734px\" \/><\/p>\n","protected":false},"excerpt":{"rendered":"<p>Udru\u017eenje p\u010delara \u201eP\u010dela\u201c Te\u0161anj i Udru\u017eenje \u017eena \u201eRuka\u201c Kalo\u0161evi\u0107 organizuju 18. Sajam meda, pekmeza, vo\u0107nih delicija, eko bilja i etno stvarala\u0161tva, koji \u0107e biti odr\u017ean u petak i subotu, 11. i 12. septembra 2026. godine, na Gradskom trgu ispred Doma kulture u Te\u0161nju. Sajam \u0107e biti otvoren u petak u 10 sati, nakon \u010dega je [&hellip;]<\/p>\n","protected":false},"author":3,"featured_media":178479,"comment_status":"closed","ping_status":"closed","sticky":false,"template":"","format":"standard","meta":{"_acf_changed":false,"footnotes":""},"categories":[13],"tags":[],"class_list":["post-196977","post","type-post","status-publish","format-standard","has-post-thumbnail","category-bosna-i-hercegovina"],"acf":[],"yoast_head":"<!-- This site is optimized with the Yoast SEO Premium plugin v28.3 (Yoast SEO v28.3) - https:\/\/yoast.com\/product\/yoast-seo-premium-wordpress\/ -->\n<title>Te\u0161anj doma\u0107in 18. Sajma meda, pekmeza, vo\u0107nih delicija, eko bilja i etno stvarala\u0161tva<\/title>\n<meta name=\"description\" content=\"Udru\u017eenje p\u010delara \u201eP\u010dela\u201c Te\u0161anj i Udru\u017eenje \u017eena \u201eRuka\u201c Kalo\u0161evi\u0107 organizuju 18. Sajam meda, pekmeza, vo\u0107nih delicija, eko bilja i etno stvarala\u0161tva,\" \/>\n<meta name=\"robots\" content=\"index, follow, max-snippet:-1, max-image-preview:large, max-video-preview:-1\" \/>\n<link rel=\"canonical\" href=\"https:\/\/zosradio.ba\/index.php\/2026\/09\/05\/tesanj-domacin-18-sajma-meda-pekmeza-vocnih-delicija-eko-bilja-i-etno-stvaralastva\/\" \/>\n<meta property=\"og:locale\" content=\"bs_BA\" \/>\n<meta property=\"og:type\" content=\"article\" \/>\n<meta property=\"og:title\" content=\"Te\u0161anj doma\u0107in 18. Sajma meda, pekmeza, vo\u0107nih delicija, eko bilja i etno stvarala\u0161tva\" \/>\n<meta property=\"og:description\" content=\"Udru\u017eenje p\u010delara \u201eP\u010dela\u201c Te\u0161anj i Udru\u017eenje \u017eena \u201eRuka\u201c Kalo\u0161evi\u0107 organizuju 18. Sajam meda, pekmeza, vo\u0107nih delicija, eko bilja i etno stvarala\u0161tva,\" \/>\n<meta property=\"og:url\" content=\"https:\/\/zosradio.ba\/index.php\/2026\/09\/05\/tesanj-domacin-18-sajma-meda-pekmeza-vocnih-delicija-eko-bilja-i-etno-stvaralastva\/\" \/>\n<meta property=\"og:site_name\" content=\"ZOS radio\" \/>\n<meta property=\"article:publisher\" content=\"https:\/\/www.facebook.com\/zosradio\" \/>\n<meta property=\"article:published_time\" content=\"2026-09-05T05:35:29+00:00\" \/>\n<meta property=\"og:image\" content=\"https:\/\/zosradio.ba\/wp-content\/uploads\/2025\/08\/20190906_095541-e1755166495102.jpg\" \/>\n\t<meta property=\"og:image:width\" content=\"1198\" \/>\n\t<meta property=\"og:image:height\" content=\"620\" \/>\n\t<meta property=\"og:image:type\" content=\"image\/jpeg\" \/>\n<meta name=\"author\" content=\"Redakcija\" \/>\n<meta name=\"twitter:card\" content=\"summary_large_image\" \/>\n<meta name=\"twitter:label1\" content=\"Written by\" \/>\n\t<meta name=\"twitter:data1\" content=\"Redakcija\" \/>\n\t<meta name=\"twitter:label2\" content=\"Est. reading time\" \/>\n\t<meta name=\"twitter:data2\" content=\"2 minute\" \/>\n<script type=\"application\/ld+json\" class=\"yoast-schema-graph\">{\"@context\":\"https:\\\/\\\/schema.org\",\"@graph\":[{\"@type\":\"Article\",\"@id\":\"https:\\\/\\\/zosradio.ba\\\/index.php\\\/2026\\\/09\\\/05\\\/tesanj-domacin-18-sajma-meda-pekmeza-vocnih-delicija-eko-bilja-i-etno-stvaralastva\\\/#article\",\"isPartOf\":{\"@id\":\"https:\\\/\\\/zosradio.ba\\\/index.php\\\/2026\\\/09\\\/05\\\/tesanj-domacin-18-sajma-meda-pekmeza-vocnih-delicija-eko-bilja-i-etno-stvaralastva\\\/\"},\"author\":{\"name\":\"Redakcija\",\"@id\":\"https:\\\/\\\/zosradio.ba\\\/#\\\/schema\\\/person\\\/969b476cc96d10b46964da86b3987f7e\"},\"headline\":\"Te\u0161anj doma\u0107in 18. Sajma meda, pekmeza, vo\u0107nih delicija, eko bilja i etno stvarala\u0161tva\",\"datePublished\":\"2026-09-05T05:35:29+00:00\",\"mainEntityOfPage\":{\"@id\":\"https:\\\/\\\/zosradio.ba\\\/index.php\\\/2026\\\/09\\\/05\\\/tesanj-domacin-18-sajma-meda-pekmeza-vocnih-delicija-eko-bilja-i-etno-stvaralastva\\\/\"},\"wordCount\":307,\"image\":{\"@id\":\"https:\\\/\\\/zosradio.ba\\\/index.php\\\/2026\\\/09\\\/05\\\/tesanj-domacin-18-sajma-meda-pekmeza-vocnih-delicija-eko-bilja-i-etno-stvaralastva\\\/#primaryimage\"},\"thumbnailUrl\":\"https:\\\/\\\/zosradio.ba\\\/wp-content\\\/uploads\\\/2025\\\/08\\\/20190906_095541-e1755166495102.jpg\",\"articleSection\":[\"Bosna i Hercegovina\"],\"inLanguage\":\"bs-BA\"},{\"@type\":\"WebPage\",\"@id\":\"https:\\\/\\\/zosradio.ba\\\/index.php\\\/2026\\\/09\\\/05\\\/tesanj-domacin-18-sajma-meda-pekmeza-vocnih-delicija-eko-bilja-i-etno-stvaralastva\\\/\",\"url\":\"https:\\\/\\\/zosradio.ba\\\/index.php\\\/2026\\\/09\\\/05\\\/tesanj-domacin-18-sajma-meda-pekmeza-vocnih-delicija-eko-bilja-i-etno-stvaralastva\\\/\",\"name\":\"Te\u0161anj doma\u0107in 18. Sajma meda, pekmeza, vo\u0107nih delicija, eko bilja i etno stvarala\u0161tva\",\"isPartOf\":{\"@id\":\"https:\\\/\\\/zosradio.ba\\\/#website\"},\"primaryImageOfPage\":{\"@id\":\"https:\\\/\\\/zosradio.ba\\\/index.php\\\/2026\\\/09\\\/05\\\/tesanj-domacin-18-sajma-meda-pekmeza-vocnih-delicija-eko-bilja-i-etno-stvaralastva\\\/#primaryimage\"},\"image\":{\"@id\":\"https:\\\/\\\/zosradio.ba\\\/index.php\\\/2026\\\/09\\\/05\\\/tesanj-domacin-18-sajma-meda-pekmeza-vocnih-delicija-eko-bilja-i-etno-stvaralastva\\\/#primaryimage\"},\"thumbnailUrl\":\"https:\\\/\\\/zosradio.ba\\\/wp-content\\\/uploads\\\/2025\\\/08\\\/20190906_095541-e1755166495102.jpg\",\"datePublished\":\"2026-09-05T05:35:29+00:00\",\"author\":{\"@id\":\"https:\\\/\\\/zosradio.ba\\\/#\\\/schema\\\/person\\\/969b476cc96d10b46964da86b3987f7e\"},\"description\":\"Udru\u017eenje p\u010delara \u201eP\u010dela\u201c Te\u0161anj i Udru\u017eenje \u017eena \u201eRuka\u201c Kalo\u0161evi\u0107 organizuju 18. Sajam meda, pekmeza, vo\u0107nih delicija, eko bilja i etno stvarala\u0161tva,\",\"breadcrumb\":{\"@id\":\"https:\\\/\\\/zosradio.ba\\\/index.php\\\/2026\\\/09\\\/05\\\/tesanj-domacin-18-sajma-meda-pekmeza-vocnih-delicija-eko-bilja-i-etno-stvaralastva\\\/#breadcrumb\"},\"inLanguage\":\"bs-BA\",\"potentialAction\":[{\"@type\":\"ReadAction\",\"target\":[\"https:\\\/\\\/zosradio.ba\\\/index.php\\\/2026\\\/09\\\/05\\\/tesanj-domacin-18-sajma-meda-pekmeza-vocnih-delicija-eko-bilja-i-etno-stvaralastva\\\/\"]}]},{\"@type\":\"ImageObject\",\"inLanguage\":\"bs-BA\",\"@id\":\"https:\\\/\\\/zosradio.ba\\\/index.php\\\/2026\\\/09\\\/05\\\/tesanj-domacin-18-sajma-meda-pekmeza-vocnih-delicija-eko-bilja-i-etno-stvaralastva\\\/#primaryimage\",\"url\":\"https:\\\/\\\/zosradio.ba\\\/wp-content\\\/uploads\\\/2025\\\/08\\\/20190906_095541-e1755166495102.jpg\",\"contentUrl\":\"https:\\\/\\\/zosradio.ba\\\/wp-content\\\/uploads\\\/2025\\\/08\\\/20190906_095541-e1755166495102.jpg\",\"width\":1198,\"height\":620,\"caption\":\"Arhiva (Foto: ZOS Radio)\"},{\"@type\":\"BreadcrumbList\",\"@id\":\"https:\\\/\\\/zosradio.ba\\\/index.php\\\/2026\\\/09\\\/05\\\/tesanj-domacin-18-sajma-meda-pekmeza-vocnih-delicija-eko-bilja-i-etno-stvaralastva\\\/#breadcrumb\",\"itemListElement\":[{\"@type\":\"ListItem\",\"position\":1,\"name\":\"Home\",\"item\":\"https:\\\/\\\/zosradio.ba\\\/\"},{\"@type\":\"ListItem\",\"position\":2,\"name\":\"Te\u0161anj doma\u0107in 18. Sajma meda, pekmeza, vo\u0107nih delicija, eko bilja i etno stvarala\u0161tva\"}]},{\"@type\":\"WebSite\",\"@id\":\"https:\\\/\\\/zosradio.ba\\\/#website\",\"url\":\"https:\\\/\\\/zosradio.ba\\\/\",\"name\":\"ZOS radio\",\"description\":\"Mjesto provjerenih informacija\",\"potentialAction\":[{\"@type\":\"SearchAction\",\"target\":{\"@type\":\"EntryPoint\",\"urlTemplate\":\"https:\\\/\\\/zosradio.ba\\\/?s={search_term_string}\"},\"query-input\":{\"@type\":\"PropertyValueSpecification\",\"valueRequired\":true,\"valueName\":\"search_term_string\"}}],\"inLanguage\":\"bs-BA\"},{\"@type\":\"Person\",\"@id\":\"https:\\\/\\\/zosradio.ba\\\/#\\\/schema\\\/person\\\/969b476cc96d10b46964da86b3987f7e\",\"name\":\"Redakcija\",\"image\":{\"@type\":\"ImageObject\",\"inLanguage\":\"bs-BA\",\"@id\":\"https:\\\/\\\/secure.gravatar.com\\\/avatar\\\/b6dcae4aefbd26fbbf5cd5f24d98b246488432fc47a791123ad8639c99f9a13a?s=96&d=mm&r=g\",\"url\":\"https:\\\/\\\/secure.gravatar.com\\\/avatar\\\/b6dcae4aefbd26fbbf5cd5f24d98b246488432fc47a791123ad8639c99f9a13a?s=96&d=mm&r=g\",\"contentUrl\":\"https:\\\/\\\/secure.gravatar.com\\\/avatar\\\/b6dcae4aefbd26fbbf5cd5f24d98b246488432fc47a791123ad8639c99f9a13a?s=96&d=mm&r=g\",\"caption\":\"Redakcija\"},\"url\":\"https:\\\/\\\/zosradio.ba\\\/index.php\\\/author\\\/rifavhotmail-com\\\/\"}]}<\/script>\n<!-- \/ Yoast SEO Premium plugin. -->","yoast_head_json":{"title":"Te\u0161anj doma\u0107in 18. Sajma meda, pekmeza, vo\u0107nih delicija, eko bilja i etno stvarala\u0161tva","description":"Udru\u017eenje p\u010delara \u201eP\u010dela\u201c Te\u0161anj i Udru\u017eenje \u017eena \u201eRuka\u201c Kalo\u0161evi\u0107 organizuju 18. Sajam meda, pekmeza, vo\u0107nih delicija, eko bilja i etno stvarala\u0161tva,","robots":{"index":"index","follow":"follow","max-snippet":"max-snippet:-1","max-image-preview":"max-image-preview:large","max-video-preview":"max-video-preview:-1"},"canonical":"https:\/\/zosradio.ba\/index.php\/2026\/09\/05\/tesanj-domacin-18-sajma-meda-pekmeza-vocnih-delicija-eko-bilja-i-etno-stvaralastva\/","og_locale":"bs_BA","og_type":"article","og_title":"Te\u0161anj doma\u0107in 18. Sajma meda, pekmeza, vo\u0107nih delicija, eko bilja i etno stvarala\u0161tva","og_description":"Udru\u017eenje p\u010delara \u201eP\u010dela\u201c Te\u0161anj i Udru\u017eenje \u017eena \u201eRuka\u201c Kalo\u0161evi\u0107 organizuju 18. Sajam meda, pekmeza, vo\u0107nih delicija, eko bilja i etno stvarala\u0161tva,","og_url":"https:\/\/zosradio.ba\/index.php\/2026\/09\/05\/tesanj-domacin-18-sajma-meda-pekmeza-vocnih-delicija-eko-bilja-i-etno-stvaralastva\/","og_site_name":"ZOS radio","article_publisher":"https:\/\/www.facebook.com\/zosradio","article_published_time":"2026-09-05T05:35:29+00:00","og_image":[{"width":1198,"height":620,"url":"https:\/\/zosradio.ba\/wp-content\/uploads\/2025\/08\/20190906_095541-e1755166495102.jpg","type":"image\/jpeg"}],"author":"Redakcija","twitter_card":"summary_large_image","twitter_misc":{"Written by":"Redakcija","Est. reading time":"2 minute"},"schema":{"@context":"https:\/\/schema.org","@graph":[{"@type":"Article","@id":"https:\/\/zosradio.ba\/index.php\/2026\/09\/05\/tesanj-domacin-18-sajma-meda-pekmeza-vocnih-delicija-eko-bilja-i-etno-stvaralastva\/#article","isPartOf":{"@id":"https:\/\/zosradio.ba\/index.php\/2026\/09\/05\/tesanj-domacin-18-sajma-meda-pekmeza-vocnih-delicija-eko-bilja-i-etno-stvaralastva\/"},"author":{"name":"Redakcija","@id":"https:\/\/zosradio.ba\/#\/schema\/person\/969b476cc96d10b46964da86b3987f7e"},"headline":"Te\u0161anj doma\u0107in 18. Sajma meda, pekmeza, vo\u0107nih delicija, eko bilja i etno stvarala\u0161tva","datePublished":"2026-09-05T05:35:29+00:00","mainEntityOfPage":{"@id":"https:\/\/zosradio.ba\/index.php\/2026\/09\/05\/tesanj-domacin-18-sajma-meda-pekmeza-vocnih-delicija-eko-bilja-i-etno-stvaralastva\/"},"wordCount":307,"image":{"@id":"https:\/\/zosradio.ba\/index.php\/2026\/09\/05\/tesanj-domacin-18-sajma-meda-pekmeza-vocnih-delicija-eko-bilja-i-etno-stvaralastva\/#primaryimage"},"thumbnailUrl":"https:\/\/zosradio.ba\/wp-content\/uploads\/2025\/08\/20190906_095541-e1755166495102.jpg","articleSection":["Bosna i Hercegovina"],"inLanguage":"bs-BA"},{"@type":"WebPage","@id":"https:\/\/zosradio.ba\/index.php\/2026\/09\/05\/tesanj-domacin-18-sajma-meda-pekmeza-vocnih-delicija-eko-bilja-i-etno-stvaralastva\/","url":"https:\/\/zosradio.ba\/index.php\/2026\/09\/05\/tesanj-domacin-18-sajma-meda-pekmeza-vocnih-delicija-eko-bilja-i-etno-stvaralastva\/","name":"Te\u0161anj doma\u0107in 18. Sajma meda, pekmeza, vo\u0107nih delicija, eko bilja i etno stvarala\u0161tva","isPartOf":{"@id":"https:\/\/zosradio.ba\/#website"},"primaryImageOfPage":{"@id":"https:\/\/zosradio.ba\/index.php\/2026\/09\/05\/tesanj-domacin-18-sajma-meda-pekmeza-vocnih-delicija-eko-bilja-i-etno-stvaralastva\/#primaryimage"},"image":{"@id":"https:\/\/zosradio.ba\/index.php\/2026\/09\/05\/tesanj-domacin-18-sajma-meda-pekmeza-vocnih-delicija-eko-bilja-i-etno-stvaralastva\/#primaryimage"},"thumbnailUrl":"https:\/\/zosradio.ba\/wp-content\/uploads\/2025\/08\/20190906_095541-e1755166495102.jpg","datePublished":"2026-09-05T05:35:29+00:00","author":{"@id":"https:\/\/zosradio.ba\/#\/schema\/person\/969b476cc96d10b46964da86b3987f7e"},"description":"Udru\u017eenje p\u010delara \u201eP\u010dela\u201c Te\u0161anj i Udru\u017eenje \u017eena \u201eRuka\u201c Kalo\u0161evi\u0107 organizuju 18. Sajam meda, pekmeza, vo\u0107nih delicija, eko bilja i etno stvarala\u0161tva,","breadcrumb":{"@id":"https:\/\/zosradio.ba\/index.php\/2026\/09\/05\/tesanj-domacin-18-sajma-meda-pekmeza-vocnih-delicija-eko-bilja-i-etno-stvaralastva\/#breadcrumb"},"inLanguage":"bs-BA","potentialAction":[{"@type":"ReadAction","target":["https:\/\/zosradio.ba\/index.php\/2026\/09\/05\/tesanj-domacin-18-sajma-meda-pekmeza-vocnih-delicija-eko-bilja-i-etno-stvaralastva\/"]}]},{"@type":"ImageObject","inLanguage":"bs-BA","@id":"https:\/\/zosradio.ba\/index.php\/2026\/09\/05\/tesanj-domacin-18-sajma-meda-pekmeza-vocnih-delicija-eko-bilja-i-etno-stvaralastva\/#primaryimage","url":"https:\/\/zosradio.ba\/wp-content\/uploads\/2025\/08\/20190906_095541-e1755166495102.jpg","contentUrl":"https:\/\/zosradio.ba\/wp-content\/uploads\/2025\/08\/20190906_095541-e1755166495102.jpg","width":1198,"height":620,"caption":"Arhiva (Foto: ZOS Radio)"},{"@type":"BreadcrumbList","@id":"https:\/\/zosradio.ba\/index.php\/2026\/09\/05\/tesanj-domacin-18-sajma-meda-pekmeza-vocnih-delicija-eko-bilja-i-etno-stvaralastva\/#breadcrumb","itemListElement":[{"@type":"ListItem","position":1,"name":"Home","item":"https:\/\/zosradio.ba\/"},{"@type":"ListItem","position":2,"name":"Te\u0161anj doma\u0107in 18. Sajma meda, pekmeza, vo\u0107nih delicija, eko bilja i etno stvarala\u0161tva"}]},{"@type":"WebSite","@id":"https:\/\/zosradio.ba\/#website","url":"https:\/\/zosradio.ba\/","name":"ZOS radio","description":"Mjesto provjerenih informacija","potentialAction":[{"@type":"SearchAction","target":{"@type":"EntryPoint","urlTemplate":"https:\/\/zosradio.ba\/?s={search_term_string}"},"query-input":{"@type":"PropertyValueSpecification","valueRequired":true,"valueName":"search_term_string"}}],"inLanguage":"bs-BA"},{"@type":"Person","@id":"https:\/\/zosradio.ba\/#\/schema\/person\/969b476cc96d10b46964da86b3987f7e","name":"Redakcija","image":{"@type":"ImageObject","inLanguage":"bs-BA","@id":"https:\/\/secure.gravatar.com\/avatar\/b6dcae4aefbd26fbbf5cd5f24d98b246488432fc47a791123ad8639c99f9a13a?s=96&d=mm&r=g","url":"https:\/\/secure.gravatar.com\/avatar\/b6dcae4aefbd26fbbf5cd5f24d98b246488432fc47a791123ad8639c99f9a13a?s=96&d=mm&r=g","contentUrl":"https:\/\/secure.gravatar.com\/avatar\/b6dcae4aefbd26fbbf5cd5f24d98b246488432fc47a791123ad8639c99f9a13a?s=96&d=mm&r=g","caption":"Redakcija"},"url":"https:\/\/zosradio.ba\/index.php\/author\/rifavhotmail-com\/"}]}},"_links":{"self":[{"href":"https:\/\/zosradio.ba\/index.php\/wp-json\/wp\/v2\/posts\/196977","targetHints":{"allow":["GET"]}}],"collection":[{"href":"https:\/\/zosradio.ba\/index.php\/wp-json\/wp\/v2\/posts"}],"about":[{"href":"https:\/\/zosradio.ba\/index.php\/wp-json\/wp\/v2\/types\/post"}],"author":[{"embeddable":true,"href":"https:\/\/zosradio.ba\/index.php\/wp-json\/wp\/v2\/users\/3"}],"replies":[{"embeddable":true,"href":"https:\/\/zosradio.ba\/index.php\/wp-json\/wp\/v2\/comments?post=196977"}],"version-history":[{"count":1,"href":"https:\/\/zosradio.ba\/index.php\/wp-json\/wp\/v2\/posts\/196977\/revisions"}],"predecessor-version":[{"id":196979,"href":"https:\/\/zosradio.ba\/index.php\/wp-json\/wp\/v2\/posts\/196977\/revisions\/196979"}],"wp:featuredmedia":[{"embeddable":true,"href":"https:\/\/zosradio.ba\/index.php\/wp-json\/wp\/v2\/media\/178479"}],"wp:attachment":[{"href":"https:\/\/zosradio.ba\/index.php\/wp-json\/wp\/v2\/media?parent=196977"}],"wp:term":[{"taxonomy":"category","embeddable":true,"href":"https:\/\/zosradio.ba\/index.php\/wp-json\/wp\/v2\/categories?post=196977"},{"taxonomy":"post_tag","embeddable":true,"href":"https:\/\/zosradio.ba\/index.php\/wp-json\/wp\/v2\/tags?post=196977"}],"curies":[{"name":"wp","href":"https:\/\/api.w.org\/{rel}","templated":true}]}}