{"id":196982,"date":"2026-09-04T11:39:50","date_gmt":"2026-09-04T09:39:50","guid":{"rendered":"https:\/\/zosradio.ba\/?p=196982"},"modified":"2026-09-04T11:39:50","modified_gmt":"2026-09-04T09:39:50","slug":"incident-u-skoli-u-tuzli-djevojcica-povrijedila-dvije-ucenice-hladnim-oruzjem","status":"publish","type":"post","link":"https:\/\/zosradio.ba\/index.php\/2026\/09\/04\/incident-u-skoli-u-tuzli-djevojcica-povrijedila-dvije-ucenice-hladnim-oruzjem\/","title":{"rendered":"Incident u \u0161koli u Tuzli: Djevoj\u010dica povrijedila dvije u\u010denice hladnim oru\u017ejem"},"content":{"rendered":"<p><strong>U dvori\u0161tu jedne \u0161kole na podru\u010dju grada Tuzle jutros je do\u0161lo do incidenta u kojem su povrije\u0111ene dvije maloljetne djevoj\u010dice, potvr\u0111eno je za portal\u00a0Radiosarajevo.ba.<\/strong><\/p>\n<p>Kako je potvr\u0111eno za na\u0161 portal, PU Tuzla\/PS Istok je oko 9:25 sati zaprimila prijavu da se iz dvori\u0161ta \u0161kole \u010duje galama. Izlaskom policijske patrole na mjesto doga\u0111aja utvr\u0111eno je da je\u00a0djevoj\u010dica ro\u0111ena 2011. godine nanijela povrede hladnim oru\u017ejem dvjema djevoj\u010dicama ro\u0111enim 2012. godine.<\/p>\n<p>Povrije\u0111ene djevoj\u010dice su vozilom\u00a0Slu\u017ebe hitne medicinske pomo\u0107i Doma zdravlja Tuzla\u00a0prevezene u JZU UKC Tuzla, gdje im je ukazana medicinska pomo\u0107. U toku je utvr\u0111ivanje stepena njihovih povreda, a prema trenutnim informacijama\u00a0nisu \u017eivotno ugro\u017eene.<\/p>\n<p>Djevoj\u010dica ro\u0111ena 2011. godine nalazi se pod nadzorom policije. O doga\u0111aju je obavije\u0161ten de\u017eurni tu\u017eilac Kantonalnog tu\u017eila\u0161tva Tuzlanskog kantona, koji \u0107e rukovoditi uvi\u0111ajem na mjestu doga\u0111aja, pi\u0161e <a href=\"https:\/\/radiosarajevo.ba\/vijesti\/crna-hronika\/incident-u-tuzli-povrijedjene-dvije-ucenice\/651606?fbclid=IwY2xjawUHcHVwZG9mBWV4dG4DYWVtAjExAHNydGMGYXBwX2lkEDIyMjAzOTE3ODgyMDA4OTIAAR7x6MsDiea1lOwTGCw-4b4ao755tI1GVx4O7dqPL6cAGFSLFYmWnYEIlE-dpg_aem_aEhrWleUAFqAfBs0MEhGvg\">Radio Sarajevo.<\/a><\/p>\n<p>Uvi\u0111aj i druge potrebne radnje obavit \u0107e policijski slu\u017ebenici Odjeljenja kriminalisti\u010dke policije Policijske uprave Tuzla pod nadzorom kantonalnog tu\u017eioca, s ciljem rasvjetljavanja i dokumentovanja doga\u0111aja.<\/p>\n<p>Iz Uprave policije MUP-a TK-a naveli su da, u skladu sa Zakonom o za\u0161titi i postupanju sa djecom i maloljetnicima u krivi\u010dnom postupku FBiH te Konvencijom o pravima djeteta, nisu u mogu\u0107nosti iznositi vi\u0161e informacija o ovom slu\u010daju.<\/p>\n<p>&nbsp;<\/p>\n","protected":false},"excerpt":{"rendered":"<p>U dvori\u0161tu jedne \u0161kole na podru\u010dju grada Tuzle jutros je do\u0161lo do incidenta u kojem su povrije\u0111ene dvije maloljetne djevoj\u010dice, potvr\u0111eno je za portal\u00a0Radiosarajevo.ba. Kako je potvr\u0111eno za na\u0161 portal, PU Tuzla\/PS Istok je oko 9:25 sati zaprimila prijavu da se iz dvori\u0161ta \u0161kole \u010duje galama. Izlaskom policijske patrole na mjesto doga\u0111aja utvr\u0111eno je da [&hellip;]<\/p>\n","protected":false},"author":3,"featured_media":122765,"comment_status":"closed","ping_status":"closed","sticky":false,"template":"","format":"standard","meta":{"_acf_changed":false,"footnotes":""},"categories":[47],"tags":[],"class_list":["post-196982","post","type-post","status-publish","format-standard","has-post-thumbnail","category-crna-hronika"],"acf":[],"yoast_head":"<!-- This site is optimized with the Yoast SEO Premium plugin v28.3 (Yoast SEO v28.3) - https:\/\/yoast.com\/product\/yoast-seo-premium-wordpress\/ -->\n<title>Incident u \u0161koli u Tuzli: Djevoj\u010dica povrijedila dvije u\u010denice hladnim oru\u017ejem<\/title>\n<meta name=\"description\" content=\"U dvori\u0161tu jedne \u0161kole na podru\u010dju grada Tuzle jutros je do\u0161lo do incidenta u kojem su povrije\u0111ene dvije maloljetne djevoj\u010dice, potvr\u0111eno je za\" \/>\n<meta name=\"robots\" content=\"index, follow, max-snippet:-1, max-image-preview:large, max-video-preview:-1\" \/>\n<link rel=\"canonical\" href=\"https:\/\/zosradio.ba\/index.php\/2026\/09\/04\/incident-u-skoli-u-tuzli-djevojcica-povrijedila-dvije-ucenice-hladnim-oruzjem\/\" \/>\n<meta property=\"og:locale\" content=\"bs_BA\" \/>\n<meta property=\"og:type\" content=\"article\" \/>\n<meta property=\"og:title\" content=\"Incident u \u0161koli u Tuzli: Djevoj\u010dica povrijedila dvije u\u010denice hladnim oru\u017ejem\" \/>\n<meta property=\"og:description\" content=\"U dvori\u0161tu jedne \u0161kole na podru\u010dju grada Tuzle jutros je do\u0161lo do incidenta u kojem su povrije\u0111ene dvije maloljetne djevoj\u010dice, potvr\u0111eno je za\" \/>\n<meta property=\"og:url\" content=\"https:\/\/zosradio.ba\/index.php\/2026\/09\/04\/incident-u-skoli-u-tuzli-djevojcica-povrijedila-dvije-ucenice-hladnim-oruzjem\/\" \/>\n<meta property=\"og:site_name\" content=\"ZOS radio\" \/>\n<meta property=\"article:publisher\" content=\"https:\/\/www.facebook.com\/zosradio\" \/>\n<meta property=\"article:published_time\" content=\"2026-09-04T09:39:50+00:00\" \/>\n<meta property=\"og:image\" content=\"https:\/\/zosradio.ba\/wp-content\/uploads\/2022\/10\/stop-policija-traka-3-e1684755486317.jpg\" \/>\n\t<meta property=\"og:image:width\" content=\"1170\" \/>\n\t<meta property=\"og:image:height\" content=\"599\" \/>\n\t<meta property=\"og:image:type\" content=\"image\/jpeg\" \/>\n<meta name=\"author\" content=\"Redakcija\" \/>\n<meta name=\"twitter:card\" content=\"summary_large_image\" \/>\n<meta name=\"twitter:label1\" content=\"Written by\" \/>\n\t<meta name=\"twitter:data1\" content=\"Redakcija\" \/>\n\t<meta name=\"twitter:label2\" content=\"Est. reading time\" \/>\n\t<meta name=\"twitter:data2\" content=\"2 minute\" \/>\n<script type=\"application\/ld+json\" class=\"yoast-schema-graph\">{\"@context\":\"https:\\\/\\\/schema.org\",\"@graph\":[{\"@type\":\"Article\",\"@id\":\"https:\\\/\\\/zosradio.ba\\\/index.php\\\/2026\\\/09\\\/04\\\/incident-u-skoli-u-tuzli-djevojcica-povrijedila-dvije-ucenice-hladnim-oruzjem\\\/#article\",\"isPartOf\":{\"@id\":\"https:\\\/\\\/zosradio.ba\\\/index.php\\\/2026\\\/09\\\/04\\\/incident-u-skoli-u-tuzli-djevojcica-povrijedila-dvije-ucenice-hladnim-oruzjem\\\/\"},\"author\":{\"name\":\"Redakcija\",\"@id\":\"https:\\\/\\\/zosradio.ba\\\/#\\\/schema\\\/person\\\/969b476cc96d10b46964da86b3987f7e\"},\"headline\":\"Incident u \u0161koli u Tuzli: Djevoj\u010dica povrijedila dvije u\u010denice hladnim oru\u017ejem\",\"datePublished\":\"2026-09-04T09:39:50+00:00\",\"mainEntityOfPage\":{\"@id\":\"https:\\\/\\\/zosradio.ba\\\/index.php\\\/2026\\\/09\\\/04\\\/incident-u-skoli-u-tuzli-djevojcica-povrijedila-dvije-ucenice-hladnim-oruzjem\\\/\"},\"wordCount\":253,\"image\":{\"@id\":\"https:\\\/\\\/zosradio.ba\\\/index.php\\\/2026\\\/09\\\/04\\\/incident-u-skoli-u-tuzli-djevojcica-povrijedila-dvije-ucenice-hladnim-oruzjem\\\/#primaryimage\"},\"thumbnailUrl\":\"https:\\\/\\\/zosradio.ba\\\/wp-content\\\/uploads\\\/2022\\\/10\\\/stop-policija-traka-3-e1684755486317.jpg\",\"articleSection\":[\"Crna hronika\"],\"inLanguage\":\"bs-BA\"},{\"@type\":\"WebPage\",\"@id\":\"https:\\\/\\\/zosradio.ba\\\/index.php\\\/2026\\\/09\\\/04\\\/incident-u-skoli-u-tuzli-djevojcica-povrijedila-dvije-ucenice-hladnim-oruzjem\\\/\",\"url\":\"https:\\\/\\\/zosradio.ba\\\/index.php\\\/2026\\\/09\\\/04\\\/incident-u-skoli-u-tuzli-djevojcica-povrijedila-dvije-ucenice-hladnim-oruzjem\\\/\",\"name\":\"Incident u \u0161koli u Tuzli: Djevoj\u010dica povrijedila dvije u\u010denice hladnim oru\u017ejem\",\"isPartOf\":{\"@id\":\"https:\\\/\\\/zosradio.ba\\\/#website\"},\"primaryImageOfPage\":{\"@id\":\"https:\\\/\\\/zosradio.ba\\\/index.php\\\/2026\\\/09\\\/04\\\/incident-u-skoli-u-tuzli-djevojcica-povrijedila-dvije-ucenice-hladnim-oruzjem\\\/#primaryimage\"},\"image\":{\"@id\":\"https:\\\/\\\/zosradio.ba\\\/index.php\\\/2026\\\/09\\\/04\\\/incident-u-skoli-u-tuzli-djevojcica-povrijedila-dvije-ucenice-hladnim-oruzjem\\\/#primaryimage\"},\"thumbnailUrl\":\"https:\\\/\\\/zosradio.ba\\\/wp-content\\\/uploads\\\/2022\\\/10\\\/stop-policija-traka-3-e1684755486317.jpg\",\"datePublished\":\"2026-09-04T09:39:50+00:00\",\"author\":{\"@id\":\"https:\\\/\\\/zosradio.ba\\\/#\\\/schema\\\/person\\\/969b476cc96d10b46964da86b3987f7e\"},\"description\":\"U dvori\u0161tu jedne \u0161kole na podru\u010dju grada Tuzle jutros je do\u0161lo do incidenta u kojem su povrije\u0111ene dvije maloljetne djevoj\u010dice, potvr\u0111eno je za\",\"breadcrumb\":{\"@id\":\"https:\\\/\\\/zosradio.ba\\\/index.php\\\/2026\\\/09\\\/04\\\/incident-u-skoli-u-tuzli-djevojcica-povrijedila-dvije-ucenice-hladnim-oruzjem\\\/#breadcrumb\"},\"inLanguage\":\"bs-BA\",\"potentialAction\":[{\"@type\":\"ReadAction\",\"target\":[\"https:\\\/\\\/zosradio.ba\\\/index.php\\\/2026\\\/09\\\/04\\\/incident-u-skoli-u-tuzli-djevojcica-povrijedila-dvije-ucenice-hladnim-oruzjem\\\/\"]}]},{\"@type\":\"ImageObject\",\"inLanguage\":\"bs-BA\",\"@id\":\"https:\\\/\\\/zosradio.ba\\\/index.php\\\/2026\\\/09\\\/04\\\/incident-u-skoli-u-tuzli-djevojcica-povrijedila-dvije-ucenice-hladnim-oruzjem\\\/#primaryimage\",\"url\":\"https:\\\/\\\/zosradio.ba\\\/wp-content\\\/uploads\\\/2022\\\/10\\\/stop-policija-traka-3-e1684755486317.jpg\",\"contentUrl\":\"https:\\\/\\\/zosradio.ba\\\/wp-content\\\/uploads\\\/2022\\\/10\\\/stop-policija-traka-3-e1684755486317.jpg\",\"width\":1170,\"height\":599,\"caption\":\"Ilustracija\"},{\"@type\":\"BreadcrumbList\",\"@id\":\"https:\\\/\\\/zosradio.ba\\\/index.php\\\/2026\\\/09\\\/04\\\/incident-u-skoli-u-tuzli-djevojcica-povrijedila-dvije-ucenice-hladnim-oruzjem\\\/#breadcrumb\",\"itemListElement\":[{\"@type\":\"ListItem\",\"position\":1,\"name\":\"Home\",\"item\":\"https:\\\/\\\/zosradio.ba\\\/\"},{\"@type\":\"ListItem\",\"position\":2,\"name\":\"Incident u \u0161koli u Tuzli: Djevoj\u010dica povrijedila dvije u\u010denice hladnim oru\u017ejem\"}]},{\"@type\":\"WebSite\",\"@id\":\"https:\\\/\\\/zosradio.ba\\\/#website\",\"url\":\"https:\\\/\\\/zosradio.ba\\\/\",\"name\":\"ZOS radio\",\"description\":\"Mjesto provjerenih informacija\",\"potentialAction\":[{\"@type\":\"SearchAction\",\"target\":{\"@type\":\"EntryPoint\",\"urlTemplate\":\"https:\\\/\\\/zosradio.ba\\\/?s={search_term_string}\"},\"query-input\":{\"@type\":\"PropertyValueSpecification\",\"valueRequired\":true,\"valueName\":\"search_term_string\"}}],\"inLanguage\":\"bs-BA\"},{\"@type\":\"Person\",\"@id\":\"https:\\\/\\\/zosradio.ba\\\/#\\\/schema\\\/person\\\/969b476cc96d10b46964da86b3987f7e\",\"name\":\"Redakcija\",\"image\":{\"@type\":\"ImageObject\",\"inLanguage\":\"bs-BA\",\"@id\":\"https:\\\/\\\/secure.gravatar.com\\\/avatar\\\/b6dcae4aefbd26fbbf5cd5f24d98b246488432fc47a791123ad8639c99f9a13a?s=96&d=mm&r=g\",\"url\":\"https:\\\/\\\/secure.gravatar.com\\\/avatar\\\/b6dcae4aefbd26fbbf5cd5f24d98b246488432fc47a791123ad8639c99f9a13a?s=96&d=mm&r=g\",\"contentUrl\":\"https:\\\/\\\/secure.gravatar.com\\\/avatar\\\/b6dcae4aefbd26fbbf5cd5f24d98b246488432fc47a791123ad8639c99f9a13a?s=96&d=mm&r=g\",\"caption\":\"Redakcija\"},\"url\":\"https:\\\/\\\/zosradio.ba\\\/index.php\\\/author\\\/rifavhotmail-com\\\/\"}]}<\/script>\n<!-- \/ Yoast SEO Premium plugin. -->","yoast_head_json":{"title":"Incident u \u0161koli u Tuzli: Djevoj\u010dica povrijedila dvije u\u010denice hladnim oru\u017ejem","description":"U dvori\u0161tu jedne \u0161kole na podru\u010dju grada Tuzle jutros je do\u0161lo do incidenta u kojem su povrije\u0111ene dvije maloljetne djevoj\u010dice, potvr\u0111eno je za","robots":{"index":"index","follow":"follow","max-snippet":"max-snippet:-1","max-image-preview":"max-image-preview:large","max-video-preview":"max-video-preview:-1"},"canonical":"https:\/\/zosradio.ba\/index.php\/2026\/09\/04\/incident-u-skoli-u-tuzli-djevojcica-povrijedila-dvije-ucenice-hladnim-oruzjem\/","og_locale":"bs_BA","og_type":"article","og_title":"Incident u \u0161koli u Tuzli: Djevoj\u010dica povrijedila dvije u\u010denice hladnim oru\u017ejem","og_description":"U dvori\u0161tu jedne \u0161kole na podru\u010dju grada Tuzle jutros je do\u0161lo do incidenta u kojem su povrije\u0111ene dvije maloljetne djevoj\u010dice, potvr\u0111eno je za","og_url":"https:\/\/zosradio.ba\/index.php\/2026\/09\/04\/incident-u-skoli-u-tuzli-djevojcica-povrijedila-dvije-ucenice-hladnim-oruzjem\/","og_site_name":"ZOS radio","article_publisher":"https:\/\/www.facebook.com\/zosradio","article_published_time":"2026-09-04T09:39:50+00:00","og_image":[{"width":1170,"height":599,"url":"https:\/\/zosradio.ba\/wp-content\/uploads\/2022\/10\/stop-policija-traka-3-e1684755486317.jpg","type":"image\/jpeg"}],"author":"Redakcija","twitter_card":"summary_large_image","twitter_misc":{"Written by":"Redakcija","Est. reading time":"2 minute"},"schema":{"@context":"https:\/\/schema.org","@graph":[{"@type":"Article","@id":"https:\/\/zosradio.ba\/index.php\/2026\/09\/04\/incident-u-skoli-u-tuzli-djevojcica-povrijedila-dvije-ucenice-hladnim-oruzjem\/#article","isPartOf":{"@id":"https:\/\/zosradio.ba\/index.php\/2026\/09\/04\/incident-u-skoli-u-tuzli-djevojcica-povrijedila-dvije-ucenice-hladnim-oruzjem\/"},"author":{"name":"Redakcija","@id":"https:\/\/zosradio.ba\/#\/schema\/person\/969b476cc96d10b46964da86b3987f7e"},"headline":"Incident u \u0161koli u Tuzli: Djevoj\u010dica povrijedila dvije u\u010denice hladnim oru\u017ejem","datePublished":"2026-09-04T09:39:50+00:00","mainEntityOfPage":{"@id":"https:\/\/zosradio.ba\/index.php\/2026\/09\/04\/incident-u-skoli-u-tuzli-djevojcica-povrijedila-dvije-ucenice-hladnim-oruzjem\/"},"wordCount":253,"image":{"@id":"https:\/\/zosradio.ba\/index.php\/2026\/09\/04\/incident-u-skoli-u-tuzli-djevojcica-povrijedila-dvije-ucenice-hladnim-oruzjem\/#primaryimage"},"thumbnailUrl":"https:\/\/zosradio.ba\/wp-content\/uploads\/2022\/10\/stop-policija-traka-3-e1684755486317.jpg","articleSection":["Crna hronika"],"inLanguage":"bs-BA"},{"@type":"WebPage","@id":"https:\/\/zosradio.ba\/index.php\/2026\/09\/04\/incident-u-skoli-u-tuzli-djevojcica-povrijedila-dvije-ucenice-hladnim-oruzjem\/","url":"https:\/\/zosradio.ba\/index.php\/2026\/09\/04\/incident-u-skoli-u-tuzli-djevojcica-povrijedila-dvije-ucenice-hladnim-oruzjem\/","name":"Incident u \u0161koli u Tuzli: Djevoj\u010dica povrijedila dvije u\u010denice hladnim oru\u017ejem","isPartOf":{"@id":"https:\/\/zosradio.ba\/#website"},"primaryImageOfPage":{"@id":"https:\/\/zosradio.ba\/index.php\/2026\/09\/04\/incident-u-skoli-u-tuzli-djevojcica-povrijedila-dvije-ucenice-hladnim-oruzjem\/#primaryimage"},"image":{"@id":"https:\/\/zosradio.ba\/index.php\/2026\/09\/04\/incident-u-skoli-u-tuzli-djevojcica-povrijedila-dvije-ucenice-hladnim-oruzjem\/#primaryimage"},"thumbnailUrl":"https:\/\/zosradio.ba\/wp-content\/uploads\/2022\/10\/stop-policija-traka-3-e1684755486317.jpg","datePublished":"2026-09-04T09:39:50+00:00","author":{"@id":"https:\/\/zosradio.ba\/#\/schema\/person\/969b476cc96d10b46964da86b3987f7e"},"description":"U dvori\u0161tu jedne \u0161kole na podru\u010dju grada Tuzle jutros je do\u0161lo do incidenta u kojem su povrije\u0111ene dvije maloljetne djevoj\u010dice, potvr\u0111eno je za","breadcrumb":{"@id":"https:\/\/zosradio.ba\/index.php\/2026\/09\/04\/incident-u-skoli-u-tuzli-djevojcica-povrijedila-dvije-ucenice-hladnim-oruzjem\/#breadcrumb"},"inLanguage":"bs-BA","potentialAction":[{"@type":"ReadAction","target":["https:\/\/zosradio.ba\/index.php\/2026\/09\/04\/incident-u-skoli-u-tuzli-djevojcica-povrijedila-dvije-ucenice-hladnim-oruzjem\/"]}]},{"@type":"ImageObject","inLanguage":"bs-BA","@id":"https:\/\/zosradio.ba\/index.php\/2026\/09\/04\/incident-u-skoli-u-tuzli-djevojcica-povrijedila-dvije-ucenice-hladnim-oruzjem\/#primaryimage","url":"https:\/\/zosradio.ba\/wp-content\/uploads\/2022\/10\/stop-policija-traka-3-e1684755486317.jpg","contentUrl":"https:\/\/zosradio.ba\/wp-content\/uploads\/2022\/10\/stop-policija-traka-3-e1684755486317.jpg","width":1170,"height":599,"caption":"Ilustracija"},{"@type":"BreadcrumbList","@id":"https:\/\/zosradio.ba\/index.php\/2026\/09\/04\/incident-u-skoli-u-tuzli-djevojcica-povrijedila-dvije-ucenice-hladnim-oruzjem\/#breadcrumb","itemListElement":[{"@type":"ListItem","position":1,"name":"Home","item":"https:\/\/zosradio.ba\/"},{"@type":"ListItem","position":2,"name":"Incident u \u0161koli u Tuzli: Djevoj\u010dica povrijedila dvije u\u010denice hladnim oru\u017ejem"}]},{"@type":"WebSite","@id":"https:\/\/zosradio.ba\/#website","url":"https:\/\/zosradio.ba\/","name":"ZOS radio","description":"Mjesto provjerenih informacija","potentialAction":[{"@type":"SearchAction","target":{"@type":"EntryPoint","urlTemplate":"https:\/\/zosradio.ba\/?s={search_term_string}"},"query-input":{"@type":"PropertyValueSpecification","valueRequired":true,"valueName":"search_term_string"}}],"inLanguage":"bs-BA"},{"@type":"Person","@id":"https:\/\/zosradio.ba\/#\/schema\/person\/969b476cc96d10b46964da86b3987f7e","name":"Redakcija","image":{"@type":"ImageObject","inLanguage":"bs-BA","@id":"https:\/\/secure.gravatar.com\/avatar\/b6dcae4aefbd26fbbf5cd5f24d98b246488432fc47a791123ad8639c99f9a13a?s=96&d=mm&r=g","url":"https:\/\/secure.gravatar.com\/avatar\/b6dcae4aefbd26fbbf5cd5f24d98b246488432fc47a791123ad8639c99f9a13a?s=96&d=mm&r=g","contentUrl":"https:\/\/secure.gravatar.com\/avatar\/b6dcae4aefbd26fbbf5cd5f24d98b246488432fc47a791123ad8639c99f9a13a?s=96&d=mm&r=g","caption":"Redakcija"},"url":"https:\/\/zosradio.ba\/index.php\/author\/rifavhotmail-com\/"}]}},"_links":{"self":[{"href":"https:\/\/zosradio.ba\/index.php\/wp-json\/wp\/v2\/posts\/196982","targetHints":{"allow":["GET"]}}],"collection":[{"href":"https:\/\/zosradio.ba\/index.php\/wp-json\/wp\/v2\/posts"}],"about":[{"href":"https:\/\/zosradio.ba\/index.php\/wp-json\/wp\/v2\/types\/post"}],"author":[{"embeddable":true,"href":"https:\/\/zosradio.ba\/index.php\/wp-json\/wp\/v2\/users\/3"}],"replies":[{"embeddable":true,"href":"https:\/\/zosradio.ba\/index.php\/wp-json\/wp\/v2\/comments?post=196982"}],"version-history":[{"count":1,"href":"https:\/\/zosradio.ba\/index.php\/wp-json\/wp\/v2\/posts\/196982\/revisions"}],"predecessor-version":[{"id":196983,"href":"https:\/\/zosradio.ba\/index.php\/wp-json\/wp\/v2\/posts\/196982\/revisions\/196983"}],"wp:featuredmedia":[{"embeddable":true,"href":"https:\/\/zosradio.ba\/index.php\/wp-json\/wp\/v2\/media\/122765"}],"wp:attachment":[{"href":"https:\/\/zosradio.ba\/index.php\/wp-json\/wp\/v2\/media?parent=196982"}],"wp:term":[{"taxonomy":"category","embeddable":true,"href":"https:\/\/zosradio.ba\/index.php\/wp-json\/wp\/v2\/categories?post=196982"},{"taxonomy":"post_tag","embeddable":true,"href":"https:\/\/zosradio.ba\/index.php\/wp-json\/wp\/v2\/tags?post=196982"}],"curies":[{"name":"wp","href":"https:\/\/api.w.org\/{rel}","templated":true}]}}