{"id":62482,"date":"2020-07-13T00:00:00","date_gmt":"2020-07-13T00:00:00","guid":{"rendered":"https:\/\/interesting-grothendieck.148-251-70-157.plesk.page\/index.php\/2020\/07\/13\/izgaranje-od-zaposlenosti-klasifikovano-kao-medicinska-dijagnoza\/"},"modified":"2022-03-08T23:16:56","modified_gmt":"2022-03-08T23:16:56","slug":"izgaranje-od-zaposlenosti-klasifikovano-kao-medicinska-dijagnoza","status":"publish","type":"post","link":"https:\/\/zosradio.ba\/index.php\/2020\/07\/13\/izgaranje-od-zaposlenosti-klasifikovano-kao-medicinska-dijagnoza\/","title":{"rendered":"\u2018Izgaranje\u2019 od zaposlenosti klasifikovano kao medicinska dijagnoza"},"content":{"rendered":"<div class=\"post_content\">\n<p class=\"MsoNormal\">Izraz \u201cizgaranje\u201d ozna\u010dava osje\u0107aj potpune nesmotrenosti i<br \/>\nletargije, izazvan ekstremnom zaposleno\u0161\u0107u. On je sada, prema Svjetskoj<br \/>\nzdravstvenoj organizaciji, postao medicinska dijagnoza.<o:p><\/o:p><\/p>\n<p class=\"MsoNormal\">Sada se slu\u017ebeno nalazi u Me\u0111unarodnoj klasifikaciji<br \/>\nbolesti, priru\u010dniku namijenjenom za pomo\u0107 medicinskim stru\u010dnjacima za<br \/>\nrazumijevanje bolesti.<o:p><\/o:p><\/p>\n<p class=\"MsoNormal\">\u017dive\u0107i u kapitalisti\u010dkom dru\u0161tvu nau\u010dili smo povezivati<br \/>\nzauzetost s visokom produktivno\u0161\u0107u i raspolo\u017eivim bogatstvom te izjedna\u010davati<br \/>\nbogatstvo sa samovrijednosti.<o:p><\/o:p><\/p>\n<p class=\"MsoNormal\">Kao ljudi, uslovljeni smo da budemo fizi\u010dki i mentalno<br \/>\naktivni, pa se \u010dini da izbor za poduzimanje pasivne aktivnosti, poput gledanja<br \/>\ntelevizije, \u010ditanja ili jednostavno gledanja kroz prozor, nema nikakvu<br \/>\nunutra\u0161nju vrijednost pa zato sebe prosu\u0111ujemo kao da se ne posve\u0107ujemo putu<br \/>\nprema boljoj budu\u0107nosti.<o:p><\/o:p><\/p>\n<p class=\"MsoNormal\">Ne osje\u0107amo samo pritisak da budemo zauzeti, ve\u0107 poku\u0161avamo<br \/>\nobezbijediti da na\u0161i planovi pru\u017eaju opipljive produkte i imaju pravo<br \/>\nhvalisanja.<o:p><\/o:p><\/p>\n<p class=\"MsoNormal\">\u0160to vi\u0161e stimulacije dobivamo, to je vi\u0161e tra\u017eimo i trebamo,<br \/>\nto je osnovna ljudska priroda.<o:p><\/o:p><\/p>\n<p class=\"MsoNormal\">Toliko smo priklju\u010deni na ono \u0161to se doga\u0111a oko nas, bilo da<br \/>\nse radi o e-po\u0161ti, o novom fitnes programu ili o kulturnom doga\u0111aju koji je<br \/>\nobjavljen na Facebooku, da sve vi\u0161e i vi\u0161e pratimo novosti i stimulacije.<br \/>\nRezultat je na\u0161e mjerilo za ono \u0161to ra\u010duna kao zanimljivo i vremenski vrijedno.<o:p><\/o:p><\/p>\n<p class=\"MsoNormal\">Izraz \u201cizgaranje\u201d ozna\u010dava osje\u0107aj potpune nesmotrenosti i<br \/>\nletargije, izazvan ekstremnom zaposleno\u0161\u0107u.<o:p><\/o:p><\/p>\n<p class=\"MsoNormal\">Sve je o\u010diglednije da se na\u010din na koji percipiramo<br \/>\nvrijednost vlastitog vremena zna\u010dajno promijenio.<o:p><\/o:p><\/p>\n<p class=\"MsoNormal\">Neumoljivo prela\u017eenje s jednog zadatka na drugi, neprestano<br \/>\nkretanje i svima poznata krivica ako ni\u0161ta ne radimo stavlja na\u0161e tijelo u<br \/>\nstanje hroni\u010dnog stresa, prenosi Wall.<o:p><\/o:p><\/p>\n<p class=\"MsoNormal\">Odmor je jednak regeneraciji kada je rije\u010d o tijelu, \u0161to je<br \/>\nklju\u010dno za njegov opstanak. Sre\u0107om, postoji mnogo aktivnih vrsta odmora koji su<br \/>\nvrlo razli\u010diti od pasivnog, nesvjesnog odmora poput spavanja koje je potrebno<br \/>\nza obnovu, rekreaciju i preure\u0111ivanje na\u0161ih tkiva koje nas odr\u017eavaju \u017eivima i<br \/>\nomogu\u0107uju nam napredak, pi\u0161u\u00a0<a href=\"https:\/\/www.nezavisne.com\/zivot-stil\/zdravlje\/Izgaranje-od-zaposlenosti-klasifikovano-kao-medicinska-dijagnoza\/556102\">Nezavisne.com<\/a>.<o:p><\/o:p><\/p>\n<p class=\"MsoNormal\">Zato poku\u0161ajte u svom danu odvojiti barem pola sata kako bi<br \/>\nrazbistrili svoj um te kako ne biste izgorjeli od previ\u0161e obveza.<o:p><\/o:p><\/p>\n<p class=\"MsoNormal\">Pro\u0161etajte, oti\u0111ite na kafu s prijateljima, ali nikako<br \/>\nnemojte raditi ne\u0161to \u0161to vam je obveza za koji smatrate da ju morate napraviti.<br \/>\nOdvojite se od elektronike i dru\u0161tvenih mre\u017ea te u\u017eivajte slobodi \u017eivota.<o:p><\/o:p><\/p>\n<\/p>\n<p class=\"MsoNormal\"><o:p>\u00a0zosradio.ba<\/o:p><\/p>\n<p class=\"MsoNormal\"><o:p><br \/><\/o:p><\/p>\n<div class=\"fb-like fb_iframe_widget\" data-share=\"true\" data-width=\"450\" data-show-faces=\"true\" fb-xfbml-state=\"rendered\" fb-iframe-plugin-query=\"app_id=560409754059666&#038;container_width=620&#038;href=http%3A%2F%2Fwww.zosradio.ba%2Fcontents%2F29820&#038;locale=en_US&#038;sdk=joey&#038;share=true&#038;show_faces=true&#038;width=450\"><span style=\"vertical-align: bottom; width: 0px; height: 0px;\"><iframe loading=\"lazy\" name=\"f353b3ab71ba364\" width=\"450px\" height=\"1000px\" data-testid=\"fb:like Facebook Social Plugin\" title=\"fb:like Facebook Social Plugin\" frameborder=\"0\" allowtransparency=\"true\" allowfullscreen=\"true\" scrolling=\"no\" allow=\"encrypted-media\" src=\"https:\/\/www.facebook.com\/v2.1\/plugins\/like.php?app_id=560409754059666&#038;channel=https%3A%2F%2Fstaticxx.facebook.com%2Fx%2Fconnect%2Fxd_arbiter%2F%3Fversion%3D46%23cb%3Df1995b5517c974c%26domain%3Dwww.zosradio.ba%26is_canvas%3Dfalse%26origin%3Dhttp%253A%252F%252Fwww.zosradio.ba%252Ff37234909e29bb8%26relation%3Dparent.parent&#038;container_width=620&#038;href=http%3A%2F%2Fwww.zosradio.ba%2Fcontents%2F29820&#038;locale=en_US&#038;sdk=joey&#038;share=true&#038;show_faces=true&#038;width=450\" style=\"border: none; visibility: visible; width: 0px; height: 0px;\" class=\"\"><\/iframe><\/span><\/div>\n<\/p><\/div>\n","protected":false},"excerpt":{"rendered":"<p>Izraz \u201cizgaranje\u201d ozna\u010dava osje\u0107aj potpune nesmotrenosti i letargije, izazvan ekstremnom zaposleno\u0161\u0107u. On je sada, prema Svjetskoj zdravstvenoj organizaciji, postao medicinska dijagnoza. Sada se slu\u017ebeno nalazi u Me\u0111unarodnoj klasifikaciji bolesti, priru\u010dniku namijenjenom za pomo\u0107 medicinskim stru\u010dnjacima za razumijevanje bolesti. \u017dive\u0107i u kapitalisti\u010dkom dru\u0161tvu nau\u010dili smo povezivati zauzetost s visokom produktivno\u0161\u0107u i raspolo\u017eivim bogatstvom te izjedna\u010davati bogatstvo [&hellip;]<\/p>\n","protected":false},"author":1,"featured_media":62483,"comment_status":"open","ping_status":"closed","sticky":false,"template":"","format":"standard","meta":{"_acf_changed":false,"footnotes":""},"categories":[86],"tags":[],"class_list":["post-62482","post","type-post","status-publish","format-standard","has-post-thumbnail","category-magazin"],"acf":[],"yoast_head":"<!-- This site is optimized with the Yoast SEO Premium plugin v28.3 (Yoast SEO v28.3) - https:\/\/yoast.com\/product\/yoast-seo-premium-wordpress\/ -->\n<title>\u2018Izgaranje\u2019 od zaposlenosti klasifikovano kao medicinska dijagnoza<\/title>\n<meta name=\"description\" content=\"Izraz \u201cizgaranje\u201d ozna\u010dava osje\u0107aj potpune nesmotrenosti i letargije, izazvan ekstremnom zaposleno\u0161\u0107u. On je sada, prema Svjetskoj zdravstvenoj\" \/>\n<meta name=\"robots\" content=\"index, follow, max-snippet:-1, max-image-preview:large, max-video-preview:-1\" \/>\n<link rel=\"canonical\" href=\"https:\/\/zosradio.ba\/index.php\/2020\/07\/13\/izgaranje-od-zaposlenosti-klasifikovano-kao-medicinska-dijagnoza\/\" \/>\n<meta property=\"og:locale\" content=\"bs_BA\" \/>\n<meta property=\"og:type\" content=\"article\" \/>\n<meta property=\"og:title\" content=\"\u2018Izgaranje\u2019 od zaposlenosti klasifikovano kao medicinska dijagnoza\" \/>\n<meta property=\"og:description\" content=\"Izraz \u201cizgaranje\u201d ozna\u010dava osje\u0107aj potpune nesmotrenosti i letargije, izazvan ekstremnom zaposleno\u0161\u0107u. On je sada, prema Svjetskoj zdravstvenoj\" \/>\n<meta property=\"og:url\" content=\"https:\/\/zosradio.ba\/index.php\/2020\/07\/13\/izgaranje-od-zaposlenosti-klasifikovano-kao-medicinska-dijagnoza\/\" \/>\n<meta property=\"og:site_name\" content=\"ZOS radio\" \/>\n<meta property=\"article:publisher\" content=\"https:\/\/www.facebook.com\/zosradio\" \/>\n<meta property=\"article:published_time\" content=\"2020-07-13T00:00:00+00:00\" \/>\n<meta property=\"article:modified_time\" content=\"2022-03-08T23:16:56+00:00\" \/>\n<meta property=\"og:image\" content=\"https:\/\/zosradio.ba\/wp-content\/uploads\/2022\/03\/igaranje1307-620x300.jpg\" \/>\n\t<meta property=\"og:image:width\" content=\"620\" \/>\n\t<meta property=\"og:image:height\" content=\"300\" \/>\n\t<meta property=\"og:image:type\" content=\"image\/jpeg\" \/>\n<meta name=\"author\" content=\"admin\" \/>\n<meta name=\"twitter:card\" content=\"summary_large_image\" \/>\n<meta name=\"twitter:label1\" content=\"Written by\" \/>\n\t<meta name=\"twitter:data1\" content=\"admin\" \/>\n\t<meta name=\"twitter:label2\" content=\"Est. reading time\" \/>\n\t<meta name=\"twitter:data2\" content=\"2 minute\" \/>\n<script type=\"application\/ld+json\" class=\"yoast-schema-graph\">{\"@context\":\"https:\\\/\\\/schema.org\",\"@graph\":[{\"@type\":\"Article\",\"@id\":\"https:\\\/\\\/zosradio.ba\\\/index.php\\\/2020\\\/07\\\/13\\\/izgaranje-od-zaposlenosti-klasifikovano-kao-medicinska-dijagnoza\\\/#article\",\"isPartOf\":{\"@id\":\"https:\\\/\\\/zosradio.ba\\\/index.php\\\/2020\\\/07\\\/13\\\/izgaranje-od-zaposlenosti-klasifikovano-kao-medicinska-dijagnoza\\\/\"},\"author\":{\"name\":\"admin\",\"@id\":\"https:\\\/\\\/zosradio.ba\\\/#\\\/schema\\\/person\\\/f550dbca24412fbff7a08f4a6965163a\"},\"headline\":\"\u2018Izgaranje\u2019 od zaposlenosti klasifikovano kao medicinska dijagnoza\",\"datePublished\":\"2020-07-13T00:00:00+00:00\",\"dateModified\":\"2022-03-08T23:16:56+00:00\",\"mainEntityOfPage\":{\"@id\":\"https:\\\/\\\/zosradio.ba\\\/index.php\\\/2020\\\/07\\\/13\\\/izgaranje-od-zaposlenosti-klasifikovano-kao-medicinska-dijagnoza\\\/\"},\"wordCount\":415,\"commentCount\":0,\"image\":{\"@id\":\"https:\\\/\\\/zosradio.ba\\\/index.php\\\/2020\\\/07\\\/13\\\/izgaranje-od-zaposlenosti-klasifikovano-kao-medicinska-dijagnoza\\\/#primaryimage\"},\"thumbnailUrl\":\"https:\\\/\\\/zosradio.ba\\\/wp-content\\\/uploads\\\/2022\\\/03\\\/igaranje1307-620x300.jpg\",\"articleSection\":[\"Magazin\"],\"inLanguage\":\"bs-BA\",\"potentialAction\":[{\"@type\":\"CommentAction\",\"name\":\"Comment\",\"target\":[\"https:\\\/\\\/zosradio.ba\\\/index.php\\\/2020\\\/07\\\/13\\\/izgaranje-od-zaposlenosti-klasifikovano-kao-medicinska-dijagnoza\\\/#respond\"]}]},{\"@type\":\"WebPage\",\"@id\":\"https:\\\/\\\/zosradio.ba\\\/index.php\\\/2020\\\/07\\\/13\\\/izgaranje-od-zaposlenosti-klasifikovano-kao-medicinska-dijagnoza\\\/\",\"url\":\"https:\\\/\\\/zosradio.ba\\\/index.php\\\/2020\\\/07\\\/13\\\/izgaranje-od-zaposlenosti-klasifikovano-kao-medicinska-dijagnoza\\\/\",\"name\":\"\u2018Izgaranje\u2019 od zaposlenosti klasifikovano kao medicinska dijagnoza\",\"isPartOf\":{\"@id\":\"https:\\\/\\\/zosradio.ba\\\/#website\"},\"primaryImageOfPage\":{\"@id\":\"https:\\\/\\\/zosradio.ba\\\/index.php\\\/2020\\\/07\\\/13\\\/izgaranje-od-zaposlenosti-klasifikovano-kao-medicinska-dijagnoza\\\/#primaryimage\"},\"image\":{\"@id\":\"https:\\\/\\\/zosradio.ba\\\/index.php\\\/2020\\\/07\\\/13\\\/izgaranje-od-zaposlenosti-klasifikovano-kao-medicinska-dijagnoza\\\/#primaryimage\"},\"thumbnailUrl\":\"https:\\\/\\\/zosradio.ba\\\/wp-content\\\/uploads\\\/2022\\\/03\\\/igaranje1307-620x300.jpg\",\"datePublished\":\"2020-07-13T00:00:00+00:00\",\"dateModified\":\"2022-03-08T23:16:56+00:00\",\"author\":{\"@id\":\"https:\\\/\\\/zosradio.ba\\\/#\\\/schema\\\/person\\\/f550dbca24412fbff7a08f4a6965163a\"},\"description\":\"Izraz \u201cizgaranje\u201d ozna\u010dava osje\u0107aj potpune nesmotrenosti i letargije, izazvan ekstremnom zaposleno\u0161\u0107u. On je sada, prema Svjetskoj zdravstvenoj\",\"breadcrumb\":{\"@id\":\"https:\\\/\\\/zosradio.ba\\\/index.php\\\/2020\\\/07\\\/13\\\/izgaranje-od-zaposlenosti-klasifikovano-kao-medicinska-dijagnoza\\\/#breadcrumb\"},\"inLanguage\":\"bs-BA\",\"potentialAction\":[{\"@type\":\"ReadAction\",\"target\":[\"https:\\\/\\\/zosradio.ba\\\/index.php\\\/2020\\\/07\\\/13\\\/izgaranje-od-zaposlenosti-klasifikovano-kao-medicinska-dijagnoza\\\/\"]}]},{\"@type\":\"ImageObject\",\"inLanguage\":\"bs-BA\",\"@id\":\"https:\\\/\\\/zosradio.ba\\\/index.php\\\/2020\\\/07\\\/13\\\/izgaranje-od-zaposlenosti-klasifikovano-kao-medicinska-dijagnoza\\\/#primaryimage\",\"url\":\"https:\\\/\\\/zosradio.ba\\\/wp-content\\\/uploads\\\/2022\\\/03\\\/igaranje1307-620x300.jpg\",\"contentUrl\":\"https:\\\/\\\/zosradio.ba\\\/wp-content\\\/uploads\\\/2022\\\/03\\\/igaranje1307-620x300.jpg\",\"width\":620,\"height\":300},{\"@type\":\"BreadcrumbList\",\"@id\":\"https:\\\/\\\/zosradio.ba\\\/index.php\\\/2020\\\/07\\\/13\\\/izgaranje-od-zaposlenosti-klasifikovano-kao-medicinska-dijagnoza\\\/#breadcrumb\",\"itemListElement\":[{\"@type\":\"ListItem\",\"position\":1,\"name\":\"Home\",\"item\":\"https:\\\/\\\/zosradio.ba\\\/\"},{\"@type\":\"ListItem\",\"position\":2,\"name\":\"\u2018Izgaranje\u2019 od zaposlenosti klasifikovano kao medicinska dijagnoza\"}]},{\"@type\":\"WebSite\",\"@id\":\"https:\\\/\\\/zosradio.ba\\\/#website\",\"url\":\"https:\\\/\\\/zosradio.ba\\\/\",\"name\":\"ZOS radio\",\"description\":\"Mjesto provjerenih informacija\",\"potentialAction\":[{\"@type\":\"SearchAction\",\"target\":{\"@type\":\"EntryPoint\",\"urlTemplate\":\"https:\\\/\\\/zosradio.ba\\\/?s={search_term_string}\"},\"query-input\":{\"@type\":\"PropertyValueSpecification\",\"valueRequired\":true,\"valueName\":\"search_term_string\"}}],\"inLanguage\":\"bs-BA\"},{\"@type\":\"Person\",\"@id\":\"https:\\\/\\\/zosradio.ba\\\/#\\\/schema\\\/person\\\/f550dbca24412fbff7a08f4a6965163a\",\"name\":\"admin\",\"image\":{\"@type\":\"ImageObject\",\"inLanguage\":\"bs-BA\",\"@id\":\"https:\\\/\\\/secure.gravatar.com\\\/avatar\\\/9c9159b12c77cdf0e5ca90785f3fa6e7624076706f19d864dbb1ab7b60c81276?s=96&d=mm&r=g\",\"url\":\"https:\\\/\\\/secure.gravatar.com\\\/avatar\\\/9c9159b12c77cdf0e5ca90785f3fa6e7624076706f19d864dbb1ab7b60c81276?s=96&d=mm&r=g\",\"contentUrl\":\"https:\\\/\\\/secure.gravatar.com\\\/avatar\\\/9c9159b12c77cdf0e5ca90785f3fa6e7624076706f19d864dbb1ab7b60c81276?s=96&d=mm&r=g\",\"caption\":\"admin\"},\"sameAs\":[\"https:\\\/\\\/interesting-grothendieck.148-251-70-157.plesk.page\"],\"url\":\"https:\\\/\\\/zosradio.ba\\\/index.php\\\/author\\\/zlayam_l3el72hf\\\/\"}]}<\/script>\n<!-- \/ Yoast SEO Premium plugin. -->","yoast_head_json":{"title":"\u2018Izgaranje\u2019 od zaposlenosti klasifikovano kao medicinska dijagnoza","description":"Izraz \u201cizgaranje\u201d ozna\u010dava osje\u0107aj potpune nesmotrenosti i letargije, izazvan ekstremnom zaposleno\u0161\u0107u. On je sada, prema Svjetskoj zdravstvenoj","robots":{"index":"index","follow":"follow","max-snippet":"max-snippet:-1","max-image-preview":"max-image-preview:large","max-video-preview":"max-video-preview:-1"},"canonical":"https:\/\/zosradio.ba\/index.php\/2020\/07\/13\/izgaranje-od-zaposlenosti-klasifikovano-kao-medicinska-dijagnoza\/","og_locale":"bs_BA","og_type":"article","og_title":"\u2018Izgaranje\u2019 od zaposlenosti klasifikovano kao medicinska dijagnoza","og_description":"Izraz \u201cizgaranje\u201d ozna\u010dava osje\u0107aj potpune nesmotrenosti i letargije, izazvan ekstremnom zaposleno\u0161\u0107u. On je sada, prema Svjetskoj zdravstvenoj","og_url":"https:\/\/zosradio.ba\/index.php\/2020\/07\/13\/izgaranje-od-zaposlenosti-klasifikovano-kao-medicinska-dijagnoza\/","og_site_name":"ZOS radio","article_publisher":"https:\/\/www.facebook.com\/zosradio","article_published_time":"2020-07-13T00:00:00+00:00","article_modified_time":"2022-03-08T23:16:56+00:00","og_image":[{"width":620,"height":300,"url":"https:\/\/zosradio.ba\/wp-content\/uploads\/2022\/03\/igaranje1307-620x300.jpg","type":"image\/jpeg"}],"author":"admin","twitter_card":"summary_large_image","twitter_misc":{"Written by":"admin","Est. reading time":"2 minute"},"schema":{"@context":"https:\/\/schema.org","@graph":[{"@type":"Article","@id":"https:\/\/zosradio.ba\/index.php\/2020\/07\/13\/izgaranje-od-zaposlenosti-klasifikovano-kao-medicinska-dijagnoza\/#article","isPartOf":{"@id":"https:\/\/zosradio.ba\/index.php\/2020\/07\/13\/izgaranje-od-zaposlenosti-klasifikovano-kao-medicinska-dijagnoza\/"},"author":{"name":"admin","@id":"https:\/\/zosradio.ba\/#\/schema\/person\/f550dbca24412fbff7a08f4a6965163a"},"headline":"\u2018Izgaranje\u2019 od zaposlenosti klasifikovano kao medicinska dijagnoza","datePublished":"2020-07-13T00:00:00+00:00","dateModified":"2022-03-08T23:16:56+00:00","mainEntityOfPage":{"@id":"https:\/\/zosradio.ba\/index.php\/2020\/07\/13\/izgaranje-od-zaposlenosti-klasifikovano-kao-medicinska-dijagnoza\/"},"wordCount":415,"commentCount":0,"image":{"@id":"https:\/\/zosradio.ba\/index.php\/2020\/07\/13\/izgaranje-od-zaposlenosti-klasifikovano-kao-medicinska-dijagnoza\/#primaryimage"},"thumbnailUrl":"https:\/\/zosradio.ba\/wp-content\/uploads\/2022\/03\/igaranje1307-620x300.jpg","articleSection":["Magazin"],"inLanguage":"bs-BA","potentialAction":[{"@type":"CommentAction","name":"Comment","target":["https:\/\/zosradio.ba\/index.php\/2020\/07\/13\/izgaranje-od-zaposlenosti-klasifikovano-kao-medicinska-dijagnoza\/#respond"]}]},{"@type":"WebPage","@id":"https:\/\/zosradio.ba\/index.php\/2020\/07\/13\/izgaranje-od-zaposlenosti-klasifikovano-kao-medicinska-dijagnoza\/","url":"https:\/\/zosradio.ba\/index.php\/2020\/07\/13\/izgaranje-od-zaposlenosti-klasifikovano-kao-medicinska-dijagnoza\/","name":"\u2018Izgaranje\u2019 od zaposlenosti klasifikovano kao medicinska dijagnoza","isPartOf":{"@id":"https:\/\/zosradio.ba\/#website"},"primaryImageOfPage":{"@id":"https:\/\/zosradio.ba\/index.php\/2020\/07\/13\/izgaranje-od-zaposlenosti-klasifikovano-kao-medicinska-dijagnoza\/#primaryimage"},"image":{"@id":"https:\/\/zosradio.ba\/index.php\/2020\/07\/13\/izgaranje-od-zaposlenosti-klasifikovano-kao-medicinska-dijagnoza\/#primaryimage"},"thumbnailUrl":"https:\/\/zosradio.ba\/wp-content\/uploads\/2022\/03\/igaranje1307-620x300.jpg","datePublished":"2020-07-13T00:00:00+00:00","dateModified":"2022-03-08T23:16:56+00:00","author":{"@id":"https:\/\/zosradio.ba\/#\/schema\/person\/f550dbca24412fbff7a08f4a6965163a"},"description":"Izraz \u201cizgaranje\u201d ozna\u010dava osje\u0107aj potpune nesmotrenosti i letargije, izazvan ekstremnom zaposleno\u0161\u0107u. On je sada, prema Svjetskoj zdravstvenoj","breadcrumb":{"@id":"https:\/\/zosradio.ba\/index.php\/2020\/07\/13\/izgaranje-od-zaposlenosti-klasifikovano-kao-medicinska-dijagnoza\/#breadcrumb"},"inLanguage":"bs-BA","potentialAction":[{"@type":"ReadAction","target":["https:\/\/zosradio.ba\/index.php\/2020\/07\/13\/izgaranje-od-zaposlenosti-klasifikovano-kao-medicinska-dijagnoza\/"]}]},{"@type":"ImageObject","inLanguage":"bs-BA","@id":"https:\/\/zosradio.ba\/index.php\/2020\/07\/13\/izgaranje-od-zaposlenosti-klasifikovano-kao-medicinska-dijagnoza\/#primaryimage","url":"https:\/\/zosradio.ba\/wp-content\/uploads\/2022\/03\/igaranje1307-620x300.jpg","contentUrl":"https:\/\/zosradio.ba\/wp-content\/uploads\/2022\/03\/igaranje1307-620x300.jpg","width":620,"height":300},{"@type":"BreadcrumbList","@id":"https:\/\/zosradio.ba\/index.php\/2020\/07\/13\/izgaranje-od-zaposlenosti-klasifikovano-kao-medicinska-dijagnoza\/#breadcrumb","itemListElement":[{"@type":"ListItem","position":1,"name":"Home","item":"https:\/\/zosradio.ba\/"},{"@type":"ListItem","position":2,"name":"\u2018Izgaranje\u2019 od zaposlenosti klasifikovano kao medicinska dijagnoza"}]},{"@type":"WebSite","@id":"https:\/\/zosradio.ba\/#website","url":"https:\/\/zosradio.ba\/","name":"ZOS radio","description":"Mjesto provjerenih informacija","potentialAction":[{"@type":"SearchAction","target":{"@type":"EntryPoint","urlTemplate":"https:\/\/zosradio.ba\/?s={search_term_string}"},"query-input":{"@type":"PropertyValueSpecification","valueRequired":true,"valueName":"search_term_string"}}],"inLanguage":"bs-BA"},{"@type":"Person","@id":"https:\/\/zosradio.ba\/#\/schema\/person\/f550dbca24412fbff7a08f4a6965163a","name":"admin","image":{"@type":"ImageObject","inLanguage":"bs-BA","@id":"https:\/\/secure.gravatar.com\/avatar\/9c9159b12c77cdf0e5ca90785f3fa6e7624076706f19d864dbb1ab7b60c81276?s=96&d=mm&r=g","url":"https:\/\/secure.gravatar.com\/avatar\/9c9159b12c77cdf0e5ca90785f3fa6e7624076706f19d864dbb1ab7b60c81276?s=96&d=mm&r=g","contentUrl":"https:\/\/secure.gravatar.com\/avatar\/9c9159b12c77cdf0e5ca90785f3fa6e7624076706f19d864dbb1ab7b60c81276?s=96&d=mm&r=g","caption":"admin"},"sameAs":["https:\/\/interesting-grothendieck.148-251-70-157.plesk.page"],"url":"https:\/\/zosradio.ba\/index.php\/author\/zlayam_l3el72hf\/"}]}},"_links":{"self":[{"href":"https:\/\/zosradio.ba\/index.php\/wp-json\/wp\/v2\/posts\/62482","targetHints":{"allow":["GET"]}}],"collection":[{"href":"https:\/\/zosradio.ba\/index.php\/wp-json\/wp\/v2\/posts"}],"about":[{"href":"https:\/\/zosradio.ba\/index.php\/wp-json\/wp\/v2\/types\/post"}],"author":[{"embeddable":true,"href":"https:\/\/zosradio.ba\/index.php\/wp-json\/wp\/v2\/users\/1"}],"replies":[{"embeddable":true,"href":"https:\/\/zosradio.ba\/index.php\/wp-json\/wp\/v2\/comments?post=62482"}],"version-history":[{"count":1,"href":"https:\/\/zosradio.ba\/index.php\/wp-json\/wp\/v2\/posts\/62482\/revisions"}],"predecessor-version":[{"id":91001,"href":"https:\/\/zosradio.ba\/index.php\/wp-json\/wp\/v2\/posts\/62482\/revisions\/91001"}],"wp:featuredmedia":[{"embeddable":true,"href":"https:\/\/zosradio.ba\/index.php\/wp-json\/wp\/v2\/media\/62483"}],"wp:attachment":[{"href":"https:\/\/zosradio.ba\/index.php\/wp-json\/wp\/v2\/media?parent=62482"}],"wp:term":[{"taxonomy":"category","embeddable":true,"href":"https:\/\/zosradio.ba\/index.php\/wp-json\/wp\/v2\/categories?post=62482"},{"taxonomy":"post_tag","embeddable":true,"href":"https:\/\/zosradio.ba\/index.php\/wp-json\/wp\/v2\/tags?post=62482"}],"curies":[{"name":"wp","href":"https:\/\/api.w.org\/{rel}","templated":true}]}}